{"id":9304,"date":"2021-11-21T12:06:00","date_gmt":"2021-11-21T11:06:00","guid":{"rendered":"https:\/\/www.asajacyl.com\/palencia\/?p=9304"},"modified":"2021-11-16T12:08:58","modified_gmt":"2021-11-16T11:08:58","slug":"los-cultivos-transgenicos-y-el-uso-de-glifosato-reducen-la-huella-de-carbono-causada-por-la-agricultura","status":"publish","type":"post","link":"https:\/\/www.asajacyl.com\/palencia\/asaja-palencia-informa\/los-cultivos-transgenicos-y-el-uso-de-glifosato-reducen-la-huella-de-carbono-causada-por-la-agricultura","title":{"rendered":"Los cultivos transg\u00e9nicos y el uso de glifosato reducen la huella de carbono causada por la agricultura"},"content":{"rendered":"\n<p><br>Un estudio canadiense ha confirmado que el cultivo de semillas modificadas gen\u00e9ticamente (MG) o transg\u00e9nicas, en particular los cultivos tolerantes a herbicidas (HT), as\u00ed como el uso complementario de glifosato, aumentaron el secuestro de carbono.<\/p>\n\n\n\n<p>En su publicaci\u00f3n, los autores afirman que los pa\u00edses que proh\u00edben los cultivos transg\u00e9nicos y restringen el uso de glifosato, como est\u00e1 ocurriendo en la Uni\u00f3n Europea, est\u00e1n implementando pol\u00edticas que no contribuyen a la sostenibilidad agr\u00edcola.<\/p>\n\n\n\n<p>El documento concluy\u00f3 que la negativa al cultivo de semillas transg\u00e9nicas en Europa origina una emisi\u00f3n extra anual de 33 millones de toneladas de CO<sub>2<\/sub>. Esto equivale al 7,5% de las emisiones de gases de efecto invernadero (GEI) de todo el sector agr\u00edcola europeo, aproximadamente lo que podr\u00edan emitir cada a\u00f1o entre 10 y 20 centrales el\u00e9ctricas de carb\u00f3n.<\/p>\n\n\n\n<figure class=\"wp-block-image size-large\"><img loading=\"lazy\" decoding=\"async\" width=\"1024\" height=\"576\" src=\"https:\/\/www.asajacyl.com\/palencia\/wp-content\/uploads\/sites\/3\/2017\/11\/0999-foto-glifosato-1024x576.jpg\" alt=\"glifosato\" class=\"wp-image-4895\" srcset=\"https:\/\/www.asajacyl.com\/palencia\/wp-content\/uploads\/sites\/3\/2017\/11\/0999-foto-glifosato-1024x576.jpg 1024w, https:\/\/www.asajacyl.com\/palencia\/wp-content\/uploads\/sites\/3\/2017\/11\/0999-foto-glifosato-300x169.jpg 300w, https:\/\/www.asajacyl.com\/palencia\/wp-content\/uploads\/sites\/3\/2017\/11\/0999-foto-glifosato-768x432.jpg 768w, https:\/\/www.asajacyl.com\/palencia\/wp-content\/uploads\/sites\/3\/2017\/11\/0999-foto-glifosato-696x391.jpg 696w, https:\/\/www.asajacyl.com\/palencia\/wp-content\/uploads\/sites\/3\/2017\/11\/0999-foto-glifosato-1068x601.jpg 1068w, https:\/\/www.asajacyl.com\/palencia\/wp-content\/uploads\/sites\/3\/2017\/11\/0999-foto-glifosato-747x420.jpg 747w, https:\/\/www.asajacyl.com\/palencia\/wp-content\/uploads\/sites\/3\/2017\/11\/0999-foto-glifosato-1920x1080.jpg 1920w\" sizes=\"(max-width: 1024px) 100vw, 1024px\" \/><figcaption> glifosato<\/figcaption><\/figure>\n","protected":false},"excerpt":{"rendered":"<p>Un estudio canadiense ha confirmado que el cultivo de semillas modificadas gen\u00e9ticamente (MG) o transg\u00e9nicas, en particular los cultivos tolerantes a herbicidas (HT), as\u00ed como el uso complementario de glifosato, aumentaron el secuestro de carbono. En su publicaci\u00f3n, los autores afirman que los pa\u00edses que proh\u00edben los cultivos transg\u00e9nicos y restringen el uso de glifosato, [&hellip;]<\/p>\n","protected":false},"author":9,"featured_media":4895,"comment_status":"open","ping_status":"open","sticky":false,"template":"","format":"standard","meta":{"footnotes":""},"categories":[9,29,28],"tags":[],"yoast_head":"<!-- This site is optimized with the Yoast SEO plugin v24.5 - https:\/\/yoast.com\/wordpress\/plugins\/seo\/ -->\n<title>Los cultivos transg\u00e9nicos y el uso de glifosato reducen la huella de carbono causada por la agricultura - ASAJA Palencia<\/title>\n<meta name=\"description\" content=\"Un estudio canadiense ha confirmado que el cultivo de semillas modificadas gen\u00e9ticamente (MG) o transg\u00e9nicas, en particular los cultivos tolerantes a\" \/>\n<meta name=\"robots\" content=\"index, follow, max-snippet:-1, max-image-preview:large, max-video-preview:-1\" \/>\n<link rel=\"canonical\" href=\"https:\/\/www.asajacyl.com\/palencia\/asaja-palencia-informa\/los-cultivos-transgenicos-y-el-uso-de-glifosato-reducen-la-huella-de-carbono-causada-por-la-agricultura\" \/>\n<meta property=\"og:locale\" content=\"es_ES\" \/>\n<meta property=\"og:type\" content=\"article\" \/>\n<meta property=\"og:title\" content=\"Los cultivos transg\u00e9nicos y el uso de glifosato reducen la huella de carbono causada por la agricultura - ASAJA Palencia\" \/>\n<meta property=\"og:description\" content=\"Un estudio canadiense ha confirmado que el cultivo de semillas modificadas gen\u00e9ticamente (MG) o transg\u00e9nicas, en particular los cultivos tolerantes a\" \/>\n<meta property=\"og:url\" content=\"https:\/\/www.asajacyl.com\/palencia\/asaja-palencia-informa\/los-cultivos-transgenicos-y-el-uso-de-glifosato-reducen-la-huella-de-carbono-causada-por-la-agricultura\" \/>\n<meta property=\"og:site_name\" content=\"ASAJA Palencia\" \/>\n<meta property=\"article:published_time\" content=\"2021-11-21T11:06:00+00:00\" \/>\n<meta property=\"og:image\" content=\"https:\/\/www.asajacyl.com\/palencia\/wp-content\/uploads\/sites\/3\/2017\/11\/0999-foto-glifosato.jpg\" \/>\n\t<meta property=\"og:image:width\" content=\"2500\" \/>\n\t<meta property=\"og:image:height\" content=\"1406\" \/>\n\t<meta property=\"og:image:type\" content=\"image\/jpeg\" \/>\n<meta name=\"author\" content=\"Administrador\" \/>\n<meta name=\"twitter:card\" content=\"summary_large_image\" \/>\n<meta name=\"twitter:label1\" content=\"Escrito por\" \/>\n\t<meta name=\"twitter:data1\" content=\"Administrador\" \/>\n\t<meta name=\"twitter:label2\" content=\"Tiempo de lectura\" \/>\n\t<meta name=\"twitter:data2\" content=\"1 minuto\" \/>\n<script type=\"application\/ld+json\" class=\"yoast-schema-graph\">{\"@context\":\"https:\/\/schema.org\",\"@graph\":[{\"@type\":\"WebPage\",\"@id\":\"https:\/\/www.asajacyl.com\/palencia\/asaja-palencia-informa\/los-cultivos-transgenicos-y-el-uso-de-glifosato-reducen-la-huella-de-carbono-causada-por-la-agricultura\",\"url\":\"https:\/\/www.asajacyl.com\/palencia\/asaja-palencia-informa\/los-cultivos-transgenicos-y-el-uso-de-glifosato-reducen-la-huella-de-carbono-causada-por-la-agricultura\",\"name\":\"Los cultivos transg\u00e9nicos y el uso de glifosato reducen la huella de carbono causada por la agricultura - ASAJA Palencia\",\"isPartOf\":{\"@id\":\"https:\/\/www.asajacyl.com\/palencia\/#website\"},\"primaryImageOfPage\":{\"@id\":\"https:\/\/www.asajacyl.com\/palencia\/asaja-palencia-informa\/los-cultivos-transgenicos-y-el-uso-de-glifosato-reducen-la-huella-de-carbono-causada-por-la-agricultura#primaryimage\"},\"image\":{\"@id\":\"https:\/\/www.asajacyl.com\/palencia\/asaja-palencia-informa\/los-cultivos-transgenicos-y-el-uso-de-glifosato-reducen-la-huella-de-carbono-causada-por-la-agricultura#primaryimage\"},\"thumbnailUrl\":\"https:\/\/www.asajacyl.com\/palencia\/wp-content\/uploads\/sites\/3\/2017\/11\/0999-foto-glifosato.jpg\",\"datePublished\":\"2021-11-21T11:06:00+00:00\",\"author\":{\"@id\":\"https:\/\/www.asajacyl.com\/palencia\/#\/schema\/person\/3ab17aeb03527485c317557fae64aab1\"},\"description\":\"Un estudio canadiense ha confirmado que el cultivo de semillas modificadas gen\u00e9ticamente (MG) o transg\u00e9nicas, en particular los cultivos tolerantes a\",\"breadcrumb\":{\"@id\":\"https:\/\/www.asajacyl.com\/palencia\/asaja-palencia-informa\/los-cultivos-transgenicos-y-el-uso-de-glifosato-reducen-la-huella-de-carbono-causada-por-la-agricultura#breadcrumb\"},\"inLanguage\":\"es\",\"potentialAction\":[{\"@type\":\"ReadAction\",\"target\":[\"https:\/\/www.asajacyl.com\/palencia\/asaja-palencia-informa\/los-cultivos-transgenicos-y-el-uso-de-glifosato-reducen-la-huella-de-carbono-causada-por-la-agricultura\"]}]},{\"@type\":\"ImageObject\",\"inLanguage\":\"es\",\"@id\":\"https:\/\/www.asajacyl.com\/palencia\/asaja-palencia-informa\/los-cultivos-transgenicos-y-el-uso-de-glifosato-reducen-la-huella-de-carbono-causada-por-la-agricultura#primaryimage\",\"url\":\"https:\/\/www.asajacyl.com\/palencia\/wp-content\/uploads\/sites\/3\/2017\/11\/0999-foto-glifosato.jpg\",\"contentUrl\":\"https:\/\/www.asajacyl.com\/palencia\/wp-content\/uploads\/sites\/3\/2017\/11\/0999-foto-glifosato.jpg\",\"width\":2500,\"height\":1406,\"caption\":\"glifosato\"},{\"@type\":\"BreadcrumbList\",\"@id\":\"https:\/\/www.asajacyl.com\/palencia\/asaja-palencia-informa\/los-cultivos-transgenicos-y-el-uso-de-glifosato-reducen-la-huella-de-carbono-causada-por-la-agricultura#breadcrumb\",\"itemListElement\":[{\"@type\":\"ListItem\",\"position\":1,\"name\":\"Portada\",\"item\":\"https:\/\/www.asajacyl.com\/palencia\/\"},{\"@type\":\"ListItem\",\"position\":2,\"name\":\"Los cultivos transg\u00e9nicos y el uso de glifosato reducen la huella de carbono causada por la agricultura\"}]},{\"@type\":\"WebSite\",\"@id\":\"https:\/\/www.asajacyl.com\/palencia\/#website\",\"url\":\"https:\/\/www.asajacyl.com\/palencia\/\",\"name\":\"ASAJA Palencia\",\"description\":\"Otro sitio m\u00e1s de Provincias ASAJA Castilla y Le\u00f3n\",\"potentialAction\":[{\"@type\":\"SearchAction\",\"target\":{\"@type\":\"EntryPoint\",\"urlTemplate\":\"https:\/\/www.asajacyl.com\/palencia\/?s={search_term_string}\"},\"query-input\":{\"@type\":\"PropertyValueSpecification\",\"valueRequired\":true,\"valueName\":\"search_term_string\"}}],\"inLanguage\":\"es\"},{\"@type\":\"Person\",\"@id\":\"https:\/\/www.asajacyl.com\/palencia\/#\/schema\/person\/3ab17aeb03527485c317557fae64aab1\",\"name\":\"Administrador\",\"image\":{\"@type\":\"ImageObject\",\"inLanguage\":\"es\",\"@id\":\"https:\/\/www.asajacyl.com\/palencia\/#\/schema\/person\/image\/\",\"url\":\"https:\/\/secure.gravatar.com\/avatar\/517384810d242ca9e38c180f3c9fb973?s=96&d=mm&r=g\",\"contentUrl\":\"https:\/\/secure.gravatar.com\/avatar\/517384810d242ca9e38c180f3c9fb973?s=96&d=mm&r=g\",\"caption\":\"Administrador\"},\"url\":\"https:\/\/www.asajacyl.com\/palencia\/author\/carlosrm\"}]}<\/script>\n<!-- \/ Yoast SEO plugin. -->","yoast_head_json":{"title":"Los cultivos transg\u00e9nicos y el uso de glifosato reducen la huella de carbono causada por la agricultura - ASAJA Palencia","description":"Un estudio canadiense ha confirmado que el cultivo de semillas modificadas gen\u00e9ticamente (MG) o transg\u00e9nicas, en particular los cultivos tolerantes a","robots":{"index":"index","follow":"follow","max-snippet":"max-snippet:-1","max-image-preview":"max-image-preview:large","max-video-preview":"max-video-preview:-1"},"canonical":"https:\/\/www.asajacyl.com\/palencia\/asaja-palencia-informa\/los-cultivos-transgenicos-y-el-uso-de-glifosato-reducen-la-huella-de-carbono-causada-por-la-agricultura","og_locale":"es_ES","og_type":"article","og_title":"Los cultivos transg\u00e9nicos y el uso de glifosato reducen la huella de carbono causada por la agricultura - ASAJA Palencia","og_description":"Un estudio canadiense ha confirmado que el cultivo de semillas modificadas gen\u00e9ticamente (MG) o transg\u00e9nicas, en particular los cultivos tolerantes a","og_url":"https:\/\/www.asajacyl.com\/palencia\/asaja-palencia-informa\/los-cultivos-transgenicos-y-el-uso-de-glifosato-reducen-la-huella-de-carbono-causada-por-la-agricultura","og_site_name":"ASAJA Palencia","article_published_time":"2021-11-21T11:06:00+00:00","og_image":[{"width":2500,"height":1406,"url":"https:\/\/www.asajacyl.com\/palencia\/wp-content\/uploads\/sites\/3\/2017\/11\/0999-foto-glifosato.jpg","type":"image\/jpeg"}],"author":"Administrador","twitter_card":"summary_large_image","twitter_misc":{"Escrito por":"Administrador","Tiempo de lectura":"1 minuto"},"schema":{"@context":"https:\/\/schema.org","@graph":[{"@type":"WebPage","@id":"https:\/\/www.asajacyl.com\/palencia\/asaja-palencia-informa\/los-cultivos-transgenicos-y-el-uso-de-glifosato-reducen-la-huella-de-carbono-causada-por-la-agricultura","url":"https:\/\/www.asajacyl.com\/palencia\/asaja-palencia-informa\/los-cultivos-transgenicos-y-el-uso-de-glifosato-reducen-la-huella-de-carbono-causada-por-la-agricultura","name":"Los cultivos transg\u00e9nicos y el uso de glifosato reducen la huella de carbono causada por la agricultura - ASAJA Palencia","isPartOf":{"@id":"https:\/\/www.asajacyl.com\/palencia\/#website"},"primaryImageOfPage":{"@id":"https:\/\/www.asajacyl.com\/palencia\/asaja-palencia-informa\/los-cultivos-transgenicos-y-el-uso-de-glifosato-reducen-la-huella-de-carbono-causada-por-la-agricultura#primaryimage"},"image":{"@id":"https:\/\/www.asajacyl.com\/palencia\/asaja-palencia-informa\/los-cultivos-transgenicos-y-el-uso-de-glifosato-reducen-la-huella-de-carbono-causada-por-la-agricultura#primaryimage"},"thumbnailUrl":"https:\/\/www.asajacyl.com\/palencia\/wp-content\/uploads\/sites\/3\/2017\/11\/0999-foto-glifosato.jpg","datePublished":"2021-11-21T11:06:00+00:00","author":{"@id":"https:\/\/www.asajacyl.com\/palencia\/#\/schema\/person\/3ab17aeb03527485c317557fae64aab1"},"description":"Un estudio canadiense ha confirmado que el cultivo de semillas modificadas gen\u00e9ticamente (MG) o transg\u00e9nicas, en particular los cultivos tolerantes a","breadcrumb":{"@id":"https:\/\/www.asajacyl.com\/palencia\/asaja-palencia-informa\/los-cultivos-transgenicos-y-el-uso-de-glifosato-reducen-la-huella-de-carbono-causada-por-la-agricultura#breadcrumb"},"inLanguage":"es","potentialAction":[{"@type":"ReadAction","target":["https:\/\/www.asajacyl.com\/palencia\/asaja-palencia-informa\/los-cultivos-transgenicos-y-el-uso-de-glifosato-reducen-la-huella-de-carbono-causada-por-la-agricultura"]}]},{"@type":"ImageObject","inLanguage":"es","@id":"https:\/\/www.asajacyl.com\/palencia\/asaja-palencia-informa\/los-cultivos-transgenicos-y-el-uso-de-glifosato-reducen-la-huella-de-carbono-causada-por-la-agricultura#primaryimage","url":"https:\/\/www.asajacyl.com\/palencia\/wp-content\/uploads\/sites\/3\/2017\/11\/0999-foto-glifosato.jpg","contentUrl":"https:\/\/www.asajacyl.com\/palencia\/wp-content\/uploads\/sites\/3\/2017\/11\/0999-foto-glifosato.jpg","width":2500,"height":1406,"caption":"glifosato"},{"@type":"BreadcrumbList","@id":"https:\/\/www.asajacyl.com\/palencia\/asaja-palencia-informa\/los-cultivos-transgenicos-y-el-uso-de-glifosato-reducen-la-huella-de-carbono-causada-por-la-agricultura#breadcrumb","itemListElement":[{"@type":"ListItem","position":1,"name":"Portada","item":"https:\/\/www.asajacyl.com\/palencia\/"},{"@type":"ListItem","position":2,"name":"Los cultivos transg\u00e9nicos y el uso de glifosato reducen la huella de carbono causada por la agricultura"}]},{"@type":"WebSite","@id":"https:\/\/www.asajacyl.com\/palencia\/#website","url":"https:\/\/www.asajacyl.com\/palencia\/","name":"ASAJA Palencia","description":"Otro sitio m\u00e1s de Provincias ASAJA Castilla y Le\u00f3n","potentialAction":[{"@type":"SearchAction","target":{"@type":"EntryPoint","urlTemplate":"https:\/\/www.asajacyl.com\/palencia\/?s={search_term_string}"},"query-input":{"@type":"PropertyValueSpecification","valueRequired":true,"valueName":"search_term_string"}}],"inLanguage":"es"},{"@type":"Person","@id":"https:\/\/www.asajacyl.com\/palencia\/#\/schema\/person\/3ab17aeb03527485c317557fae64aab1","name":"Administrador","image":{"@type":"ImageObject","inLanguage":"es","@id":"https:\/\/www.asajacyl.com\/palencia\/#\/schema\/person\/image\/","url":"https:\/\/secure.gravatar.com\/avatar\/517384810d242ca9e38c180f3c9fb973?s=96&d=mm&r=g","contentUrl":"https:\/\/secure.gravatar.com\/avatar\/517384810d242ca9e38c180f3c9fb973?s=96&d=mm&r=g","caption":"Administrador"},"url":"https:\/\/www.asajacyl.com\/palencia\/author\/carlosrm"}]}},"_links":{"self":[{"href":"https:\/\/www.asajacyl.com\/palencia\/wp-json\/wp\/v2\/posts\/9304"}],"collection":[{"href":"https:\/\/www.asajacyl.com\/palencia\/wp-json\/wp\/v2\/posts"}],"about":[{"href":"https:\/\/www.asajacyl.com\/palencia\/wp-json\/wp\/v2\/types\/post"}],"author":[{"embeddable":true,"href":"https:\/\/www.asajacyl.com\/palencia\/wp-json\/wp\/v2\/users\/9"}],"replies":[{"embeddable":true,"href":"https:\/\/www.asajacyl.com\/palencia\/wp-json\/wp\/v2\/comments?post=9304"}],"version-history":[{"count":1,"href":"https:\/\/www.asajacyl.com\/palencia\/wp-json\/wp\/v2\/posts\/9304\/revisions"}],"predecessor-version":[{"id":9305,"href":"https:\/\/www.asajacyl.com\/palencia\/wp-json\/wp\/v2\/posts\/9304\/revisions\/9305"}],"wp:featuredmedia":[{"embeddable":true,"href":"https:\/\/www.asajacyl.com\/palencia\/wp-json\/wp\/v2\/media\/4895"}],"wp:attachment":[{"href":"https:\/\/www.asajacyl.com\/palencia\/wp-json\/wp\/v2\/media?parent=9304"}],"wp:term":[{"taxonomy":"category","embeddable":true,"href":"https:\/\/www.asajacyl.com\/palencia\/wp-json\/wp\/v2\/categories?post=9304"},{"taxonomy":"post_tag","embeddable":true,"href":"https:\/\/www.asajacyl.com\/palencia\/wp-json\/wp\/v2\/tags?post=9304"}],"curies":[{"name":"wp","href":"https:\/\/api.w.org\/{rel}","templated":true}]}}