{"id":9320,"date":"2021-11-18T19:54:48","date_gmt":"2021-11-18T18:54:48","guid":{"rendered":"https:\/\/www.asajacyl.com\/palencia\/?p=9320"},"modified":"2021-11-18T19:54:50","modified_gmt":"2021-11-18T18:54:50","slug":"el-campo-espanol-vuelve-a-las-carreteras","status":"publish","type":"post","link":"https:\/\/www.asajacyl.com\/palencia\/asaja-palencia-informa\/el-campo-espanol-vuelve-a-las-carreteras","title":{"rendered":"El campo espa\u00f1ol vuelve a las carreteras"},"content":{"rendered":"\n<p><em><strong>ASAJA, COAG y UPA anuncian el lanzamiento de un gran proceso nacional de movilizaciones. Los agricultores y ganaderos lanzan un #SOSrural ante la coincidencia de elementos que dificultan su supervivencia. Las protestas se concretar\u00e1n en las pr\u00f3ximas fechas pero algunas de ellas coincidir\u00e1n con las anunciadas por el transporte.<\/strong><\/em><\/p>\n\n\n\n<p>Las organizaciones profesionales agrarias espa\u00f1olas ASAJA, COAG y UPA lanzar\u00e1n un gran proceso de movilizaciones de \u00e1mbito nacional. La convocatoria se fundamenta en una confluencia de motivos que est\u00e1 poniendo en peligro la supervivencia de los agricultores y ganaderos y del propio medio rural espa\u00f1ol tal y como lo conocemos.<\/p>\n\n\n\n<p>ASAJA, COAG y UPA concretar\u00e1n las convocatorias de protestas en pr\u00f3ximas fechas, pero ya han anunciado que se celebrar\u00e1n en numerosos puntos del territorio nacional durante el mes de diciembre y algunas de ellas coincidir\u00e1n con las anunciadas por los transportistas, \u201ccon quienes compartimos algunas de las reivindicaciones\u201d. Tampoco descartan que pueda celebrarse una gran manifestaci\u00f3n en Madrid de agricultores, ganaderos y ciudadanos y ciudadanas del medio rural.<\/p>\n\n\n\n<p><strong>Motivos para la protesta<\/strong><\/p>\n\n\n\n<p>Los costes de producci\u00f3n se han disparado para los agricultores y ganaderos a niveles \u201cnunca vistos\u201d. Los piensos para el ganado se han encarecido cerca de un 30% en el \u00faltimo a\u00f1o. Tambi\u00e9n son m\u00e1s caras las semillas (+20%); los abonos (+48%); el agua (+33%) o los pl\u00e1sticos que se utilizan en los cultivos de invernadero (+46%).<\/p>\n\n\n\n<p>Las subidas m\u00e1s espectaculares son las que afectan al gas\u00f3leo que usan sus tractores (+73%) y a la energ\u00eda el\u00e9ctrica (+270%). Tambi\u00e9n el SMI ha subido un 29,7% en los \u00faltimos tres a\u00f1os.<\/p>\n\n\n\n<p><strong>Un reparto m\u00e1s justo<\/strong><\/p>\n\n\n\n<p>Los agricultores y ganaderos denuncian que los alimentos est\u00e1n encareci\u00e9ndose a los consumidores mientras que ellos siguen sin cubrir sus costes. \u201cEs necesario un reparto m\u00e1s justo del valor de los alimentos en la cadena alimentaria\u201d, aseguran.<\/p>\n\n\n\n<p>Las organizaciones agrarias reclaman un apoyo firme por parte de las Administraciones, a todos los niveles. Piden reunirse \u201cde urgencia\u201d con el ministro Planas y que se articulen medidas fiscales, econ\u00f3micas y pol\u00edticas para proteger la producci\u00f3n de alimentos en Espa\u00f1a. Una actividad cuyo futuro, aseguran, est\u00e1 en peligro por la escasa e incluso nula rentabilidad que obtienen los productores.<\/p>\n\n\n\n<p>El campo espa\u00f1ol volver\u00e1 pues a las carreteras y las calles de toda Espa\u00f1a tras el hist\u00f3rico proceso de movilizaciones de los \u2018Agricultores al L\u00edmite\u201d celebrado a principios de 2020 y que solo la pandemia logr\u00f3 detener. Ahora lanzan un \u201cSOS rural\u201d para poner en marcha un plan que salve al sector primario y, con \u00e9l, a la principal actividad econ\u00f3mica de los pueblos.<\/p>\n\n\n\n<figure class=\"wp-block-image size-large\"><img loading=\"lazy\" decoding=\"async\" width=\"1024\" height=\"512\" src=\"https:\/\/www.asajacyl.com\/palencia\/wp-content\/uploads\/sites\/3\/2021\/11\/MOVILIZACION-NACIONAL-1024x512.jpg\" alt=\"\" class=\"wp-image-9321\" srcset=\"https:\/\/www.asajacyl.com\/palencia\/wp-content\/uploads\/sites\/3\/2021\/11\/MOVILIZACION-NACIONAL-1024x512.jpg 1024w, https:\/\/www.asajacyl.com\/palencia\/wp-content\/uploads\/sites\/3\/2021\/11\/MOVILIZACION-NACIONAL-300x150.jpg 300w, https:\/\/www.asajacyl.com\/palencia\/wp-content\/uploads\/sites\/3\/2021\/11\/MOVILIZACION-NACIONAL-768x384.jpg 768w, https:\/\/www.asajacyl.com\/palencia\/wp-content\/uploads\/sites\/3\/2021\/11\/MOVILIZACION-NACIONAL-1536x768.jpg 1536w, https:\/\/www.asajacyl.com\/palencia\/wp-content\/uploads\/sites\/3\/2021\/11\/MOVILIZACION-NACIONAL-696x348.jpg 696w, https:\/\/www.asajacyl.com\/palencia\/wp-content\/uploads\/sites\/3\/2021\/11\/MOVILIZACION-NACIONAL-1068x534.jpg 1068w, https:\/\/www.asajacyl.com\/palencia\/wp-content\/uploads\/sites\/3\/2021\/11\/MOVILIZACION-NACIONAL-1920x960.jpg 1920w, https:\/\/www.asajacyl.com\/palencia\/wp-content\/uploads\/sites\/3\/2021\/11\/MOVILIZACION-NACIONAL-840x420.jpg 840w, https:\/\/www.asajacyl.com\/palencia\/wp-content\/uploads\/sites\/3\/2021\/11\/MOVILIZACION-NACIONAL.jpg 2048w\" sizes=\"(max-width: 1024px) 100vw, 1024px\" \/><\/figure>\n","protected":false},"excerpt":{"rendered":"<p>ASAJA, COAG y UPA anuncian el lanzamiento de un gran proceso nacional de movilizaciones. Los agricultores y ganaderos lanzan un #SOSrural ante la coincidencia de elementos que dificultan su supervivencia. Las protestas se concretar\u00e1n en las pr\u00f3ximas fechas pero algunas de ellas coincidir\u00e1n con las anunciadas por el transporte. Las organizaciones profesionales agrarias espa\u00f1olas ASAJA, [&hellip;]<\/p>\n","protected":false},"author":9,"featured_media":9321,"comment_status":"open","ping_status":"open","sticky":false,"template":"","format":"standard","meta":{"footnotes":""},"categories":[9,29,28],"tags":[],"yoast_head":"<!-- This site is optimized with the Yoast SEO plugin v24.5 - https:\/\/yoast.com\/wordpress\/plugins\/seo\/ -->\n<title>El campo espa\u00f1ol vuelve a las carreteras - ASAJA Palencia<\/title>\n<meta name=\"description\" content=\"ASAJA, COAG y UPA anuncian el lanzamiento de un gran proceso nacional de movilizaciones. Los agricultores y ganaderos lanzan un #SOSrural ante la\" \/>\n<meta name=\"robots\" content=\"index, follow, max-snippet:-1, max-image-preview:large, max-video-preview:-1\" \/>\n<link rel=\"canonical\" href=\"https:\/\/www.asajacyl.com\/palencia\/asaja-palencia-informa\/el-campo-espanol-vuelve-a-las-carreteras\" \/>\n<meta property=\"og:locale\" content=\"es_ES\" \/>\n<meta property=\"og:type\" content=\"article\" \/>\n<meta property=\"og:title\" content=\"El campo espa\u00f1ol vuelve a las carreteras - ASAJA Palencia\" \/>\n<meta property=\"og:description\" content=\"ASAJA, COAG y UPA anuncian el lanzamiento de un gran proceso nacional de movilizaciones. Los agricultores y ganaderos lanzan un #SOSrural ante la\" \/>\n<meta property=\"og:url\" content=\"https:\/\/www.asajacyl.com\/palencia\/asaja-palencia-informa\/el-campo-espanol-vuelve-a-las-carreteras\" \/>\n<meta property=\"og:site_name\" content=\"ASAJA Palencia\" \/>\n<meta property=\"article:published_time\" content=\"2021-11-18T18:54:48+00:00\" \/>\n<meta property=\"article:modified_time\" content=\"2021-11-18T18:54:50+00:00\" \/>\n<meta property=\"og:image\" content=\"https:\/\/www.asajacyl.com\/palencia\/wp-content\/uploads\/sites\/3\/2021\/11\/MOVILIZACION-NACIONAL.jpg\" \/>\n\t<meta property=\"og:image:width\" content=\"2048\" \/>\n\t<meta property=\"og:image:height\" content=\"1024\" \/>\n\t<meta property=\"og:image:type\" content=\"image\/jpeg\" \/>\n<meta name=\"author\" content=\"Administrador\" \/>\n<meta name=\"twitter:card\" content=\"summary_large_image\" \/>\n<meta name=\"twitter:label1\" content=\"Escrito por\" \/>\n\t<meta name=\"twitter:data1\" content=\"Administrador\" \/>\n\t<meta name=\"twitter:label2\" content=\"Tiempo de lectura\" \/>\n\t<meta name=\"twitter:data2\" content=\"3 minutos\" \/>\n<script type=\"application\/ld+json\" class=\"yoast-schema-graph\">{\"@context\":\"https:\/\/schema.org\",\"@graph\":[{\"@type\":\"WebPage\",\"@id\":\"https:\/\/www.asajacyl.com\/palencia\/asaja-palencia-informa\/el-campo-espanol-vuelve-a-las-carreteras\",\"url\":\"https:\/\/www.asajacyl.com\/palencia\/asaja-palencia-informa\/el-campo-espanol-vuelve-a-las-carreteras\",\"name\":\"El campo espa\u00f1ol vuelve a las carreteras - ASAJA Palencia\",\"isPartOf\":{\"@id\":\"https:\/\/www.asajacyl.com\/palencia\/#website\"},\"primaryImageOfPage\":{\"@id\":\"https:\/\/www.asajacyl.com\/palencia\/asaja-palencia-informa\/el-campo-espanol-vuelve-a-las-carreteras#primaryimage\"},\"image\":{\"@id\":\"https:\/\/www.asajacyl.com\/palencia\/asaja-palencia-informa\/el-campo-espanol-vuelve-a-las-carreteras#primaryimage\"},\"thumbnailUrl\":\"https:\/\/www.asajacyl.com\/palencia\/wp-content\/uploads\/sites\/3\/2021\/11\/MOVILIZACION-NACIONAL.jpg\",\"datePublished\":\"2021-11-18T18:54:48+00:00\",\"dateModified\":\"2021-11-18T18:54:50+00:00\",\"author\":{\"@id\":\"https:\/\/www.asajacyl.com\/palencia\/#\/schema\/person\/3ab17aeb03527485c317557fae64aab1\"},\"description\":\"ASAJA, COAG y UPA anuncian el lanzamiento de un gran proceso nacional de movilizaciones. Los agricultores y ganaderos lanzan un #SOSrural ante la\",\"breadcrumb\":{\"@id\":\"https:\/\/www.asajacyl.com\/palencia\/asaja-palencia-informa\/el-campo-espanol-vuelve-a-las-carreteras#breadcrumb\"},\"inLanguage\":\"es\",\"potentialAction\":[{\"@type\":\"ReadAction\",\"target\":[\"https:\/\/www.asajacyl.com\/palencia\/asaja-palencia-informa\/el-campo-espanol-vuelve-a-las-carreteras\"]}]},{\"@type\":\"ImageObject\",\"inLanguage\":\"es\",\"@id\":\"https:\/\/www.asajacyl.com\/palencia\/asaja-palencia-informa\/el-campo-espanol-vuelve-a-las-carreteras#primaryimage\",\"url\":\"https:\/\/www.asajacyl.com\/palencia\/wp-content\/uploads\/sites\/3\/2021\/11\/MOVILIZACION-NACIONAL.jpg\",\"contentUrl\":\"https:\/\/www.asajacyl.com\/palencia\/wp-content\/uploads\/sites\/3\/2021\/11\/MOVILIZACION-NACIONAL.jpg\",\"width\":2048,\"height\":1024},{\"@type\":\"BreadcrumbList\",\"@id\":\"https:\/\/www.asajacyl.com\/palencia\/asaja-palencia-informa\/el-campo-espanol-vuelve-a-las-carreteras#breadcrumb\",\"itemListElement\":[{\"@type\":\"ListItem\",\"position\":1,\"name\":\"Portada\",\"item\":\"https:\/\/www.asajacyl.com\/palencia\/\"},{\"@type\":\"ListItem\",\"position\":2,\"name\":\"El campo espa\u00f1ol vuelve a las carreteras\"}]},{\"@type\":\"WebSite\",\"@id\":\"https:\/\/www.asajacyl.com\/palencia\/#website\",\"url\":\"https:\/\/www.asajacyl.com\/palencia\/\",\"name\":\"ASAJA Palencia\",\"description\":\"Otro sitio m\u00e1s de Provincias ASAJA Castilla y Le\u00f3n\",\"potentialAction\":[{\"@type\":\"SearchAction\",\"target\":{\"@type\":\"EntryPoint\",\"urlTemplate\":\"https:\/\/www.asajacyl.com\/palencia\/?s={search_term_string}\"},\"query-input\":{\"@type\":\"PropertyValueSpecification\",\"valueRequired\":true,\"valueName\":\"search_term_string\"}}],\"inLanguage\":\"es\"},{\"@type\":\"Person\",\"@id\":\"https:\/\/www.asajacyl.com\/palencia\/#\/schema\/person\/3ab17aeb03527485c317557fae64aab1\",\"name\":\"Administrador\",\"image\":{\"@type\":\"ImageObject\",\"inLanguage\":\"es\",\"@id\":\"https:\/\/www.asajacyl.com\/palencia\/#\/schema\/person\/image\/\",\"url\":\"https:\/\/secure.gravatar.com\/avatar\/517384810d242ca9e38c180f3c9fb973?s=96&d=mm&r=g\",\"contentUrl\":\"https:\/\/secure.gravatar.com\/avatar\/517384810d242ca9e38c180f3c9fb973?s=96&d=mm&r=g\",\"caption\":\"Administrador\"},\"url\":\"https:\/\/www.asajacyl.com\/palencia\/author\/carlosrm\"}]}<\/script>\n<!-- \/ Yoast SEO plugin. -->","yoast_head_json":{"title":"El campo espa\u00f1ol vuelve a las carreteras - ASAJA Palencia","description":"ASAJA, COAG y UPA anuncian el lanzamiento de un gran proceso nacional de movilizaciones. Los agricultores y ganaderos lanzan un #SOSrural ante la","robots":{"index":"index","follow":"follow","max-snippet":"max-snippet:-1","max-image-preview":"max-image-preview:large","max-video-preview":"max-video-preview:-1"},"canonical":"https:\/\/www.asajacyl.com\/palencia\/asaja-palencia-informa\/el-campo-espanol-vuelve-a-las-carreteras","og_locale":"es_ES","og_type":"article","og_title":"El campo espa\u00f1ol vuelve a las carreteras - ASAJA Palencia","og_description":"ASAJA, COAG y UPA anuncian el lanzamiento de un gran proceso nacional de movilizaciones. Los agricultores y ganaderos lanzan un #SOSrural ante la","og_url":"https:\/\/www.asajacyl.com\/palencia\/asaja-palencia-informa\/el-campo-espanol-vuelve-a-las-carreteras","og_site_name":"ASAJA Palencia","article_published_time":"2021-11-18T18:54:48+00:00","article_modified_time":"2021-11-18T18:54:50+00:00","og_image":[{"width":2048,"height":1024,"url":"https:\/\/www.asajacyl.com\/palencia\/wp-content\/uploads\/sites\/3\/2021\/11\/MOVILIZACION-NACIONAL.jpg","type":"image\/jpeg"}],"author":"Administrador","twitter_card":"summary_large_image","twitter_misc":{"Escrito por":"Administrador","Tiempo de lectura":"3 minutos"},"schema":{"@context":"https:\/\/schema.org","@graph":[{"@type":"WebPage","@id":"https:\/\/www.asajacyl.com\/palencia\/asaja-palencia-informa\/el-campo-espanol-vuelve-a-las-carreteras","url":"https:\/\/www.asajacyl.com\/palencia\/asaja-palencia-informa\/el-campo-espanol-vuelve-a-las-carreteras","name":"El campo espa\u00f1ol vuelve a las carreteras - ASAJA Palencia","isPartOf":{"@id":"https:\/\/www.asajacyl.com\/palencia\/#website"},"primaryImageOfPage":{"@id":"https:\/\/www.asajacyl.com\/palencia\/asaja-palencia-informa\/el-campo-espanol-vuelve-a-las-carreteras#primaryimage"},"image":{"@id":"https:\/\/www.asajacyl.com\/palencia\/asaja-palencia-informa\/el-campo-espanol-vuelve-a-las-carreteras#primaryimage"},"thumbnailUrl":"https:\/\/www.asajacyl.com\/palencia\/wp-content\/uploads\/sites\/3\/2021\/11\/MOVILIZACION-NACIONAL.jpg","datePublished":"2021-11-18T18:54:48+00:00","dateModified":"2021-11-18T18:54:50+00:00","author":{"@id":"https:\/\/www.asajacyl.com\/palencia\/#\/schema\/person\/3ab17aeb03527485c317557fae64aab1"},"description":"ASAJA, COAG y UPA anuncian el lanzamiento de un gran proceso nacional de movilizaciones. Los agricultores y ganaderos lanzan un #SOSrural ante la","breadcrumb":{"@id":"https:\/\/www.asajacyl.com\/palencia\/asaja-palencia-informa\/el-campo-espanol-vuelve-a-las-carreteras#breadcrumb"},"inLanguage":"es","potentialAction":[{"@type":"ReadAction","target":["https:\/\/www.asajacyl.com\/palencia\/asaja-palencia-informa\/el-campo-espanol-vuelve-a-las-carreteras"]}]},{"@type":"ImageObject","inLanguage":"es","@id":"https:\/\/www.asajacyl.com\/palencia\/asaja-palencia-informa\/el-campo-espanol-vuelve-a-las-carreteras#primaryimage","url":"https:\/\/www.asajacyl.com\/palencia\/wp-content\/uploads\/sites\/3\/2021\/11\/MOVILIZACION-NACIONAL.jpg","contentUrl":"https:\/\/www.asajacyl.com\/palencia\/wp-content\/uploads\/sites\/3\/2021\/11\/MOVILIZACION-NACIONAL.jpg","width":2048,"height":1024},{"@type":"BreadcrumbList","@id":"https:\/\/www.asajacyl.com\/palencia\/asaja-palencia-informa\/el-campo-espanol-vuelve-a-las-carreteras#breadcrumb","itemListElement":[{"@type":"ListItem","position":1,"name":"Portada","item":"https:\/\/www.asajacyl.com\/palencia\/"},{"@type":"ListItem","position":2,"name":"El campo espa\u00f1ol vuelve a las carreteras"}]},{"@type":"WebSite","@id":"https:\/\/www.asajacyl.com\/palencia\/#website","url":"https:\/\/www.asajacyl.com\/palencia\/","name":"ASAJA Palencia","description":"Otro sitio m\u00e1s de Provincias ASAJA Castilla y Le\u00f3n","potentialAction":[{"@type":"SearchAction","target":{"@type":"EntryPoint","urlTemplate":"https:\/\/www.asajacyl.com\/palencia\/?s={search_term_string}"},"query-input":{"@type":"PropertyValueSpecification","valueRequired":true,"valueName":"search_term_string"}}],"inLanguage":"es"},{"@type":"Person","@id":"https:\/\/www.asajacyl.com\/palencia\/#\/schema\/person\/3ab17aeb03527485c317557fae64aab1","name":"Administrador","image":{"@type":"ImageObject","inLanguage":"es","@id":"https:\/\/www.asajacyl.com\/palencia\/#\/schema\/person\/image\/","url":"https:\/\/secure.gravatar.com\/avatar\/517384810d242ca9e38c180f3c9fb973?s=96&d=mm&r=g","contentUrl":"https:\/\/secure.gravatar.com\/avatar\/517384810d242ca9e38c180f3c9fb973?s=96&d=mm&r=g","caption":"Administrador"},"url":"https:\/\/www.asajacyl.com\/palencia\/author\/carlosrm"}]}},"_links":{"self":[{"href":"https:\/\/www.asajacyl.com\/palencia\/wp-json\/wp\/v2\/posts\/9320"}],"collection":[{"href":"https:\/\/www.asajacyl.com\/palencia\/wp-json\/wp\/v2\/posts"}],"about":[{"href":"https:\/\/www.asajacyl.com\/palencia\/wp-json\/wp\/v2\/types\/post"}],"author":[{"embeddable":true,"href":"https:\/\/www.asajacyl.com\/palencia\/wp-json\/wp\/v2\/users\/9"}],"replies":[{"embeddable":true,"href":"https:\/\/www.asajacyl.com\/palencia\/wp-json\/wp\/v2\/comments?post=9320"}],"version-history":[{"count":1,"href":"https:\/\/www.asajacyl.com\/palencia\/wp-json\/wp\/v2\/posts\/9320\/revisions"}],"predecessor-version":[{"id":9322,"href":"https:\/\/www.asajacyl.com\/palencia\/wp-json\/wp\/v2\/posts\/9320\/revisions\/9322"}],"wp:featuredmedia":[{"embeddable":true,"href":"https:\/\/www.asajacyl.com\/palencia\/wp-json\/wp\/v2\/media\/9321"}],"wp:attachment":[{"href":"https:\/\/www.asajacyl.com\/palencia\/wp-json\/wp\/v2\/media?parent=9320"}],"wp:term":[{"taxonomy":"category","embeddable":true,"href":"https:\/\/www.asajacyl.com\/palencia\/wp-json\/wp\/v2\/categories?post=9320"},{"taxonomy":"post_tag","embeddable":true,"href":"https:\/\/www.asajacyl.com\/palencia\/wp-json\/wp\/v2\/tags?post=9320"}],"curies":[{"name":"wp","href":"https:\/\/api.w.org\/{rel}","templated":true}]}}