{"id":9340,"date":"2021-11-29T18:16:00","date_gmt":"2021-11-29T17:16:00","guid":{"rendered":"https:\/\/www.asajacyl.com\/palencia\/?p=9340"},"modified":"2021-11-30T08:36:38","modified_gmt":"2021-11-30T07:36:38","slug":"espana-y-francia-piden-que-las-importaciones-cumplan-los-mismos-estandares-de-bienestar-animal-que-en-europa","status":"publish","type":"post","link":"https:\/\/www.asajacyl.com\/palencia\/asaja-palencia-informa\/espana-y-francia-piden-que-las-importaciones-cumplan-los-mismos-estandares-de-bienestar-animal-que-en-europa","title":{"rendered":"Espa\u00f1a y Francia piden que las importaciones cumplan los mismos est\u00e1ndares de bienestar animal que en Europa"},"content":{"rendered":"\n<p>El ministro de Agricultura, Pesca y Alimentaci\u00f3n, Luis Planas, y su hom\u00f3logo franc\u00e9s, Julien Denormandie, han solicitado la reciprocidad en las condiciones exigidas a los productos tra\u00eddos de fuera de la Uni\u00f3n Europea, que consiste en garantizar que los productos agrarios importados cumplan con las mismas exigencias medioambientales, sanitarias, de bienestar animal o fitosanitarias, as\u00ed como con unos est\u00e1ndares de producci\u00f3n equiparables al modelo europeo, lo que garantizar\u00eda unas reglas de mercado iguales para todos.<\/p>\n\n\n\n<p>La UE debe dotarse de \u00abmecanismos de regulaci\u00f3n m\u00e1s estrictos para asegurar la rentabilidad de las explotaciones, para que agricultores y ganaderos comunitarios cuenten con un marco de relaciones hom\u00f3logas y que todos trabajen en las mismas condiciones\u00bb.<\/p>\n\n\n\n<p>Actualmente llegan a nuestros mercados, productos de pa\u00edses terceros, tanto agr\u00edcolas como ganaderos, que no cumplen con las mismas normas que tienen establecidos los profesionales del campo europeo, algo que crea una competencia desleal amparada por las instituciones comunitarias, que deber\u00edan proteger al sector agrario europeo en lugar de utilizarlo como moneda de cambio un acuerdo comercial tras otro.<\/p>\n\n\n\n<figure class=\"wp-block-image size-large\"><img loading=\"lazy\" decoding=\"async\" width=\"1024\" height=\"576\" src=\"https:\/\/www.asajacyl.com\/palencia\/wp-content\/uploads\/sites\/3\/2021\/05\/COMISION-EUROPEA-1024x576.jpg\" alt=\"\" class=\"wp-image-8267\" srcset=\"https:\/\/www.asajacyl.com\/palencia\/wp-content\/uploads\/sites\/3\/2021\/05\/COMISION-EUROPEA-1024x576.jpg 1024w, https:\/\/www.asajacyl.com\/palencia\/wp-content\/uploads\/sites\/3\/2021\/05\/COMISION-EUROPEA-300x169.jpg 300w, https:\/\/www.asajacyl.com\/palencia\/wp-content\/uploads\/sites\/3\/2021\/05\/COMISION-EUROPEA-768x432.jpg 768w, https:\/\/www.asajacyl.com\/palencia\/wp-content\/uploads\/sites\/3\/2021\/05\/COMISION-EUROPEA-1536x864.jpg 1536w, https:\/\/www.asajacyl.com\/palencia\/wp-content\/uploads\/sites\/3\/2021\/05\/COMISION-EUROPEA-696x392.jpg 696w, https:\/\/www.asajacyl.com\/palencia\/wp-content\/uploads\/sites\/3\/2021\/05\/COMISION-EUROPEA-1068x601.jpg 1068w, https:\/\/www.asajacyl.com\/palencia\/wp-content\/uploads\/sites\/3\/2021\/05\/COMISION-EUROPEA-747x420.jpg 747w, https:\/\/www.asajacyl.com\/palencia\/wp-content\/uploads\/sites\/3\/2021\/05\/COMISION-EUROPEA.jpg 1600w\" sizes=\"(max-width: 1024px) 100vw, 1024px\" \/><\/figure>\n","protected":false},"excerpt":{"rendered":"<p>El ministro de Agricultura, Pesca y Alimentaci\u00f3n, Luis Planas, y su hom\u00f3logo franc\u00e9s, Julien Denormandie, han solicitado la reciprocidad en las condiciones exigidas a los productos tra\u00eddos de fuera de la Uni\u00f3n Europea, que consiste en garantizar que los productos agrarios importados cumplan con las mismas exigencias medioambientales, sanitarias, de bienestar animal o fitosanitarias, as\u00ed [&hellip;]<\/p>\n","protected":false},"author":9,"featured_media":8267,"comment_status":"open","ping_status":"open","sticky":false,"template":"","format":"standard","meta":{"footnotes":""},"categories":[9,29,28],"tags":[],"yoast_head":"<!-- This site is optimized with the Yoast SEO plugin v24.5 - https:\/\/yoast.com\/wordpress\/plugins\/seo\/ -->\n<title>Espa\u00f1a y Francia piden que las importaciones cumplan los mismos est\u00e1ndares de bienestar animal que en Europa - ASAJA Palencia<\/title>\n<meta name=\"description\" content=\"El ministro de Agricultura, Pesca y Alimentaci\u00f3n, Luis Planas, y su hom\u00f3logo franc\u00e9s, Julien Denormandie, han solicitado la reciprocidad en las\" \/>\n<meta name=\"robots\" content=\"index, follow, max-snippet:-1, max-image-preview:large, max-video-preview:-1\" \/>\n<link rel=\"canonical\" href=\"https:\/\/www.asajacyl.com\/palencia\/asaja-palencia-informa\/espana-y-francia-piden-que-las-importaciones-cumplan-los-mismos-estandares-de-bienestar-animal-que-en-europa\" \/>\n<meta property=\"og:locale\" content=\"es_ES\" \/>\n<meta property=\"og:type\" content=\"article\" \/>\n<meta property=\"og:title\" content=\"Espa\u00f1a y Francia piden que las importaciones cumplan los mismos est\u00e1ndares de bienestar animal que en Europa - ASAJA Palencia\" \/>\n<meta property=\"og:description\" content=\"El ministro de Agricultura, Pesca y Alimentaci\u00f3n, Luis Planas, y su hom\u00f3logo franc\u00e9s, Julien Denormandie, han solicitado la reciprocidad en las\" \/>\n<meta property=\"og:url\" content=\"https:\/\/www.asajacyl.com\/palencia\/asaja-palencia-informa\/espana-y-francia-piden-que-las-importaciones-cumplan-los-mismos-estandares-de-bienestar-animal-que-en-europa\" \/>\n<meta property=\"og:site_name\" content=\"ASAJA Palencia\" \/>\n<meta property=\"article:published_time\" content=\"2021-11-29T17:16:00+00:00\" \/>\n<meta property=\"article:modified_time\" content=\"2021-11-30T07:36:38+00:00\" \/>\n<meta property=\"og:image\" content=\"https:\/\/www.asajacyl.com\/palencia\/wp-content\/uploads\/sites\/3\/2021\/05\/COMISION-EUROPEA.jpg\" \/>\n\t<meta property=\"og:image:width\" content=\"1600\" \/>\n\t<meta property=\"og:image:height\" content=\"900\" \/>\n\t<meta property=\"og:image:type\" content=\"image\/jpeg\" \/>\n<meta name=\"author\" content=\"Administrador\" \/>\n<meta name=\"twitter:card\" content=\"summary_large_image\" \/>\n<meta name=\"twitter:label1\" content=\"Escrito por\" \/>\n\t<meta name=\"twitter:data1\" content=\"Administrador\" \/>\n\t<meta name=\"twitter:label2\" content=\"Tiempo de lectura\" \/>\n\t<meta name=\"twitter:data2\" content=\"1 minuto\" \/>\n<script type=\"application\/ld+json\" class=\"yoast-schema-graph\">{\"@context\":\"https:\/\/schema.org\",\"@graph\":[{\"@type\":\"WebPage\",\"@id\":\"https:\/\/www.asajacyl.com\/palencia\/asaja-palencia-informa\/espana-y-francia-piden-que-las-importaciones-cumplan-los-mismos-estandares-de-bienestar-animal-que-en-europa\",\"url\":\"https:\/\/www.asajacyl.com\/palencia\/asaja-palencia-informa\/espana-y-francia-piden-que-las-importaciones-cumplan-los-mismos-estandares-de-bienestar-animal-que-en-europa\",\"name\":\"Espa\u00f1a y Francia piden que las importaciones cumplan los mismos est\u00e1ndares de bienestar animal que en Europa - ASAJA Palencia\",\"isPartOf\":{\"@id\":\"https:\/\/www.asajacyl.com\/palencia\/#website\"},\"primaryImageOfPage\":{\"@id\":\"https:\/\/www.asajacyl.com\/palencia\/asaja-palencia-informa\/espana-y-francia-piden-que-las-importaciones-cumplan-los-mismos-estandares-de-bienestar-animal-que-en-europa#primaryimage\"},\"image\":{\"@id\":\"https:\/\/www.asajacyl.com\/palencia\/asaja-palencia-informa\/espana-y-francia-piden-que-las-importaciones-cumplan-los-mismos-estandares-de-bienestar-animal-que-en-europa#primaryimage\"},\"thumbnailUrl\":\"https:\/\/www.asajacyl.com\/palencia\/wp-content\/uploads\/sites\/3\/2021\/05\/COMISION-EUROPEA.jpg\",\"datePublished\":\"2021-11-29T17:16:00+00:00\",\"dateModified\":\"2021-11-30T07:36:38+00:00\",\"author\":{\"@id\":\"https:\/\/www.asajacyl.com\/palencia\/#\/schema\/person\/3ab17aeb03527485c317557fae64aab1\"},\"description\":\"El ministro de Agricultura, Pesca y Alimentaci\u00f3n, Luis Planas, y su hom\u00f3logo franc\u00e9s, Julien Denormandie, han solicitado la reciprocidad en las\",\"breadcrumb\":{\"@id\":\"https:\/\/www.asajacyl.com\/palencia\/asaja-palencia-informa\/espana-y-francia-piden-que-las-importaciones-cumplan-los-mismos-estandares-de-bienestar-animal-que-en-europa#breadcrumb\"},\"inLanguage\":\"es\",\"potentialAction\":[{\"@type\":\"ReadAction\",\"target\":[\"https:\/\/www.asajacyl.com\/palencia\/asaja-palencia-informa\/espana-y-francia-piden-que-las-importaciones-cumplan-los-mismos-estandares-de-bienestar-animal-que-en-europa\"]}]},{\"@type\":\"ImageObject\",\"inLanguage\":\"es\",\"@id\":\"https:\/\/www.asajacyl.com\/palencia\/asaja-palencia-informa\/espana-y-francia-piden-que-las-importaciones-cumplan-los-mismos-estandares-de-bienestar-animal-que-en-europa#primaryimage\",\"url\":\"https:\/\/www.asajacyl.com\/palencia\/wp-content\/uploads\/sites\/3\/2021\/05\/COMISION-EUROPEA.jpg\",\"contentUrl\":\"https:\/\/www.asajacyl.com\/palencia\/wp-content\/uploads\/sites\/3\/2021\/05\/COMISION-EUROPEA.jpg\",\"width\":1600,\"height\":900},{\"@type\":\"BreadcrumbList\",\"@id\":\"https:\/\/www.asajacyl.com\/palencia\/asaja-palencia-informa\/espana-y-francia-piden-que-las-importaciones-cumplan-los-mismos-estandares-de-bienestar-animal-que-en-europa#breadcrumb\",\"itemListElement\":[{\"@type\":\"ListItem\",\"position\":1,\"name\":\"Portada\",\"item\":\"https:\/\/www.asajacyl.com\/palencia\/\"},{\"@type\":\"ListItem\",\"position\":2,\"name\":\"Espa\u00f1a y Francia piden que las importaciones cumplan los mismos est\u00e1ndares de bienestar animal que en Europa\"}]},{\"@type\":\"WebSite\",\"@id\":\"https:\/\/www.asajacyl.com\/palencia\/#website\",\"url\":\"https:\/\/www.asajacyl.com\/palencia\/\",\"name\":\"ASAJA Palencia\",\"description\":\"Otro sitio m\u00e1s de Provincias ASAJA Castilla y Le\u00f3n\",\"potentialAction\":[{\"@type\":\"SearchAction\",\"target\":{\"@type\":\"EntryPoint\",\"urlTemplate\":\"https:\/\/www.asajacyl.com\/palencia\/?s={search_term_string}\"},\"query-input\":{\"@type\":\"PropertyValueSpecification\",\"valueRequired\":true,\"valueName\":\"search_term_string\"}}],\"inLanguage\":\"es\"},{\"@type\":\"Person\",\"@id\":\"https:\/\/www.asajacyl.com\/palencia\/#\/schema\/person\/3ab17aeb03527485c317557fae64aab1\",\"name\":\"Administrador\",\"image\":{\"@type\":\"ImageObject\",\"inLanguage\":\"es\",\"@id\":\"https:\/\/www.asajacyl.com\/palencia\/#\/schema\/person\/image\/\",\"url\":\"https:\/\/secure.gravatar.com\/avatar\/517384810d242ca9e38c180f3c9fb973?s=96&d=mm&r=g\",\"contentUrl\":\"https:\/\/secure.gravatar.com\/avatar\/517384810d242ca9e38c180f3c9fb973?s=96&d=mm&r=g\",\"caption\":\"Administrador\"},\"url\":\"https:\/\/www.asajacyl.com\/palencia\/author\/carlosrm\"}]}<\/script>\n<!-- \/ Yoast SEO plugin. -->","yoast_head_json":{"title":"Espa\u00f1a y Francia piden que las importaciones cumplan los mismos est\u00e1ndares de bienestar animal que en Europa - ASAJA Palencia","description":"El ministro de Agricultura, Pesca y Alimentaci\u00f3n, Luis Planas, y su hom\u00f3logo franc\u00e9s, Julien Denormandie, han solicitado la reciprocidad en las","robots":{"index":"index","follow":"follow","max-snippet":"max-snippet:-1","max-image-preview":"max-image-preview:large","max-video-preview":"max-video-preview:-1"},"canonical":"https:\/\/www.asajacyl.com\/palencia\/asaja-palencia-informa\/espana-y-francia-piden-que-las-importaciones-cumplan-los-mismos-estandares-de-bienestar-animal-que-en-europa","og_locale":"es_ES","og_type":"article","og_title":"Espa\u00f1a y Francia piden que las importaciones cumplan los mismos est\u00e1ndares de bienestar animal que en Europa - ASAJA Palencia","og_description":"El ministro de Agricultura, Pesca y Alimentaci\u00f3n, Luis Planas, y su hom\u00f3logo franc\u00e9s, Julien Denormandie, han solicitado la reciprocidad en las","og_url":"https:\/\/www.asajacyl.com\/palencia\/asaja-palencia-informa\/espana-y-francia-piden-que-las-importaciones-cumplan-los-mismos-estandares-de-bienestar-animal-que-en-europa","og_site_name":"ASAJA Palencia","article_published_time":"2021-11-29T17:16:00+00:00","article_modified_time":"2021-11-30T07:36:38+00:00","og_image":[{"width":1600,"height":900,"url":"https:\/\/www.asajacyl.com\/palencia\/wp-content\/uploads\/sites\/3\/2021\/05\/COMISION-EUROPEA.jpg","type":"image\/jpeg"}],"author":"Administrador","twitter_card":"summary_large_image","twitter_misc":{"Escrito por":"Administrador","Tiempo de lectura":"1 minuto"},"schema":{"@context":"https:\/\/schema.org","@graph":[{"@type":"WebPage","@id":"https:\/\/www.asajacyl.com\/palencia\/asaja-palencia-informa\/espana-y-francia-piden-que-las-importaciones-cumplan-los-mismos-estandares-de-bienestar-animal-que-en-europa","url":"https:\/\/www.asajacyl.com\/palencia\/asaja-palencia-informa\/espana-y-francia-piden-que-las-importaciones-cumplan-los-mismos-estandares-de-bienestar-animal-que-en-europa","name":"Espa\u00f1a y Francia piden que las importaciones cumplan los mismos est\u00e1ndares de bienestar animal que en Europa - ASAJA Palencia","isPartOf":{"@id":"https:\/\/www.asajacyl.com\/palencia\/#website"},"primaryImageOfPage":{"@id":"https:\/\/www.asajacyl.com\/palencia\/asaja-palencia-informa\/espana-y-francia-piden-que-las-importaciones-cumplan-los-mismos-estandares-de-bienestar-animal-que-en-europa#primaryimage"},"image":{"@id":"https:\/\/www.asajacyl.com\/palencia\/asaja-palencia-informa\/espana-y-francia-piden-que-las-importaciones-cumplan-los-mismos-estandares-de-bienestar-animal-que-en-europa#primaryimage"},"thumbnailUrl":"https:\/\/www.asajacyl.com\/palencia\/wp-content\/uploads\/sites\/3\/2021\/05\/COMISION-EUROPEA.jpg","datePublished":"2021-11-29T17:16:00+00:00","dateModified":"2021-11-30T07:36:38+00:00","author":{"@id":"https:\/\/www.asajacyl.com\/palencia\/#\/schema\/person\/3ab17aeb03527485c317557fae64aab1"},"description":"El ministro de Agricultura, Pesca y Alimentaci\u00f3n, Luis Planas, y su hom\u00f3logo franc\u00e9s, Julien Denormandie, han solicitado la reciprocidad en las","breadcrumb":{"@id":"https:\/\/www.asajacyl.com\/palencia\/asaja-palencia-informa\/espana-y-francia-piden-que-las-importaciones-cumplan-los-mismos-estandares-de-bienestar-animal-que-en-europa#breadcrumb"},"inLanguage":"es","potentialAction":[{"@type":"ReadAction","target":["https:\/\/www.asajacyl.com\/palencia\/asaja-palencia-informa\/espana-y-francia-piden-que-las-importaciones-cumplan-los-mismos-estandares-de-bienestar-animal-que-en-europa"]}]},{"@type":"ImageObject","inLanguage":"es","@id":"https:\/\/www.asajacyl.com\/palencia\/asaja-palencia-informa\/espana-y-francia-piden-que-las-importaciones-cumplan-los-mismos-estandares-de-bienestar-animal-que-en-europa#primaryimage","url":"https:\/\/www.asajacyl.com\/palencia\/wp-content\/uploads\/sites\/3\/2021\/05\/COMISION-EUROPEA.jpg","contentUrl":"https:\/\/www.asajacyl.com\/palencia\/wp-content\/uploads\/sites\/3\/2021\/05\/COMISION-EUROPEA.jpg","width":1600,"height":900},{"@type":"BreadcrumbList","@id":"https:\/\/www.asajacyl.com\/palencia\/asaja-palencia-informa\/espana-y-francia-piden-que-las-importaciones-cumplan-los-mismos-estandares-de-bienestar-animal-que-en-europa#breadcrumb","itemListElement":[{"@type":"ListItem","position":1,"name":"Portada","item":"https:\/\/www.asajacyl.com\/palencia\/"},{"@type":"ListItem","position":2,"name":"Espa\u00f1a y Francia piden que las importaciones cumplan los mismos est\u00e1ndares de bienestar animal que en Europa"}]},{"@type":"WebSite","@id":"https:\/\/www.asajacyl.com\/palencia\/#website","url":"https:\/\/www.asajacyl.com\/palencia\/","name":"ASAJA Palencia","description":"Otro sitio m\u00e1s de Provincias ASAJA Castilla y Le\u00f3n","potentialAction":[{"@type":"SearchAction","target":{"@type":"EntryPoint","urlTemplate":"https:\/\/www.asajacyl.com\/palencia\/?s={search_term_string}"},"query-input":{"@type":"PropertyValueSpecification","valueRequired":true,"valueName":"search_term_string"}}],"inLanguage":"es"},{"@type":"Person","@id":"https:\/\/www.asajacyl.com\/palencia\/#\/schema\/person\/3ab17aeb03527485c317557fae64aab1","name":"Administrador","image":{"@type":"ImageObject","inLanguage":"es","@id":"https:\/\/www.asajacyl.com\/palencia\/#\/schema\/person\/image\/","url":"https:\/\/secure.gravatar.com\/avatar\/517384810d242ca9e38c180f3c9fb973?s=96&d=mm&r=g","contentUrl":"https:\/\/secure.gravatar.com\/avatar\/517384810d242ca9e38c180f3c9fb973?s=96&d=mm&r=g","caption":"Administrador"},"url":"https:\/\/www.asajacyl.com\/palencia\/author\/carlosrm"}]}},"_links":{"self":[{"href":"https:\/\/www.asajacyl.com\/palencia\/wp-json\/wp\/v2\/posts\/9340"}],"collection":[{"href":"https:\/\/www.asajacyl.com\/palencia\/wp-json\/wp\/v2\/posts"}],"about":[{"href":"https:\/\/www.asajacyl.com\/palencia\/wp-json\/wp\/v2\/types\/post"}],"author":[{"embeddable":true,"href":"https:\/\/www.asajacyl.com\/palencia\/wp-json\/wp\/v2\/users\/9"}],"replies":[{"embeddable":true,"href":"https:\/\/www.asajacyl.com\/palencia\/wp-json\/wp\/v2\/comments?post=9340"}],"version-history":[{"count":3,"href":"https:\/\/www.asajacyl.com\/palencia\/wp-json\/wp\/v2\/posts\/9340\/revisions"}],"predecessor-version":[{"id":9423,"href":"https:\/\/www.asajacyl.com\/palencia\/wp-json\/wp\/v2\/posts\/9340\/revisions\/9423"}],"wp:featuredmedia":[{"embeddable":true,"href":"https:\/\/www.asajacyl.com\/palencia\/wp-json\/wp\/v2\/media\/8267"}],"wp:attachment":[{"href":"https:\/\/www.asajacyl.com\/palencia\/wp-json\/wp\/v2\/media?parent=9340"}],"wp:term":[{"taxonomy":"category","embeddable":true,"href":"https:\/\/www.asajacyl.com\/palencia\/wp-json\/wp\/v2\/categories?post=9340"},{"taxonomy":"post_tag","embeddable":true,"href":"https:\/\/www.asajacyl.com\/palencia\/wp-json\/wp\/v2\/tags?post=9340"}],"curies":[{"name":"wp","href":"https:\/\/api.w.org\/{rel}","templated":true}]}}