{"id":9342,"date":"2021-11-27T18:21:00","date_gmt":"2021-11-27T17:21:00","guid":{"rendered":"https:\/\/www.asajacyl.com\/palencia\/?p=9342"},"modified":"2021-11-23T07:23:27","modified_gmt":"2021-11-23T06:23:27","slug":"los-regantes-estallan-frente-a-la-amenaza-de-no-tener-agua-para-el-campo-en-los-proximos-anos","status":"publish","type":"post","link":"https:\/\/www.asajacyl.com\/palencia\/asaja-palencia-informa\/los-regantes-estallan-frente-a-la-amenaza-de-no-tener-agua-para-el-campo-en-los-proximos-anos","title":{"rendered":"Los regantes estallan frente a la amenaza de no tener agua para el campo en los pr\u00f3ximos a\u00f1os"},"content":{"rendered":"\n<p>La Federaci\u00f3n Nacional de Comunidades de Regantes (FENACORE), que representa a m\u00e1s de 500.000 agricultores y m\u00e1s de dos millones de hect\u00e1reas, alert\u00f3 hoy de un \u201cinvierno caliente\u201d con movilizaciones para protestar contra la amenaza de no tener suficiente agua para regar durante los pr\u00f3ximos a\u00f1os.<\/p>\n\n\n\n<p>Todo ello motivado por los nuevos planes hidrol\u00f3gicos, que ser\u00e1n aprobados en primavera sin tener en cuenta la valoraci\u00f3n experta del regad\u00edo: un sector discriminado a pesar de aglutinar al 70% de los usuarios del agua.<\/p>\n\n\n\n<p>En concreto, los regantes advierten de que la planificaci\u00f3n hidrol\u00f3gica est\u00e1 desenfocada al anteponer el extremismo ecologista a la satisfacci\u00f3n de las necesidades b\u00e1sicas como el agua, de las que depende la producci\u00f3n de alimentos. Asimismo, estos planes atentan gravemente contra el regad\u00edo, tal y como han hecho saber por carta al presidente del Gobierno, Pedro S\u00e1nchez, traslad\u00e1ndole el malestar del campo por la discriminaci\u00f3n que sufre el regad\u00edo en la agenda pol\u00edtica.<\/p>\n\n\n\n<div class=\"wp-block-image\"><figure class=\"aligncenter size-large\"><img loading=\"lazy\" decoding=\"async\" width=\"1024\" height=\"768\" src=\"https:\/\/www.asajacyl.com\/palencia\/wp-content\/uploads\/sites\/3\/2019\/02\/foto-pivot-1024x768.jpg\" alt=\"\" class=\"wp-image-5944\" srcset=\"https:\/\/www.asajacyl.com\/palencia\/wp-content\/uploads\/sites\/3\/2019\/02\/foto-pivot-1024x768.jpg 1024w, https:\/\/www.asajacyl.com\/palencia\/wp-content\/uploads\/sites\/3\/2019\/02\/foto-pivot-300x225.jpg 300w, https:\/\/www.asajacyl.com\/palencia\/wp-content\/uploads\/sites\/3\/2019\/02\/foto-pivot-768x576.jpg 768w, https:\/\/www.asajacyl.com\/palencia\/wp-content\/uploads\/sites\/3\/2019\/02\/foto-pivot-80x60.jpg 80w, https:\/\/www.asajacyl.com\/palencia\/wp-content\/uploads\/sites\/3\/2019\/02\/foto-pivot-696x522.jpg 696w, https:\/\/www.asajacyl.com\/palencia\/wp-content\/uploads\/sites\/3\/2019\/02\/foto-pivot-1068x801.jpg 1068w, https:\/\/www.asajacyl.com\/palencia\/wp-content\/uploads\/sites\/3\/2019\/02\/foto-pivot-560x420.jpg 560w, https:\/\/www.asajacyl.com\/palencia\/wp-content\/uploads\/sites\/3\/2019\/02\/foto-pivot-1920x1440.jpg 1920w\" sizes=\"(max-width: 1024px) 100vw, 1024px\" \/><\/figure><\/div>\n","protected":false},"excerpt":{"rendered":"<p>La Federaci\u00f3n Nacional de Comunidades de Regantes (FENACORE), que representa a m\u00e1s de 500.000 agricultores y m\u00e1s de dos millones de hect\u00e1reas, alert\u00f3 hoy de un \u201cinvierno caliente\u201d con movilizaciones para protestar contra la amenaza de no tener suficiente agua para regar durante los pr\u00f3ximos a\u00f1os. Todo ello motivado por los nuevos planes hidrol\u00f3gicos, que [&hellip;]<\/p>\n","protected":false},"author":9,"featured_media":5944,"comment_status":"open","ping_status":"open","sticky":false,"template":"","format":"standard","meta":{"footnotes":""},"categories":[9,29,28],"tags":[],"yoast_head":"<!-- This site is optimized with the Yoast SEO plugin v24.5 - https:\/\/yoast.com\/wordpress\/plugins\/seo\/ -->\n<title>Los regantes estallan frente a la amenaza de no tener agua para el campo en los pr\u00f3ximos a\u00f1os - ASAJA Palencia<\/title>\n<meta name=\"description\" content=\"La Federaci\u00f3n Nacional de Comunidades de Regantes (FENACORE), que representa a m\u00e1s de 500.000 agricultores y m\u00e1s de dos millones de hect\u00e1reas, alert\u00f3 hoy\" \/>\n<meta name=\"robots\" content=\"index, follow, max-snippet:-1, max-image-preview:large, max-video-preview:-1\" \/>\n<link rel=\"canonical\" href=\"https:\/\/www.asajacyl.com\/palencia\/asaja-palencia-informa\/los-regantes-estallan-frente-a-la-amenaza-de-no-tener-agua-para-el-campo-en-los-proximos-anos\" \/>\n<meta property=\"og:locale\" content=\"es_ES\" \/>\n<meta property=\"og:type\" content=\"article\" \/>\n<meta property=\"og:title\" content=\"Los regantes estallan frente a la amenaza de no tener agua para el campo en los pr\u00f3ximos a\u00f1os - ASAJA Palencia\" \/>\n<meta property=\"og:description\" content=\"La Federaci\u00f3n Nacional de Comunidades de Regantes (FENACORE), que representa a m\u00e1s de 500.000 agricultores y m\u00e1s de dos millones de hect\u00e1reas, alert\u00f3 hoy\" \/>\n<meta property=\"og:url\" content=\"https:\/\/www.asajacyl.com\/palencia\/asaja-palencia-informa\/los-regantes-estallan-frente-a-la-amenaza-de-no-tener-agua-para-el-campo-en-los-proximos-anos\" \/>\n<meta property=\"og:site_name\" content=\"ASAJA Palencia\" \/>\n<meta property=\"article:published_time\" content=\"2021-11-27T17:21:00+00:00\" \/>\n<meta property=\"og:image\" content=\"https:\/\/www.asajacyl.com\/palencia\/wp-content\/uploads\/sites\/3\/2019\/02\/foto-pivot.jpg\" \/>\n\t<meta property=\"og:image:width\" content=\"2500\" \/>\n\t<meta property=\"og:image:height\" content=\"1875\" \/>\n\t<meta property=\"og:image:type\" content=\"image\/jpeg\" \/>\n<meta name=\"author\" content=\"Administrador\" \/>\n<meta name=\"twitter:card\" content=\"summary_large_image\" \/>\n<meta name=\"twitter:label1\" content=\"Escrito por\" \/>\n\t<meta name=\"twitter:data1\" content=\"Administrador\" \/>\n\t<meta name=\"twitter:label2\" content=\"Tiempo de lectura\" \/>\n\t<meta name=\"twitter:data2\" content=\"1 minuto\" \/>\n<script type=\"application\/ld+json\" class=\"yoast-schema-graph\">{\"@context\":\"https:\/\/schema.org\",\"@graph\":[{\"@type\":\"WebPage\",\"@id\":\"https:\/\/www.asajacyl.com\/palencia\/asaja-palencia-informa\/los-regantes-estallan-frente-a-la-amenaza-de-no-tener-agua-para-el-campo-en-los-proximos-anos\",\"url\":\"https:\/\/www.asajacyl.com\/palencia\/asaja-palencia-informa\/los-regantes-estallan-frente-a-la-amenaza-de-no-tener-agua-para-el-campo-en-los-proximos-anos\",\"name\":\"Los regantes estallan frente a la amenaza de no tener agua para el campo en los pr\u00f3ximos a\u00f1os - ASAJA Palencia\",\"isPartOf\":{\"@id\":\"https:\/\/www.asajacyl.com\/palencia\/#website\"},\"primaryImageOfPage\":{\"@id\":\"https:\/\/www.asajacyl.com\/palencia\/asaja-palencia-informa\/los-regantes-estallan-frente-a-la-amenaza-de-no-tener-agua-para-el-campo-en-los-proximos-anos#primaryimage\"},\"image\":{\"@id\":\"https:\/\/www.asajacyl.com\/palencia\/asaja-palencia-informa\/los-regantes-estallan-frente-a-la-amenaza-de-no-tener-agua-para-el-campo-en-los-proximos-anos#primaryimage\"},\"thumbnailUrl\":\"https:\/\/www.asajacyl.com\/palencia\/wp-content\/uploads\/sites\/3\/2019\/02\/foto-pivot.jpg\",\"datePublished\":\"2021-11-27T17:21:00+00:00\",\"author\":{\"@id\":\"https:\/\/www.asajacyl.com\/palencia\/#\/schema\/person\/3ab17aeb03527485c317557fae64aab1\"},\"description\":\"La Federaci\u00f3n Nacional de Comunidades de Regantes (FENACORE), que representa a m\u00e1s de 500.000 agricultores y m\u00e1s de dos millones de hect\u00e1reas, alert\u00f3 hoy\",\"breadcrumb\":{\"@id\":\"https:\/\/www.asajacyl.com\/palencia\/asaja-palencia-informa\/los-regantes-estallan-frente-a-la-amenaza-de-no-tener-agua-para-el-campo-en-los-proximos-anos#breadcrumb\"},\"inLanguage\":\"es\",\"potentialAction\":[{\"@type\":\"ReadAction\",\"target\":[\"https:\/\/www.asajacyl.com\/palencia\/asaja-palencia-informa\/los-regantes-estallan-frente-a-la-amenaza-de-no-tener-agua-para-el-campo-en-los-proximos-anos\"]}]},{\"@type\":\"ImageObject\",\"inLanguage\":\"es\",\"@id\":\"https:\/\/www.asajacyl.com\/palencia\/asaja-palencia-informa\/los-regantes-estallan-frente-a-la-amenaza-de-no-tener-agua-para-el-campo-en-los-proximos-anos#primaryimage\",\"url\":\"https:\/\/www.asajacyl.com\/palencia\/wp-content\/uploads\/sites\/3\/2019\/02\/foto-pivot.jpg\",\"contentUrl\":\"https:\/\/www.asajacyl.com\/palencia\/wp-content\/uploads\/sites\/3\/2019\/02\/foto-pivot.jpg\",\"width\":2500,\"height\":1875},{\"@type\":\"BreadcrumbList\",\"@id\":\"https:\/\/www.asajacyl.com\/palencia\/asaja-palencia-informa\/los-regantes-estallan-frente-a-la-amenaza-de-no-tener-agua-para-el-campo-en-los-proximos-anos#breadcrumb\",\"itemListElement\":[{\"@type\":\"ListItem\",\"position\":1,\"name\":\"Portada\",\"item\":\"https:\/\/www.asajacyl.com\/palencia\/\"},{\"@type\":\"ListItem\",\"position\":2,\"name\":\"Los regantes estallan frente a la amenaza de no tener agua para el campo en los pr\u00f3ximos a\u00f1os\"}]},{\"@type\":\"WebSite\",\"@id\":\"https:\/\/www.asajacyl.com\/palencia\/#website\",\"url\":\"https:\/\/www.asajacyl.com\/palencia\/\",\"name\":\"ASAJA Palencia\",\"description\":\"Otro sitio m\u00e1s de Provincias ASAJA Castilla y Le\u00f3n\",\"potentialAction\":[{\"@type\":\"SearchAction\",\"target\":{\"@type\":\"EntryPoint\",\"urlTemplate\":\"https:\/\/www.asajacyl.com\/palencia\/?s={search_term_string}\"},\"query-input\":{\"@type\":\"PropertyValueSpecification\",\"valueRequired\":true,\"valueName\":\"search_term_string\"}}],\"inLanguage\":\"es\"},{\"@type\":\"Person\",\"@id\":\"https:\/\/www.asajacyl.com\/palencia\/#\/schema\/person\/3ab17aeb03527485c317557fae64aab1\",\"name\":\"Administrador\",\"image\":{\"@type\":\"ImageObject\",\"inLanguage\":\"es\",\"@id\":\"https:\/\/www.asajacyl.com\/palencia\/#\/schema\/person\/image\/\",\"url\":\"https:\/\/secure.gravatar.com\/avatar\/517384810d242ca9e38c180f3c9fb973?s=96&d=mm&r=g\",\"contentUrl\":\"https:\/\/secure.gravatar.com\/avatar\/517384810d242ca9e38c180f3c9fb973?s=96&d=mm&r=g\",\"caption\":\"Administrador\"},\"url\":\"https:\/\/www.asajacyl.com\/palencia\/author\/carlosrm\"}]}<\/script>\n<!-- \/ Yoast SEO plugin. -->","yoast_head_json":{"title":"Los regantes estallan frente a la amenaza de no tener agua para el campo en los pr\u00f3ximos a\u00f1os - ASAJA Palencia","description":"La Federaci\u00f3n Nacional de Comunidades de Regantes (FENACORE), que representa a m\u00e1s de 500.000 agricultores y m\u00e1s de dos millones de hect\u00e1reas, alert\u00f3 hoy","robots":{"index":"index","follow":"follow","max-snippet":"max-snippet:-1","max-image-preview":"max-image-preview:large","max-video-preview":"max-video-preview:-1"},"canonical":"https:\/\/www.asajacyl.com\/palencia\/asaja-palencia-informa\/los-regantes-estallan-frente-a-la-amenaza-de-no-tener-agua-para-el-campo-en-los-proximos-anos","og_locale":"es_ES","og_type":"article","og_title":"Los regantes estallan frente a la amenaza de no tener agua para el campo en los pr\u00f3ximos a\u00f1os - ASAJA Palencia","og_description":"La Federaci\u00f3n Nacional de Comunidades de Regantes (FENACORE), que representa a m\u00e1s de 500.000 agricultores y m\u00e1s de dos millones de hect\u00e1reas, alert\u00f3 hoy","og_url":"https:\/\/www.asajacyl.com\/palencia\/asaja-palencia-informa\/los-regantes-estallan-frente-a-la-amenaza-de-no-tener-agua-para-el-campo-en-los-proximos-anos","og_site_name":"ASAJA Palencia","article_published_time":"2021-11-27T17:21:00+00:00","og_image":[{"width":2500,"height":1875,"url":"https:\/\/www.asajacyl.com\/palencia\/wp-content\/uploads\/sites\/3\/2019\/02\/foto-pivot.jpg","type":"image\/jpeg"}],"author":"Administrador","twitter_card":"summary_large_image","twitter_misc":{"Escrito por":"Administrador","Tiempo de lectura":"1 minuto"},"schema":{"@context":"https:\/\/schema.org","@graph":[{"@type":"WebPage","@id":"https:\/\/www.asajacyl.com\/palencia\/asaja-palencia-informa\/los-regantes-estallan-frente-a-la-amenaza-de-no-tener-agua-para-el-campo-en-los-proximos-anos","url":"https:\/\/www.asajacyl.com\/palencia\/asaja-palencia-informa\/los-regantes-estallan-frente-a-la-amenaza-de-no-tener-agua-para-el-campo-en-los-proximos-anos","name":"Los regantes estallan frente a la amenaza de no tener agua para el campo en los pr\u00f3ximos a\u00f1os - ASAJA Palencia","isPartOf":{"@id":"https:\/\/www.asajacyl.com\/palencia\/#website"},"primaryImageOfPage":{"@id":"https:\/\/www.asajacyl.com\/palencia\/asaja-palencia-informa\/los-regantes-estallan-frente-a-la-amenaza-de-no-tener-agua-para-el-campo-en-los-proximos-anos#primaryimage"},"image":{"@id":"https:\/\/www.asajacyl.com\/palencia\/asaja-palencia-informa\/los-regantes-estallan-frente-a-la-amenaza-de-no-tener-agua-para-el-campo-en-los-proximos-anos#primaryimage"},"thumbnailUrl":"https:\/\/www.asajacyl.com\/palencia\/wp-content\/uploads\/sites\/3\/2019\/02\/foto-pivot.jpg","datePublished":"2021-11-27T17:21:00+00:00","author":{"@id":"https:\/\/www.asajacyl.com\/palencia\/#\/schema\/person\/3ab17aeb03527485c317557fae64aab1"},"description":"La Federaci\u00f3n Nacional de Comunidades de Regantes (FENACORE), que representa a m\u00e1s de 500.000 agricultores y m\u00e1s de dos millones de hect\u00e1reas, alert\u00f3 hoy","breadcrumb":{"@id":"https:\/\/www.asajacyl.com\/palencia\/asaja-palencia-informa\/los-regantes-estallan-frente-a-la-amenaza-de-no-tener-agua-para-el-campo-en-los-proximos-anos#breadcrumb"},"inLanguage":"es","potentialAction":[{"@type":"ReadAction","target":["https:\/\/www.asajacyl.com\/palencia\/asaja-palencia-informa\/los-regantes-estallan-frente-a-la-amenaza-de-no-tener-agua-para-el-campo-en-los-proximos-anos"]}]},{"@type":"ImageObject","inLanguage":"es","@id":"https:\/\/www.asajacyl.com\/palencia\/asaja-palencia-informa\/los-regantes-estallan-frente-a-la-amenaza-de-no-tener-agua-para-el-campo-en-los-proximos-anos#primaryimage","url":"https:\/\/www.asajacyl.com\/palencia\/wp-content\/uploads\/sites\/3\/2019\/02\/foto-pivot.jpg","contentUrl":"https:\/\/www.asajacyl.com\/palencia\/wp-content\/uploads\/sites\/3\/2019\/02\/foto-pivot.jpg","width":2500,"height":1875},{"@type":"BreadcrumbList","@id":"https:\/\/www.asajacyl.com\/palencia\/asaja-palencia-informa\/los-regantes-estallan-frente-a-la-amenaza-de-no-tener-agua-para-el-campo-en-los-proximos-anos#breadcrumb","itemListElement":[{"@type":"ListItem","position":1,"name":"Portada","item":"https:\/\/www.asajacyl.com\/palencia\/"},{"@type":"ListItem","position":2,"name":"Los regantes estallan frente a la amenaza de no tener agua para el campo en los pr\u00f3ximos a\u00f1os"}]},{"@type":"WebSite","@id":"https:\/\/www.asajacyl.com\/palencia\/#website","url":"https:\/\/www.asajacyl.com\/palencia\/","name":"ASAJA Palencia","description":"Otro sitio m\u00e1s de Provincias ASAJA Castilla y Le\u00f3n","potentialAction":[{"@type":"SearchAction","target":{"@type":"EntryPoint","urlTemplate":"https:\/\/www.asajacyl.com\/palencia\/?s={search_term_string}"},"query-input":{"@type":"PropertyValueSpecification","valueRequired":true,"valueName":"search_term_string"}}],"inLanguage":"es"},{"@type":"Person","@id":"https:\/\/www.asajacyl.com\/palencia\/#\/schema\/person\/3ab17aeb03527485c317557fae64aab1","name":"Administrador","image":{"@type":"ImageObject","inLanguage":"es","@id":"https:\/\/www.asajacyl.com\/palencia\/#\/schema\/person\/image\/","url":"https:\/\/secure.gravatar.com\/avatar\/517384810d242ca9e38c180f3c9fb973?s=96&d=mm&r=g","contentUrl":"https:\/\/secure.gravatar.com\/avatar\/517384810d242ca9e38c180f3c9fb973?s=96&d=mm&r=g","caption":"Administrador"},"url":"https:\/\/www.asajacyl.com\/palencia\/author\/carlosrm"}]}},"_links":{"self":[{"href":"https:\/\/www.asajacyl.com\/palencia\/wp-json\/wp\/v2\/posts\/9342"}],"collection":[{"href":"https:\/\/www.asajacyl.com\/palencia\/wp-json\/wp\/v2\/posts"}],"about":[{"href":"https:\/\/www.asajacyl.com\/palencia\/wp-json\/wp\/v2\/types\/post"}],"author":[{"embeddable":true,"href":"https:\/\/www.asajacyl.com\/palencia\/wp-json\/wp\/v2\/users\/9"}],"replies":[{"embeddable":true,"href":"https:\/\/www.asajacyl.com\/palencia\/wp-json\/wp\/v2\/comments?post=9342"}],"version-history":[{"count":1,"href":"https:\/\/www.asajacyl.com\/palencia\/wp-json\/wp\/v2\/posts\/9342\/revisions"}],"predecessor-version":[{"id":9343,"href":"https:\/\/www.asajacyl.com\/palencia\/wp-json\/wp\/v2\/posts\/9342\/revisions\/9343"}],"wp:featuredmedia":[{"embeddable":true,"href":"https:\/\/www.asajacyl.com\/palencia\/wp-json\/wp\/v2\/media\/5944"}],"wp:attachment":[{"href":"https:\/\/www.asajacyl.com\/palencia\/wp-json\/wp\/v2\/media?parent=9342"}],"wp:term":[{"taxonomy":"category","embeddable":true,"href":"https:\/\/www.asajacyl.com\/palencia\/wp-json\/wp\/v2\/categories?post=9342"},{"taxonomy":"post_tag","embeddable":true,"href":"https:\/\/www.asajacyl.com\/palencia\/wp-json\/wp\/v2\/tags?post=9342"}],"curies":[{"name":"wp","href":"https:\/\/api.w.org\/{rel}","templated":true}]}}