{"id":9347,"date":"2021-11-22T19:26:55","date_gmt":"2021-11-22T18:26:55","guid":{"rendered":"https:\/\/www.asajacyl.com\/palencia\/?p=9347"},"modified":"2021-11-22T20:50:27","modified_gmt":"2021-11-22T19:50:27","slug":"jornada-sobre-autoconsumo-solar-jueves-25-de-noviembre-a-las-1200-horas","status":"publish","type":"post","link":"https:\/\/www.asajacyl.com\/palencia\/sin-categoria\/jornada-sobre-autoconsumo-solar-jueves-25-de-noviembre-a-las-1200-horas","title":{"rendered":"Jornada sobre Autoconsumo Solar, jueves 25 de noviembre a las 12:30 horas"},"content":{"rendered":"\n<p>El jueves d\u00eda 25 de noviembre a las 12:30 horas tendremos en las aulas de formaci\u00f3n al Director de Autoconsumo de la comercializadora el\u00e9ctrica INTEGRA ENERG\u00cdA, colaboradora de ASAJA-Palencia desde su creaci\u00f3n, hace ya casi diez a\u00f1os.<\/p>\n\n\n\n<p>Los temas que se tratar\u00e1n en la jornada son los siguientes:<\/p>\n\n\n\n<ul><li>El presente del Autoconsumo Solar<\/li><li>Dimensionamiento adecuado a la demanda<\/li><li>Ayudas P\u00fablicas<\/li><\/ul>\n\n\n\n<p>Las energ\u00edas renovable, y m\u00e1s concretamente la energ\u00eda solar fotovoltaica, es algo por lo que el Gobierno est\u00e1 apostando de forma decidida desde hace tiempo. Si siempre ha podido resultar interesante, el incremento del precio de la factura de la energ\u00eda el\u00e9ctrica, que venimos sufriendo desde el 1 de junio de este a\u00f1o, lo hace algo a\u00fan m\u00e1s interesante y parece claro que el futuro viene de la mano del autoconsumo, algo que afecta a las explotaciones del sector agrario.<\/p>\n\n\n\n<p>Para acudir a la charla basta con llamar por tel\u00e9fono a nuestras oficinas.<\/p>\n\n\n\n<figure class=\"wp-block-image size-large\"><img loading=\"lazy\" decoding=\"async\" width=\"1024\" height=\"575\" src=\"https:\/\/www.asajacyl.com\/palencia\/wp-content\/uploads\/sites\/3\/2021\/11\/CHARLA-INTEGRA-1024x575.jpg\" alt=\"\" class=\"wp-image-9348\" srcset=\"https:\/\/www.asajacyl.com\/palencia\/wp-content\/uploads\/sites\/3\/2021\/11\/CHARLA-INTEGRA-1024x575.jpg 1024w, https:\/\/www.asajacyl.com\/palencia\/wp-content\/uploads\/sites\/3\/2021\/11\/CHARLA-INTEGRA-300x169.jpg 300w, https:\/\/www.asajacyl.com\/palencia\/wp-content\/uploads\/sites\/3\/2021\/11\/CHARLA-INTEGRA-768x431.jpg 768w, https:\/\/www.asajacyl.com\/palencia\/wp-content\/uploads\/sites\/3\/2021\/11\/CHARLA-INTEGRA-1536x863.jpg 1536w, https:\/\/www.asajacyl.com\/palencia\/wp-content\/uploads\/sites\/3\/2021\/11\/CHARLA-INTEGRA-2048x1150.jpg 2048w, https:\/\/www.asajacyl.com\/palencia\/wp-content\/uploads\/sites\/3\/2021\/11\/CHARLA-INTEGRA-696x391.jpg 696w, https:\/\/www.asajacyl.com\/palencia\/wp-content\/uploads\/sites\/3\/2021\/11\/CHARLA-INTEGRA-1068x600.jpg 1068w, https:\/\/www.asajacyl.com\/palencia\/wp-content\/uploads\/sites\/3\/2021\/11\/CHARLA-INTEGRA-1920x1079.jpg 1920w, https:\/\/www.asajacyl.com\/palencia\/wp-content\/uploads\/sites\/3\/2021\/11\/CHARLA-INTEGRA-748x420.jpg 748w\" sizes=\"(max-width: 1024px) 100vw, 1024px\" \/><\/figure>\n","protected":false},"excerpt":{"rendered":"<p>El jueves d\u00eda 25 de noviembre a las 12:30 horas tendremos en las aulas de formaci\u00f3n al Director de Autoconsumo de la comercializadora el\u00e9ctrica INTEGRA ENERG\u00cdA, colaboradora de ASAJA-Palencia desde su creaci\u00f3n, hace ya casi diez a\u00f1os. Los temas que se tratar\u00e1n en la jornada son los siguientes: El presente del Autoconsumo Solar Dimensionamiento adecuado [&hellip;]<\/p>\n","protected":false},"author":9,"featured_media":9348,"comment_status":"open","ping_status":"open","sticky":false,"template":"","format":"standard","meta":{"footnotes":""},"categories":[9,31,1],"tags":[],"yoast_head":"<!-- This site is optimized with the Yoast SEO plugin v24.5 - https:\/\/yoast.com\/wordpress\/plugins\/seo\/ -->\n<title>Jornada sobre Autoconsumo Solar, jueves 25 de noviembre a las 12:30 horas - ASAJA Palencia<\/title>\n<meta name=\"description\" content=\"El jueves d\u00eda 25 de noviembre a las 12:30 horas tendremos en las aulas de formaci\u00f3n al Director de Autoconsumo de la comercializadora el\u00e9ctrica INTEGRA\" \/>\n<meta name=\"robots\" content=\"index, follow, max-snippet:-1, max-image-preview:large, max-video-preview:-1\" \/>\n<link rel=\"canonical\" href=\"https:\/\/www.asajacyl.com\/palencia\/sin-categoria\/jornada-sobre-autoconsumo-solar-jueves-25-de-noviembre-a-las-1200-horas\" \/>\n<meta property=\"og:locale\" content=\"es_ES\" \/>\n<meta property=\"og:type\" content=\"article\" \/>\n<meta property=\"og:title\" content=\"Jornada sobre Autoconsumo Solar, jueves 25 de noviembre a las 12:30 horas - ASAJA Palencia\" \/>\n<meta property=\"og:description\" content=\"El jueves d\u00eda 25 de noviembre a las 12:30 horas tendremos en las aulas de formaci\u00f3n al Director de Autoconsumo de la comercializadora el\u00e9ctrica INTEGRA\" \/>\n<meta property=\"og:url\" content=\"https:\/\/www.asajacyl.com\/palencia\/sin-categoria\/jornada-sobre-autoconsumo-solar-jueves-25-de-noviembre-a-las-1200-horas\" \/>\n<meta property=\"og:site_name\" content=\"ASAJA Palencia\" \/>\n<meta property=\"article:published_time\" content=\"2021-11-22T18:26:55+00:00\" \/>\n<meta property=\"article:modified_time\" content=\"2021-11-22T19:50:27+00:00\" \/>\n<meta property=\"og:image\" content=\"https:\/\/www.asajacyl.com\/palencia\/wp-content\/uploads\/sites\/3\/2021\/11\/CHARLA-INTEGRA.jpg\" \/>\n\t<meta property=\"og:image:width\" content=\"2090\" \/>\n\t<meta property=\"og:image:height\" content=\"1174\" \/>\n\t<meta property=\"og:image:type\" content=\"image\/jpeg\" \/>\n<meta name=\"author\" content=\"Administrador\" \/>\n<meta name=\"twitter:card\" content=\"summary_large_image\" \/>\n<meta name=\"twitter:label1\" content=\"Escrito por\" \/>\n\t<meta name=\"twitter:data1\" content=\"Administrador\" \/>\n\t<meta name=\"twitter:label2\" content=\"Tiempo de lectura\" \/>\n\t<meta name=\"twitter:data2\" content=\"1 minuto\" \/>\n<script type=\"application\/ld+json\" class=\"yoast-schema-graph\">{\"@context\":\"https:\/\/schema.org\",\"@graph\":[{\"@type\":\"WebPage\",\"@id\":\"https:\/\/www.asajacyl.com\/palencia\/sin-categoria\/jornada-sobre-autoconsumo-solar-jueves-25-de-noviembre-a-las-1200-horas\",\"url\":\"https:\/\/www.asajacyl.com\/palencia\/sin-categoria\/jornada-sobre-autoconsumo-solar-jueves-25-de-noviembre-a-las-1200-horas\",\"name\":\"Jornada sobre Autoconsumo Solar, jueves 25 de noviembre a las 12:30 horas - ASAJA Palencia\",\"isPartOf\":{\"@id\":\"https:\/\/www.asajacyl.com\/palencia\/#website\"},\"primaryImageOfPage\":{\"@id\":\"https:\/\/www.asajacyl.com\/palencia\/sin-categoria\/jornada-sobre-autoconsumo-solar-jueves-25-de-noviembre-a-las-1200-horas#primaryimage\"},\"image\":{\"@id\":\"https:\/\/www.asajacyl.com\/palencia\/sin-categoria\/jornada-sobre-autoconsumo-solar-jueves-25-de-noviembre-a-las-1200-horas#primaryimage\"},\"thumbnailUrl\":\"https:\/\/www.asajacyl.com\/palencia\/wp-content\/uploads\/sites\/3\/2021\/11\/CHARLA-INTEGRA.jpg\",\"datePublished\":\"2021-11-22T18:26:55+00:00\",\"dateModified\":\"2021-11-22T19:50:27+00:00\",\"author\":{\"@id\":\"https:\/\/www.asajacyl.com\/palencia\/#\/schema\/person\/3ab17aeb03527485c317557fae64aab1\"},\"description\":\"El jueves d\u00eda 25 de noviembre a las 12:30 horas tendremos en las aulas de formaci\u00f3n al Director de Autoconsumo de la comercializadora el\u00e9ctrica INTEGRA\",\"breadcrumb\":{\"@id\":\"https:\/\/www.asajacyl.com\/palencia\/sin-categoria\/jornada-sobre-autoconsumo-solar-jueves-25-de-noviembre-a-las-1200-horas#breadcrumb\"},\"inLanguage\":\"es\",\"potentialAction\":[{\"@type\":\"ReadAction\",\"target\":[\"https:\/\/www.asajacyl.com\/palencia\/sin-categoria\/jornada-sobre-autoconsumo-solar-jueves-25-de-noviembre-a-las-1200-horas\"]}]},{\"@type\":\"ImageObject\",\"inLanguage\":\"es\",\"@id\":\"https:\/\/www.asajacyl.com\/palencia\/sin-categoria\/jornada-sobre-autoconsumo-solar-jueves-25-de-noviembre-a-las-1200-horas#primaryimage\",\"url\":\"https:\/\/www.asajacyl.com\/palencia\/wp-content\/uploads\/sites\/3\/2021\/11\/CHARLA-INTEGRA.jpg\",\"contentUrl\":\"https:\/\/www.asajacyl.com\/palencia\/wp-content\/uploads\/sites\/3\/2021\/11\/CHARLA-INTEGRA.jpg\",\"width\":2090,\"height\":1174},{\"@type\":\"BreadcrumbList\",\"@id\":\"https:\/\/www.asajacyl.com\/palencia\/sin-categoria\/jornada-sobre-autoconsumo-solar-jueves-25-de-noviembre-a-las-1200-horas#breadcrumb\",\"itemListElement\":[{\"@type\":\"ListItem\",\"position\":1,\"name\":\"Portada\",\"item\":\"https:\/\/www.asajacyl.com\/palencia\/\"},{\"@type\":\"ListItem\",\"position\":2,\"name\":\"Jornada sobre Autoconsumo Solar, jueves 25 de noviembre a las 12:30 horas\"}]},{\"@type\":\"WebSite\",\"@id\":\"https:\/\/www.asajacyl.com\/palencia\/#website\",\"url\":\"https:\/\/www.asajacyl.com\/palencia\/\",\"name\":\"ASAJA Palencia\",\"description\":\"Otro sitio m\u00e1s de Provincias ASAJA Castilla y Le\u00f3n\",\"potentialAction\":[{\"@type\":\"SearchAction\",\"target\":{\"@type\":\"EntryPoint\",\"urlTemplate\":\"https:\/\/www.asajacyl.com\/palencia\/?s={search_term_string}\"},\"query-input\":{\"@type\":\"PropertyValueSpecification\",\"valueRequired\":true,\"valueName\":\"search_term_string\"}}],\"inLanguage\":\"es\"},{\"@type\":\"Person\",\"@id\":\"https:\/\/www.asajacyl.com\/palencia\/#\/schema\/person\/3ab17aeb03527485c317557fae64aab1\",\"name\":\"Administrador\",\"image\":{\"@type\":\"ImageObject\",\"inLanguage\":\"es\",\"@id\":\"https:\/\/www.asajacyl.com\/palencia\/#\/schema\/person\/image\/\",\"url\":\"https:\/\/secure.gravatar.com\/avatar\/517384810d242ca9e38c180f3c9fb973?s=96&d=mm&r=g\",\"contentUrl\":\"https:\/\/secure.gravatar.com\/avatar\/517384810d242ca9e38c180f3c9fb973?s=96&d=mm&r=g\",\"caption\":\"Administrador\"},\"url\":\"https:\/\/www.asajacyl.com\/palencia\/author\/carlosrm\"}]}<\/script>\n<!-- \/ Yoast SEO plugin. -->","yoast_head_json":{"title":"Jornada sobre Autoconsumo Solar, jueves 25 de noviembre a las 12:30 horas - ASAJA Palencia","description":"El jueves d\u00eda 25 de noviembre a las 12:30 horas tendremos en las aulas de formaci\u00f3n al Director de Autoconsumo de la comercializadora el\u00e9ctrica INTEGRA","robots":{"index":"index","follow":"follow","max-snippet":"max-snippet:-1","max-image-preview":"max-image-preview:large","max-video-preview":"max-video-preview:-1"},"canonical":"https:\/\/www.asajacyl.com\/palencia\/sin-categoria\/jornada-sobre-autoconsumo-solar-jueves-25-de-noviembre-a-las-1200-horas","og_locale":"es_ES","og_type":"article","og_title":"Jornada sobre Autoconsumo Solar, jueves 25 de noviembre a las 12:30 horas - ASAJA Palencia","og_description":"El jueves d\u00eda 25 de noviembre a las 12:30 horas tendremos en las aulas de formaci\u00f3n al Director de Autoconsumo de la comercializadora el\u00e9ctrica INTEGRA","og_url":"https:\/\/www.asajacyl.com\/palencia\/sin-categoria\/jornada-sobre-autoconsumo-solar-jueves-25-de-noviembre-a-las-1200-horas","og_site_name":"ASAJA Palencia","article_published_time":"2021-11-22T18:26:55+00:00","article_modified_time":"2021-11-22T19:50:27+00:00","og_image":[{"width":2090,"height":1174,"url":"https:\/\/www.asajacyl.com\/palencia\/wp-content\/uploads\/sites\/3\/2021\/11\/CHARLA-INTEGRA.jpg","type":"image\/jpeg"}],"author":"Administrador","twitter_card":"summary_large_image","twitter_misc":{"Escrito por":"Administrador","Tiempo de lectura":"1 minuto"},"schema":{"@context":"https:\/\/schema.org","@graph":[{"@type":"WebPage","@id":"https:\/\/www.asajacyl.com\/palencia\/sin-categoria\/jornada-sobre-autoconsumo-solar-jueves-25-de-noviembre-a-las-1200-horas","url":"https:\/\/www.asajacyl.com\/palencia\/sin-categoria\/jornada-sobre-autoconsumo-solar-jueves-25-de-noviembre-a-las-1200-horas","name":"Jornada sobre Autoconsumo Solar, jueves 25 de noviembre a las 12:30 horas - ASAJA Palencia","isPartOf":{"@id":"https:\/\/www.asajacyl.com\/palencia\/#website"},"primaryImageOfPage":{"@id":"https:\/\/www.asajacyl.com\/palencia\/sin-categoria\/jornada-sobre-autoconsumo-solar-jueves-25-de-noviembre-a-las-1200-horas#primaryimage"},"image":{"@id":"https:\/\/www.asajacyl.com\/palencia\/sin-categoria\/jornada-sobre-autoconsumo-solar-jueves-25-de-noviembre-a-las-1200-horas#primaryimage"},"thumbnailUrl":"https:\/\/www.asajacyl.com\/palencia\/wp-content\/uploads\/sites\/3\/2021\/11\/CHARLA-INTEGRA.jpg","datePublished":"2021-11-22T18:26:55+00:00","dateModified":"2021-11-22T19:50:27+00:00","author":{"@id":"https:\/\/www.asajacyl.com\/palencia\/#\/schema\/person\/3ab17aeb03527485c317557fae64aab1"},"description":"El jueves d\u00eda 25 de noviembre a las 12:30 horas tendremos en las aulas de formaci\u00f3n al Director de Autoconsumo de la comercializadora el\u00e9ctrica INTEGRA","breadcrumb":{"@id":"https:\/\/www.asajacyl.com\/palencia\/sin-categoria\/jornada-sobre-autoconsumo-solar-jueves-25-de-noviembre-a-las-1200-horas#breadcrumb"},"inLanguage":"es","potentialAction":[{"@type":"ReadAction","target":["https:\/\/www.asajacyl.com\/palencia\/sin-categoria\/jornada-sobre-autoconsumo-solar-jueves-25-de-noviembre-a-las-1200-horas"]}]},{"@type":"ImageObject","inLanguage":"es","@id":"https:\/\/www.asajacyl.com\/palencia\/sin-categoria\/jornada-sobre-autoconsumo-solar-jueves-25-de-noviembre-a-las-1200-horas#primaryimage","url":"https:\/\/www.asajacyl.com\/palencia\/wp-content\/uploads\/sites\/3\/2021\/11\/CHARLA-INTEGRA.jpg","contentUrl":"https:\/\/www.asajacyl.com\/palencia\/wp-content\/uploads\/sites\/3\/2021\/11\/CHARLA-INTEGRA.jpg","width":2090,"height":1174},{"@type":"BreadcrumbList","@id":"https:\/\/www.asajacyl.com\/palencia\/sin-categoria\/jornada-sobre-autoconsumo-solar-jueves-25-de-noviembre-a-las-1200-horas#breadcrumb","itemListElement":[{"@type":"ListItem","position":1,"name":"Portada","item":"https:\/\/www.asajacyl.com\/palencia\/"},{"@type":"ListItem","position":2,"name":"Jornada sobre Autoconsumo Solar, jueves 25 de noviembre a las 12:30 horas"}]},{"@type":"WebSite","@id":"https:\/\/www.asajacyl.com\/palencia\/#website","url":"https:\/\/www.asajacyl.com\/palencia\/","name":"ASAJA Palencia","description":"Otro sitio m\u00e1s de Provincias ASAJA Castilla y Le\u00f3n","potentialAction":[{"@type":"SearchAction","target":{"@type":"EntryPoint","urlTemplate":"https:\/\/www.asajacyl.com\/palencia\/?s={search_term_string}"},"query-input":{"@type":"PropertyValueSpecification","valueRequired":true,"valueName":"search_term_string"}}],"inLanguage":"es"},{"@type":"Person","@id":"https:\/\/www.asajacyl.com\/palencia\/#\/schema\/person\/3ab17aeb03527485c317557fae64aab1","name":"Administrador","image":{"@type":"ImageObject","inLanguage":"es","@id":"https:\/\/www.asajacyl.com\/palencia\/#\/schema\/person\/image\/","url":"https:\/\/secure.gravatar.com\/avatar\/517384810d242ca9e38c180f3c9fb973?s=96&d=mm&r=g","contentUrl":"https:\/\/secure.gravatar.com\/avatar\/517384810d242ca9e38c180f3c9fb973?s=96&d=mm&r=g","caption":"Administrador"},"url":"https:\/\/www.asajacyl.com\/palencia\/author\/carlosrm"}]}},"_links":{"self":[{"href":"https:\/\/www.asajacyl.com\/palencia\/wp-json\/wp\/v2\/posts\/9347"}],"collection":[{"href":"https:\/\/www.asajacyl.com\/palencia\/wp-json\/wp\/v2\/posts"}],"about":[{"href":"https:\/\/www.asajacyl.com\/palencia\/wp-json\/wp\/v2\/types\/post"}],"author":[{"embeddable":true,"href":"https:\/\/www.asajacyl.com\/palencia\/wp-json\/wp\/v2\/users\/9"}],"replies":[{"embeddable":true,"href":"https:\/\/www.asajacyl.com\/palencia\/wp-json\/wp\/v2\/comments?post=9347"}],"version-history":[{"count":3,"href":"https:\/\/www.asajacyl.com\/palencia\/wp-json\/wp\/v2\/posts\/9347\/revisions"}],"predecessor-version":[{"id":9351,"href":"https:\/\/www.asajacyl.com\/palencia\/wp-json\/wp\/v2\/posts\/9347\/revisions\/9351"}],"wp:featuredmedia":[{"embeddable":true,"href":"https:\/\/www.asajacyl.com\/palencia\/wp-json\/wp\/v2\/media\/9348"}],"wp:attachment":[{"href":"https:\/\/www.asajacyl.com\/palencia\/wp-json\/wp\/v2\/media?parent=9347"}],"wp:term":[{"taxonomy":"category","embeddable":true,"href":"https:\/\/www.asajacyl.com\/palencia\/wp-json\/wp\/v2\/categories?post=9347"},{"taxonomy":"post_tag","embeddable":true,"href":"https:\/\/www.asajacyl.com\/palencia\/wp-json\/wp\/v2\/tags?post=9347"}],"curies":[{"name":"wp","href":"https:\/\/api.w.org\/{rel}","templated":true}]}}