{"id":9358,"date":"2021-11-24T07:52:13","date_gmt":"2021-11-24T06:52:13","guid":{"rendered":"https:\/\/www.asajacyl.com\/palencia\/?p=9358"},"modified":"2021-11-24T07:52:16","modified_gmt":"2021-11-24T06:52:16","slug":"avanza-la-concentracion-y-transformacion-a-regadio-de-autillo-de-campos-y-fuentes-de-nava","status":"publish","type":"post","link":"https:\/\/www.asajacyl.com\/palencia\/asaja-palencia-informa\/avanza-la-concentracion-y-transformacion-a-regadio-de-autillo-de-campos-y-fuentes-de-nava","title":{"rendered":"Avanza la concentraci\u00f3n y transformaci\u00f3n a regad\u00edo de Autillo de Campos y Fuentes de Nava"},"content":{"rendered":"\n<p>La Direcci\u00f3n General de Desarrollo Rural de la Junta de Castilla y Le\u00f3n ha aprobado el 14 de octubre el estudio t\u00e9cnico previo de la zona de concentraci\u00f3n parcelaria del Sector V de la zona regable del canal Esla-Carri\u00f3n Fase I, que incluye los municipios de Autillo de Campos y de Fuentes de Nava. Tras su aprobaci\u00f3n, ahora se encuentra en la fase de informaci\u00f3n p\u00fablica.<\/p>\n\n\n\n<p>La zona regable del canal Esla-Carri\u00f3n est\u00e1 dividida en cinco sectores, afectando el sector IV al municipio palentino de Boadilla de Rioseco y el sector V a los de Guaza de Campos, Frechilla, Fuentes de Nava y Autillo de Campos aunque, dentro del sector V, en una primera fase se iniciar\u00e1 el proyecto s\u00f3lo en los municipios de Autillo de Campos y Fuentes de Nava, que solicitaron la reconcentraci\u00f3n en los a\u00f1os 2005 y 2004 respectivamente.<\/p>\n\n\n\n<p>El proyecto consiste en realizar la concentraci\u00f3n parcelaria de todo el municipio de Autillo de Campos y de Fuentes de Nava (se excluye la zona continua de regad\u00edo de Fuentes de Nava y se dar\u00e1 un tratamiento especial a los regad\u00edos que s\u00ed entren en concentraci\u00f3n, seg\u00fan se expresa en la memoria), adem\u00e1s se transformar\u00e1n en regad\u00edo 690 hect\u00e1reas, 365 hect\u00e1reas de Fuentes de Nava y 325 hect\u00e1reas de Autillo de Campos. Para facilitar el riego se crear\u00e1 una balsa de sesenta hect\u00e1reas y nueve metros de altura, de cuatro hect\u00f3metros c\u00fabicos de capacidad, la cual se llenar\u00e1 en invierno por gravedad y precisar\u00e1 de bombas de impulsi\u00f3n para conseguir la presi\u00f3n necesaria para regar.<\/p>\n\n\n\n<p>Seg\u00fan indica la memoria del estudio t\u00e9cnico previo, \u00abla nueva zona regable se ha establecido en base a la propuesta efectuada por parte de los t\u00e9cnicos del Servicio Territorial de Medio Ambiente, condicionada principalmente por el censo y localizaci\u00f3n de leks -zonas donde estos animales realizan el cortejo- de avutardas\u00bb.<\/p>\n\n\n\n<p>En cuanto a los regad\u00edos que s\u00ed entrar\u00edan en concentraci\u00f3n la memoria contempla que \u00ablas parcelas de regad\u00edos particulares existentes en los t\u00e9rminos municipales de Autillo de Campos y Fuentes de Nava requieren un tratamiento especial pero no se pueden tratar como subper\u00edmetros a concentrar por separado puesto que son parcelas, m\u00e1s o menos agrupadas, pero que en ning\u00fan caso forman una zona continua de riego\u00bb.<\/p>\n\n\n\n<p>Tambi\u00e9n se expone que los propietarios que no tengan inter\u00e9s en la zona regable podr\u00e1n salirse de la misma y, al contrario, los interesados en el regad\u00edo podr\u00e1n disponer de superficie en dicha zona aunque ahora no tuvieran propiedades en ella.<\/p>\n\n\n\n<p>Seg\u00fan el Reglamento de Concentraci\u00f3n Parcelaria de la Comunidad de Castilla y Le\u00f3n, tras el plazo dado para la fase de informaci\u00f3n p\u00fablica se tramitar\u00e1 la evaluaci\u00f3n de impacto ambiental, antes de que la Junta de Castilla y Le\u00f3n declare la utilidad p\u00fablica y urgente ejecuci\u00f3n de la concentraci\u00f3n parcelaria.<\/p>\n\n\n\n<div class=\"wp-block-image\"><figure class=\"aligncenter size-large is-resized\"><img loading=\"lazy\" decoding=\"async\" src=\"https:\/\/www.asajacyl.com\/palencia\/wp-content\/uploads\/sites\/3\/2021\/11\/image-4.jpg\" alt=\"\" class=\"wp-image-9359\" width=\"713\" height=\"664\" srcset=\"https:\/\/www.asajacyl.com\/palencia\/wp-content\/uploads\/sites\/3\/2021\/11\/image-4.jpg 957w, https:\/\/www.asajacyl.com\/palencia\/wp-content\/uploads\/sites\/3\/2021\/11\/image-4-300x280.jpg 300w, https:\/\/www.asajacyl.com\/palencia\/wp-content\/uploads\/sites\/3\/2021\/11\/image-4-696x649.jpg 696w, https:\/\/www.asajacyl.com\/palencia\/wp-content\/uploads\/sites\/3\/2021\/11\/image-4-450x420.jpg 450w\" sizes=\"(max-width: 713px) 100vw, 713px\" \/><figcaption>Regad\u00edo excluido de la concentraci\u00f3n parcelaria en el municipio de Fuentes de Nava<\/figcaption><\/figure><\/div>\n\n\n\n<div class=\"wp-block-image\"><figure class=\"aligncenter size-large\"><img loading=\"lazy\" decoding=\"async\" width=\"574\" height=\"681\" src=\"https:\/\/www.asajacyl.com\/palencia\/wp-content\/uploads\/sites\/3\/2021\/11\/image-4-1.jpg\" alt=\"\" class=\"wp-image-9360\" srcset=\"https:\/\/www.asajacyl.com\/palencia\/wp-content\/uploads\/sites\/3\/2021\/11\/image-4-1.jpg 574w, https:\/\/www.asajacyl.com\/palencia\/wp-content\/uploads\/sites\/3\/2021\/11\/image-4-1-253x300.jpg 253w, https:\/\/www.asajacyl.com\/palencia\/wp-content\/uploads\/sites\/3\/2021\/11\/image-4-1-354x420.jpg 354w\" sizes=\"(max-width: 574px) 100vw, 574px\" \/><figcaption>En azul claro se pueden ver los regad\u00edos que s\u00ed entrar\u00e1n en concentraci\u00f3n. <\/figcaption><\/figure><\/div>\n\n\n\n<div class=\"wp-block-image\"><figure class=\"aligncenter size-large\"><img loading=\"lazy\" decoding=\"async\" width=\"854\" height=\"674\" src=\"https:\/\/www.asajacyl.com\/palencia\/wp-content\/uploads\/sites\/3\/2021\/11\/image-5.png\" alt=\"\" class=\"wp-image-9362\" srcset=\"https:\/\/www.asajacyl.com\/palencia\/wp-content\/uploads\/sites\/3\/2021\/11\/image-5.png 854w, https:\/\/www.asajacyl.com\/palencia\/wp-content\/uploads\/sites\/3\/2021\/11\/image-5-300x237.png 300w, https:\/\/www.asajacyl.com\/palencia\/wp-content\/uploads\/sites\/3\/2021\/11\/image-5-768x606.png 768w, https:\/\/www.asajacyl.com\/palencia\/wp-content\/uploads\/sites\/3\/2021\/11\/image-5-696x549.png 696w, https:\/\/www.asajacyl.com\/palencia\/wp-content\/uploads\/sites\/3\/2021\/11\/image-5-532x420.png 532w\" sizes=\"(max-width: 854px) 100vw, 854px\" \/><figcaption>Rayado en verde se puede ver la superficie de regad\u00edo que se modernizar\u00e1 y una estimaci\u00f3n de la posici\u00f3n de la balsa a construir.<\/figcaption><\/figure><\/div>\n","protected":false},"excerpt":{"rendered":"<p>La Direcci\u00f3n General de Desarrollo Rural de la Junta de Castilla y Le\u00f3n ha aprobado el 14 de octubre el estudio t\u00e9cnico previo de la zona de concentraci\u00f3n parcelaria del Sector V de la zona regable del canal Esla-Carri\u00f3n Fase I, que incluye los municipios de Autillo de Campos y de Fuentes de Nava. Tras [&hellip;]<\/p>\n","protected":false},"author":9,"featured_media":9362,"comment_status":"open","ping_status":"open","sticky":false,"template":"","format":"standard","meta":{"footnotes":""},"categories":[9,29,28],"tags":[],"yoast_head":"<!-- This site is optimized with the Yoast SEO plugin v24.5 - https:\/\/yoast.com\/wordpress\/plugins\/seo\/ -->\n<title>Avanza la concentraci\u00f3n y transformaci\u00f3n a regad\u00edo de Autillo de Campos y Fuentes de Nava - ASAJA Palencia<\/title>\n<meta name=\"description\" content=\"La Direcci\u00f3n General de Desarrollo Rural de la Junta de Castilla y Le\u00f3n ha aprobado el 14 de octubre el estudio t\u00e9cnico previo de la zona de concentraci\u00f3n\" \/>\n<meta name=\"robots\" content=\"index, follow, max-snippet:-1, max-image-preview:large, max-video-preview:-1\" \/>\n<link rel=\"canonical\" href=\"https:\/\/www.asajacyl.com\/palencia\/asaja-palencia-informa\/avanza-la-concentracion-y-transformacion-a-regadio-de-autillo-de-campos-y-fuentes-de-nava\" \/>\n<meta property=\"og:locale\" content=\"es_ES\" \/>\n<meta property=\"og:type\" content=\"article\" \/>\n<meta property=\"og:title\" content=\"Avanza la concentraci\u00f3n y transformaci\u00f3n a regad\u00edo de Autillo de Campos y Fuentes de Nava - ASAJA Palencia\" \/>\n<meta property=\"og:description\" content=\"La Direcci\u00f3n General de Desarrollo Rural de la Junta de Castilla y Le\u00f3n ha aprobado el 14 de octubre el estudio t\u00e9cnico previo de la zona de concentraci\u00f3n\" \/>\n<meta property=\"og:url\" content=\"https:\/\/www.asajacyl.com\/palencia\/asaja-palencia-informa\/avanza-la-concentracion-y-transformacion-a-regadio-de-autillo-de-campos-y-fuentes-de-nava\" \/>\n<meta property=\"og:site_name\" content=\"ASAJA Palencia\" \/>\n<meta property=\"article:published_time\" content=\"2021-11-24T06:52:13+00:00\" \/>\n<meta property=\"article:modified_time\" content=\"2021-11-24T06:52:16+00:00\" \/>\n<meta property=\"og:image\" content=\"https:\/\/www.asajacyl.com\/palencia\/wp-content\/uploads\/sites\/3\/2021\/11\/image-5.png\" \/>\n\t<meta property=\"og:image:width\" content=\"854\" \/>\n\t<meta property=\"og:image:height\" content=\"674\" \/>\n\t<meta property=\"og:image:type\" content=\"image\/png\" \/>\n<meta name=\"author\" content=\"Administrador\" \/>\n<meta name=\"twitter:card\" content=\"summary_large_image\" \/>\n<meta name=\"twitter:label1\" content=\"Escrito por\" \/>\n\t<meta name=\"twitter:data1\" content=\"Administrador\" \/>\n\t<meta name=\"twitter:label2\" content=\"Tiempo de lectura\" \/>\n\t<meta name=\"twitter:data2\" content=\"3 minutos\" \/>\n<script type=\"application\/ld+json\" class=\"yoast-schema-graph\">{\"@context\":\"https:\/\/schema.org\",\"@graph\":[{\"@type\":\"WebPage\",\"@id\":\"https:\/\/www.asajacyl.com\/palencia\/asaja-palencia-informa\/avanza-la-concentracion-y-transformacion-a-regadio-de-autillo-de-campos-y-fuentes-de-nava\",\"url\":\"https:\/\/www.asajacyl.com\/palencia\/asaja-palencia-informa\/avanza-la-concentracion-y-transformacion-a-regadio-de-autillo-de-campos-y-fuentes-de-nava\",\"name\":\"Avanza la concentraci\u00f3n y transformaci\u00f3n a regad\u00edo de Autillo de Campos y Fuentes de Nava - ASAJA Palencia\",\"isPartOf\":{\"@id\":\"https:\/\/www.asajacyl.com\/palencia\/#website\"},\"primaryImageOfPage\":{\"@id\":\"https:\/\/www.asajacyl.com\/palencia\/asaja-palencia-informa\/avanza-la-concentracion-y-transformacion-a-regadio-de-autillo-de-campos-y-fuentes-de-nava#primaryimage\"},\"image\":{\"@id\":\"https:\/\/www.asajacyl.com\/palencia\/asaja-palencia-informa\/avanza-la-concentracion-y-transformacion-a-regadio-de-autillo-de-campos-y-fuentes-de-nava#primaryimage\"},\"thumbnailUrl\":\"https:\/\/www.asajacyl.com\/palencia\/wp-content\/uploads\/sites\/3\/2021\/11\/image-5.png\",\"datePublished\":\"2021-11-24T06:52:13+00:00\",\"dateModified\":\"2021-11-24T06:52:16+00:00\",\"author\":{\"@id\":\"https:\/\/www.asajacyl.com\/palencia\/#\/schema\/person\/3ab17aeb03527485c317557fae64aab1\"},\"description\":\"La Direcci\u00f3n General de Desarrollo Rural de la Junta de Castilla y Le\u00f3n ha aprobado el 14 de octubre el estudio t\u00e9cnico previo de la zona de concentraci\u00f3n\",\"breadcrumb\":{\"@id\":\"https:\/\/www.asajacyl.com\/palencia\/asaja-palencia-informa\/avanza-la-concentracion-y-transformacion-a-regadio-de-autillo-de-campos-y-fuentes-de-nava#breadcrumb\"},\"inLanguage\":\"es\",\"potentialAction\":[{\"@type\":\"ReadAction\",\"target\":[\"https:\/\/www.asajacyl.com\/palencia\/asaja-palencia-informa\/avanza-la-concentracion-y-transformacion-a-regadio-de-autillo-de-campos-y-fuentes-de-nava\"]}]},{\"@type\":\"ImageObject\",\"inLanguage\":\"es\",\"@id\":\"https:\/\/www.asajacyl.com\/palencia\/asaja-palencia-informa\/avanza-la-concentracion-y-transformacion-a-regadio-de-autillo-de-campos-y-fuentes-de-nava#primaryimage\",\"url\":\"https:\/\/www.asajacyl.com\/palencia\/wp-content\/uploads\/sites\/3\/2021\/11\/image-5.png\",\"contentUrl\":\"https:\/\/www.asajacyl.com\/palencia\/wp-content\/uploads\/sites\/3\/2021\/11\/image-5.png\",\"width\":854,\"height\":674},{\"@type\":\"BreadcrumbList\",\"@id\":\"https:\/\/www.asajacyl.com\/palencia\/asaja-palencia-informa\/avanza-la-concentracion-y-transformacion-a-regadio-de-autillo-de-campos-y-fuentes-de-nava#breadcrumb\",\"itemListElement\":[{\"@type\":\"ListItem\",\"position\":1,\"name\":\"Portada\",\"item\":\"https:\/\/www.asajacyl.com\/palencia\/\"},{\"@type\":\"ListItem\",\"position\":2,\"name\":\"Avanza la concentraci\u00f3n y transformaci\u00f3n a regad\u00edo de Autillo de Campos y Fuentes de Nava\"}]},{\"@type\":\"WebSite\",\"@id\":\"https:\/\/www.asajacyl.com\/palencia\/#website\",\"url\":\"https:\/\/www.asajacyl.com\/palencia\/\",\"name\":\"ASAJA Palencia\",\"description\":\"Otro sitio m\u00e1s de Provincias ASAJA Castilla y Le\u00f3n\",\"potentialAction\":[{\"@type\":\"SearchAction\",\"target\":{\"@type\":\"EntryPoint\",\"urlTemplate\":\"https:\/\/www.asajacyl.com\/palencia\/?s={search_term_string}\"},\"query-input\":{\"@type\":\"PropertyValueSpecification\",\"valueRequired\":true,\"valueName\":\"search_term_string\"}}],\"inLanguage\":\"es\"},{\"@type\":\"Person\",\"@id\":\"https:\/\/www.asajacyl.com\/palencia\/#\/schema\/person\/3ab17aeb03527485c317557fae64aab1\",\"name\":\"Administrador\",\"image\":{\"@type\":\"ImageObject\",\"inLanguage\":\"es\",\"@id\":\"https:\/\/www.asajacyl.com\/palencia\/#\/schema\/person\/image\/\",\"url\":\"https:\/\/secure.gravatar.com\/avatar\/517384810d242ca9e38c180f3c9fb973?s=96&d=mm&r=g\",\"contentUrl\":\"https:\/\/secure.gravatar.com\/avatar\/517384810d242ca9e38c180f3c9fb973?s=96&d=mm&r=g\",\"caption\":\"Administrador\"},\"url\":\"https:\/\/www.asajacyl.com\/palencia\/author\/carlosrm\"}]}<\/script>\n<!-- \/ Yoast SEO plugin. -->","yoast_head_json":{"title":"Avanza la concentraci\u00f3n y transformaci\u00f3n a regad\u00edo de Autillo de Campos y Fuentes de Nava - ASAJA Palencia","description":"La Direcci\u00f3n General de Desarrollo Rural de la Junta de Castilla y Le\u00f3n ha aprobado el 14 de octubre el estudio t\u00e9cnico previo de la zona de concentraci\u00f3n","robots":{"index":"index","follow":"follow","max-snippet":"max-snippet:-1","max-image-preview":"max-image-preview:large","max-video-preview":"max-video-preview:-1"},"canonical":"https:\/\/www.asajacyl.com\/palencia\/asaja-palencia-informa\/avanza-la-concentracion-y-transformacion-a-regadio-de-autillo-de-campos-y-fuentes-de-nava","og_locale":"es_ES","og_type":"article","og_title":"Avanza la concentraci\u00f3n y transformaci\u00f3n a regad\u00edo de Autillo de Campos y Fuentes de Nava - ASAJA Palencia","og_description":"La Direcci\u00f3n General de Desarrollo Rural de la Junta de Castilla y Le\u00f3n ha aprobado el 14 de octubre el estudio t\u00e9cnico previo de la zona de concentraci\u00f3n","og_url":"https:\/\/www.asajacyl.com\/palencia\/asaja-palencia-informa\/avanza-la-concentracion-y-transformacion-a-regadio-de-autillo-de-campos-y-fuentes-de-nava","og_site_name":"ASAJA Palencia","article_published_time":"2021-11-24T06:52:13+00:00","article_modified_time":"2021-11-24T06:52:16+00:00","og_image":[{"width":854,"height":674,"url":"https:\/\/www.asajacyl.com\/palencia\/wp-content\/uploads\/sites\/3\/2021\/11\/image-5.png","type":"image\/png"}],"author":"Administrador","twitter_card":"summary_large_image","twitter_misc":{"Escrito por":"Administrador","Tiempo de lectura":"3 minutos"},"schema":{"@context":"https:\/\/schema.org","@graph":[{"@type":"WebPage","@id":"https:\/\/www.asajacyl.com\/palencia\/asaja-palencia-informa\/avanza-la-concentracion-y-transformacion-a-regadio-de-autillo-de-campos-y-fuentes-de-nava","url":"https:\/\/www.asajacyl.com\/palencia\/asaja-palencia-informa\/avanza-la-concentracion-y-transformacion-a-regadio-de-autillo-de-campos-y-fuentes-de-nava","name":"Avanza la concentraci\u00f3n y transformaci\u00f3n a regad\u00edo de Autillo de Campos y Fuentes de Nava - ASAJA Palencia","isPartOf":{"@id":"https:\/\/www.asajacyl.com\/palencia\/#website"},"primaryImageOfPage":{"@id":"https:\/\/www.asajacyl.com\/palencia\/asaja-palencia-informa\/avanza-la-concentracion-y-transformacion-a-regadio-de-autillo-de-campos-y-fuentes-de-nava#primaryimage"},"image":{"@id":"https:\/\/www.asajacyl.com\/palencia\/asaja-palencia-informa\/avanza-la-concentracion-y-transformacion-a-regadio-de-autillo-de-campos-y-fuentes-de-nava#primaryimage"},"thumbnailUrl":"https:\/\/www.asajacyl.com\/palencia\/wp-content\/uploads\/sites\/3\/2021\/11\/image-5.png","datePublished":"2021-11-24T06:52:13+00:00","dateModified":"2021-11-24T06:52:16+00:00","author":{"@id":"https:\/\/www.asajacyl.com\/palencia\/#\/schema\/person\/3ab17aeb03527485c317557fae64aab1"},"description":"La Direcci\u00f3n General de Desarrollo Rural de la Junta de Castilla y Le\u00f3n ha aprobado el 14 de octubre el estudio t\u00e9cnico previo de la zona de concentraci\u00f3n","breadcrumb":{"@id":"https:\/\/www.asajacyl.com\/palencia\/asaja-palencia-informa\/avanza-la-concentracion-y-transformacion-a-regadio-de-autillo-de-campos-y-fuentes-de-nava#breadcrumb"},"inLanguage":"es","potentialAction":[{"@type":"ReadAction","target":["https:\/\/www.asajacyl.com\/palencia\/asaja-palencia-informa\/avanza-la-concentracion-y-transformacion-a-regadio-de-autillo-de-campos-y-fuentes-de-nava"]}]},{"@type":"ImageObject","inLanguage":"es","@id":"https:\/\/www.asajacyl.com\/palencia\/asaja-palencia-informa\/avanza-la-concentracion-y-transformacion-a-regadio-de-autillo-de-campos-y-fuentes-de-nava#primaryimage","url":"https:\/\/www.asajacyl.com\/palencia\/wp-content\/uploads\/sites\/3\/2021\/11\/image-5.png","contentUrl":"https:\/\/www.asajacyl.com\/palencia\/wp-content\/uploads\/sites\/3\/2021\/11\/image-5.png","width":854,"height":674},{"@type":"BreadcrumbList","@id":"https:\/\/www.asajacyl.com\/palencia\/asaja-palencia-informa\/avanza-la-concentracion-y-transformacion-a-regadio-de-autillo-de-campos-y-fuentes-de-nava#breadcrumb","itemListElement":[{"@type":"ListItem","position":1,"name":"Portada","item":"https:\/\/www.asajacyl.com\/palencia\/"},{"@type":"ListItem","position":2,"name":"Avanza la concentraci\u00f3n y transformaci\u00f3n a regad\u00edo de Autillo de Campos y Fuentes de Nava"}]},{"@type":"WebSite","@id":"https:\/\/www.asajacyl.com\/palencia\/#website","url":"https:\/\/www.asajacyl.com\/palencia\/","name":"ASAJA Palencia","description":"Otro sitio m\u00e1s de Provincias ASAJA Castilla y Le\u00f3n","potentialAction":[{"@type":"SearchAction","target":{"@type":"EntryPoint","urlTemplate":"https:\/\/www.asajacyl.com\/palencia\/?s={search_term_string}"},"query-input":{"@type":"PropertyValueSpecification","valueRequired":true,"valueName":"search_term_string"}}],"inLanguage":"es"},{"@type":"Person","@id":"https:\/\/www.asajacyl.com\/palencia\/#\/schema\/person\/3ab17aeb03527485c317557fae64aab1","name":"Administrador","image":{"@type":"ImageObject","inLanguage":"es","@id":"https:\/\/www.asajacyl.com\/palencia\/#\/schema\/person\/image\/","url":"https:\/\/secure.gravatar.com\/avatar\/517384810d242ca9e38c180f3c9fb973?s=96&d=mm&r=g","contentUrl":"https:\/\/secure.gravatar.com\/avatar\/517384810d242ca9e38c180f3c9fb973?s=96&d=mm&r=g","caption":"Administrador"},"url":"https:\/\/www.asajacyl.com\/palencia\/author\/carlosrm"}]}},"_links":{"self":[{"href":"https:\/\/www.asajacyl.com\/palencia\/wp-json\/wp\/v2\/posts\/9358"}],"collection":[{"href":"https:\/\/www.asajacyl.com\/palencia\/wp-json\/wp\/v2\/posts"}],"about":[{"href":"https:\/\/www.asajacyl.com\/palencia\/wp-json\/wp\/v2\/types\/post"}],"author":[{"embeddable":true,"href":"https:\/\/www.asajacyl.com\/palencia\/wp-json\/wp\/v2\/users\/9"}],"replies":[{"embeddable":true,"href":"https:\/\/www.asajacyl.com\/palencia\/wp-json\/wp\/v2\/comments?post=9358"}],"version-history":[{"count":2,"href":"https:\/\/www.asajacyl.com\/palencia\/wp-json\/wp\/v2\/posts\/9358\/revisions"}],"predecessor-version":[{"id":9364,"href":"https:\/\/www.asajacyl.com\/palencia\/wp-json\/wp\/v2\/posts\/9358\/revisions\/9364"}],"wp:featuredmedia":[{"embeddable":true,"href":"https:\/\/www.asajacyl.com\/palencia\/wp-json\/wp\/v2\/media\/9362"}],"wp:attachment":[{"href":"https:\/\/www.asajacyl.com\/palencia\/wp-json\/wp\/v2\/media?parent=9358"}],"wp:term":[{"taxonomy":"category","embeddable":true,"href":"https:\/\/www.asajacyl.com\/palencia\/wp-json\/wp\/v2\/categories?post=9358"},{"taxonomy":"post_tag","embeddable":true,"href":"https:\/\/www.asajacyl.com\/palencia\/wp-json\/wp\/v2\/tags?post=9358"}],"curies":[{"name":"wp","href":"https:\/\/api.w.org\/{rel}","templated":true}]}}