{"id":9391,"date":"2021-11-27T10:25:00","date_gmt":"2021-11-27T09:25:00","guid":{"rendered":"https:\/\/www.asajacyl.com\/palencia\/?p=9391"},"modified":"2021-11-26T10:28:49","modified_gmt":"2021-11-26T09:28:49","slug":"asaja-coag-y-upa-denuncian-la-compra-de-leche-por-la-industria-por-debajo-de-los-costes-de-produccion","status":"publish","type":"post","link":"https:\/\/www.asajacyl.com\/palencia\/asaja-palencia-informa\/asaja-coag-y-upa-denuncian-la-compra-de-leche-por-la-industria-por-debajo-de-los-costes-de-produccion","title":{"rendered":"ASAJA, COAG y UPA denuncian la compra de leche por la industria por debajo de los costes de producci\u00f3n"},"content":{"rendered":"\n<p>\u2022 ASAJA, COAG y UPA continuar\u00e1n con las movilizaciones en el sector l\u00e1cteo.<br>\u2022 Las tres OPAS denuncian la actitud de Lactalis y Capsa de bloquear las subidas del precio de la leche y exigen a estas empresas que reconozcan los costes de producci\u00f3n de sus proveedores<\/p>\n\n\n\n<p>Los ganaderos de l\u00e1cteo han anunciado hoy que mantienen las movilizaciones en unidad de acci\u00f3n reivindicando ante la industria, la distribuci\u00f3n y el ministerio de Agricultura precios que cubran los costes de producci\u00f3n ante las fuertes subidas de costes que el ganadero est\u00e1 experimentando, situadas entre los 5 y 7 c\u00e9ntimos\/litro.<\/p>\n\n\n\n<p>\u201cAunque ponemos en valor las subidas de los precios de la leche al ganadero en algunos casos, estas son insuficientes respecto de la situaci\u00f3n de subida de costes\u201d, han explicado. Las tres OPAS denuncian la estrategia de LACTALIS y CAPSA de bloquear las subidas del precio de la leche en \u201cuna actitud inadmisible de prepotencia y desprecio\u201d a los ganaderos.<\/p>\n\n\n\n<p>Las organizaciones de ganaderos han solicitado una reuni\u00f3n a la Federaci\u00f3n Nacional de Industrias L\u00e1cteas (FENIL) para abordar la situaci\u00f3n y desbloquear el inmovilismo que mantiene la industria y que pone en riesgo la viabilidad del ganadero. \u201cNos reafirmamos en que no se puede firmar ning\u00fan contrato que no reconozca los costes de producci\u00f3n e incumpla la Ley de la Cadena\u201d.<\/p>\n\n\n\n<p>Desde ASAJA, COAG y UPA se\u00f1alan que los precios en los lineales deben garantizar que los costes de producci\u00f3n queden cubiertos en toda la cadena partiendo desde el ganadero. Esto supone, seg\u00fan el estudio de costes de la leche del Observatorio de la Cadena, un precio superior a 0,70 euros por litro leche.<\/p>\n\n\n\n<p>En este sentido, han exigido a toda la gran distribuci\u00f3n alimentaria que se corresponsabilice de la situaci\u00f3n y cumpla a su vez con la ley, pagando a la industria y a las cooperativas unos precios que cubran los costes de producci\u00f3n. Igualmente, al ministerio de Agricultura y a la AICA (Agencia de Informaci\u00f3n y Control Alimentarios) les reclaman que pongan en marcha inspecciones de oficio a la industria para hacer cumplir la Ley de la Cadena.<\/p>\n","protected":false},"excerpt":{"rendered":"<p>\u2022 ASAJA, COAG y UPA continuar\u00e1n con las movilizaciones en el sector l\u00e1cteo.\u2022 Las tres OPAS denuncian la actitud de Lactalis y Capsa de bloquear las subidas del precio de la leche y exigen a estas empresas que reconozcan los costes de producci\u00f3n de sus proveedores Los ganaderos de l\u00e1cteo han anunciado hoy que mantienen [&hellip;]<\/p>\n","protected":false},"author":9,"featured_media":1624,"comment_status":"open","ping_status":"open","sticky":false,"template":"","format":"standard","meta":{"footnotes":""},"categories":[9,29,28],"tags":[],"yoast_head":"<!-- This site is optimized with the Yoast SEO plugin v24.5 - https:\/\/yoast.com\/wordpress\/plugins\/seo\/ -->\n<title>ASAJA, COAG y UPA denuncian la compra de leche por la industria por debajo de los costes de producci\u00f3n - ASAJA Palencia<\/title>\n<meta name=\"description\" content=\"\u2022 ASAJA, COAG y UPA continuar\u00e1n con las movilizaciones en el sector l\u00e1cteo.\u2022 Las tres OPAS denuncian la actitud de Lactalis y Capsa de bloquear las\" \/>\n<meta name=\"robots\" content=\"index, follow, max-snippet:-1, max-image-preview:large, max-video-preview:-1\" \/>\n<link rel=\"canonical\" href=\"https:\/\/www.asajacyl.com\/palencia\/asaja-palencia-informa\/asaja-coag-y-upa-denuncian-la-compra-de-leche-por-la-industria-por-debajo-de-los-costes-de-produccion\" \/>\n<meta property=\"og:locale\" content=\"es_ES\" \/>\n<meta property=\"og:type\" content=\"article\" \/>\n<meta property=\"og:title\" content=\"ASAJA, COAG y UPA denuncian la compra de leche por la industria por debajo de los costes de producci\u00f3n - ASAJA Palencia\" \/>\n<meta property=\"og:description\" content=\"\u2022 ASAJA, COAG y UPA continuar\u00e1n con las movilizaciones en el sector l\u00e1cteo.\u2022 Las tres OPAS denuncian la actitud de Lactalis y Capsa de bloquear las\" \/>\n<meta property=\"og:url\" content=\"https:\/\/www.asajacyl.com\/palencia\/asaja-palencia-informa\/asaja-coag-y-upa-denuncian-la-compra-de-leche-por-la-industria-por-debajo-de-los-costes-de-produccion\" \/>\n<meta property=\"og:site_name\" content=\"ASAJA Palencia\" \/>\n<meta property=\"article:published_time\" content=\"2021-11-27T09:25:00+00:00\" \/>\n<meta property=\"og:image\" content=\"https:\/\/www.asajacyl.com\/palencia\/wp-content\/uploads\/sites\/3\/2017\/11\/fotovacaslecherobertodehesaromanos-1024x768.jpg\" \/>\n\t<meta property=\"og:image:width\" content=\"1024\" \/>\n\t<meta property=\"og:image:height\" content=\"768\" \/>\n\t<meta property=\"og:image:type\" content=\"image\/jpeg\" \/>\n<meta name=\"author\" content=\"Administrador\" \/>\n<meta name=\"twitter:card\" content=\"summary_large_image\" \/>\n<meta name=\"twitter:label1\" content=\"Escrito por\" \/>\n\t<meta name=\"twitter:data1\" content=\"Administrador\" \/>\n\t<meta name=\"twitter:label2\" content=\"Tiempo de lectura\" \/>\n\t<meta name=\"twitter:data2\" content=\"2 minutos\" \/>\n<script type=\"application\/ld+json\" class=\"yoast-schema-graph\">{\"@context\":\"https:\/\/schema.org\",\"@graph\":[{\"@type\":\"WebPage\",\"@id\":\"https:\/\/www.asajacyl.com\/palencia\/asaja-palencia-informa\/asaja-coag-y-upa-denuncian-la-compra-de-leche-por-la-industria-por-debajo-de-los-costes-de-produccion\",\"url\":\"https:\/\/www.asajacyl.com\/palencia\/asaja-palencia-informa\/asaja-coag-y-upa-denuncian-la-compra-de-leche-por-la-industria-por-debajo-de-los-costes-de-produccion\",\"name\":\"ASAJA, COAG y UPA denuncian la compra de leche por la industria por debajo de los costes de producci\u00f3n - ASAJA Palencia\",\"isPartOf\":{\"@id\":\"https:\/\/www.asajacyl.com\/palencia\/#website\"},\"primaryImageOfPage\":{\"@id\":\"https:\/\/www.asajacyl.com\/palencia\/asaja-palencia-informa\/asaja-coag-y-upa-denuncian-la-compra-de-leche-por-la-industria-por-debajo-de-los-costes-de-produccion#primaryimage\"},\"image\":{\"@id\":\"https:\/\/www.asajacyl.com\/palencia\/asaja-palencia-informa\/asaja-coag-y-upa-denuncian-la-compra-de-leche-por-la-industria-por-debajo-de-los-costes-de-produccion#primaryimage\"},\"thumbnailUrl\":\"https:\/\/www.asajacyl.com\/palencia\/wp-content\/uploads\/sites\/3\/2017\/11\/fotovacaslecherobertodehesaromanos.jpg\",\"datePublished\":\"2021-11-27T09:25:00+00:00\",\"author\":{\"@id\":\"https:\/\/www.asajacyl.com\/palencia\/#\/schema\/person\/3ab17aeb03527485c317557fae64aab1\"},\"description\":\"\u2022 ASAJA, COAG y UPA continuar\u00e1n con las movilizaciones en el sector l\u00e1cteo.\u2022 Las tres OPAS denuncian la actitud de Lactalis y Capsa de bloquear las\",\"breadcrumb\":{\"@id\":\"https:\/\/www.asajacyl.com\/palencia\/asaja-palencia-informa\/asaja-coag-y-upa-denuncian-la-compra-de-leche-por-la-industria-por-debajo-de-los-costes-de-produccion#breadcrumb\"},\"inLanguage\":\"es\",\"potentialAction\":[{\"@type\":\"ReadAction\",\"target\":[\"https:\/\/www.asajacyl.com\/palencia\/asaja-palencia-informa\/asaja-coag-y-upa-denuncian-la-compra-de-leche-por-la-industria-por-debajo-de-los-costes-de-produccion\"]}]},{\"@type\":\"ImageObject\",\"inLanguage\":\"es\",\"@id\":\"https:\/\/www.asajacyl.com\/palencia\/asaja-palencia-informa\/asaja-coag-y-upa-denuncian-la-compra-de-leche-por-la-industria-por-debajo-de-los-costes-de-produccion#primaryimage\",\"url\":\"https:\/\/www.asajacyl.com\/palencia\/wp-content\/uploads\/sites\/3\/2017\/11\/fotovacaslecherobertodehesaromanos.jpg\",\"contentUrl\":\"https:\/\/www.asajacyl.com\/palencia\/wp-content\/uploads\/sites\/3\/2017\/11\/fotovacaslecherobertodehesaromanos.jpg\",\"width\":3072,\"height\":2304},{\"@type\":\"BreadcrumbList\",\"@id\":\"https:\/\/www.asajacyl.com\/palencia\/asaja-palencia-informa\/asaja-coag-y-upa-denuncian-la-compra-de-leche-por-la-industria-por-debajo-de-los-costes-de-produccion#breadcrumb\",\"itemListElement\":[{\"@type\":\"ListItem\",\"position\":1,\"name\":\"Portada\",\"item\":\"https:\/\/www.asajacyl.com\/palencia\/\"},{\"@type\":\"ListItem\",\"position\":2,\"name\":\"ASAJA, COAG y UPA denuncian la compra de leche por la industria por debajo de los costes de producci\u00f3n\"}]},{\"@type\":\"WebSite\",\"@id\":\"https:\/\/www.asajacyl.com\/palencia\/#website\",\"url\":\"https:\/\/www.asajacyl.com\/palencia\/\",\"name\":\"ASAJA Palencia\",\"description\":\"Otro sitio m\u00e1s de Provincias ASAJA Castilla y Le\u00f3n\",\"potentialAction\":[{\"@type\":\"SearchAction\",\"target\":{\"@type\":\"EntryPoint\",\"urlTemplate\":\"https:\/\/www.asajacyl.com\/palencia\/?s={search_term_string}\"},\"query-input\":{\"@type\":\"PropertyValueSpecification\",\"valueRequired\":true,\"valueName\":\"search_term_string\"}}],\"inLanguage\":\"es\"},{\"@type\":\"Person\",\"@id\":\"https:\/\/www.asajacyl.com\/palencia\/#\/schema\/person\/3ab17aeb03527485c317557fae64aab1\",\"name\":\"Administrador\",\"image\":{\"@type\":\"ImageObject\",\"inLanguage\":\"es\",\"@id\":\"https:\/\/www.asajacyl.com\/palencia\/#\/schema\/person\/image\/\",\"url\":\"https:\/\/secure.gravatar.com\/avatar\/517384810d242ca9e38c180f3c9fb973?s=96&d=mm&r=g\",\"contentUrl\":\"https:\/\/secure.gravatar.com\/avatar\/517384810d242ca9e38c180f3c9fb973?s=96&d=mm&r=g\",\"caption\":\"Administrador\"},\"url\":\"https:\/\/www.asajacyl.com\/palencia\/author\/carlosrm\"}]}<\/script>\n<!-- \/ Yoast SEO plugin. -->","yoast_head_json":{"title":"ASAJA, COAG y UPA denuncian la compra de leche por la industria por debajo de los costes de producci\u00f3n - ASAJA Palencia","description":"\u2022 ASAJA, COAG y UPA continuar\u00e1n con las movilizaciones en el sector l\u00e1cteo.\u2022 Las tres OPAS denuncian la actitud de Lactalis y Capsa de bloquear las","robots":{"index":"index","follow":"follow","max-snippet":"max-snippet:-1","max-image-preview":"max-image-preview:large","max-video-preview":"max-video-preview:-1"},"canonical":"https:\/\/www.asajacyl.com\/palencia\/asaja-palencia-informa\/asaja-coag-y-upa-denuncian-la-compra-de-leche-por-la-industria-por-debajo-de-los-costes-de-produccion","og_locale":"es_ES","og_type":"article","og_title":"ASAJA, COAG y UPA denuncian la compra de leche por la industria por debajo de los costes de producci\u00f3n - ASAJA Palencia","og_description":"\u2022 ASAJA, COAG y UPA continuar\u00e1n con las movilizaciones en el sector l\u00e1cteo.\u2022 Las tres OPAS denuncian la actitud de Lactalis y Capsa de bloquear las","og_url":"https:\/\/www.asajacyl.com\/palencia\/asaja-palencia-informa\/asaja-coag-y-upa-denuncian-la-compra-de-leche-por-la-industria-por-debajo-de-los-costes-de-produccion","og_site_name":"ASAJA Palencia","article_published_time":"2021-11-27T09:25:00+00:00","og_image":[{"width":1024,"height":768,"url":"https:\/\/www.asajacyl.com\/palencia\/wp-content\/uploads\/sites\/3\/2017\/11\/fotovacaslecherobertodehesaromanos-1024x768.jpg","type":"image\/jpeg"}],"author":"Administrador","twitter_card":"summary_large_image","twitter_misc":{"Escrito por":"Administrador","Tiempo de lectura":"2 minutos"},"schema":{"@context":"https:\/\/schema.org","@graph":[{"@type":"WebPage","@id":"https:\/\/www.asajacyl.com\/palencia\/asaja-palencia-informa\/asaja-coag-y-upa-denuncian-la-compra-de-leche-por-la-industria-por-debajo-de-los-costes-de-produccion","url":"https:\/\/www.asajacyl.com\/palencia\/asaja-palencia-informa\/asaja-coag-y-upa-denuncian-la-compra-de-leche-por-la-industria-por-debajo-de-los-costes-de-produccion","name":"ASAJA, COAG y UPA denuncian la compra de leche por la industria por debajo de los costes de producci\u00f3n - ASAJA Palencia","isPartOf":{"@id":"https:\/\/www.asajacyl.com\/palencia\/#website"},"primaryImageOfPage":{"@id":"https:\/\/www.asajacyl.com\/palencia\/asaja-palencia-informa\/asaja-coag-y-upa-denuncian-la-compra-de-leche-por-la-industria-por-debajo-de-los-costes-de-produccion#primaryimage"},"image":{"@id":"https:\/\/www.asajacyl.com\/palencia\/asaja-palencia-informa\/asaja-coag-y-upa-denuncian-la-compra-de-leche-por-la-industria-por-debajo-de-los-costes-de-produccion#primaryimage"},"thumbnailUrl":"https:\/\/www.asajacyl.com\/palencia\/wp-content\/uploads\/sites\/3\/2017\/11\/fotovacaslecherobertodehesaromanos.jpg","datePublished":"2021-11-27T09:25:00+00:00","author":{"@id":"https:\/\/www.asajacyl.com\/palencia\/#\/schema\/person\/3ab17aeb03527485c317557fae64aab1"},"description":"\u2022 ASAJA, COAG y UPA continuar\u00e1n con las movilizaciones en el sector l\u00e1cteo.\u2022 Las tres OPAS denuncian la actitud de Lactalis y Capsa de bloquear las","breadcrumb":{"@id":"https:\/\/www.asajacyl.com\/palencia\/asaja-palencia-informa\/asaja-coag-y-upa-denuncian-la-compra-de-leche-por-la-industria-por-debajo-de-los-costes-de-produccion#breadcrumb"},"inLanguage":"es","potentialAction":[{"@type":"ReadAction","target":["https:\/\/www.asajacyl.com\/palencia\/asaja-palencia-informa\/asaja-coag-y-upa-denuncian-la-compra-de-leche-por-la-industria-por-debajo-de-los-costes-de-produccion"]}]},{"@type":"ImageObject","inLanguage":"es","@id":"https:\/\/www.asajacyl.com\/palencia\/asaja-palencia-informa\/asaja-coag-y-upa-denuncian-la-compra-de-leche-por-la-industria-por-debajo-de-los-costes-de-produccion#primaryimage","url":"https:\/\/www.asajacyl.com\/palencia\/wp-content\/uploads\/sites\/3\/2017\/11\/fotovacaslecherobertodehesaromanos.jpg","contentUrl":"https:\/\/www.asajacyl.com\/palencia\/wp-content\/uploads\/sites\/3\/2017\/11\/fotovacaslecherobertodehesaromanos.jpg","width":3072,"height":2304},{"@type":"BreadcrumbList","@id":"https:\/\/www.asajacyl.com\/palencia\/asaja-palencia-informa\/asaja-coag-y-upa-denuncian-la-compra-de-leche-por-la-industria-por-debajo-de-los-costes-de-produccion#breadcrumb","itemListElement":[{"@type":"ListItem","position":1,"name":"Portada","item":"https:\/\/www.asajacyl.com\/palencia\/"},{"@type":"ListItem","position":2,"name":"ASAJA, COAG y UPA denuncian la compra de leche por la industria por debajo de los costes de producci\u00f3n"}]},{"@type":"WebSite","@id":"https:\/\/www.asajacyl.com\/palencia\/#website","url":"https:\/\/www.asajacyl.com\/palencia\/","name":"ASAJA Palencia","description":"Otro sitio m\u00e1s de Provincias ASAJA Castilla y Le\u00f3n","potentialAction":[{"@type":"SearchAction","target":{"@type":"EntryPoint","urlTemplate":"https:\/\/www.asajacyl.com\/palencia\/?s={search_term_string}"},"query-input":{"@type":"PropertyValueSpecification","valueRequired":true,"valueName":"search_term_string"}}],"inLanguage":"es"},{"@type":"Person","@id":"https:\/\/www.asajacyl.com\/palencia\/#\/schema\/person\/3ab17aeb03527485c317557fae64aab1","name":"Administrador","image":{"@type":"ImageObject","inLanguage":"es","@id":"https:\/\/www.asajacyl.com\/palencia\/#\/schema\/person\/image\/","url":"https:\/\/secure.gravatar.com\/avatar\/517384810d242ca9e38c180f3c9fb973?s=96&d=mm&r=g","contentUrl":"https:\/\/secure.gravatar.com\/avatar\/517384810d242ca9e38c180f3c9fb973?s=96&d=mm&r=g","caption":"Administrador"},"url":"https:\/\/www.asajacyl.com\/palencia\/author\/carlosrm"}]}},"_links":{"self":[{"href":"https:\/\/www.asajacyl.com\/palencia\/wp-json\/wp\/v2\/posts\/9391"}],"collection":[{"href":"https:\/\/www.asajacyl.com\/palencia\/wp-json\/wp\/v2\/posts"}],"about":[{"href":"https:\/\/www.asajacyl.com\/palencia\/wp-json\/wp\/v2\/types\/post"}],"author":[{"embeddable":true,"href":"https:\/\/www.asajacyl.com\/palencia\/wp-json\/wp\/v2\/users\/9"}],"replies":[{"embeddable":true,"href":"https:\/\/www.asajacyl.com\/palencia\/wp-json\/wp\/v2\/comments?post=9391"}],"version-history":[{"count":1,"href":"https:\/\/www.asajacyl.com\/palencia\/wp-json\/wp\/v2\/posts\/9391\/revisions"}],"predecessor-version":[{"id":9392,"href":"https:\/\/www.asajacyl.com\/palencia\/wp-json\/wp\/v2\/posts\/9391\/revisions\/9392"}],"wp:featuredmedia":[{"embeddable":true,"href":"https:\/\/www.asajacyl.com\/palencia\/wp-json\/wp\/v2\/media\/1624"}],"wp:attachment":[{"href":"https:\/\/www.asajacyl.com\/palencia\/wp-json\/wp\/v2\/media?parent=9391"}],"wp:term":[{"taxonomy":"category","embeddable":true,"href":"https:\/\/www.asajacyl.com\/palencia\/wp-json\/wp\/v2\/categories?post=9391"},{"taxonomy":"post_tag","embeddable":true,"href":"https:\/\/www.asajacyl.com\/palencia\/wp-json\/wp\/v2\/tags?post=9391"}],"curies":[{"name":"wp","href":"https:\/\/api.w.org\/{rel}","templated":true}]}}