{"id":9393,"date":"2021-12-02T11:32:00","date_gmt":"2021-12-02T10:32:00","guid":{"rendered":"https:\/\/www.asajacyl.com\/palencia\/?p=9393"},"modified":"2021-11-30T11:23:54","modified_gmt":"2021-11-30T10:23:54","slug":"los-topillos-tambien-estan-implicados-en-la-transmision-de-la-fiebre-q","status":"publish","type":"post","link":"https:\/\/www.asajacyl.com\/palencia\/asaja-palencia-informa\/los-topillos-tambien-estan-implicados-en-la-transmision-de-la-fiebre-q","title":{"rendered":"Los topillos tambi\u00e9n est\u00e1n implicados en la transmisi\u00f3n de la fiebre Q"},"content":{"rendered":"\n<p><br>Recientes estudios cient\u00edficos del IREC (Instituto de Investigaci\u00f3n en Recursos Cineg\u00e9ticos) y del CNM-ISCIII (Instituto Carlos III de Madrid) han descubierto que los micromam\u00edferos silvestres, entre ellos los topillos, son relevantes en la transmisi\u00f3n de <em>Coxiella burnetii<\/em>, la bacteria causante de la fiebre Q en humanos y de la coxiellosis en animales.<\/p>\n\n\n\n<p>La fiebre Q es una zoonosis transmisible a humanos principalmente por inhalar part\u00edculas de polvo de los establos de animales contaminados o mediante garrapatas del ganado. Puede producir s\u00edntomas leves similares a una gripe o desencadenar casos graves de hepatitis aguda y neumon\u00eda en personas. En algunos pacientes, la fiebre Q puede hacerse cr\u00f3nica y ser la causa de valvulopat\u00edas, endocarditis, hepatitis o neumon\u00edas cr\u00f3nicas, lo que se conoce como el s\u00edndrome de fatiga post-fiebre Q.<\/p>\n\n\n\n<p>La bacteria pudo ser aislada gen\u00e9ticamente en algunos de los topillos, resultando ser del genotipo de <em>C. burnetii<\/em> m\u00e1s ampliamente distribuido en Europa, el Genotipo II+, que es frecuente en ovejas y personas.<\/p>\n\n\n\n<p>Por todos es sabido que el topillo campesino (<em>Microtus arvalis<\/em>) es un roedor presente en nuestros campos, donde reiteradamente genera una plaga que causa importantes da\u00f1os econ\u00f3micos y de salud, ya que adem\u00e1s es el principal vector de contagio de la tularemia, otra enfermedad bacteriana que puede llegar a ser grave, por lo que es importante su control.<\/p>\n\n\n\n<figure class=\"wp-block-image size-large\"><img loading=\"lazy\" decoding=\"async\" width=\"1024\" height=\"858\" src=\"https:\/\/www.asajacyl.com\/palencia\/wp-content\/uploads\/sites\/3\/2021\/11\/Coxiella-1024x858.jpg\" alt=\"\" class=\"wp-image-9394\" srcset=\"https:\/\/www.asajacyl.com\/palencia\/wp-content\/uploads\/sites\/3\/2021\/11\/Coxiella-1024x858.jpg 1024w, https:\/\/www.asajacyl.com\/palencia\/wp-content\/uploads\/sites\/3\/2021\/11\/Coxiella-300x251.jpg 300w, https:\/\/www.asajacyl.com\/palencia\/wp-content\/uploads\/sites\/3\/2021\/11\/Coxiella-768x644.jpg 768w, https:\/\/www.asajacyl.com\/palencia\/wp-content\/uploads\/sites\/3\/2021\/11\/Coxiella-696x583.jpg 696w, https:\/\/www.asajacyl.com\/palencia\/wp-content\/uploads\/sites\/3\/2021\/11\/Coxiella-1068x895.jpg 1068w, https:\/\/www.asajacyl.com\/palencia\/wp-content\/uploads\/sites\/3\/2021\/11\/Coxiella-501x420.jpg 501w, https:\/\/www.asajacyl.com\/palencia\/wp-content\/uploads\/sites\/3\/2021\/11\/Coxiella.jpg 1280w\" sizes=\"(max-width: 1024px) 100vw, 1024px\" \/><figcaption>En verde se pueden apreciar las bacterias de Coxiella burnetii.<\/figcaption><\/figure>\n\n\n\n<p><\/p>\n","protected":false},"excerpt":{"rendered":"<p>Recientes estudios cient\u00edficos del IREC (Instituto de Investigaci\u00f3n en Recursos Cineg\u00e9ticos) y del CNM-ISCIII (Instituto Carlos III de Madrid) han descubierto que los micromam\u00edferos silvestres, entre ellos los topillos, son relevantes en la transmisi\u00f3n de Coxiella burnetii, la bacteria causante de la fiebre Q en humanos y de la coxiellosis en animales. La fiebre Q [&hellip;]<\/p>\n","protected":false},"author":9,"featured_media":9394,"comment_status":"open","ping_status":"open","sticky":false,"template":"","format":"standard","meta":{"footnotes":""},"categories":[9,29,28],"tags":[],"yoast_head":"<!-- This site is optimized with the Yoast SEO plugin v24.5 - https:\/\/yoast.com\/wordpress\/plugins\/seo\/ -->\n<title>Los topillos tambi\u00e9n est\u00e1n implicados en la transmisi\u00f3n de la fiebre Q - ASAJA Palencia<\/title>\n<meta name=\"description\" content=\"Recientes estudios cient\u00edficos del IREC (Instituto de Investigaci\u00f3n en Recursos Cineg\u00e9ticos) y del CNM-ISCIII (Instituto Carlos III de Madrid) han\" \/>\n<meta name=\"robots\" content=\"index, follow, max-snippet:-1, max-image-preview:large, max-video-preview:-1\" \/>\n<link rel=\"canonical\" href=\"https:\/\/www.asajacyl.com\/palencia\/asaja-palencia-informa\/los-topillos-tambien-estan-implicados-en-la-transmision-de-la-fiebre-q\" \/>\n<meta property=\"og:locale\" content=\"es_ES\" \/>\n<meta property=\"og:type\" content=\"article\" \/>\n<meta property=\"og:title\" content=\"Los topillos tambi\u00e9n est\u00e1n implicados en la transmisi\u00f3n de la fiebre Q - ASAJA Palencia\" \/>\n<meta property=\"og:description\" content=\"Recientes estudios cient\u00edficos del IREC (Instituto de Investigaci\u00f3n en Recursos Cineg\u00e9ticos) y del CNM-ISCIII (Instituto Carlos III de Madrid) han\" \/>\n<meta property=\"og:url\" content=\"https:\/\/www.asajacyl.com\/palencia\/asaja-palencia-informa\/los-topillos-tambien-estan-implicados-en-la-transmision-de-la-fiebre-q\" \/>\n<meta property=\"og:site_name\" content=\"ASAJA Palencia\" \/>\n<meta property=\"article:published_time\" content=\"2021-12-02T10:32:00+00:00\" \/>\n<meta property=\"og:image\" content=\"https:\/\/www.asajacyl.com\/palencia\/wp-content\/uploads\/sites\/3\/2021\/11\/Coxiella.jpg\" \/>\n\t<meta property=\"og:image:width\" content=\"1280\" \/>\n\t<meta property=\"og:image:height\" content=\"1073\" \/>\n\t<meta property=\"og:image:type\" content=\"image\/jpeg\" \/>\n<meta name=\"author\" content=\"Administrador\" \/>\n<meta name=\"twitter:card\" content=\"summary_large_image\" \/>\n<meta name=\"twitter:label1\" content=\"Escrito por\" \/>\n\t<meta name=\"twitter:data1\" content=\"Administrador\" \/>\n\t<meta name=\"twitter:label2\" content=\"Tiempo de lectura\" \/>\n\t<meta name=\"twitter:data2\" content=\"2 minutos\" \/>\n<script type=\"application\/ld+json\" class=\"yoast-schema-graph\">{\"@context\":\"https:\/\/schema.org\",\"@graph\":[{\"@type\":\"WebPage\",\"@id\":\"https:\/\/www.asajacyl.com\/palencia\/asaja-palencia-informa\/los-topillos-tambien-estan-implicados-en-la-transmision-de-la-fiebre-q\",\"url\":\"https:\/\/www.asajacyl.com\/palencia\/asaja-palencia-informa\/los-topillos-tambien-estan-implicados-en-la-transmision-de-la-fiebre-q\",\"name\":\"Los topillos tambi\u00e9n est\u00e1n implicados en la transmisi\u00f3n de la fiebre Q - ASAJA Palencia\",\"isPartOf\":{\"@id\":\"https:\/\/www.asajacyl.com\/palencia\/#website\"},\"primaryImageOfPage\":{\"@id\":\"https:\/\/www.asajacyl.com\/palencia\/asaja-palencia-informa\/los-topillos-tambien-estan-implicados-en-la-transmision-de-la-fiebre-q#primaryimage\"},\"image\":{\"@id\":\"https:\/\/www.asajacyl.com\/palencia\/asaja-palencia-informa\/los-topillos-tambien-estan-implicados-en-la-transmision-de-la-fiebre-q#primaryimage\"},\"thumbnailUrl\":\"https:\/\/www.asajacyl.com\/palencia\/wp-content\/uploads\/sites\/3\/2021\/11\/Coxiella.jpg\",\"datePublished\":\"2021-12-02T10:32:00+00:00\",\"author\":{\"@id\":\"https:\/\/www.asajacyl.com\/palencia\/#\/schema\/person\/3ab17aeb03527485c317557fae64aab1\"},\"description\":\"Recientes estudios cient\u00edficos del IREC (Instituto de Investigaci\u00f3n en Recursos Cineg\u00e9ticos) y del CNM-ISCIII (Instituto Carlos III de Madrid) han\",\"breadcrumb\":{\"@id\":\"https:\/\/www.asajacyl.com\/palencia\/asaja-palencia-informa\/los-topillos-tambien-estan-implicados-en-la-transmision-de-la-fiebre-q#breadcrumb\"},\"inLanguage\":\"es\",\"potentialAction\":[{\"@type\":\"ReadAction\",\"target\":[\"https:\/\/www.asajacyl.com\/palencia\/asaja-palencia-informa\/los-topillos-tambien-estan-implicados-en-la-transmision-de-la-fiebre-q\"]}]},{\"@type\":\"ImageObject\",\"inLanguage\":\"es\",\"@id\":\"https:\/\/www.asajacyl.com\/palencia\/asaja-palencia-informa\/los-topillos-tambien-estan-implicados-en-la-transmision-de-la-fiebre-q#primaryimage\",\"url\":\"https:\/\/www.asajacyl.com\/palencia\/wp-content\/uploads\/sites\/3\/2021\/11\/Coxiella.jpg\",\"contentUrl\":\"https:\/\/www.asajacyl.com\/palencia\/wp-content\/uploads\/sites\/3\/2021\/11\/Coxiella.jpg\",\"width\":1280,\"height\":1073},{\"@type\":\"BreadcrumbList\",\"@id\":\"https:\/\/www.asajacyl.com\/palencia\/asaja-palencia-informa\/los-topillos-tambien-estan-implicados-en-la-transmision-de-la-fiebre-q#breadcrumb\",\"itemListElement\":[{\"@type\":\"ListItem\",\"position\":1,\"name\":\"Portada\",\"item\":\"https:\/\/www.asajacyl.com\/palencia\/\"},{\"@type\":\"ListItem\",\"position\":2,\"name\":\"Los topillos tambi\u00e9n est\u00e1n implicados en la transmisi\u00f3n de la fiebre Q\"}]},{\"@type\":\"WebSite\",\"@id\":\"https:\/\/www.asajacyl.com\/palencia\/#website\",\"url\":\"https:\/\/www.asajacyl.com\/palencia\/\",\"name\":\"ASAJA Palencia\",\"description\":\"Otro sitio m\u00e1s de Provincias ASAJA Castilla y Le\u00f3n\",\"potentialAction\":[{\"@type\":\"SearchAction\",\"target\":{\"@type\":\"EntryPoint\",\"urlTemplate\":\"https:\/\/www.asajacyl.com\/palencia\/?s={search_term_string}\"},\"query-input\":{\"@type\":\"PropertyValueSpecification\",\"valueRequired\":true,\"valueName\":\"search_term_string\"}}],\"inLanguage\":\"es\"},{\"@type\":\"Person\",\"@id\":\"https:\/\/www.asajacyl.com\/palencia\/#\/schema\/person\/3ab17aeb03527485c317557fae64aab1\",\"name\":\"Administrador\",\"image\":{\"@type\":\"ImageObject\",\"inLanguage\":\"es\",\"@id\":\"https:\/\/www.asajacyl.com\/palencia\/#\/schema\/person\/image\/\",\"url\":\"https:\/\/secure.gravatar.com\/avatar\/517384810d242ca9e38c180f3c9fb973?s=96&d=mm&r=g\",\"contentUrl\":\"https:\/\/secure.gravatar.com\/avatar\/517384810d242ca9e38c180f3c9fb973?s=96&d=mm&r=g\",\"caption\":\"Administrador\"},\"url\":\"https:\/\/www.asajacyl.com\/palencia\/author\/carlosrm\"}]}<\/script>\n<!-- \/ Yoast SEO plugin. -->","yoast_head_json":{"title":"Los topillos tambi\u00e9n est\u00e1n implicados en la transmisi\u00f3n de la fiebre Q - ASAJA Palencia","description":"Recientes estudios cient\u00edficos del IREC (Instituto de Investigaci\u00f3n en Recursos Cineg\u00e9ticos) y del CNM-ISCIII (Instituto Carlos III de Madrid) han","robots":{"index":"index","follow":"follow","max-snippet":"max-snippet:-1","max-image-preview":"max-image-preview:large","max-video-preview":"max-video-preview:-1"},"canonical":"https:\/\/www.asajacyl.com\/palencia\/asaja-palencia-informa\/los-topillos-tambien-estan-implicados-en-la-transmision-de-la-fiebre-q","og_locale":"es_ES","og_type":"article","og_title":"Los topillos tambi\u00e9n est\u00e1n implicados en la transmisi\u00f3n de la fiebre Q - ASAJA Palencia","og_description":"Recientes estudios cient\u00edficos del IREC (Instituto de Investigaci\u00f3n en Recursos Cineg\u00e9ticos) y del CNM-ISCIII (Instituto Carlos III de Madrid) han","og_url":"https:\/\/www.asajacyl.com\/palencia\/asaja-palencia-informa\/los-topillos-tambien-estan-implicados-en-la-transmision-de-la-fiebre-q","og_site_name":"ASAJA Palencia","article_published_time":"2021-12-02T10:32:00+00:00","og_image":[{"width":1280,"height":1073,"url":"https:\/\/www.asajacyl.com\/palencia\/wp-content\/uploads\/sites\/3\/2021\/11\/Coxiella.jpg","type":"image\/jpeg"}],"author":"Administrador","twitter_card":"summary_large_image","twitter_misc":{"Escrito por":"Administrador","Tiempo de lectura":"2 minutos"},"schema":{"@context":"https:\/\/schema.org","@graph":[{"@type":"WebPage","@id":"https:\/\/www.asajacyl.com\/palencia\/asaja-palencia-informa\/los-topillos-tambien-estan-implicados-en-la-transmision-de-la-fiebre-q","url":"https:\/\/www.asajacyl.com\/palencia\/asaja-palencia-informa\/los-topillos-tambien-estan-implicados-en-la-transmision-de-la-fiebre-q","name":"Los topillos tambi\u00e9n est\u00e1n implicados en la transmisi\u00f3n de la fiebre Q - ASAJA Palencia","isPartOf":{"@id":"https:\/\/www.asajacyl.com\/palencia\/#website"},"primaryImageOfPage":{"@id":"https:\/\/www.asajacyl.com\/palencia\/asaja-palencia-informa\/los-topillos-tambien-estan-implicados-en-la-transmision-de-la-fiebre-q#primaryimage"},"image":{"@id":"https:\/\/www.asajacyl.com\/palencia\/asaja-palencia-informa\/los-topillos-tambien-estan-implicados-en-la-transmision-de-la-fiebre-q#primaryimage"},"thumbnailUrl":"https:\/\/www.asajacyl.com\/palencia\/wp-content\/uploads\/sites\/3\/2021\/11\/Coxiella.jpg","datePublished":"2021-12-02T10:32:00+00:00","author":{"@id":"https:\/\/www.asajacyl.com\/palencia\/#\/schema\/person\/3ab17aeb03527485c317557fae64aab1"},"description":"Recientes estudios cient\u00edficos del IREC (Instituto de Investigaci\u00f3n en Recursos Cineg\u00e9ticos) y del CNM-ISCIII (Instituto Carlos III de Madrid) han","breadcrumb":{"@id":"https:\/\/www.asajacyl.com\/palencia\/asaja-palencia-informa\/los-topillos-tambien-estan-implicados-en-la-transmision-de-la-fiebre-q#breadcrumb"},"inLanguage":"es","potentialAction":[{"@type":"ReadAction","target":["https:\/\/www.asajacyl.com\/palencia\/asaja-palencia-informa\/los-topillos-tambien-estan-implicados-en-la-transmision-de-la-fiebre-q"]}]},{"@type":"ImageObject","inLanguage":"es","@id":"https:\/\/www.asajacyl.com\/palencia\/asaja-palencia-informa\/los-topillos-tambien-estan-implicados-en-la-transmision-de-la-fiebre-q#primaryimage","url":"https:\/\/www.asajacyl.com\/palencia\/wp-content\/uploads\/sites\/3\/2021\/11\/Coxiella.jpg","contentUrl":"https:\/\/www.asajacyl.com\/palencia\/wp-content\/uploads\/sites\/3\/2021\/11\/Coxiella.jpg","width":1280,"height":1073},{"@type":"BreadcrumbList","@id":"https:\/\/www.asajacyl.com\/palencia\/asaja-palencia-informa\/los-topillos-tambien-estan-implicados-en-la-transmision-de-la-fiebre-q#breadcrumb","itemListElement":[{"@type":"ListItem","position":1,"name":"Portada","item":"https:\/\/www.asajacyl.com\/palencia\/"},{"@type":"ListItem","position":2,"name":"Los topillos tambi\u00e9n est\u00e1n implicados en la transmisi\u00f3n de la fiebre Q"}]},{"@type":"WebSite","@id":"https:\/\/www.asajacyl.com\/palencia\/#website","url":"https:\/\/www.asajacyl.com\/palencia\/","name":"ASAJA Palencia","description":"Otro sitio m\u00e1s de Provincias ASAJA Castilla y Le\u00f3n","potentialAction":[{"@type":"SearchAction","target":{"@type":"EntryPoint","urlTemplate":"https:\/\/www.asajacyl.com\/palencia\/?s={search_term_string}"},"query-input":{"@type":"PropertyValueSpecification","valueRequired":true,"valueName":"search_term_string"}}],"inLanguage":"es"},{"@type":"Person","@id":"https:\/\/www.asajacyl.com\/palencia\/#\/schema\/person\/3ab17aeb03527485c317557fae64aab1","name":"Administrador","image":{"@type":"ImageObject","inLanguage":"es","@id":"https:\/\/www.asajacyl.com\/palencia\/#\/schema\/person\/image\/","url":"https:\/\/secure.gravatar.com\/avatar\/517384810d242ca9e38c180f3c9fb973?s=96&d=mm&r=g","contentUrl":"https:\/\/secure.gravatar.com\/avatar\/517384810d242ca9e38c180f3c9fb973?s=96&d=mm&r=g","caption":"Administrador"},"url":"https:\/\/www.asajacyl.com\/palencia\/author\/carlosrm"}]}},"_links":{"self":[{"href":"https:\/\/www.asajacyl.com\/palencia\/wp-json\/wp\/v2\/posts\/9393"}],"collection":[{"href":"https:\/\/www.asajacyl.com\/palencia\/wp-json\/wp\/v2\/posts"}],"about":[{"href":"https:\/\/www.asajacyl.com\/palencia\/wp-json\/wp\/v2\/types\/post"}],"author":[{"embeddable":true,"href":"https:\/\/www.asajacyl.com\/palencia\/wp-json\/wp\/v2\/users\/9"}],"replies":[{"embeddable":true,"href":"https:\/\/www.asajacyl.com\/palencia\/wp-json\/wp\/v2\/comments?post=9393"}],"version-history":[{"count":4,"href":"https:\/\/www.asajacyl.com\/palencia\/wp-json\/wp\/v2\/posts\/9393\/revisions"}],"predecessor-version":[{"id":9400,"href":"https:\/\/www.asajacyl.com\/palencia\/wp-json\/wp\/v2\/posts\/9393\/revisions\/9400"}],"wp:featuredmedia":[{"embeddable":true,"href":"https:\/\/www.asajacyl.com\/palencia\/wp-json\/wp\/v2\/media\/9394"}],"wp:attachment":[{"href":"https:\/\/www.asajacyl.com\/palencia\/wp-json\/wp\/v2\/media?parent=9393"}],"wp:term":[{"taxonomy":"category","embeddable":true,"href":"https:\/\/www.asajacyl.com\/palencia\/wp-json\/wp\/v2\/categories?post=9393"},{"taxonomy":"post_tag","embeddable":true,"href":"https:\/\/www.asajacyl.com\/palencia\/wp-json\/wp\/v2\/tags?post=9393"}],"curies":[{"name":"wp","href":"https:\/\/api.w.org\/{rel}","templated":true}]}}