{"id":9413,"date":"2021-11-29T13:33:48","date_gmt":"2021-11-29T12:33:48","guid":{"rendered":"https:\/\/www.asajacyl.com\/palencia\/?p=9413"},"modified":"2021-11-29T13:33:50","modified_gmt":"2021-11-29T12:33:50","slug":"los-viticultores-respaldan-a-asaja-en-su-defensa-del-sector-productor-frente-a-otros-intereses","status":"publish","type":"post","link":"https:\/\/www.asajacyl.com\/palencia\/asaja-palencia-informa\/los-viticultores-respaldan-a-asaja-en-su-defensa-del-sector-productor-frente-a-otros-intereses","title":{"rendered":"Los viticultores respaldan a ASAJA en su defensa del sector productor frente a otros intereses"},"content":{"rendered":"\n<p><strong><em>ASAJA ampl\u00eda su presencia con cuatro vocales m\u00e1s en Rueda, donde es la m\u00e1s votada en el sector productor, y mantiene su presencia en Ribera del Duero, Bierzo y Cigales, donde vuelve a arrasar<\/em><\/strong><\/p>\n\n\n\n<p>ASAJA ha valorado positivamente los resultados de las elecciones a consejos reguladores del vino, tanto por la mayor participaci\u00f3n de los votantes, como por el gran apoyo otorgado por los viticultores a los candidatos que presentaba la organizaci\u00f3n profesional agraria.<\/p>\n\n\n\n<p>As\u00ed, ASAJA despega espectacularmente en el CR Rueda, donde sit\u00faa a cuatro vocales con una lista en la que participaban viticultores de Valladolid, Segovia y \u00c1vila. ASAJA defender\u00e1 los leg\u00edtimos intereses de los viticultores para fortalecer el sello y asegurar su futuro, poniendo l\u00edmite al desmedido crecimiento de plantaciones autorizado sin escuchar a los productores, que apelaban por la moderaci\u00f3n.<\/p>\n\n\n\n<p>Respecto a los resultados en el resto de los consejos a los que se presentaba, bien con listas propias, bien con candidaturas de consenso, ASAJA ha vuelto a arrasar en Cigales, copando el estrato del sector productor con seis vocales; mantiene su representaci\u00f3n en el CR Ribera del Duero, con un vocal en la lista de consenso del sector productor, e id\u00e9ntica situaci\u00f3n en el CR Bierzo, en el que ASAJA seguir\u00e1 defendiendo a los viticultores, contando con una vocal\u00eda.<\/p>\n\n\n\n<p>Donaciano Dujo, presidente de ASAJA Castilla y Le\u00f3n, agradece el apoyo de los viticultores a los vocales presentados por la OPA. \u201cHemos trabajado por una mayor participaci\u00f3n porque es esencial que los viticultores voten para que sus intereses est\u00e9n representados y defendidos en los consejos reguladores. Hay que tener en cuenta que muchas bodegas cuentan con sus propios vi\u00f1edos, por lo que pueden optar tanto al estrato de elaboradores como al de productores, defendiendo intereses cruzados que no son los de los agricultores\u201d.<\/p>\n\n\n\n<p>En total, tienen derecho a voto cerca de 14.000 productores, la mayor\u00eda son propietarios de vi\u00f1edos muy peque\u00f1os y solo una parte son profesionales de la viticultura. Especialmente, desde ASAJA \u201chemos apelado a los profesionales que invierten y se juegan su esfuerzo, dinero y trabajo en la vid, porque tienen que contar con sus propios representantes en los Consejos y no permitir que decidan otros por ellos\u201d.<\/p>\n\n\n\n<p>ASAJA ha estado en muchas de estas denominaciones desde su fundaci\u00f3n, en una apuesta decidida por la calidad y la promoci\u00f3n del sector vitivin\u00edcola de Castilla y Le\u00f3n, una comunidad aut\u00f3noma privilegiada en la que, de las 80.500 hect\u00e1reas de vi\u00f1edo existentes, 56.800 est\u00e1n incluidas en alguna denominaci\u00f3n de calidad.<\/p>\n\n\n\n<p>En este marco, ASAJA considera esencial que en los Consejos Reguladores tenga peso la voz del viticultor, para establecer mecanismos que igualen oferta y demanda y garantice la estabilidad y rentabilidad en el precio de la uva. Tambi\u00e9n es clave que se regulen a\u00f1o a a\u00f1o las plantaciones en cada DO, y que se garantice que se recoja toda la uva de las vi\u00f1as, para lo que cada Consejo debe dictar normas consensuadas con la suficiente antelaci\u00f3n para que se hagan las tareas de aclarado o vendimia pertinentes. Igualmente, la OPA apuestas por campa\u00f1as de promoci\u00f3n tanto dentro como fuera del pa\u00eds para que la demanda sea robusta.<\/p>\n\n\n\n<div class=\"wp-block-image\"><figure class=\"aligncenter size-large\"><img decoding=\"async\" src=\"https:\/\/www.asajacyl.com\/palencia\/wp-content\/uploads\/sites\/3\/2021\/10\/image-3-1.jpg\" alt=\"\" class=\"wp-image-9066\" \/><\/figure><\/div>\n\n\n\n<p>En la provincia de Palencia contamos con superficie en dos Denominaciones de Origen Protegidas, Arlanza y Cigales. En el caso de Arlanza, los municipios que se pueden acoger esta figura de calidad son Baltan\u00e1s, Cobos de Cerrato, Cordovilla la Real, Espinosa de Cerrato, Herrera de Valdeca\u00f1as, Hornillos de Cerrato, Palenzuela, Quintana del Puente, Tabanera de Cerrato, Torquemada, Villah\u00e1n y Villodrigo. En cuanto a Cigales \u00fanicamente puede acogerse el municipio de Due\u00f1as.<\/p>\n","protected":false},"excerpt":{"rendered":"<p>ASAJA ampl\u00eda su presencia con cuatro vocales m\u00e1s en Rueda, donde es la m\u00e1s votada en el sector productor, y mantiene su presencia en Ribera del Duero, Bierzo y Cigales, donde vuelve a arrasar ASAJA ha valorado positivamente los resultados de las elecciones a consejos reguladores del vino, tanto por la mayor participaci\u00f3n de los [&hellip;]<\/p>\n","protected":false},"author":9,"featured_media":1176,"comment_status":"open","ping_status":"open","sticky":false,"template":"","format":"standard","meta":{"footnotes":""},"categories":[9,29,28],"tags":[],"yoast_head":"<!-- This site is optimized with the Yoast SEO plugin v24.5 - https:\/\/yoast.com\/wordpress\/plugins\/seo\/ -->\n<title>Los viticultores respaldan a ASAJA en su defensa del sector productor frente a otros intereses - ASAJA Palencia<\/title>\n<meta name=\"description\" content=\"ASAJA ampl\u00eda su presencia con cuatro vocales m\u00e1s en Rueda, donde es la m\u00e1s votada en el sector productor, y mantiene su presencia en Ribera del Duero,\" \/>\n<meta name=\"robots\" content=\"index, follow, max-snippet:-1, max-image-preview:large, max-video-preview:-1\" \/>\n<link rel=\"canonical\" href=\"https:\/\/www.asajacyl.com\/palencia\/asaja-palencia-informa\/los-viticultores-respaldan-a-asaja-en-su-defensa-del-sector-productor-frente-a-otros-intereses\" \/>\n<meta property=\"og:locale\" content=\"es_ES\" \/>\n<meta property=\"og:type\" content=\"article\" \/>\n<meta property=\"og:title\" content=\"Los viticultores respaldan a ASAJA en su defensa del sector productor frente a otros intereses - ASAJA Palencia\" \/>\n<meta property=\"og:description\" content=\"ASAJA ampl\u00eda su presencia con cuatro vocales m\u00e1s en Rueda, donde es la m\u00e1s votada en el sector productor, y mantiene su presencia en Ribera del Duero,\" \/>\n<meta property=\"og:url\" content=\"https:\/\/www.asajacyl.com\/palencia\/asaja-palencia-informa\/los-viticultores-respaldan-a-asaja-en-su-defensa-del-sector-productor-frente-a-otros-intereses\" \/>\n<meta property=\"og:site_name\" content=\"ASAJA Palencia\" \/>\n<meta property=\"article:published_time\" content=\"2021-11-29T12:33:48+00:00\" \/>\n<meta property=\"article:modified_time\" content=\"2021-11-29T12:33:50+00:00\" \/>\n<meta property=\"og:image\" content=\"https:\/\/www.asajacyl.com\/palencia\/wp-content\/uploads\/sites\/3\/2021\/10\/image-3-1.jpg\" \/>\n\t<meta property=\"og:image:width\" content=\"968\" \/>\n\t<meta property=\"og:image:height\" content=\"726\" \/>\n\t<meta property=\"og:image:type\" content=\"image\/jpeg\" \/>\n<meta name=\"author\" content=\"Administrador\" \/>\n<meta name=\"twitter:card\" content=\"summary_large_image\" \/>\n<meta name=\"twitter:label1\" content=\"Escrito por\" \/>\n\t<meta name=\"twitter:data1\" content=\"Administrador\" \/>\n\t<meta name=\"twitter:label2\" content=\"Tiempo de lectura\" \/>\n\t<meta name=\"twitter:data2\" content=\"3 minutos\" \/>\n<script type=\"application\/ld+json\" class=\"yoast-schema-graph\">{\"@context\":\"https:\/\/schema.org\",\"@graph\":[{\"@type\":\"WebPage\",\"@id\":\"https:\/\/www.asajacyl.com\/palencia\/asaja-palencia-informa\/los-viticultores-respaldan-a-asaja-en-su-defensa-del-sector-productor-frente-a-otros-intereses\",\"url\":\"https:\/\/www.asajacyl.com\/palencia\/asaja-palencia-informa\/los-viticultores-respaldan-a-asaja-en-su-defensa-del-sector-productor-frente-a-otros-intereses\",\"name\":\"Los viticultores respaldan a ASAJA en su defensa del sector productor frente a otros intereses - ASAJA Palencia\",\"isPartOf\":{\"@id\":\"https:\/\/www.asajacyl.com\/palencia\/#website\"},\"primaryImageOfPage\":{\"@id\":\"https:\/\/www.asajacyl.com\/palencia\/asaja-palencia-informa\/los-viticultores-respaldan-a-asaja-en-su-defensa-del-sector-productor-frente-a-otros-intereses#primaryimage\"},\"image\":{\"@id\":\"https:\/\/www.asajacyl.com\/palencia\/asaja-palencia-informa\/los-viticultores-respaldan-a-asaja-en-su-defensa-del-sector-productor-frente-a-otros-intereses#primaryimage\"},\"thumbnailUrl\":\"\",\"datePublished\":\"2021-11-29T12:33:48+00:00\",\"dateModified\":\"2021-11-29T12:33:50+00:00\",\"author\":{\"@id\":\"https:\/\/www.asajacyl.com\/palencia\/#\/schema\/person\/3ab17aeb03527485c317557fae64aab1\"},\"description\":\"ASAJA ampl\u00eda su presencia con cuatro vocales m\u00e1s en Rueda, donde es la m\u00e1s votada en el sector productor, y mantiene su presencia en Ribera del Duero,\",\"breadcrumb\":{\"@id\":\"https:\/\/www.asajacyl.com\/palencia\/asaja-palencia-informa\/los-viticultores-respaldan-a-asaja-en-su-defensa-del-sector-productor-frente-a-otros-intereses#breadcrumb\"},\"inLanguage\":\"es\",\"potentialAction\":[{\"@type\":\"ReadAction\",\"target\":[\"https:\/\/www.asajacyl.com\/palencia\/asaja-palencia-informa\/los-viticultores-respaldan-a-asaja-en-su-defensa-del-sector-productor-frente-a-otros-intereses\"]}]},{\"@type\":\"ImageObject\",\"inLanguage\":\"es\",\"@id\":\"https:\/\/www.asajacyl.com\/palencia\/asaja-palencia-informa\/los-viticultores-respaldan-a-asaja-en-su-defensa-del-sector-productor-frente-a-otros-intereses#primaryimage\",\"url\":\"\",\"contentUrl\":\"\"},{\"@type\":\"BreadcrumbList\",\"@id\":\"https:\/\/www.asajacyl.com\/palencia\/asaja-palencia-informa\/los-viticultores-respaldan-a-asaja-en-su-defensa-del-sector-productor-frente-a-otros-intereses#breadcrumb\",\"itemListElement\":[{\"@type\":\"ListItem\",\"position\":1,\"name\":\"Portada\",\"item\":\"https:\/\/www.asajacyl.com\/palencia\/\"},{\"@type\":\"ListItem\",\"position\":2,\"name\":\"Los viticultores respaldan a ASAJA en su defensa del sector productor frente a otros intereses\"}]},{\"@type\":\"WebSite\",\"@id\":\"https:\/\/www.asajacyl.com\/palencia\/#website\",\"url\":\"https:\/\/www.asajacyl.com\/palencia\/\",\"name\":\"ASAJA Palencia\",\"description\":\"Otro sitio m\u00e1s de Provincias ASAJA Castilla y Le\u00f3n\",\"potentialAction\":[{\"@type\":\"SearchAction\",\"target\":{\"@type\":\"EntryPoint\",\"urlTemplate\":\"https:\/\/www.asajacyl.com\/palencia\/?s={search_term_string}\"},\"query-input\":{\"@type\":\"PropertyValueSpecification\",\"valueRequired\":true,\"valueName\":\"search_term_string\"}}],\"inLanguage\":\"es\"},{\"@type\":\"Person\",\"@id\":\"https:\/\/www.asajacyl.com\/palencia\/#\/schema\/person\/3ab17aeb03527485c317557fae64aab1\",\"name\":\"Administrador\",\"image\":{\"@type\":\"ImageObject\",\"inLanguage\":\"es\",\"@id\":\"https:\/\/www.asajacyl.com\/palencia\/#\/schema\/person\/image\/\",\"url\":\"https:\/\/secure.gravatar.com\/avatar\/517384810d242ca9e38c180f3c9fb973?s=96&d=mm&r=g\",\"contentUrl\":\"https:\/\/secure.gravatar.com\/avatar\/517384810d242ca9e38c180f3c9fb973?s=96&d=mm&r=g\",\"caption\":\"Administrador\"},\"url\":\"https:\/\/www.asajacyl.com\/palencia\/author\/carlosrm\"}]}<\/script>\n<!-- \/ Yoast SEO plugin. -->","yoast_head_json":{"title":"Los viticultores respaldan a ASAJA en su defensa del sector productor frente a otros intereses - ASAJA Palencia","description":"ASAJA ampl\u00eda su presencia con cuatro vocales m\u00e1s en Rueda, donde es la m\u00e1s votada en el sector productor, y mantiene su presencia en Ribera del Duero,","robots":{"index":"index","follow":"follow","max-snippet":"max-snippet:-1","max-image-preview":"max-image-preview:large","max-video-preview":"max-video-preview:-1"},"canonical":"https:\/\/www.asajacyl.com\/palencia\/asaja-palencia-informa\/los-viticultores-respaldan-a-asaja-en-su-defensa-del-sector-productor-frente-a-otros-intereses","og_locale":"es_ES","og_type":"article","og_title":"Los viticultores respaldan a ASAJA en su defensa del sector productor frente a otros intereses - ASAJA Palencia","og_description":"ASAJA ampl\u00eda su presencia con cuatro vocales m\u00e1s en Rueda, donde es la m\u00e1s votada en el sector productor, y mantiene su presencia en Ribera del Duero,","og_url":"https:\/\/www.asajacyl.com\/palencia\/asaja-palencia-informa\/los-viticultores-respaldan-a-asaja-en-su-defensa-del-sector-productor-frente-a-otros-intereses","og_site_name":"ASAJA Palencia","article_published_time":"2021-11-29T12:33:48+00:00","article_modified_time":"2021-11-29T12:33:50+00:00","og_image":[{"width":968,"height":726,"url":"https:\/\/www.asajacyl.com\/palencia\/wp-content\/uploads\/sites\/3\/2021\/10\/image-3-1.jpg","type":"image\/jpeg"}],"author":"Administrador","twitter_card":"summary_large_image","twitter_misc":{"Escrito por":"Administrador","Tiempo de lectura":"3 minutos"},"schema":{"@context":"https:\/\/schema.org","@graph":[{"@type":"WebPage","@id":"https:\/\/www.asajacyl.com\/palencia\/asaja-palencia-informa\/los-viticultores-respaldan-a-asaja-en-su-defensa-del-sector-productor-frente-a-otros-intereses","url":"https:\/\/www.asajacyl.com\/palencia\/asaja-palencia-informa\/los-viticultores-respaldan-a-asaja-en-su-defensa-del-sector-productor-frente-a-otros-intereses","name":"Los viticultores respaldan a ASAJA en su defensa del sector productor frente a otros intereses - ASAJA Palencia","isPartOf":{"@id":"https:\/\/www.asajacyl.com\/palencia\/#website"},"primaryImageOfPage":{"@id":"https:\/\/www.asajacyl.com\/palencia\/asaja-palencia-informa\/los-viticultores-respaldan-a-asaja-en-su-defensa-del-sector-productor-frente-a-otros-intereses#primaryimage"},"image":{"@id":"https:\/\/www.asajacyl.com\/palencia\/asaja-palencia-informa\/los-viticultores-respaldan-a-asaja-en-su-defensa-del-sector-productor-frente-a-otros-intereses#primaryimage"},"thumbnailUrl":"","datePublished":"2021-11-29T12:33:48+00:00","dateModified":"2021-11-29T12:33:50+00:00","author":{"@id":"https:\/\/www.asajacyl.com\/palencia\/#\/schema\/person\/3ab17aeb03527485c317557fae64aab1"},"description":"ASAJA ampl\u00eda su presencia con cuatro vocales m\u00e1s en Rueda, donde es la m\u00e1s votada en el sector productor, y mantiene su presencia en Ribera del Duero,","breadcrumb":{"@id":"https:\/\/www.asajacyl.com\/palencia\/asaja-palencia-informa\/los-viticultores-respaldan-a-asaja-en-su-defensa-del-sector-productor-frente-a-otros-intereses#breadcrumb"},"inLanguage":"es","potentialAction":[{"@type":"ReadAction","target":["https:\/\/www.asajacyl.com\/palencia\/asaja-palencia-informa\/los-viticultores-respaldan-a-asaja-en-su-defensa-del-sector-productor-frente-a-otros-intereses"]}]},{"@type":"ImageObject","inLanguage":"es","@id":"https:\/\/www.asajacyl.com\/palencia\/asaja-palencia-informa\/los-viticultores-respaldan-a-asaja-en-su-defensa-del-sector-productor-frente-a-otros-intereses#primaryimage","url":"","contentUrl":""},{"@type":"BreadcrumbList","@id":"https:\/\/www.asajacyl.com\/palencia\/asaja-palencia-informa\/los-viticultores-respaldan-a-asaja-en-su-defensa-del-sector-productor-frente-a-otros-intereses#breadcrumb","itemListElement":[{"@type":"ListItem","position":1,"name":"Portada","item":"https:\/\/www.asajacyl.com\/palencia\/"},{"@type":"ListItem","position":2,"name":"Los viticultores respaldan a ASAJA en su defensa del sector productor frente a otros intereses"}]},{"@type":"WebSite","@id":"https:\/\/www.asajacyl.com\/palencia\/#website","url":"https:\/\/www.asajacyl.com\/palencia\/","name":"ASAJA Palencia","description":"Otro sitio m\u00e1s de Provincias ASAJA Castilla y Le\u00f3n","potentialAction":[{"@type":"SearchAction","target":{"@type":"EntryPoint","urlTemplate":"https:\/\/www.asajacyl.com\/palencia\/?s={search_term_string}"},"query-input":{"@type":"PropertyValueSpecification","valueRequired":true,"valueName":"search_term_string"}}],"inLanguage":"es"},{"@type":"Person","@id":"https:\/\/www.asajacyl.com\/palencia\/#\/schema\/person\/3ab17aeb03527485c317557fae64aab1","name":"Administrador","image":{"@type":"ImageObject","inLanguage":"es","@id":"https:\/\/www.asajacyl.com\/palencia\/#\/schema\/person\/image\/","url":"https:\/\/secure.gravatar.com\/avatar\/517384810d242ca9e38c180f3c9fb973?s=96&d=mm&r=g","contentUrl":"https:\/\/secure.gravatar.com\/avatar\/517384810d242ca9e38c180f3c9fb973?s=96&d=mm&r=g","caption":"Administrador"},"url":"https:\/\/www.asajacyl.com\/palencia\/author\/carlosrm"}]}},"_links":{"self":[{"href":"https:\/\/www.asajacyl.com\/palencia\/wp-json\/wp\/v2\/posts\/9413"}],"collection":[{"href":"https:\/\/www.asajacyl.com\/palencia\/wp-json\/wp\/v2\/posts"}],"about":[{"href":"https:\/\/www.asajacyl.com\/palencia\/wp-json\/wp\/v2\/types\/post"}],"author":[{"embeddable":true,"href":"https:\/\/www.asajacyl.com\/palencia\/wp-json\/wp\/v2\/users\/9"}],"replies":[{"embeddable":true,"href":"https:\/\/www.asajacyl.com\/palencia\/wp-json\/wp\/v2\/comments?post=9413"}],"version-history":[{"count":1,"href":"https:\/\/www.asajacyl.com\/palencia\/wp-json\/wp\/v2\/posts\/9413\/revisions"}],"predecessor-version":[{"id":9414,"href":"https:\/\/www.asajacyl.com\/palencia\/wp-json\/wp\/v2\/posts\/9413\/revisions\/9414"}],"wp:featuredmedia":[{"embeddable":true,"href":"https:\/\/www.asajacyl.com\/palencia\/wp-json\/"}],"wp:attachment":[{"href":"https:\/\/www.asajacyl.com\/palencia\/wp-json\/wp\/v2\/media?parent=9413"}],"wp:term":[{"taxonomy":"category","embeddable":true,"href":"https:\/\/www.asajacyl.com\/palencia\/wp-json\/wp\/v2\/categories?post=9413"},{"taxonomy":"post_tag","embeddable":true,"href":"https:\/\/www.asajacyl.com\/palencia\/wp-json\/wp\/v2\/tags?post=9413"}],"curies":[{"name":"wp","href":"https:\/\/api.w.org\/{rel}","templated":true}]}}