{"id":9415,"date":"2021-12-07T13:41:00","date_gmt":"2021-12-07T12:41:00","guid":{"rendered":"https:\/\/www.asajacyl.com\/palencia\/?p=9415"},"modified":"2021-12-03T06:22:56","modified_gmt":"2021-12-03T05:22:56","slug":"la-peste-porcina-africana-continua-amenazando-a-la-cabana-de-porcino","status":"publish","type":"post","link":"https:\/\/www.asajacyl.com\/palencia\/asaja-palencia-informa\/la-peste-porcina-africana-continua-amenazando-a-la-cabana-de-porcino","title":{"rendered":"La Peste Porcina Africana contin\u00faa amenazando a la caba\u00f1a de porcino"},"content":{"rendered":"\n<p>La peste porcina africana es una enfermedad v\u00edrica hemorr\u00e1gica altamente contagiosa que afecta a cerdos dom\u00e9sticos y silvestres, ocasionando graves p\u00e9rdidas econ\u00f3micas y productivas. Existen cepas que pueden provocar cuadros agudos o hiperagudos con niveles de mortalidad y morbilidad pr\u00f3ximos al 100%, si bien otras cepas cursan con cuadros cl\u00ednicos sub agudos o incluso cr\u00f3nicos con menor mortalidad. El mayor problema estriba en que, a diferencia de la peste porcina cl\u00e1sica, no hay vacuna para la peste porcina africana (PPA).<\/p>\n\n\n\n<p>Afortunadamente no es contagiosa para el ser humano, siendo sus formas de transmisi\u00f3n las siguientes:<br>\u2022 Contacto directo con cerdos, dom\u00e9sticos o silvestres, infectados<br>\u2022 Contacto indirecto, a trav\u00e9s de la ingesti\u00f3n de material contaminado (por ejemplo, residuos de alimentos, piensos o desechos)<br>\u2022 F\u00f3mites contaminados (ropas o veh\u00edculos de transporte) o vectores biol\u00f3gicos (garrapatas)<\/p>\n\n\n\n<p>La PPA se introdujo en Rusia desde la regi\u00f3n del C\u00e1ucaso en el a\u00f1o 2007, confirm\u00e1ndose finalmente su presencia en otros pa\u00edses de la regi\u00f3n como Ucrania (2012) y Bielorrusia (junio de 2013) que comparten frontera con pa\u00edses de la Uni\u00f3n Europea. Posteriormente, en 2014, dentro de la UE se confirm\u00f3 la presencia del virus de la PPA en jabal\u00edes y\/o en explotaciones de cerdo dom\u00e9stico en Lituania, Letonia, Estonia y Polonia. En 2017 se detect\u00f3 por primera vez la enfermedad en jabal\u00edes en la Rep\u00fablica Checa y en julio en porcino dom\u00e9stico en Ruman\u00eda. En 2018 apareci\u00f3 en jabal\u00edes en Hungr\u00eda y B\u00e9lgica y en cerdo dom\u00e9stico y jabal\u00edes en Bulgaria.<\/p>\n\n\n\n<p>Durante los a\u00f1os 2019 y 2020 y desde comienzos de 2021 ha continuado la misma tendencia que en a\u00f1os anteriores, con un acusado aumento de casos en verano, confirm\u00e1ndose por primera vez a finales de julio de 2019 la presencia de la enfermedad en Eslovaquia y en Serbia, mientras que en 2020 se detect\u00f3 por primera vez en Grecia en cerdo dom\u00e9stico en febrero y en Alemania en jabal\u00ed en el mes de septiembre. En Alemania desde el inicio del brote hasta el 1 de noviembre de 2021 se han notificado un total de 2.334 focos en jabal\u00edes (403 en 2020 y 1.931 en 2021), todos ellos localizados en la zona este del pa\u00eds, pr\u00f3ximos a la frontera con Polonia.<\/p>\n\n\n\n<p>El principal peligro de que pueda entrar en Espa\u00f1a es a trav\u00e9s de trofeos de caza o por traer productos de las piezas abatidas o material contaminado (ropas, utensilios y veh\u00edculos) sin desinfectar. Tambi\u00e9n por traer carne de cerdo contaminada de otros pa\u00edses.<br>Por todo ello es muy importante que extrememos las medidas de prevenci\u00f3n y bioseguridad en las explotaciones.<\/p>\n\n\n\n<div class=\"wp-block-image\"><figure class=\"aligncenter size-large is-resized\"><img loading=\"lazy\" decoding=\"async\" src=\"https:\/\/www.asajacyl.com\/palencia\/wp-content\/uploads\/sites\/3\/2021\/11\/image009-730x1024.jpg\" alt=\"\" class=\"wp-image-9416\" width=\"988\" height=\"1386\" srcset=\"https:\/\/www.asajacyl.com\/palencia\/wp-content\/uploads\/sites\/3\/2021\/11\/image009-730x1024.jpg 730w, https:\/\/www.asajacyl.com\/palencia\/wp-content\/uploads\/sites\/3\/2021\/11\/image009-214x300.jpg 214w, https:\/\/www.asajacyl.com\/palencia\/wp-content\/uploads\/sites\/3\/2021\/11\/image009-768x1078.jpg 768w, https:\/\/www.asajacyl.com\/palencia\/wp-content\/uploads\/sites\/3\/2021\/11\/image009-696x977.jpg 696w, https:\/\/www.asajacyl.com\/palencia\/wp-content\/uploads\/sites\/3\/2021\/11\/image009-299x420.jpg 299w, https:\/\/www.asajacyl.com\/palencia\/wp-content\/uploads\/sites\/3\/2021\/11\/image009.jpg 816w\" sizes=\"(max-width: 988px) 100vw, 988px\" \/><\/figure><\/div>\n","protected":false},"excerpt":{"rendered":"<p>La peste porcina africana es una enfermedad v\u00edrica hemorr\u00e1gica altamente contagiosa que afecta a cerdos dom\u00e9sticos y silvestres, ocasionando graves p\u00e9rdidas econ\u00f3micas y productivas. Existen cepas que pueden provocar cuadros agudos o hiperagudos con niveles de mortalidad y morbilidad pr\u00f3ximos al 100%, si bien otras cepas cursan con cuadros cl\u00ednicos sub agudos o incluso cr\u00f3nicos [&hellip;]<\/p>\n","protected":false},"author":9,"featured_media":9416,"comment_status":"open","ping_status":"open","sticky":false,"template":"","format":"standard","meta":{"footnotes":""},"categories":[9,29,28],"tags":[],"yoast_head":"<!-- This site is optimized with the Yoast SEO plugin v24.5 - https:\/\/yoast.com\/wordpress\/plugins\/seo\/ -->\n<title>La Peste Porcina Africana contin\u00faa amenazando a la caba\u00f1a de porcino - ASAJA Palencia<\/title>\n<meta name=\"description\" content=\"La peste porcina africana es una enfermedad v\u00edrica hemorr\u00e1gica altamente contagiosa que afecta a cerdos dom\u00e9sticos y silvestres, ocasionando graves\" \/>\n<meta name=\"robots\" content=\"index, follow, max-snippet:-1, max-image-preview:large, max-video-preview:-1\" \/>\n<link rel=\"canonical\" href=\"https:\/\/www.asajacyl.com\/palencia\/asaja-palencia-informa\/la-peste-porcina-africana-continua-amenazando-a-la-cabana-de-porcino\" \/>\n<meta property=\"og:locale\" content=\"es_ES\" \/>\n<meta property=\"og:type\" content=\"article\" \/>\n<meta property=\"og:title\" content=\"La Peste Porcina Africana contin\u00faa amenazando a la caba\u00f1a de porcino - ASAJA Palencia\" \/>\n<meta property=\"og:description\" content=\"La peste porcina africana es una enfermedad v\u00edrica hemorr\u00e1gica altamente contagiosa que afecta a cerdos dom\u00e9sticos y silvestres, ocasionando graves\" \/>\n<meta property=\"og:url\" content=\"https:\/\/www.asajacyl.com\/palencia\/asaja-palencia-informa\/la-peste-porcina-africana-continua-amenazando-a-la-cabana-de-porcino\" \/>\n<meta property=\"og:site_name\" content=\"ASAJA Palencia\" \/>\n<meta property=\"article:published_time\" content=\"2021-12-07T12:41:00+00:00\" \/>\n<meta property=\"og:image\" content=\"https:\/\/www.asajacyl.com\/palencia\/wp-content\/uploads\/sites\/3\/2021\/11\/image009.jpg\" \/>\n\t<meta property=\"og:image:width\" content=\"816\" \/>\n\t<meta property=\"og:image:height\" content=\"1145\" \/>\n\t<meta property=\"og:image:type\" content=\"image\/jpeg\" \/>\n<meta name=\"author\" content=\"Administrador\" \/>\n<meta name=\"twitter:card\" content=\"summary_large_image\" \/>\n<meta name=\"twitter:label1\" content=\"Escrito por\" \/>\n\t<meta name=\"twitter:data1\" content=\"Administrador\" \/>\n\t<meta name=\"twitter:label2\" content=\"Tiempo de lectura\" \/>\n\t<meta name=\"twitter:data2\" content=\"3 minutos\" \/>\n<script type=\"application\/ld+json\" class=\"yoast-schema-graph\">{\"@context\":\"https:\/\/schema.org\",\"@graph\":[{\"@type\":\"WebPage\",\"@id\":\"https:\/\/www.asajacyl.com\/palencia\/asaja-palencia-informa\/la-peste-porcina-africana-continua-amenazando-a-la-cabana-de-porcino\",\"url\":\"https:\/\/www.asajacyl.com\/palencia\/asaja-palencia-informa\/la-peste-porcina-africana-continua-amenazando-a-la-cabana-de-porcino\",\"name\":\"La Peste Porcina Africana contin\u00faa amenazando a la caba\u00f1a de porcino - ASAJA Palencia\",\"isPartOf\":{\"@id\":\"https:\/\/www.asajacyl.com\/palencia\/#website\"},\"primaryImageOfPage\":{\"@id\":\"https:\/\/www.asajacyl.com\/palencia\/asaja-palencia-informa\/la-peste-porcina-africana-continua-amenazando-a-la-cabana-de-porcino#primaryimage\"},\"image\":{\"@id\":\"https:\/\/www.asajacyl.com\/palencia\/asaja-palencia-informa\/la-peste-porcina-africana-continua-amenazando-a-la-cabana-de-porcino#primaryimage\"},\"thumbnailUrl\":\"https:\/\/www.asajacyl.com\/palencia\/wp-content\/uploads\/sites\/3\/2021\/11\/image009.jpg\",\"datePublished\":\"2021-12-07T12:41:00+00:00\",\"author\":{\"@id\":\"https:\/\/www.asajacyl.com\/palencia\/#\/schema\/person\/3ab17aeb03527485c317557fae64aab1\"},\"description\":\"La peste porcina africana es una enfermedad v\u00edrica hemorr\u00e1gica altamente contagiosa que afecta a cerdos dom\u00e9sticos y silvestres, ocasionando graves\",\"breadcrumb\":{\"@id\":\"https:\/\/www.asajacyl.com\/palencia\/asaja-palencia-informa\/la-peste-porcina-africana-continua-amenazando-a-la-cabana-de-porcino#breadcrumb\"},\"inLanguage\":\"es\",\"potentialAction\":[{\"@type\":\"ReadAction\",\"target\":[\"https:\/\/www.asajacyl.com\/palencia\/asaja-palencia-informa\/la-peste-porcina-africana-continua-amenazando-a-la-cabana-de-porcino\"]}]},{\"@type\":\"ImageObject\",\"inLanguage\":\"es\",\"@id\":\"https:\/\/www.asajacyl.com\/palencia\/asaja-palencia-informa\/la-peste-porcina-africana-continua-amenazando-a-la-cabana-de-porcino#primaryimage\",\"url\":\"https:\/\/www.asajacyl.com\/palencia\/wp-content\/uploads\/sites\/3\/2021\/11\/image009.jpg\",\"contentUrl\":\"https:\/\/www.asajacyl.com\/palencia\/wp-content\/uploads\/sites\/3\/2021\/11\/image009.jpg\",\"width\":816,\"height\":1145},{\"@type\":\"BreadcrumbList\",\"@id\":\"https:\/\/www.asajacyl.com\/palencia\/asaja-palencia-informa\/la-peste-porcina-africana-continua-amenazando-a-la-cabana-de-porcino#breadcrumb\",\"itemListElement\":[{\"@type\":\"ListItem\",\"position\":1,\"name\":\"Portada\",\"item\":\"https:\/\/www.asajacyl.com\/palencia\/\"},{\"@type\":\"ListItem\",\"position\":2,\"name\":\"La Peste Porcina Africana contin\u00faa amenazando a la caba\u00f1a de porcino\"}]},{\"@type\":\"WebSite\",\"@id\":\"https:\/\/www.asajacyl.com\/palencia\/#website\",\"url\":\"https:\/\/www.asajacyl.com\/palencia\/\",\"name\":\"ASAJA Palencia\",\"description\":\"Otro sitio m\u00e1s de Provincias ASAJA Castilla y Le\u00f3n\",\"potentialAction\":[{\"@type\":\"SearchAction\",\"target\":{\"@type\":\"EntryPoint\",\"urlTemplate\":\"https:\/\/www.asajacyl.com\/palencia\/?s={search_term_string}\"},\"query-input\":{\"@type\":\"PropertyValueSpecification\",\"valueRequired\":true,\"valueName\":\"search_term_string\"}}],\"inLanguage\":\"es\"},{\"@type\":\"Person\",\"@id\":\"https:\/\/www.asajacyl.com\/palencia\/#\/schema\/person\/3ab17aeb03527485c317557fae64aab1\",\"name\":\"Administrador\",\"image\":{\"@type\":\"ImageObject\",\"inLanguage\":\"es\",\"@id\":\"https:\/\/www.asajacyl.com\/palencia\/#\/schema\/person\/image\/\",\"url\":\"https:\/\/secure.gravatar.com\/avatar\/517384810d242ca9e38c180f3c9fb973?s=96&d=mm&r=g\",\"contentUrl\":\"https:\/\/secure.gravatar.com\/avatar\/517384810d242ca9e38c180f3c9fb973?s=96&d=mm&r=g\",\"caption\":\"Administrador\"},\"url\":\"https:\/\/www.asajacyl.com\/palencia\/author\/carlosrm\"}]}<\/script>\n<!-- \/ Yoast SEO plugin. -->","yoast_head_json":{"title":"La Peste Porcina Africana contin\u00faa amenazando a la caba\u00f1a de porcino - ASAJA Palencia","description":"La peste porcina africana es una enfermedad v\u00edrica hemorr\u00e1gica altamente contagiosa que afecta a cerdos dom\u00e9sticos y silvestres, ocasionando graves","robots":{"index":"index","follow":"follow","max-snippet":"max-snippet:-1","max-image-preview":"max-image-preview:large","max-video-preview":"max-video-preview:-1"},"canonical":"https:\/\/www.asajacyl.com\/palencia\/asaja-palencia-informa\/la-peste-porcina-africana-continua-amenazando-a-la-cabana-de-porcino","og_locale":"es_ES","og_type":"article","og_title":"La Peste Porcina Africana contin\u00faa amenazando a la caba\u00f1a de porcino - ASAJA Palencia","og_description":"La peste porcina africana es una enfermedad v\u00edrica hemorr\u00e1gica altamente contagiosa que afecta a cerdos dom\u00e9sticos y silvestres, ocasionando graves","og_url":"https:\/\/www.asajacyl.com\/palencia\/asaja-palencia-informa\/la-peste-porcina-africana-continua-amenazando-a-la-cabana-de-porcino","og_site_name":"ASAJA Palencia","article_published_time":"2021-12-07T12:41:00+00:00","og_image":[{"width":816,"height":1145,"url":"https:\/\/www.asajacyl.com\/palencia\/wp-content\/uploads\/sites\/3\/2021\/11\/image009.jpg","type":"image\/jpeg"}],"author":"Administrador","twitter_card":"summary_large_image","twitter_misc":{"Escrito por":"Administrador","Tiempo de lectura":"3 minutos"},"schema":{"@context":"https:\/\/schema.org","@graph":[{"@type":"WebPage","@id":"https:\/\/www.asajacyl.com\/palencia\/asaja-palencia-informa\/la-peste-porcina-africana-continua-amenazando-a-la-cabana-de-porcino","url":"https:\/\/www.asajacyl.com\/palencia\/asaja-palencia-informa\/la-peste-porcina-africana-continua-amenazando-a-la-cabana-de-porcino","name":"La Peste Porcina Africana contin\u00faa amenazando a la caba\u00f1a de porcino - ASAJA Palencia","isPartOf":{"@id":"https:\/\/www.asajacyl.com\/palencia\/#website"},"primaryImageOfPage":{"@id":"https:\/\/www.asajacyl.com\/palencia\/asaja-palencia-informa\/la-peste-porcina-africana-continua-amenazando-a-la-cabana-de-porcino#primaryimage"},"image":{"@id":"https:\/\/www.asajacyl.com\/palencia\/asaja-palencia-informa\/la-peste-porcina-africana-continua-amenazando-a-la-cabana-de-porcino#primaryimage"},"thumbnailUrl":"https:\/\/www.asajacyl.com\/palencia\/wp-content\/uploads\/sites\/3\/2021\/11\/image009.jpg","datePublished":"2021-12-07T12:41:00+00:00","author":{"@id":"https:\/\/www.asajacyl.com\/palencia\/#\/schema\/person\/3ab17aeb03527485c317557fae64aab1"},"description":"La peste porcina africana es una enfermedad v\u00edrica hemorr\u00e1gica altamente contagiosa que afecta a cerdos dom\u00e9sticos y silvestres, ocasionando graves","breadcrumb":{"@id":"https:\/\/www.asajacyl.com\/palencia\/asaja-palencia-informa\/la-peste-porcina-africana-continua-amenazando-a-la-cabana-de-porcino#breadcrumb"},"inLanguage":"es","potentialAction":[{"@type":"ReadAction","target":["https:\/\/www.asajacyl.com\/palencia\/asaja-palencia-informa\/la-peste-porcina-africana-continua-amenazando-a-la-cabana-de-porcino"]}]},{"@type":"ImageObject","inLanguage":"es","@id":"https:\/\/www.asajacyl.com\/palencia\/asaja-palencia-informa\/la-peste-porcina-africana-continua-amenazando-a-la-cabana-de-porcino#primaryimage","url":"https:\/\/www.asajacyl.com\/palencia\/wp-content\/uploads\/sites\/3\/2021\/11\/image009.jpg","contentUrl":"https:\/\/www.asajacyl.com\/palencia\/wp-content\/uploads\/sites\/3\/2021\/11\/image009.jpg","width":816,"height":1145},{"@type":"BreadcrumbList","@id":"https:\/\/www.asajacyl.com\/palencia\/asaja-palencia-informa\/la-peste-porcina-africana-continua-amenazando-a-la-cabana-de-porcino#breadcrumb","itemListElement":[{"@type":"ListItem","position":1,"name":"Portada","item":"https:\/\/www.asajacyl.com\/palencia\/"},{"@type":"ListItem","position":2,"name":"La Peste Porcina Africana contin\u00faa amenazando a la caba\u00f1a de porcino"}]},{"@type":"WebSite","@id":"https:\/\/www.asajacyl.com\/palencia\/#website","url":"https:\/\/www.asajacyl.com\/palencia\/","name":"ASAJA Palencia","description":"Otro sitio m\u00e1s de Provincias ASAJA Castilla y Le\u00f3n","potentialAction":[{"@type":"SearchAction","target":{"@type":"EntryPoint","urlTemplate":"https:\/\/www.asajacyl.com\/palencia\/?s={search_term_string}"},"query-input":{"@type":"PropertyValueSpecification","valueRequired":true,"valueName":"search_term_string"}}],"inLanguage":"es"},{"@type":"Person","@id":"https:\/\/www.asajacyl.com\/palencia\/#\/schema\/person\/3ab17aeb03527485c317557fae64aab1","name":"Administrador","image":{"@type":"ImageObject","inLanguage":"es","@id":"https:\/\/www.asajacyl.com\/palencia\/#\/schema\/person\/image\/","url":"https:\/\/secure.gravatar.com\/avatar\/517384810d242ca9e38c180f3c9fb973?s=96&d=mm&r=g","contentUrl":"https:\/\/secure.gravatar.com\/avatar\/517384810d242ca9e38c180f3c9fb973?s=96&d=mm&r=g","caption":"Administrador"},"url":"https:\/\/www.asajacyl.com\/palencia\/author\/carlosrm"}]}},"_links":{"self":[{"href":"https:\/\/www.asajacyl.com\/palencia\/wp-json\/wp\/v2\/posts\/9415"}],"collection":[{"href":"https:\/\/www.asajacyl.com\/palencia\/wp-json\/wp\/v2\/posts"}],"about":[{"href":"https:\/\/www.asajacyl.com\/palencia\/wp-json\/wp\/v2\/types\/post"}],"author":[{"embeddable":true,"href":"https:\/\/www.asajacyl.com\/palencia\/wp-json\/wp\/v2\/users\/9"}],"replies":[{"embeddable":true,"href":"https:\/\/www.asajacyl.com\/palencia\/wp-json\/wp\/v2\/comments?post=9415"}],"version-history":[{"count":1,"href":"https:\/\/www.asajacyl.com\/palencia\/wp-json\/wp\/v2\/posts\/9415\/revisions"}],"predecessor-version":[{"id":9417,"href":"https:\/\/www.asajacyl.com\/palencia\/wp-json\/wp\/v2\/posts\/9415\/revisions\/9417"}],"wp:featuredmedia":[{"embeddable":true,"href":"https:\/\/www.asajacyl.com\/palencia\/wp-json\/wp\/v2\/media\/9416"}],"wp:attachment":[{"href":"https:\/\/www.asajacyl.com\/palencia\/wp-json\/wp\/v2\/media?parent=9415"}],"wp:term":[{"taxonomy":"category","embeddable":true,"href":"https:\/\/www.asajacyl.com\/palencia\/wp-json\/wp\/v2\/categories?post=9415"},{"taxonomy":"post_tag","embeddable":true,"href":"https:\/\/www.asajacyl.com\/palencia\/wp-json\/wp\/v2\/tags?post=9415"}],"curies":[{"name":"wp","href":"https:\/\/api.w.org\/{rel}","templated":true}]}}