{"id":9418,"date":"2021-11-29T18:15:03","date_gmt":"2021-11-29T17:15:03","guid":{"rendered":"https:\/\/www.asajacyl.com\/palencia\/?p=9418"},"modified":"2021-11-29T18:18:43","modified_gmt":"2021-11-29T17:18:43","slug":"asaja-y-la-alianza-continuan-su-campana-de-protestas-reclamando-precios-justos-para-los-ganaderos-de-leche-con-un-acto-en-leon-el-proximo-13-de-diciembre","status":"publish","type":"post","link":"https:\/\/www.asajacyl.com\/palencia\/asaja-palencia-informa\/asaja-y-la-alianza-continuan-su-campana-de-protestas-reclamando-precios-justos-para-los-ganaderos-de-leche-con-un-acto-en-leon-el-proximo-13-de-diciembre","title":{"rendered":"ASAJA y la Alianza contin\u00faan su campa\u00f1a de protestas reclamando precios justos para los ganaderos de leche con un acto en Le\u00f3n el pr\u00f3ximo 13 de diciembre"},"content":{"rendered":"\n<p><strong><em>ASAJA y la ALIANZA UPA-COAG contin\u00faan su campa\u00f1a de movilizaci\u00f3n en unidad de acci\u00f3n en defensa de los ganaderos de vacuno de leche de la regi\u00f3n. El pr\u00f3ximo acto de protesta se realizar\u00e1 el d\u00eda 13 de diciembre frente a las puertas de la f\u00e1brica Lactiber en Le\u00f3n.<\/em><\/strong><\/p>\n\n\n\n<p>Esta concentraci\u00f3n se enmarca dentro del calendario de actuaciones cada vez m\u00e1s contundentes que estamos dispuestos a desarrollar si no se revierte la situaci\u00f3n de crisis de precios en origen que convierte la situaci\u00f3n en insostenible y l\u00edmite para los ganaderos. Reivindicamos ante la industria, la distribuci\u00f3n y el ministerio de Agricultura precios que cubran los costes de producci\u00f3n ante las fuertes subidas de costes que el ganadero est\u00e1 experimentando, situadas entre los 5 y 7 c\u00e9ntimos\/litro.<\/p>\n\n\n\n<p>ASAJA y la ALIANZA UPA-COAG acusan a las empresas l\u00e1cteas de bloquear una mejora del precio de la leche en origen, obteniendo para ellas una gran rentabilidad econ\u00f3mica mientras arruinan a los ganaderos a trav\u00e9s de unos precios miserables.<\/p>\n\n\n\n<p>Ambas organizaciones agrarias denuncian el incremento desorbitado de precios en la alimentaci\u00f3n del ganado y de la energ\u00eda y combustible, sin que los productores puedan trasladar esa subida a los precios que ellos perciben por un producto de primera necesidad y calidad.<\/p>\n\n\n\n<p>Esta situaci\u00f3n l\u00edmite provoca que, si de media una explotaci\u00f3n ganadera de Castilla y Le\u00f3n est\u00e1 cobrando por la leche en torno a 33\/34 c\u00e9ntimos por litro, tiene que pagar 39 c\u00e9ntimos para producirla y mantener su actividad.<\/p>\n\n\n\n<p>El acto del pr\u00f3ximo 13 de diciembre en Le\u00f3n ser\u00e1 el tercero que realizan ASAJA y la ALIANZA UPA-COAG en los \u00faltimos meses en la regi\u00f3n, tras los del 20 de agosto en las calles de Valladolid y el del pasado 9 de noviembre frente a la f\u00e1brica de Lactalis en Zamora, que han permitido trasladar a la sociedad castellanoleonesa la lucha de los ganaderos de Castilla y Le\u00f3n por un precio justo para la leche que producen y por la dignidad de este sector.<\/p>\n\n\n\n<figure class=\"wp-block-image size-large\"><img loading=\"lazy\" decoding=\"async\" width=\"1024\" height=\"768\" src=\"https:\/\/www.asajacyl.com\/palencia\/wp-content\/uploads\/sites\/3\/2021\/11\/IMG_5641-1024x768.jpg\" alt=\"\" class=\"wp-image-9241\" srcset=\"https:\/\/www.asajacyl.com\/palencia\/wp-content\/uploads\/sites\/3\/2021\/11\/IMG_5641-1024x768.jpg 1024w, https:\/\/www.asajacyl.com\/palencia\/wp-content\/uploads\/sites\/3\/2021\/11\/IMG_5641-300x225.jpg 300w, https:\/\/www.asajacyl.com\/palencia\/wp-content\/uploads\/sites\/3\/2021\/11\/IMG_5641-768x576.jpg 768w, https:\/\/www.asajacyl.com\/palencia\/wp-content\/uploads\/sites\/3\/2021\/11\/IMG_5641-1536x1152.jpg 1536w, https:\/\/www.asajacyl.com\/palencia\/wp-content\/uploads\/sites\/3\/2021\/11\/IMG_5641-696x522.jpg 696w, https:\/\/www.asajacyl.com\/palencia\/wp-content\/uploads\/sites\/3\/2021\/11\/IMG_5641-1068x801.jpg 1068w, https:\/\/www.asajacyl.com\/palencia\/wp-content\/uploads\/sites\/3\/2021\/11\/IMG_5641-1920x1440.jpg 1920w, https:\/\/www.asajacyl.com\/palencia\/wp-content\/uploads\/sites\/3\/2021\/11\/IMG_5641-560x420.jpg 560w, https:\/\/www.asajacyl.com\/palencia\/wp-content\/uploads\/sites\/3\/2021\/11\/IMG_5641-80x60.jpg 80w, https:\/\/www.asajacyl.com\/palencia\/wp-content\/uploads\/sites\/3\/2021\/11\/IMG_5641.jpg 2016w\" sizes=\"(max-width: 1024px) 100vw, 1024px\" \/><figcaption>Varios ganaderos palentinos a las puertas de la industria l\u00e1ctea Lactalis de Zamora<\/figcaption><\/figure>\n","protected":false},"excerpt":{"rendered":"<p>ASAJA y la ALIANZA UPA-COAG contin\u00faan su campa\u00f1a de movilizaci\u00f3n en unidad de acci\u00f3n en defensa de los ganaderos de vacuno de leche de la regi\u00f3n. El pr\u00f3ximo acto de protesta se realizar\u00e1 el d\u00eda 13 de diciembre frente a las puertas de la f\u00e1brica Lactiber en Le\u00f3n. Esta concentraci\u00f3n se enmarca dentro del calendario [&hellip;]<\/p>\n","protected":false},"author":9,"featured_media":9241,"comment_status":"open","ping_status":"open","sticky":false,"template":"","format":"standard","meta":{"footnotes":""},"categories":[9,29,28],"tags":[],"yoast_head":"<!-- This site is optimized with the Yoast SEO plugin v24.5 - https:\/\/yoast.com\/wordpress\/plugins\/seo\/ -->\n<title>ASAJA y la Alianza contin\u00faan su campa\u00f1a de protestas reclamando precios justos para los ganaderos de leche con un acto en Le\u00f3n el pr\u00f3ximo 13 de diciembre - ASAJA Palencia<\/title>\n<meta name=\"description\" content=\"ASAJA y la ALIANZA UPA-COAG contin\u00faan su campa\u00f1a de movilizaci\u00f3n en unidad de acci\u00f3n en defensa de los ganaderos de vacuno de leche de la regi\u00f3n. El\" \/>\n<meta name=\"robots\" content=\"index, follow, max-snippet:-1, max-image-preview:large, max-video-preview:-1\" \/>\n<link rel=\"canonical\" href=\"https:\/\/www.asajacyl.com\/palencia\/asaja-palencia-informa\/asaja-y-la-alianza-continuan-su-campana-de-protestas-reclamando-precios-justos-para-los-ganaderos-de-leche-con-un-acto-en-leon-el-proximo-13-de-diciembre\" \/>\n<meta property=\"og:locale\" content=\"es_ES\" \/>\n<meta property=\"og:type\" content=\"article\" \/>\n<meta property=\"og:title\" content=\"ASAJA y la Alianza contin\u00faan su campa\u00f1a de protestas reclamando precios justos para los ganaderos de leche con un acto en Le\u00f3n el pr\u00f3ximo 13 de diciembre - ASAJA Palencia\" \/>\n<meta property=\"og:description\" content=\"ASAJA y la ALIANZA UPA-COAG contin\u00faan su campa\u00f1a de movilizaci\u00f3n en unidad de acci\u00f3n en defensa de los ganaderos de vacuno de leche de la regi\u00f3n. El\" \/>\n<meta property=\"og:url\" content=\"https:\/\/www.asajacyl.com\/palencia\/asaja-palencia-informa\/asaja-y-la-alianza-continuan-su-campana-de-protestas-reclamando-precios-justos-para-los-ganaderos-de-leche-con-un-acto-en-leon-el-proximo-13-de-diciembre\" \/>\n<meta property=\"og:site_name\" content=\"ASAJA Palencia\" \/>\n<meta property=\"article:published_time\" content=\"2021-11-29T17:15:03+00:00\" \/>\n<meta property=\"article:modified_time\" content=\"2021-11-29T17:18:43+00:00\" \/>\n<meta property=\"og:image\" content=\"https:\/\/www.asajacyl.com\/palencia\/wp-content\/uploads\/sites\/3\/2021\/11\/IMG_5641.jpg\" \/>\n\t<meta property=\"og:image:width\" content=\"2016\" \/>\n\t<meta property=\"og:image:height\" content=\"1512\" \/>\n\t<meta property=\"og:image:type\" content=\"image\/jpeg\" \/>\n<meta name=\"author\" content=\"Administrador\" \/>\n<meta name=\"twitter:card\" content=\"summary_large_image\" \/>\n<meta name=\"twitter:label1\" content=\"Escrito por\" \/>\n\t<meta name=\"twitter:data1\" content=\"Administrador\" \/>\n\t<meta name=\"twitter:label2\" content=\"Tiempo de lectura\" \/>\n\t<meta name=\"twitter:data2\" content=\"2 minutos\" \/>\n<script type=\"application\/ld+json\" class=\"yoast-schema-graph\">{\"@context\":\"https:\/\/schema.org\",\"@graph\":[{\"@type\":\"WebPage\",\"@id\":\"https:\/\/www.asajacyl.com\/palencia\/asaja-palencia-informa\/asaja-y-la-alianza-continuan-su-campana-de-protestas-reclamando-precios-justos-para-los-ganaderos-de-leche-con-un-acto-en-leon-el-proximo-13-de-diciembre\",\"url\":\"https:\/\/www.asajacyl.com\/palencia\/asaja-palencia-informa\/asaja-y-la-alianza-continuan-su-campana-de-protestas-reclamando-precios-justos-para-los-ganaderos-de-leche-con-un-acto-en-leon-el-proximo-13-de-diciembre\",\"name\":\"ASAJA y la Alianza contin\u00faan su campa\u00f1a de protestas reclamando precios justos para los ganaderos de leche con un acto en Le\u00f3n el pr\u00f3ximo 13 de diciembre - ASAJA Palencia\",\"isPartOf\":{\"@id\":\"https:\/\/www.asajacyl.com\/palencia\/#website\"},\"primaryImageOfPage\":{\"@id\":\"https:\/\/www.asajacyl.com\/palencia\/asaja-palencia-informa\/asaja-y-la-alianza-continuan-su-campana-de-protestas-reclamando-precios-justos-para-los-ganaderos-de-leche-con-un-acto-en-leon-el-proximo-13-de-diciembre#primaryimage\"},\"image\":{\"@id\":\"https:\/\/www.asajacyl.com\/palencia\/asaja-palencia-informa\/asaja-y-la-alianza-continuan-su-campana-de-protestas-reclamando-precios-justos-para-los-ganaderos-de-leche-con-un-acto-en-leon-el-proximo-13-de-diciembre#primaryimage\"},\"thumbnailUrl\":\"https:\/\/www.asajacyl.com\/palencia\/wp-content\/uploads\/sites\/3\/2021\/11\/IMG_5641.jpg\",\"datePublished\":\"2021-11-29T17:15:03+00:00\",\"dateModified\":\"2021-11-29T17:18:43+00:00\",\"author\":{\"@id\":\"https:\/\/www.asajacyl.com\/palencia\/#\/schema\/person\/3ab17aeb03527485c317557fae64aab1\"},\"description\":\"ASAJA y la ALIANZA UPA-COAG contin\u00faan su campa\u00f1a de movilizaci\u00f3n en unidad de acci\u00f3n en defensa de los ganaderos de vacuno de leche de la regi\u00f3n. El\",\"breadcrumb\":{\"@id\":\"https:\/\/www.asajacyl.com\/palencia\/asaja-palencia-informa\/asaja-y-la-alianza-continuan-su-campana-de-protestas-reclamando-precios-justos-para-los-ganaderos-de-leche-con-un-acto-en-leon-el-proximo-13-de-diciembre#breadcrumb\"},\"inLanguage\":\"es\",\"potentialAction\":[{\"@type\":\"ReadAction\",\"target\":[\"https:\/\/www.asajacyl.com\/palencia\/asaja-palencia-informa\/asaja-y-la-alianza-continuan-su-campana-de-protestas-reclamando-precios-justos-para-los-ganaderos-de-leche-con-un-acto-en-leon-el-proximo-13-de-diciembre\"]}]},{\"@type\":\"ImageObject\",\"inLanguage\":\"es\",\"@id\":\"https:\/\/www.asajacyl.com\/palencia\/asaja-palencia-informa\/asaja-y-la-alianza-continuan-su-campana-de-protestas-reclamando-precios-justos-para-los-ganaderos-de-leche-con-un-acto-en-leon-el-proximo-13-de-diciembre#primaryimage\",\"url\":\"https:\/\/www.asajacyl.com\/palencia\/wp-content\/uploads\/sites\/3\/2021\/11\/IMG_5641.jpg\",\"contentUrl\":\"https:\/\/www.asajacyl.com\/palencia\/wp-content\/uploads\/sites\/3\/2021\/11\/IMG_5641.jpg\",\"width\":2016,\"height\":1512},{\"@type\":\"BreadcrumbList\",\"@id\":\"https:\/\/www.asajacyl.com\/palencia\/asaja-palencia-informa\/asaja-y-la-alianza-continuan-su-campana-de-protestas-reclamando-precios-justos-para-los-ganaderos-de-leche-con-un-acto-en-leon-el-proximo-13-de-diciembre#breadcrumb\",\"itemListElement\":[{\"@type\":\"ListItem\",\"position\":1,\"name\":\"Portada\",\"item\":\"https:\/\/www.asajacyl.com\/palencia\/\"},{\"@type\":\"ListItem\",\"position\":2,\"name\":\"ASAJA y la Alianza contin\u00faan su campa\u00f1a de protestas reclamando precios justos para los ganaderos de leche con un acto en Le\u00f3n el pr\u00f3ximo 13 de diciembre\"}]},{\"@type\":\"WebSite\",\"@id\":\"https:\/\/www.asajacyl.com\/palencia\/#website\",\"url\":\"https:\/\/www.asajacyl.com\/palencia\/\",\"name\":\"ASAJA Palencia\",\"description\":\"Otro sitio m\u00e1s de Provincias ASAJA Castilla y Le\u00f3n\",\"potentialAction\":[{\"@type\":\"SearchAction\",\"target\":{\"@type\":\"EntryPoint\",\"urlTemplate\":\"https:\/\/www.asajacyl.com\/palencia\/?s={search_term_string}\"},\"query-input\":{\"@type\":\"PropertyValueSpecification\",\"valueRequired\":true,\"valueName\":\"search_term_string\"}}],\"inLanguage\":\"es\"},{\"@type\":\"Person\",\"@id\":\"https:\/\/www.asajacyl.com\/palencia\/#\/schema\/person\/3ab17aeb03527485c317557fae64aab1\",\"name\":\"Administrador\",\"image\":{\"@type\":\"ImageObject\",\"inLanguage\":\"es\",\"@id\":\"https:\/\/www.asajacyl.com\/palencia\/#\/schema\/person\/image\/\",\"url\":\"https:\/\/secure.gravatar.com\/avatar\/517384810d242ca9e38c180f3c9fb973?s=96&d=mm&r=g\",\"contentUrl\":\"https:\/\/secure.gravatar.com\/avatar\/517384810d242ca9e38c180f3c9fb973?s=96&d=mm&r=g\",\"caption\":\"Administrador\"},\"url\":\"https:\/\/www.asajacyl.com\/palencia\/author\/carlosrm\"}]}<\/script>\n<!-- \/ Yoast SEO plugin. -->","yoast_head_json":{"title":"ASAJA y la Alianza contin\u00faan su campa\u00f1a de protestas reclamando precios justos para los ganaderos de leche con un acto en Le\u00f3n el pr\u00f3ximo 13 de diciembre - ASAJA Palencia","description":"ASAJA y la ALIANZA UPA-COAG contin\u00faan su campa\u00f1a de movilizaci\u00f3n en unidad de acci\u00f3n en defensa de los ganaderos de vacuno de leche de la regi\u00f3n. El","robots":{"index":"index","follow":"follow","max-snippet":"max-snippet:-1","max-image-preview":"max-image-preview:large","max-video-preview":"max-video-preview:-1"},"canonical":"https:\/\/www.asajacyl.com\/palencia\/asaja-palencia-informa\/asaja-y-la-alianza-continuan-su-campana-de-protestas-reclamando-precios-justos-para-los-ganaderos-de-leche-con-un-acto-en-leon-el-proximo-13-de-diciembre","og_locale":"es_ES","og_type":"article","og_title":"ASAJA y la Alianza contin\u00faan su campa\u00f1a de protestas reclamando precios justos para los ganaderos de leche con un acto en Le\u00f3n el pr\u00f3ximo 13 de diciembre - ASAJA Palencia","og_description":"ASAJA y la ALIANZA UPA-COAG contin\u00faan su campa\u00f1a de movilizaci\u00f3n en unidad de acci\u00f3n en defensa de los ganaderos de vacuno de leche de la regi\u00f3n. El","og_url":"https:\/\/www.asajacyl.com\/palencia\/asaja-palencia-informa\/asaja-y-la-alianza-continuan-su-campana-de-protestas-reclamando-precios-justos-para-los-ganaderos-de-leche-con-un-acto-en-leon-el-proximo-13-de-diciembre","og_site_name":"ASAJA Palencia","article_published_time":"2021-11-29T17:15:03+00:00","article_modified_time":"2021-11-29T17:18:43+00:00","og_image":[{"width":2016,"height":1512,"url":"https:\/\/www.asajacyl.com\/palencia\/wp-content\/uploads\/sites\/3\/2021\/11\/IMG_5641.jpg","type":"image\/jpeg"}],"author":"Administrador","twitter_card":"summary_large_image","twitter_misc":{"Escrito por":"Administrador","Tiempo de lectura":"2 minutos"},"schema":{"@context":"https:\/\/schema.org","@graph":[{"@type":"WebPage","@id":"https:\/\/www.asajacyl.com\/palencia\/asaja-palencia-informa\/asaja-y-la-alianza-continuan-su-campana-de-protestas-reclamando-precios-justos-para-los-ganaderos-de-leche-con-un-acto-en-leon-el-proximo-13-de-diciembre","url":"https:\/\/www.asajacyl.com\/palencia\/asaja-palencia-informa\/asaja-y-la-alianza-continuan-su-campana-de-protestas-reclamando-precios-justos-para-los-ganaderos-de-leche-con-un-acto-en-leon-el-proximo-13-de-diciembre","name":"ASAJA y la Alianza contin\u00faan su campa\u00f1a de protestas reclamando precios justos para los ganaderos de leche con un acto en Le\u00f3n el pr\u00f3ximo 13 de diciembre - ASAJA Palencia","isPartOf":{"@id":"https:\/\/www.asajacyl.com\/palencia\/#website"},"primaryImageOfPage":{"@id":"https:\/\/www.asajacyl.com\/palencia\/asaja-palencia-informa\/asaja-y-la-alianza-continuan-su-campana-de-protestas-reclamando-precios-justos-para-los-ganaderos-de-leche-con-un-acto-en-leon-el-proximo-13-de-diciembre#primaryimage"},"image":{"@id":"https:\/\/www.asajacyl.com\/palencia\/asaja-palencia-informa\/asaja-y-la-alianza-continuan-su-campana-de-protestas-reclamando-precios-justos-para-los-ganaderos-de-leche-con-un-acto-en-leon-el-proximo-13-de-diciembre#primaryimage"},"thumbnailUrl":"https:\/\/www.asajacyl.com\/palencia\/wp-content\/uploads\/sites\/3\/2021\/11\/IMG_5641.jpg","datePublished":"2021-11-29T17:15:03+00:00","dateModified":"2021-11-29T17:18:43+00:00","author":{"@id":"https:\/\/www.asajacyl.com\/palencia\/#\/schema\/person\/3ab17aeb03527485c317557fae64aab1"},"description":"ASAJA y la ALIANZA UPA-COAG contin\u00faan su campa\u00f1a de movilizaci\u00f3n en unidad de acci\u00f3n en defensa de los ganaderos de vacuno de leche de la regi\u00f3n. El","breadcrumb":{"@id":"https:\/\/www.asajacyl.com\/palencia\/asaja-palencia-informa\/asaja-y-la-alianza-continuan-su-campana-de-protestas-reclamando-precios-justos-para-los-ganaderos-de-leche-con-un-acto-en-leon-el-proximo-13-de-diciembre#breadcrumb"},"inLanguage":"es","potentialAction":[{"@type":"ReadAction","target":["https:\/\/www.asajacyl.com\/palencia\/asaja-palencia-informa\/asaja-y-la-alianza-continuan-su-campana-de-protestas-reclamando-precios-justos-para-los-ganaderos-de-leche-con-un-acto-en-leon-el-proximo-13-de-diciembre"]}]},{"@type":"ImageObject","inLanguage":"es","@id":"https:\/\/www.asajacyl.com\/palencia\/asaja-palencia-informa\/asaja-y-la-alianza-continuan-su-campana-de-protestas-reclamando-precios-justos-para-los-ganaderos-de-leche-con-un-acto-en-leon-el-proximo-13-de-diciembre#primaryimage","url":"https:\/\/www.asajacyl.com\/palencia\/wp-content\/uploads\/sites\/3\/2021\/11\/IMG_5641.jpg","contentUrl":"https:\/\/www.asajacyl.com\/palencia\/wp-content\/uploads\/sites\/3\/2021\/11\/IMG_5641.jpg","width":2016,"height":1512},{"@type":"BreadcrumbList","@id":"https:\/\/www.asajacyl.com\/palencia\/asaja-palencia-informa\/asaja-y-la-alianza-continuan-su-campana-de-protestas-reclamando-precios-justos-para-los-ganaderos-de-leche-con-un-acto-en-leon-el-proximo-13-de-diciembre#breadcrumb","itemListElement":[{"@type":"ListItem","position":1,"name":"Portada","item":"https:\/\/www.asajacyl.com\/palencia\/"},{"@type":"ListItem","position":2,"name":"ASAJA y la Alianza contin\u00faan su campa\u00f1a de protestas reclamando precios justos para los ganaderos de leche con un acto en Le\u00f3n el pr\u00f3ximo 13 de diciembre"}]},{"@type":"WebSite","@id":"https:\/\/www.asajacyl.com\/palencia\/#website","url":"https:\/\/www.asajacyl.com\/palencia\/","name":"ASAJA Palencia","description":"Otro sitio m\u00e1s de Provincias ASAJA Castilla y Le\u00f3n","potentialAction":[{"@type":"SearchAction","target":{"@type":"EntryPoint","urlTemplate":"https:\/\/www.asajacyl.com\/palencia\/?s={search_term_string}"},"query-input":{"@type":"PropertyValueSpecification","valueRequired":true,"valueName":"search_term_string"}}],"inLanguage":"es"},{"@type":"Person","@id":"https:\/\/www.asajacyl.com\/palencia\/#\/schema\/person\/3ab17aeb03527485c317557fae64aab1","name":"Administrador","image":{"@type":"ImageObject","inLanguage":"es","@id":"https:\/\/www.asajacyl.com\/palencia\/#\/schema\/person\/image\/","url":"https:\/\/secure.gravatar.com\/avatar\/517384810d242ca9e38c180f3c9fb973?s=96&d=mm&r=g","contentUrl":"https:\/\/secure.gravatar.com\/avatar\/517384810d242ca9e38c180f3c9fb973?s=96&d=mm&r=g","caption":"Administrador"},"url":"https:\/\/www.asajacyl.com\/palencia\/author\/carlosrm"}]}},"_links":{"self":[{"href":"https:\/\/www.asajacyl.com\/palencia\/wp-json\/wp\/v2\/posts\/9418"}],"collection":[{"href":"https:\/\/www.asajacyl.com\/palencia\/wp-json\/wp\/v2\/posts"}],"about":[{"href":"https:\/\/www.asajacyl.com\/palencia\/wp-json\/wp\/v2\/types\/post"}],"author":[{"embeddable":true,"href":"https:\/\/www.asajacyl.com\/palencia\/wp-json\/wp\/v2\/users\/9"}],"replies":[{"embeddable":true,"href":"https:\/\/www.asajacyl.com\/palencia\/wp-json\/wp\/v2\/comments?post=9418"}],"version-history":[{"count":1,"href":"https:\/\/www.asajacyl.com\/palencia\/wp-json\/wp\/v2\/posts\/9418\/revisions"}],"predecessor-version":[{"id":9419,"href":"https:\/\/www.asajacyl.com\/palencia\/wp-json\/wp\/v2\/posts\/9418\/revisions\/9419"}],"wp:featuredmedia":[{"embeddable":true,"href":"https:\/\/www.asajacyl.com\/palencia\/wp-json\/wp\/v2\/media\/9241"}],"wp:attachment":[{"href":"https:\/\/www.asajacyl.com\/palencia\/wp-json\/wp\/v2\/media?parent=9418"}],"wp:term":[{"taxonomy":"category","embeddable":true,"href":"https:\/\/www.asajacyl.com\/palencia\/wp-json\/wp\/v2\/categories?post=9418"},{"taxonomy":"post_tag","embeddable":true,"href":"https:\/\/www.asajacyl.com\/palencia\/wp-json\/wp\/v2\/tags?post=9418"}],"curies":[{"name":"wp","href":"https:\/\/api.w.org\/{rel}","templated":true}]}}