{"id":9424,"date":"2021-11-30T09:36:49","date_gmt":"2021-11-30T08:36:49","guid":{"rendered":"https:\/\/www.asajacyl.com\/palencia\/?p=9424"},"modified":"2021-11-30T09:37:19","modified_gmt":"2021-11-30T08:37:19","slug":"curso-puente-del-nivel-de-capacitacion-basico-al-nivel-cualificado","status":"publish","type":"post","link":"https:\/\/www.asajacyl.com\/palencia\/sin-categoria\/curso-puente-del-nivel-de-capacitacion-basico-al-nivel-cualificado","title":{"rendered":"Curso \u00abPuente del nivel de capacitaci\u00f3n b\u00e1sico al nivel cualificado\u00bb"},"content":{"rendered":"\n<p>ASAJA-Palencia organiza del 13 al 23 de diciembre de 2021 un \u00abCurso Puente del Nivel de Capacitaci\u00f3n B\u00e1sico al Nivel Cualificado\u00bb, con una duraci\u00f3n de 35 horas, en jornada de ma\u00f1ana y un total de plazas ofertadas de 20. La acci\u00f3n formativa, enmarcada en el Programa de Desarrollo Rural de Castilla y Le\u00f3n 2014-2020, est\u00e1 dirigida a todos los trabajadores del sector agrario y agroalimentario.<\/p>\n\n\n\n<p>El curso tendr\u00e1 lugar en modalidad presencial, en el Centro de Cultura, situado en la plaza de Espa\u00f1a de Casc\u00f3n de la Nava (Palencia). ESTA FORMACI\u00d3N ES GRATUITA. Inscripciones llamando al tel\u00e9fono 979752344 o en el correo electr\u00f3nico rliebana@asajapalencia.com. Fecha l\u00edmite de recepci\u00f3n de solicitudes: 12 de diciembre.<\/p>\n\n\n\n<p>El objetivo de esta acci\u00f3n formativa es formar a los agricultores y familiares del uso de productos fitosanitarios. Con esta formaci\u00f3n se obtiene el carnet de manipulador de usuario profesional de productos fitosanitarios, nivel avanzado.<\/p>\n\n\n\n<p>Los contenidos de esta acci\u00f3n formativa son: * Estrategias y t\u00e9cnicas para la gesti\u00f3n integrada de plagas. * Producci\u00f3n integrada y producci\u00f3n ecol\u00f3gica. * S\u00edntomas de intoxicaci\u00f3n y recomendaciones para el usuario. Casos pr\u00e1cticos. * Medidas para reducir dichos riesgos. * Riesgos para el consumidor por residuos de productos fitosanitarios.* Medidas preventivas y de protecci\u00f3n del aplicador. * Pr\u00e1cticas de identificaci\u00f3n y utilizaci\u00f3n de EPIs. * Secuencia correcta durante el transporte. * Tratamientos fitosanitarios. * Factores a tener en cuenta para una eficiente y correcta aplicaci\u00f3n. * Equipos de aplicaci\u00f3n. * Limpieza, regulaci\u00f3n y calibraci\u00f3n de equipos. * Mantenimiento, revisi\u00f3n e inspecciones peri\u00f3dicas de los equipos. * Pr\u00e1cticas de revisi\u00f3n y calibraci\u00f3n de equipos. * Pr\u00e1cticas de aplicaci\u00f3n de tratamientos fitosanitarios. * Eliminaci\u00f3n de envases vac\u00edos. * Trazabilidad. * Relaci\u00f3n trabajo-salud. * Seguridad social agraria. * Normativa que afecta a la utilizaci\u00f3n de PF. * M\u00e9todos para identificar los productos fitosanitarios ilegales y riesgos asociados a su uso. Tambi\u00e9n contiene un M\u00f3dulo de sostenibilidad.<\/p>\n\n\n\n<p class=\"has-larger-font-size\"><strong>ESTA OPERACI\u00d3N EST\u00c1 COFINANCIADA POR LA UNI\u00d3N EUROPEA A TRAV\u00c9S DEL FEADER EN UN 80%<\/strong><\/p>\n\n\n\n<p>ORGANIZA: ASAJA &#8211; PALENCIA<br>IMPARTE: ASAJA \u2013 PALENCIA<\/p>\n\n\n\n<p>FINANCIAN:<\/p>\n\n\n\n<figure class=\"wp-block-image size-large is-resized\"><img loading=\"lazy\" decoding=\"async\" src=\"https:\/\/www.asajacyl.com\/palencia\/wp-content\/uploads\/sites\/3\/2021\/10\/image-2.png\" alt=\"\" class=\"wp-image-9120\" width=\"1270\" height=\"265\" \/><\/figure>\n","protected":false},"excerpt":{"rendered":"<p>ASAJA-Palencia organiza del 13 al 23 de diciembre de 2021 un \u00abCurso Puente del Nivel de Capacitaci\u00f3n B\u00e1sico al Nivel Cualificado\u00bb, con una duraci\u00f3n de 35 horas, en jornada de ma\u00f1ana y un total de plazas ofertadas de 20. La acci\u00f3n formativa, enmarcada en el Programa de Desarrollo Rural de Castilla y Le\u00f3n 2014-2020, est\u00e1 [&hellip;]<\/p>\n","protected":false},"author":9,"featured_media":9248,"comment_status":"open","ping_status":"open","sticky":false,"template":"","format":"standard","meta":{"footnotes":""},"categories":[31,39,1],"tags":[],"yoast_head":"<!-- This site is optimized with the Yoast SEO plugin v24.5 - https:\/\/yoast.com\/wordpress\/plugins\/seo\/ -->\n<title>Curso &quot;Puente del nivel de capacitaci\u00f3n b\u00e1sico al nivel cualificado&quot; - ASAJA Palencia<\/title>\n<meta name=\"description\" content=\"ASAJA-Palencia organiza del 13 al 23 de diciembre de 2021 un &quot;Curso Puente del Nivel de Capacitaci\u00f3n B\u00e1sico al Nivel Cualificado&quot;, con una duraci\u00f3n de 35\" \/>\n<meta name=\"robots\" content=\"index, follow, max-snippet:-1, max-image-preview:large, max-video-preview:-1\" \/>\n<link rel=\"canonical\" href=\"https:\/\/www.asajacyl.com\/palencia\/sin-categoria\/curso-puente-del-nivel-de-capacitacion-basico-al-nivel-cualificado\" \/>\n<meta property=\"og:locale\" content=\"es_ES\" \/>\n<meta property=\"og:type\" content=\"article\" \/>\n<meta property=\"og:title\" content=\"Curso &quot;Puente del nivel de capacitaci\u00f3n b\u00e1sico al nivel cualificado&quot; - ASAJA Palencia\" \/>\n<meta property=\"og:description\" content=\"ASAJA-Palencia organiza del 13 al 23 de diciembre de 2021 un &quot;Curso Puente del Nivel de Capacitaci\u00f3n B\u00e1sico al Nivel Cualificado&quot;, con una duraci\u00f3n de 35\" \/>\n<meta property=\"og:url\" content=\"https:\/\/www.asajacyl.com\/palencia\/sin-categoria\/curso-puente-del-nivel-de-capacitacion-basico-al-nivel-cualificado\" \/>\n<meta property=\"og:site_name\" content=\"ASAJA Palencia\" \/>\n<meta property=\"article:published_time\" content=\"2021-11-30T08:36:49+00:00\" \/>\n<meta property=\"article:modified_time\" content=\"2021-11-30T08:37:19+00:00\" \/>\n<meta property=\"og:image\" content=\"https:\/\/www.asajacyl.com\/palencia\/wp-content\/uploads\/sites\/3\/2021\/11\/image-1.jpg\" \/>\n\t<meta property=\"og:image:width\" content=\"679\" \/>\n\t<meta property=\"og:image:height\" content=\"355\" \/>\n\t<meta property=\"og:image:type\" content=\"image\/jpeg\" \/>\n<meta name=\"author\" content=\"Administrador\" \/>\n<meta name=\"twitter:card\" content=\"summary_large_image\" \/>\n<meta name=\"twitter:label1\" content=\"Escrito por\" \/>\n\t<meta name=\"twitter:data1\" content=\"Administrador\" \/>\n\t<meta name=\"twitter:label2\" content=\"Tiempo de lectura\" \/>\n\t<meta name=\"twitter:data2\" content=\"2 minutos\" \/>\n<script type=\"application\/ld+json\" class=\"yoast-schema-graph\">{\"@context\":\"https:\/\/schema.org\",\"@graph\":[{\"@type\":\"WebPage\",\"@id\":\"https:\/\/www.asajacyl.com\/palencia\/sin-categoria\/curso-puente-del-nivel-de-capacitacion-basico-al-nivel-cualificado\",\"url\":\"https:\/\/www.asajacyl.com\/palencia\/sin-categoria\/curso-puente-del-nivel-de-capacitacion-basico-al-nivel-cualificado\",\"name\":\"Curso \\\"Puente del nivel de capacitaci\u00f3n b\u00e1sico al nivel cualificado\\\" - ASAJA Palencia\",\"isPartOf\":{\"@id\":\"https:\/\/www.asajacyl.com\/palencia\/#website\"},\"primaryImageOfPage\":{\"@id\":\"https:\/\/www.asajacyl.com\/palencia\/sin-categoria\/curso-puente-del-nivel-de-capacitacion-basico-al-nivel-cualificado#primaryimage\"},\"image\":{\"@id\":\"https:\/\/www.asajacyl.com\/palencia\/sin-categoria\/curso-puente-del-nivel-de-capacitacion-basico-al-nivel-cualificado#primaryimage\"},\"thumbnailUrl\":\"https:\/\/www.asajacyl.com\/palencia\/wp-content\/uploads\/sites\/3\/2021\/11\/image-1.jpg\",\"datePublished\":\"2021-11-30T08:36:49+00:00\",\"dateModified\":\"2021-11-30T08:37:19+00:00\",\"author\":{\"@id\":\"https:\/\/www.asajacyl.com\/palencia\/#\/schema\/person\/3ab17aeb03527485c317557fae64aab1\"},\"description\":\"ASAJA-Palencia organiza del 13 al 23 de diciembre de 2021 un \\\"Curso Puente del Nivel de Capacitaci\u00f3n B\u00e1sico al Nivel Cualificado\\\", con una duraci\u00f3n de 35\",\"breadcrumb\":{\"@id\":\"https:\/\/www.asajacyl.com\/palencia\/sin-categoria\/curso-puente-del-nivel-de-capacitacion-basico-al-nivel-cualificado#breadcrumb\"},\"inLanguage\":\"es\",\"potentialAction\":[{\"@type\":\"ReadAction\",\"target\":[\"https:\/\/www.asajacyl.com\/palencia\/sin-categoria\/curso-puente-del-nivel-de-capacitacion-basico-al-nivel-cualificado\"]}]},{\"@type\":\"ImageObject\",\"inLanguage\":\"es\",\"@id\":\"https:\/\/www.asajacyl.com\/palencia\/sin-categoria\/curso-puente-del-nivel-de-capacitacion-basico-al-nivel-cualificado#primaryimage\",\"url\":\"https:\/\/www.asajacyl.com\/palencia\/wp-content\/uploads\/sites\/3\/2021\/11\/image-1.jpg\",\"contentUrl\":\"https:\/\/www.asajacyl.com\/palencia\/wp-content\/uploads\/sites\/3\/2021\/11\/image-1.jpg\",\"width\":679,\"height\":355},{\"@type\":\"BreadcrumbList\",\"@id\":\"https:\/\/www.asajacyl.com\/palencia\/sin-categoria\/curso-puente-del-nivel-de-capacitacion-basico-al-nivel-cualificado#breadcrumb\",\"itemListElement\":[{\"@type\":\"ListItem\",\"position\":1,\"name\":\"Portada\",\"item\":\"https:\/\/www.asajacyl.com\/palencia\/\"},{\"@type\":\"ListItem\",\"position\":2,\"name\":\"Curso \u00abPuente del nivel de capacitaci\u00f3n b\u00e1sico al nivel cualificado\u00bb\"}]},{\"@type\":\"WebSite\",\"@id\":\"https:\/\/www.asajacyl.com\/palencia\/#website\",\"url\":\"https:\/\/www.asajacyl.com\/palencia\/\",\"name\":\"ASAJA Palencia\",\"description\":\"Otro sitio m\u00e1s de Provincias ASAJA Castilla y Le\u00f3n\",\"potentialAction\":[{\"@type\":\"SearchAction\",\"target\":{\"@type\":\"EntryPoint\",\"urlTemplate\":\"https:\/\/www.asajacyl.com\/palencia\/?s={search_term_string}\"},\"query-input\":{\"@type\":\"PropertyValueSpecification\",\"valueRequired\":true,\"valueName\":\"search_term_string\"}}],\"inLanguage\":\"es\"},{\"@type\":\"Person\",\"@id\":\"https:\/\/www.asajacyl.com\/palencia\/#\/schema\/person\/3ab17aeb03527485c317557fae64aab1\",\"name\":\"Administrador\",\"image\":{\"@type\":\"ImageObject\",\"inLanguage\":\"es\",\"@id\":\"https:\/\/www.asajacyl.com\/palencia\/#\/schema\/person\/image\/\",\"url\":\"https:\/\/secure.gravatar.com\/avatar\/517384810d242ca9e38c180f3c9fb973?s=96&d=mm&r=g\",\"contentUrl\":\"https:\/\/secure.gravatar.com\/avatar\/517384810d242ca9e38c180f3c9fb973?s=96&d=mm&r=g\",\"caption\":\"Administrador\"},\"url\":\"https:\/\/www.asajacyl.com\/palencia\/author\/carlosrm\"}]}<\/script>\n<!-- \/ Yoast SEO plugin. -->","yoast_head_json":{"title":"Curso \"Puente del nivel de capacitaci\u00f3n b\u00e1sico al nivel cualificado\" - ASAJA Palencia","description":"ASAJA-Palencia organiza del 13 al 23 de diciembre de 2021 un \"Curso Puente del Nivel de Capacitaci\u00f3n B\u00e1sico al Nivel Cualificado\", con una duraci\u00f3n de 35","robots":{"index":"index","follow":"follow","max-snippet":"max-snippet:-1","max-image-preview":"max-image-preview:large","max-video-preview":"max-video-preview:-1"},"canonical":"https:\/\/www.asajacyl.com\/palencia\/sin-categoria\/curso-puente-del-nivel-de-capacitacion-basico-al-nivel-cualificado","og_locale":"es_ES","og_type":"article","og_title":"Curso \"Puente del nivel de capacitaci\u00f3n b\u00e1sico al nivel cualificado\" - ASAJA Palencia","og_description":"ASAJA-Palencia organiza del 13 al 23 de diciembre de 2021 un \"Curso Puente del Nivel de Capacitaci\u00f3n B\u00e1sico al Nivel Cualificado\", con una duraci\u00f3n de 35","og_url":"https:\/\/www.asajacyl.com\/palencia\/sin-categoria\/curso-puente-del-nivel-de-capacitacion-basico-al-nivel-cualificado","og_site_name":"ASAJA Palencia","article_published_time":"2021-11-30T08:36:49+00:00","article_modified_time":"2021-11-30T08:37:19+00:00","og_image":[{"width":679,"height":355,"url":"https:\/\/www.asajacyl.com\/palencia\/wp-content\/uploads\/sites\/3\/2021\/11\/image-1.jpg","type":"image\/jpeg"}],"author":"Administrador","twitter_card":"summary_large_image","twitter_misc":{"Escrito por":"Administrador","Tiempo de lectura":"2 minutos"},"schema":{"@context":"https:\/\/schema.org","@graph":[{"@type":"WebPage","@id":"https:\/\/www.asajacyl.com\/palencia\/sin-categoria\/curso-puente-del-nivel-de-capacitacion-basico-al-nivel-cualificado","url":"https:\/\/www.asajacyl.com\/palencia\/sin-categoria\/curso-puente-del-nivel-de-capacitacion-basico-al-nivel-cualificado","name":"Curso \"Puente del nivel de capacitaci\u00f3n b\u00e1sico al nivel cualificado\" - ASAJA Palencia","isPartOf":{"@id":"https:\/\/www.asajacyl.com\/palencia\/#website"},"primaryImageOfPage":{"@id":"https:\/\/www.asajacyl.com\/palencia\/sin-categoria\/curso-puente-del-nivel-de-capacitacion-basico-al-nivel-cualificado#primaryimage"},"image":{"@id":"https:\/\/www.asajacyl.com\/palencia\/sin-categoria\/curso-puente-del-nivel-de-capacitacion-basico-al-nivel-cualificado#primaryimage"},"thumbnailUrl":"https:\/\/www.asajacyl.com\/palencia\/wp-content\/uploads\/sites\/3\/2021\/11\/image-1.jpg","datePublished":"2021-11-30T08:36:49+00:00","dateModified":"2021-11-30T08:37:19+00:00","author":{"@id":"https:\/\/www.asajacyl.com\/palencia\/#\/schema\/person\/3ab17aeb03527485c317557fae64aab1"},"description":"ASAJA-Palencia organiza del 13 al 23 de diciembre de 2021 un \"Curso Puente del Nivel de Capacitaci\u00f3n B\u00e1sico al Nivel Cualificado\", con una duraci\u00f3n de 35","breadcrumb":{"@id":"https:\/\/www.asajacyl.com\/palencia\/sin-categoria\/curso-puente-del-nivel-de-capacitacion-basico-al-nivel-cualificado#breadcrumb"},"inLanguage":"es","potentialAction":[{"@type":"ReadAction","target":["https:\/\/www.asajacyl.com\/palencia\/sin-categoria\/curso-puente-del-nivel-de-capacitacion-basico-al-nivel-cualificado"]}]},{"@type":"ImageObject","inLanguage":"es","@id":"https:\/\/www.asajacyl.com\/palencia\/sin-categoria\/curso-puente-del-nivel-de-capacitacion-basico-al-nivel-cualificado#primaryimage","url":"https:\/\/www.asajacyl.com\/palencia\/wp-content\/uploads\/sites\/3\/2021\/11\/image-1.jpg","contentUrl":"https:\/\/www.asajacyl.com\/palencia\/wp-content\/uploads\/sites\/3\/2021\/11\/image-1.jpg","width":679,"height":355},{"@type":"BreadcrumbList","@id":"https:\/\/www.asajacyl.com\/palencia\/sin-categoria\/curso-puente-del-nivel-de-capacitacion-basico-al-nivel-cualificado#breadcrumb","itemListElement":[{"@type":"ListItem","position":1,"name":"Portada","item":"https:\/\/www.asajacyl.com\/palencia\/"},{"@type":"ListItem","position":2,"name":"Curso \u00abPuente del nivel de capacitaci\u00f3n b\u00e1sico al nivel cualificado\u00bb"}]},{"@type":"WebSite","@id":"https:\/\/www.asajacyl.com\/palencia\/#website","url":"https:\/\/www.asajacyl.com\/palencia\/","name":"ASAJA Palencia","description":"Otro sitio m\u00e1s de Provincias ASAJA Castilla y Le\u00f3n","potentialAction":[{"@type":"SearchAction","target":{"@type":"EntryPoint","urlTemplate":"https:\/\/www.asajacyl.com\/palencia\/?s={search_term_string}"},"query-input":{"@type":"PropertyValueSpecification","valueRequired":true,"valueName":"search_term_string"}}],"inLanguage":"es"},{"@type":"Person","@id":"https:\/\/www.asajacyl.com\/palencia\/#\/schema\/person\/3ab17aeb03527485c317557fae64aab1","name":"Administrador","image":{"@type":"ImageObject","inLanguage":"es","@id":"https:\/\/www.asajacyl.com\/palencia\/#\/schema\/person\/image\/","url":"https:\/\/secure.gravatar.com\/avatar\/517384810d242ca9e38c180f3c9fb973?s=96&d=mm&r=g","contentUrl":"https:\/\/secure.gravatar.com\/avatar\/517384810d242ca9e38c180f3c9fb973?s=96&d=mm&r=g","caption":"Administrador"},"url":"https:\/\/www.asajacyl.com\/palencia\/author\/carlosrm"}]}},"_links":{"self":[{"href":"https:\/\/www.asajacyl.com\/palencia\/wp-json\/wp\/v2\/posts\/9424"}],"collection":[{"href":"https:\/\/www.asajacyl.com\/palencia\/wp-json\/wp\/v2\/posts"}],"about":[{"href":"https:\/\/www.asajacyl.com\/palencia\/wp-json\/wp\/v2\/types\/post"}],"author":[{"embeddable":true,"href":"https:\/\/www.asajacyl.com\/palencia\/wp-json\/wp\/v2\/users\/9"}],"replies":[{"embeddable":true,"href":"https:\/\/www.asajacyl.com\/palencia\/wp-json\/wp\/v2\/comments?post=9424"}],"version-history":[{"count":3,"href":"https:\/\/www.asajacyl.com\/palencia\/wp-json\/wp\/v2\/posts\/9424\/revisions"}],"predecessor-version":[{"id":9445,"href":"https:\/\/www.asajacyl.com\/palencia\/wp-json\/wp\/v2\/posts\/9424\/revisions\/9445"}],"wp:featuredmedia":[{"embeddable":true,"href":"https:\/\/www.asajacyl.com\/palencia\/wp-json\/wp\/v2\/media\/9248"}],"wp:attachment":[{"href":"https:\/\/www.asajacyl.com\/palencia\/wp-json\/wp\/v2\/media?parent=9424"}],"wp:term":[{"taxonomy":"category","embeddable":true,"href":"https:\/\/www.asajacyl.com\/palencia\/wp-json\/wp\/v2\/categories?post=9424"},{"taxonomy":"post_tag","embeddable":true,"href":"https:\/\/www.asajacyl.com\/palencia\/wp-json\/wp\/v2\/tags?post=9424"}],"curies":[{"name":"wp","href":"https:\/\/api.w.org\/{rel}","templated":true}]}}