{"id":9428,"date":"2021-11-30T10:56:18","date_gmt":"2021-11-30T09:56:18","guid":{"rendered":"https:\/\/www.asajacyl.com\/palencia\/?p=9428"},"modified":"2021-12-01T07:39:46","modified_gmt":"2021-12-01T06:39:46","slug":"el-pleno-del-parlamento-europeo-pe-aprobo-la-reforma-de-la-pac-para-2023-2027","status":"publish","type":"post","link":"https:\/\/www.asajacyl.com\/palencia\/asaja-palencia-informa\/el-pleno-del-parlamento-europeo-pe-aprobo-la-reforma-de-la-pac-para-2023-2027","title":{"rendered":"El pleno del Parlamento Europeo (PE) aprob\u00f3 la reforma de la PAC para 2023-2027"},"content":{"rendered":"\n<p>El Pleno del Parlamento Europeo (PE) aprob\u00f3 el 23 de noviembre la reforma de la PAC para 2023-2027 tras m\u00e1s de tres a\u00f1os y medio de negociaciones en la Uni\u00f3n Europea (UE).<\/p>\n\n\n\n<p>La Euroc\u00e1mara ha ratificado el acuerdo alcanzado en junio por las instituciones de la UE sobre la nueva PAC, que primar\u00e1 m\u00e1s las medidas medioambientales dentro de las ayudas agr\u00edcolas y que vincular\u00e1 las subvenciones al cumplimiento de los derechos laborales, adem\u00e1s, otorga a los Gobiernos m\u00e1s responsabilidad sobre de esta pol\u00edtica, que aplicar\u00e1n a trav\u00e9s de planes estrat\u00e9gicos nacionales.<\/p>\n\n\n\n<p>La reforma de la PAC -que entrar\u00e1 en vigor en 2023- ha sido calificada durante su debate como la m\u00e1s ambiciosa en los \u00faltimos treinta a\u00f1os y la segunda mayor de la historia de la UE, en materia agr\u00edcola y afectar\u00e1 a diez millones de empresas agr\u00edcolas de la UE, de las cuales 695.000 beneficiarios son espa\u00f1oles.<\/p>\n\n\n\n<p>La nueva PAC introduce los llamados ecoesquemas o pagos que supondr\u00e1n un 25 % de las ayudas directas, otorgadas a pr\u00e1cticas beneficiosas para el medio ambiente. Adem\u00e1s, por primera vez la PAC incluye una \u201ccondicionalidad\u201d social, lo que significa que solo las explotaciones que respeten los derechos laborales recibir\u00e1n ayudas agr\u00edcolas, lo que empezar\u00e1 a aplicarse con car\u00e1cter voluntario a partir de 2023 y obligatorio desde 2025.<\/p>\n\n\n\n<div class=\"wp-block-image\"><figure class=\"aligncenter size-large\"><img loading=\"lazy\" decoding=\"async\" width=\"683\" height=\"1024\" src=\"https:\/\/www.asajacyl.com\/palencia\/wp-content\/uploads\/sites\/3\/2021\/11\/PARLAMENTO-EUROPEO-683x1024.jpg\" alt=\"\" class=\"wp-image-9442\" srcset=\"https:\/\/www.asajacyl.com\/palencia\/wp-content\/uploads\/sites\/3\/2021\/11\/PARLAMENTO-EUROPEO-683x1024.jpg 683w, https:\/\/www.asajacyl.com\/palencia\/wp-content\/uploads\/sites\/3\/2021\/11\/PARLAMENTO-EUROPEO-200x300.jpg 200w, https:\/\/www.asajacyl.com\/palencia\/wp-content\/uploads\/sites\/3\/2021\/11\/PARLAMENTO-EUROPEO-768x1152.jpg 768w, https:\/\/www.asajacyl.com\/palencia\/wp-content\/uploads\/sites\/3\/2021\/11\/PARLAMENTO-EUROPEO-1024x1536.jpg 1024w, https:\/\/www.asajacyl.com\/palencia\/wp-content\/uploads\/sites\/3\/2021\/11\/PARLAMENTO-EUROPEO-1366x2048.jpg 1366w, https:\/\/www.asajacyl.com\/palencia\/wp-content\/uploads\/sites\/3\/2021\/11\/PARLAMENTO-EUROPEO-696x1044.jpg 696w, https:\/\/www.asajacyl.com\/palencia\/wp-content\/uploads\/sites\/3\/2021\/11\/PARLAMENTO-EUROPEO-1068x1602.jpg 1068w, https:\/\/www.asajacyl.com\/palencia\/wp-content\/uploads\/sites\/3\/2021\/11\/PARLAMENTO-EUROPEO-280x420.jpg 280w, https:\/\/www.asajacyl.com\/palencia\/wp-content\/uploads\/sites\/3\/2021\/11\/PARLAMENTO-EUROPEO.jpg 1667w\" sizes=\"(max-width: 683px) 100vw, 683px\" \/><\/figure><\/div>\n","protected":false},"excerpt":{"rendered":"<p>El Pleno del Parlamento Europeo (PE) aprob\u00f3 el 23 de noviembre la reforma de la PAC para 2023-2027 tras m\u00e1s de tres a\u00f1os y medio de negociaciones en la Uni\u00f3n Europea (UE). La Euroc\u00e1mara ha ratificado el acuerdo alcanzado en junio por las instituciones de la UE sobre la nueva PAC, que primar\u00e1 m\u00e1s las [&hellip;]<\/p>\n","protected":false},"author":9,"featured_media":9442,"comment_status":"open","ping_status":"open","sticky":false,"template":"","format":"standard","meta":{"footnotes":""},"categories":[9,29,28],"tags":[],"yoast_head":"<!-- This site is optimized with the Yoast SEO plugin v24.5 - https:\/\/yoast.com\/wordpress\/plugins\/seo\/ -->\n<title>El pleno del Parlamento Europeo (PE) aprob\u00f3 la reforma de la PAC para 2023-2027 - ASAJA Palencia<\/title>\n<meta name=\"description\" content=\"El Pleno del Parlamento Europeo (PE) aprob\u00f3 el 23 de noviembre la reforma de la PAC para 2023-2027 tras m\u00e1s de tres a\u00f1os y medio de negociaciones en la\" \/>\n<meta name=\"robots\" content=\"index, follow, max-snippet:-1, max-image-preview:large, max-video-preview:-1\" \/>\n<link rel=\"canonical\" href=\"https:\/\/www.asajacyl.com\/palencia\/asaja-palencia-informa\/el-pleno-del-parlamento-europeo-pe-aprobo-la-reforma-de-la-pac-para-2023-2027\" \/>\n<meta property=\"og:locale\" content=\"es_ES\" \/>\n<meta property=\"og:type\" content=\"article\" \/>\n<meta property=\"og:title\" content=\"El pleno del Parlamento Europeo (PE) aprob\u00f3 la reforma de la PAC para 2023-2027 - ASAJA Palencia\" \/>\n<meta property=\"og:description\" content=\"El Pleno del Parlamento Europeo (PE) aprob\u00f3 el 23 de noviembre la reforma de la PAC para 2023-2027 tras m\u00e1s de tres a\u00f1os y medio de negociaciones en la\" \/>\n<meta property=\"og:url\" content=\"https:\/\/www.asajacyl.com\/palencia\/asaja-palencia-informa\/el-pleno-del-parlamento-europeo-pe-aprobo-la-reforma-de-la-pac-para-2023-2027\" \/>\n<meta property=\"og:site_name\" content=\"ASAJA Palencia\" \/>\n<meta property=\"article:published_time\" content=\"2021-11-30T09:56:18+00:00\" \/>\n<meta property=\"article:modified_time\" content=\"2021-12-01T06:39:46+00:00\" \/>\n<meta property=\"og:image\" content=\"https:\/\/www.asajacyl.com\/palencia\/wp-content\/uploads\/sites\/3\/2021\/11\/PARLAMENTO-EUROPEO.jpg\" \/>\n\t<meta property=\"og:image:width\" content=\"1667\" \/>\n\t<meta property=\"og:image:height\" content=\"2500\" \/>\n\t<meta property=\"og:image:type\" content=\"image\/jpeg\" \/>\n<meta name=\"author\" content=\"Administrador\" \/>\n<meta name=\"twitter:card\" content=\"summary_large_image\" \/>\n<meta name=\"twitter:label1\" content=\"Escrito por\" \/>\n\t<meta name=\"twitter:data1\" content=\"Administrador\" \/>\n\t<meta name=\"twitter:label2\" content=\"Tiempo de lectura\" \/>\n\t<meta name=\"twitter:data2\" content=\"2 minutos\" \/>\n<script type=\"application\/ld+json\" class=\"yoast-schema-graph\">{\"@context\":\"https:\/\/schema.org\",\"@graph\":[{\"@type\":\"WebPage\",\"@id\":\"https:\/\/www.asajacyl.com\/palencia\/asaja-palencia-informa\/el-pleno-del-parlamento-europeo-pe-aprobo-la-reforma-de-la-pac-para-2023-2027\",\"url\":\"https:\/\/www.asajacyl.com\/palencia\/asaja-palencia-informa\/el-pleno-del-parlamento-europeo-pe-aprobo-la-reforma-de-la-pac-para-2023-2027\",\"name\":\"El pleno del Parlamento Europeo (PE) aprob\u00f3 la reforma de la PAC para 2023-2027 - ASAJA Palencia\",\"isPartOf\":{\"@id\":\"https:\/\/www.asajacyl.com\/palencia\/#website\"},\"primaryImageOfPage\":{\"@id\":\"https:\/\/www.asajacyl.com\/palencia\/asaja-palencia-informa\/el-pleno-del-parlamento-europeo-pe-aprobo-la-reforma-de-la-pac-para-2023-2027#primaryimage\"},\"image\":{\"@id\":\"https:\/\/www.asajacyl.com\/palencia\/asaja-palencia-informa\/el-pleno-del-parlamento-europeo-pe-aprobo-la-reforma-de-la-pac-para-2023-2027#primaryimage\"},\"thumbnailUrl\":\"https:\/\/www.asajacyl.com\/palencia\/wp-content\/uploads\/sites\/3\/2021\/11\/PARLAMENTO-EUROPEO.jpg\",\"datePublished\":\"2021-11-30T09:56:18+00:00\",\"dateModified\":\"2021-12-01T06:39:46+00:00\",\"author\":{\"@id\":\"https:\/\/www.asajacyl.com\/palencia\/#\/schema\/person\/3ab17aeb03527485c317557fae64aab1\"},\"description\":\"El Pleno del Parlamento Europeo (PE) aprob\u00f3 el 23 de noviembre la reforma de la PAC para 2023-2027 tras m\u00e1s de tres a\u00f1os y medio de negociaciones en la\",\"breadcrumb\":{\"@id\":\"https:\/\/www.asajacyl.com\/palencia\/asaja-palencia-informa\/el-pleno-del-parlamento-europeo-pe-aprobo-la-reforma-de-la-pac-para-2023-2027#breadcrumb\"},\"inLanguage\":\"es\",\"potentialAction\":[{\"@type\":\"ReadAction\",\"target\":[\"https:\/\/www.asajacyl.com\/palencia\/asaja-palencia-informa\/el-pleno-del-parlamento-europeo-pe-aprobo-la-reforma-de-la-pac-para-2023-2027\"]}]},{\"@type\":\"ImageObject\",\"inLanguage\":\"es\",\"@id\":\"https:\/\/www.asajacyl.com\/palencia\/asaja-palencia-informa\/el-pleno-del-parlamento-europeo-pe-aprobo-la-reforma-de-la-pac-para-2023-2027#primaryimage\",\"url\":\"https:\/\/www.asajacyl.com\/palencia\/wp-content\/uploads\/sites\/3\/2021\/11\/PARLAMENTO-EUROPEO.jpg\",\"contentUrl\":\"https:\/\/www.asajacyl.com\/palencia\/wp-content\/uploads\/sites\/3\/2021\/11\/PARLAMENTO-EUROPEO.jpg\",\"width\":1667,\"height\":2500,\"caption\":\"Building of the European parliament in Strasbourg - Reflection of Louise Weiss building in water puddle - Fall season\"},{\"@type\":\"BreadcrumbList\",\"@id\":\"https:\/\/www.asajacyl.com\/palencia\/asaja-palencia-informa\/el-pleno-del-parlamento-europeo-pe-aprobo-la-reforma-de-la-pac-para-2023-2027#breadcrumb\",\"itemListElement\":[{\"@type\":\"ListItem\",\"position\":1,\"name\":\"Portada\",\"item\":\"https:\/\/www.asajacyl.com\/palencia\/\"},{\"@type\":\"ListItem\",\"position\":2,\"name\":\"El pleno del Parlamento Europeo (PE) aprob\u00f3 la reforma de la PAC para 2023-2027\"}]},{\"@type\":\"WebSite\",\"@id\":\"https:\/\/www.asajacyl.com\/palencia\/#website\",\"url\":\"https:\/\/www.asajacyl.com\/palencia\/\",\"name\":\"ASAJA Palencia\",\"description\":\"Otro sitio m\u00e1s de Provincias ASAJA Castilla y Le\u00f3n\",\"potentialAction\":[{\"@type\":\"SearchAction\",\"target\":{\"@type\":\"EntryPoint\",\"urlTemplate\":\"https:\/\/www.asajacyl.com\/palencia\/?s={search_term_string}\"},\"query-input\":{\"@type\":\"PropertyValueSpecification\",\"valueRequired\":true,\"valueName\":\"search_term_string\"}}],\"inLanguage\":\"es\"},{\"@type\":\"Person\",\"@id\":\"https:\/\/www.asajacyl.com\/palencia\/#\/schema\/person\/3ab17aeb03527485c317557fae64aab1\",\"name\":\"Administrador\",\"image\":{\"@type\":\"ImageObject\",\"inLanguage\":\"es\",\"@id\":\"https:\/\/www.asajacyl.com\/palencia\/#\/schema\/person\/image\/\",\"url\":\"https:\/\/secure.gravatar.com\/avatar\/517384810d242ca9e38c180f3c9fb973?s=96&d=mm&r=g\",\"contentUrl\":\"https:\/\/secure.gravatar.com\/avatar\/517384810d242ca9e38c180f3c9fb973?s=96&d=mm&r=g\",\"caption\":\"Administrador\"},\"url\":\"https:\/\/www.asajacyl.com\/palencia\/author\/carlosrm\"}]}<\/script>\n<!-- \/ Yoast SEO plugin. -->","yoast_head_json":{"title":"El pleno del Parlamento Europeo (PE) aprob\u00f3 la reforma de la PAC para 2023-2027 - ASAJA Palencia","description":"El Pleno del Parlamento Europeo (PE) aprob\u00f3 el 23 de noviembre la reforma de la PAC para 2023-2027 tras m\u00e1s de tres a\u00f1os y medio de negociaciones en la","robots":{"index":"index","follow":"follow","max-snippet":"max-snippet:-1","max-image-preview":"max-image-preview:large","max-video-preview":"max-video-preview:-1"},"canonical":"https:\/\/www.asajacyl.com\/palencia\/asaja-palencia-informa\/el-pleno-del-parlamento-europeo-pe-aprobo-la-reforma-de-la-pac-para-2023-2027","og_locale":"es_ES","og_type":"article","og_title":"El pleno del Parlamento Europeo (PE) aprob\u00f3 la reforma de la PAC para 2023-2027 - ASAJA Palencia","og_description":"El Pleno del Parlamento Europeo (PE) aprob\u00f3 el 23 de noviembre la reforma de la PAC para 2023-2027 tras m\u00e1s de tres a\u00f1os y medio de negociaciones en la","og_url":"https:\/\/www.asajacyl.com\/palencia\/asaja-palencia-informa\/el-pleno-del-parlamento-europeo-pe-aprobo-la-reforma-de-la-pac-para-2023-2027","og_site_name":"ASAJA Palencia","article_published_time":"2021-11-30T09:56:18+00:00","article_modified_time":"2021-12-01T06:39:46+00:00","og_image":[{"width":1667,"height":2500,"url":"https:\/\/www.asajacyl.com\/palencia\/wp-content\/uploads\/sites\/3\/2021\/11\/PARLAMENTO-EUROPEO.jpg","type":"image\/jpeg"}],"author":"Administrador","twitter_card":"summary_large_image","twitter_misc":{"Escrito por":"Administrador","Tiempo de lectura":"2 minutos"},"schema":{"@context":"https:\/\/schema.org","@graph":[{"@type":"WebPage","@id":"https:\/\/www.asajacyl.com\/palencia\/asaja-palencia-informa\/el-pleno-del-parlamento-europeo-pe-aprobo-la-reforma-de-la-pac-para-2023-2027","url":"https:\/\/www.asajacyl.com\/palencia\/asaja-palencia-informa\/el-pleno-del-parlamento-europeo-pe-aprobo-la-reforma-de-la-pac-para-2023-2027","name":"El pleno del Parlamento Europeo (PE) aprob\u00f3 la reforma de la PAC para 2023-2027 - ASAJA Palencia","isPartOf":{"@id":"https:\/\/www.asajacyl.com\/palencia\/#website"},"primaryImageOfPage":{"@id":"https:\/\/www.asajacyl.com\/palencia\/asaja-palencia-informa\/el-pleno-del-parlamento-europeo-pe-aprobo-la-reforma-de-la-pac-para-2023-2027#primaryimage"},"image":{"@id":"https:\/\/www.asajacyl.com\/palencia\/asaja-palencia-informa\/el-pleno-del-parlamento-europeo-pe-aprobo-la-reforma-de-la-pac-para-2023-2027#primaryimage"},"thumbnailUrl":"https:\/\/www.asajacyl.com\/palencia\/wp-content\/uploads\/sites\/3\/2021\/11\/PARLAMENTO-EUROPEO.jpg","datePublished":"2021-11-30T09:56:18+00:00","dateModified":"2021-12-01T06:39:46+00:00","author":{"@id":"https:\/\/www.asajacyl.com\/palencia\/#\/schema\/person\/3ab17aeb03527485c317557fae64aab1"},"description":"El Pleno del Parlamento Europeo (PE) aprob\u00f3 el 23 de noviembre la reforma de la PAC para 2023-2027 tras m\u00e1s de tres a\u00f1os y medio de negociaciones en la","breadcrumb":{"@id":"https:\/\/www.asajacyl.com\/palencia\/asaja-palencia-informa\/el-pleno-del-parlamento-europeo-pe-aprobo-la-reforma-de-la-pac-para-2023-2027#breadcrumb"},"inLanguage":"es","potentialAction":[{"@type":"ReadAction","target":["https:\/\/www.asajacyl.com\/palencia\/asaja-palencia-informa\/el-pleno-del-parlamento-europeo-pe-aprobo-la-reforma-de-la-pac-para-2023-2027"]}]},{"@type":"ImageObject","inLanguage":"es","@id":"https:\/\/www.asajacyl.com\/palencia\/asaja-palencia-informa\/el-pleno-del-parlamento-europeo-pe-aprobo-la-reforma-de-la-pac-para-2023-2027#primaryimage","url":"https:\/\/www.asajacyl.com\/palencia\/wp-content\/uploads\/sites\/3\/2021\/11\/PARLAMENTO-EUROPEO.jpg","contentUrl":"https:\/\/www.asajacyl.com\/palencia\/wp-content\/uploads\/sites\/3\/2021\/11\/PARLAMENTO-EUROPEO.jpg","width":1667,"height":2500,"caption":"Building of the European parliament in Strasbourg - Reflection of Louise Weiss building in water puddle - Fall season"},{"@type":"BreadcrumbList","@id":"https:\/\/www.asajacyl.com\/palencia\/asaja-palencia-informa\/el-pleno-del-parlamento-europeo-pe-aprobo-la-reforma-de-la-pac-para-2023-2027#breadcrumb","itemListElement":[{"@type":"ListItem","position":1,"name":"Portada","item":"https:\/\/www.asajacyl.com\/palencia\/"},{"@type":"ListItem","position":2,"name":"El pleno del Parlamento Europeo (PE) aprob\u00f3 la reforma de la PAC para 2023-2027"}]},{"@type":"WebSite","@id":"https:\/\/www.asajacyl.com\/palencia\/#website","url":"https:\/\/www.asajacyl.com\/palencia\/","name":"ASAJA Palencia","description":"Otro sitio m\u00e1s de Provincias ASAJA Castilla y Le\u00f3n","potentialAction":[{"@type":"SearchAction","target":{"@type":"EntryPoint","urlTemplate":"https:\/\/www.asajacyl.com\/palencia\/?s={search_term_string}"},"query-input":{"@type":"PropertyValueSpecification","valueRequired":true,"valueName":"search_term_string"}}],"inLanguage":"es"},{"@type":"Person","@id":"https:\/\/www.asajacyl.com\/palencia\/#\/schema\/person\/3ab17aeb03527485c317557fae64aab1","name":"Administrador","image":{"@type":"ImageObject","inLanguage":"es","@id":"https:\/\/www.asajacyl.com\/palencia\/#\/schema\/person\/image\/","url":"https:\/\/secure.gravatar.com\/avatar\/517384810d242ca9e38c180f3c9fb973?s=96&d=mm&r=g","contentUrl":"https:\/\/secure.gravatar.com\/avatar\/517384810d242ca9e38c180f3c9fb973?s=96&d=mm&r=g","caption":"Administrador"},"url":"https:\/\/www.asajacyl.com\/palencia\/author\/carlosrm"}]}},"_links":{"self":[{"href":"https:\/\/www.asajacyl.com\/palencia\/wp-json\/wp\/v2\/posts\/9428"}],"collection":[{"href":"https:\/\/www.asajacyl.com\/palencia\/wp-json\/wp\/v2\/posts"}],"about":[{"href":"https:\/\/www.asajacyl.com\/palencia\/wp-json\/wp\/v2\/types\/post"}],"author":[{"embeddable":true,"href":"https:\/\/www.asajacyl.com\/palencia\/wp-json\/wp\/v2\/users\/9"}],"replies":[{"embeddable":true,"href":"https:\/\/www.asajacyl.com\/palencia\/wp-json\/wp\/v2\/comments?post=9428"}],"version-history":[{"count":2,"href":"https:\/\/www.asajacyl.com\/palencia\/wp-json\/wp\/v2\/posts\/9428\/revisions"}],"predecessor-version":[{"id":9444,"href":"https:\/\/www.asajacyl.com\/palencia\/wp-json\/wp\/v2\/posts\/9428\/revisions\/9444"}],"wp:featuredmedia":[{"embeddable":true,"href":"https:\/\/www.asajacyl.com\/palencia\/wp-json\/wp\/v2\/media\/9442"}],"wp:attachment":[{"href":"https:\/\/www.asajacyl.com\/palencia\/wp-json\/wp\/v2\/media?parent=9428"}],"wp:term":[{"taxonomy":"category","embeddable":true,"href":"https:\/\/www.asajacyl.com\/palencia\/wp-json\/wp\/v2\/categories?post=9428"},{"taxonomy":"post_tag","embeddable":true,"href":"https:\/\/www.asajacyl.com\/palencia\/wp-json\/wp\/v2\/tags?post=9428"}],"curies":[{"name":"wp","href":"https:\/\/api.w.org\/{rel}","templated":true}]}}