{"id":9432,"date":"2021-12-01T11:00:00","date_gmt":"2021-12-01T10:00:00","guid":{"rendered":"https:\/\/www.asajacyl.com\/palencia\/?p=9432"},"modified":"2021-11-30T11:18:20","modified_gmt":"2021-11-30T10:18:20","slug":"pedro-barato-nos-piden-mas-con-menos-dinero","status":"publish","type":"post","link":"https:\/\/www.asajacyl.com\/palencia\/asaja-palencia-informa\/pedro-barato-nos-piden-mas-con-menos-dinero","title":{"rendered":"Pedro Barato: \u00abNos piden m\u00e1s con menos dinero\u00bb"},"content":{"rendered":"\n<p>Pedro Barato, Presidente Nacional de ASAJA, ha valorado la aprobaci\u00f3n de la PAC por parte del Parlamento Europeo, \u201cnos piden m\u00e1s con menos dinero\u201d, ha declarado.<\/p>\n\n\n\n<p>El Presidente de ASAJA considera que las pol\u00edticas sostenibles exigidas por la nueva PAC pueden provocar falta de rentabilidad en el sector agrario espa\u00f1ol. Adem\u00e1s, el contexto actual donde ha subido la energ\u00eda el\u00e9ctrica m\u00e1s de un 300%, el gas\u00f3leo de nuestros transportes lo ha hecho en un 72%, fertilizantes 200%, o el sector l\u00e1cteo, donde \u00abcada d\u00eda, dos explotaciones ganaderas desaparecen\u00bb, por el fuerte incremento de los precios del pienso, entre otros, no tiene nada que ver con el periodo donde se iniciaron las negociaciones que ahora se han culminado.<\/p>\n\n\n\n<div class=\"wp-block-image\"><figure class=\"aligncenter size-large is-resized\"><img loading=\"lazy\" decoding=\"async\" src=\"https:\/\/www.asajacyl.com\/palencia\/wp-content\/uploads\/sites\/3\/2021\/11\/PEDRO-BARATO-682x1024.jpg\" alt=\"\" class=\"wp-image-9433\" width=\"340\" height=\"502\" \/><\/figure><\/div>\n\n\n\n<p><\/p>\n","protected":false},"excerpt":{"rendered":"<p>Pedro Barato, Presidente Nacional de ASAJA, ha valorado la aprobaci\u00f3n de la PAC por parte del Parlamento Europeo, \u201cnos piden m\u00e1s con menos dinero\u201d, ha declarado. El Presidente de ASAJA considera que las pol\u00edticas sostenibles exigidas por la nueva PAC pueden provocar falta de rentabilidad en el sector agrario espa\u00f1ol. Adem\u00e1s, el contexto actual donde [&hellip;]<\/p>\n","protected":false},"author":9,"featured_media":9433,"comment_status":"open","ping_status":"open","sticky":false,"template":"","format":"standard","meta":{"footnotes":""},"categories":[9,29,28],"tags":[],"yoast_head":"<!-- This site is optimized with the Yoast SEO plugin v24.5 - https:\/\/yoast.com\/wordpress\/plugins\/seo\/ -->\n<title>Pedro Barato: &quot;Nos piden m\u00e1s con menos dinero&quot; - ASAJA Palencia<\/title>\n<meta name=\"description\" content=\"Pedro Barato, Presidente Nacional de ASAJA, ha valorado la aprobaci\u00f3n de la PAC por parte del Parlamento Europeo, \u201cnos piden m\u00e1s con menos dinero\u201d, ha\" \/>\n<meta name=\"robots\" content=\"index, follow, max-snippet:-1, max-image-preview:large, max-video-preview:-1\" \/>\n<link rel=\"canonical\" href=\"https:\/\/www.asajacyl.com\/palencia\/asaja-palencia-informa\/pedro-barato-nos-piden-mas-con-menos-dinero\" \/>\n<meta property=\"og:locale\" content=\"es_ES\" \/>\n<meta property=\"og:type\" content=\"article\" \/>\n<meta property=\"og:title\" content=\"Pedro Barato: &quot;Nos piden m\u00e1s con menos dinero&quot; - ASAJA Palencia\" \/>\n<meta property=\"og:description\" content=\"Pedro Barato, Presidente Nacional de ASAJA, ha valorado la aprobaci\u00f3n de la PAC por parte del Parlamento Europeo, \u201cnos piden m\u00e1s con menos dinero\u201d, ha\" \/>\n<meta property=\"og:url\" content=\"https:\/\/www.asajacyl.com\/palencia\/asaja-palencia-informa\/pedro-barato-nos-piden-mas-con-menos-dinero\" \/>\n<meta property=\"og:site_name\" content=\"ASAJA Palencia\" \/>\n<meta property=\"article:published_time\" content=\"2021-12-01T10:00:00+00:00\" \/>\n<meta property=\"og:image\" content=\"https:\/\/www.asajacyl.com\/palencia\/wp-content\/uploads\/sites\/3\/2021\/11\/PEDRO-BARATO.jpg\" \/>\n\t<meta property=\"og:image:width\" content=\"1664\" \/>\n\t<meta property=\"og:image:height\" content=\"2500\" \/>\n\t<meta property=\"og:image:type\" content=\"image\/jpeg\" \/>\n<meta name=\"author\" content=\"Administrador\" \/>\n<meta name=\"twitter:card\" content=\"summary_large_image\" \/>\n<meta name=\"twitter:label1\" content=\"Escrito por\" \/>\n\t<meta name=\"twitter:data1\" content=\"Administrador\" \/>\n\t<meta name=\"twitter:label2\" content=\"Tiempo de lectura\" \/>\n\t<meta name=\"twitter:data2\" content=\"1 minuto\" \/>\n<script type=\"application\/ld+json\" class=\"yoast-schema-graph\">{\"@context\":\"https:\/\/schema.org\",\"@graph\":[{\"@type\":\"WebPage\",\"@id\":\"https:\/\/www.asajacyl.com\/palencia\/asaja-palencia-informa\/pedro-barato-nos-piden-mas-con-menos-dinero\",\"url\":\"https:\/\/www.asajacyl.com\/palencia\/asaja-palencia-informa\/pedro-barato-nos-piden-mas-con-menos-dinero\",\"name\":\"Pedro Barato: \\\"Nos piden m\u00e1s con menos dinero\\\" - ASAJA Palencia\",\"isPartOf\":{\"@id\":\"https:\/\/www.asajacyl.com\/palencia\/#website\"},\"primaryImageOfPage\":{\"@id\":\"https:\/\/www.asajacyl.com\/palencia\/asaja-palencia-informa\/pedro-barato-nos-piden-mas-con-menos-dinero#primaryimage\"},\"image\":{\"@id\":\"https:\/\/www.asajacyl.com\/palencia\/asaja-palencia-informa\/pedro-barato-nos-piden-mas-con-menos-dinero#primaryimage\"},\"thumbnailUrl\":\"https:\/\/www.asajacyl.com\/palencia\/wp-content\/uploads\/sites\/3\/2021\/11\/PEDRO-BARATO.jpg\",\"datePublished\":\"2021-12-01T10:00:00+00:00\",\"author\":{\"@id\":\"https:\/\/www.asajacyl.com\/palencia\/#\/schema\/person\/3ab17aeb03527485c317557fae64aab1\"},\"description\":\"Pedro Barato, Presidente Nacional de ASAJA, ha valorado la aprobaci\u00f3n de la PAC por parte del Parlamento Europeo, \u201cnos piden m\u00e1s con menos dinero\u201d, ha\",\"breadcrumb\":{\"@id\":\"https:\/\/www.asajacyl.com\/palencia\/asaja-palencia-informa\/pedro-barato-nos-piden-mas-con-menos-dinero#breadcrumb\"},\"inLanguage\":\"es\",\"potentialAction\":[{\"@type\":\"ReadAction\",\"target\":[\"https:\/\/www.asajacyl.com\/palencia\/asaja-palencia-informa\/pedro-barato-nos-piden-mas-con-menos-dinero\"]}]},{\"@type\":\"ImageObject\",\"inLanguage\":\"es\",\"@id\":\"https:\/\/www.asajacyl.com\/palencia\/asaja-palencia-informa\/pedro-barato-nos-piden-mas-con-menos-dinero#primaryimage\",\"url\":\"https:\/\/www.asajacyl.com\/palencia\/wp-content\/uploads\/sites\/3\/2021\/11\/PEDRO-BARATO.jpg\",\"contentUrl\":\"https:\/\/www.asajacyl.com\/palencia\/wp-content\/uploads\/sites\/3\/2021\/11\/PEDRO-BARATO.jpg\",\"width\":1664,\"height\":2500},{\"@type\":\"BreadcrumbList\",\"@id\":\"https:\/\/www.asajacyl.com\/palencia\/asaja-palencia-informa\/pedro-barato-nos-piden-mas-con-menos-dinero#breadcrumb\",\"itemListElement\":[{\"@type\":\"ListItem\",\"position\":1,\"name\":\"Portada\",\"item\":\"https:\/\/www.asajacyl.com\/palencia\/\"},{\"@type\":\"ListItem\",\"position\":2,\"name\":\"Pedro Barato: \u00abNos piden m\u00e1s con menos dinero\u00bb\"}]},{\"@type\":\"WebSite\",\"@id\":\"https:\/\/www.asajacyl.com\/palencia\/#website\",\"url\":\"https:\/\/www.asajacyl.com\/palencia\/\",\"name\":\"ASAJA Palencia\",\"description\":\"Otro sitio m\u00e1s de Provincias ASAJA Castilla y Le\u00f3n\",\"potentialAction\":[{\"@type\":\"SearchAction\",\"target\":{\"@type\":\"EntryPoint\",\"urlTemplate\":\"https:\/\/www.asajacyl.com\/palencia\/?s={search_term_string}\"},\"query-input\":{\"@type\":\"PropertyValueSpecification\",\"valueRequired\":true,\"valueName\":\"search_term_string\"}}],\"inLanguage\":\"es\"},{\"@type\":\"Person\",\"@id\":\"https:\/\/www.asajacyl.com\/palencia\/#\/schema\/person\/3ab17aeb03527485c317557fae64aab1\",\"name\":\"Administrador\",\"image\":{\"@type\":\"ImageObject\",\"inLanguage\":\"es\",\"@id\":\"https:\/\/www.asajacyl.com\/palencia\/#\/schema\/person\/image\/\",\"url\":\"https:\/\/secure.gravatar.com\/avatar\/517384810d242ca9e38c180f3c9fb973?s=96&d=mm&r=g\",\"contentUrl\":\"https:\/\/secure.gravatar.com\/avatar\/517384810d242ca9e38c180f3c9fb973?s=96&d=mm&r=g\",\"caption\":\"Administrador\"},\"url\":\"https:\/\/www.asajacyl.com\/palencia\/author\/carlosrm\"}]}<\/script>\n<!-- \/ Yoast SEO plugin. -->","yoast_head_json":{"title":"Pedro Barato: \"Nos piden m\u00e1s con menos dinero\" - ASAJA Palencia","description":"Pedro Barato, Presidente Nacional de ASAJA, ha valorado la aprobaci\u00f3n de la PAC por parte del Parlamento Europeo, \u201cnos piden m\u00e1s con menos dinero\u201d, ha","robots":{"index":"index","follow":"follow","max-snippet":"max-snippet:-1","max-image-preview":"max-image-preview:large","max-video-preview":"max-video-preview:-1"},"canonical":"https:\/\/www.asajacyl.com\/palencia\/asaja-palencia-informa\/pedro-barato-nos-piden-mas-con-menos-dinero","og_locale":"es_ES","og_type":"article","og_title":"Pedro Barato: \"Nos piden m\u00e1s con menos dinero\" - ASAJA Palencia","og_description":"Pedro Barato, Presidente Nacional de ASAJA, ha valorado la aprobaci\u00f3n de la PAC por parte del Parlamento Europeo, \u201cnos piden m\u00e1s con menos dinero\u201d, ha","og_url":"https:\/\/www.asajacyl.com\/palencia\/asaja-palencia-informa\/pedro-barato-nos-piden-mas-con-menos-dinero","og_site_name":"ASAJA Palencia","article_published_time":"2021-12-01T10:00:00+00:00","og_image":[{"width":1664,"height":2500,"url":"https:\/\/www.asajacyl.com\/palencia\/wp-content\/uploads\/sites\/3\/2021\/11\/PEDRO-BARATO.jpg","type":"image\/jpeg"}],"author":"Administrador","twitter_card":"summary_large_image","twitter_misc":{"Escrito por":"Administrador","Tiempo de lectura":"1 minuto"},"schema":{"@context":"https:\/\/schema.org","@graph":[{"@type":"WebPage","@id":"https:\/\/www.asajacyl.com\/palencia\/asaja-palencia-informa\/pedro-barato-nos-piden-mas-con-menos-dinero","url":"https:\/\/www.asajacyl.com\/palencia\/asaja-palencia-informa\/pedro-barato-nos-piden-mas-con-menos-dinero","name":"Pedro Barato: \"Nos piden m\u00e1s con menos dinero\" - ASAJA Palencia","isPartOf":{"@id":"https:\/\/www.asajacyl.com\/palencia\/#website"},"primaryImageOfPage":{"@id":"https:\/\/www.asajacyl.com\/palencia\/asaja-palencia-informa\/pedro-barato-nos-piden-mas-con-menos-dinero#primaryimage"},"image":{"@id":"https:\/\/www.asajacyl.com\/palencia\/asaja-palencia-informa\/pedro-barato-nos-piden-mas-con-menos-dinero#primaryimage"},"thumbnailUrl":"https:\/\/www.asajacyl.com\/palencia\/wp-content\/uploads\/sites\/3\/2021\/11\/PEDRO-BARATO.jpg","datePublished":"2021-12-01T10:00:00+00:00","author":{"@id":"https:\/\/www.asajacyl.com\/palencia\/#\/schema\/person\/3ab17aeb03527485c317557fae64aab1"},"description":"Pedro Barato, Presidente Nacional de ASAJA, ha valorado la aprobaci\u00f3n de la PAC por parte del Parlamento Europeo, \u201cnos piden m\u00e1s con menos dinero\u201d, ha","breadcrumb":{"@id":"https:\/\/www.asajacyl.com\/palencia\/asaja-palencia-informa\/pedro-barato-nos-piden-mas-con-menos-dinero#breadcrumb"},"inLanguage":"es","potentialAction":[{"@type":"ReadAction","target":["https:\/\/www.asajacyl.com\/palencia\/asaja-palencia-informa\/pedro-barato-nos-piden-mas-con-menos-dinero"]}]},{"@type":"ImageObject","inLanguage":"es","@id":"https:\/\/www.asajacyl.com\/palencia\/asaja-palencia-informa\/pedro-barato-nos-piden-mas-con-menos-dinero#primaryimage","url":"https:\/\/www.asajacyl.com\/palencia\/wp-content\/uploads\/sites\/3\/2021\/11\/PEDRO-BARATO.jpg","contentUrl":"https:\/\/www.asajacyl.com\/palencia\/wp-content\/uploads\/sites\/3\/2021\/11\/PEDRO-BARATO.jpg","width":1664,"height":2500},{"@type":"BreadcrumbList","@id":"https:\/\/www.asajacyl.com\/palencia\/asaja-palencia-informa\/pedro-barato-nos-piden-mas-con-menos-dinero#breadcrumb","itemListElement":[{"@type":"ListItem","position":1,"name":"Portada","item":"https:\/\/www.asajacyl.com\/palencia\/"},{"@type":"ListItem","position":2,"name":"Pedro Barato: \u00abNos piden m\u00e1s con menos dinero\u00bb"}]},{"@type":"WebSite","@id":"https:\/\/www.asajacyl.com\/palencia\/#website","url":"https:\/\/www.asajacyl.com\/palencia\/","name":"ASAJA Palencia","description":"Otro sitio m\u00e1s de Provincias ASAJA Castilla y Le\u00f3n","potentialAction":[{"@type":"SearchAction","target":{"@type":"EntryPoint","urlTemplate":"https:\/\/www.asajacyl.com\/palencia\/?s={search_term_string}"},"query-input":{"@type":"PropertyValueSpecification","valueRequired":true,"valueName":"search_term_string"}}],"inLanguage":"es"},{"@type":"Person","@id":"https:\/\/www.asajacyl.com\/palencia\/#\/schema\/person\/3ab17aeb03527485c317557fae64aab1","name":"Administrador","image":{"@type":"ImageObject","inLanguage":"es","@id":"https:\/\/www.asajacyl.com\/palencia\/#\/schema\/person\/image\/","url":"https:\/\/secure.gravatar.com\/avatar\/517384810d242ca9e38c180f3c9fb973?s=96&d=mm&r=g","contentUrl":"https:\/\/secure.gravatar.com\/avatar\/517384810d242ca9e38c180f3c9fb973?s=96&d=mm&r=g","caption":"Administrador"},"url":"https:\/\/www.asajacyl.com\/palencia\/author\/carlosrm"}]}},"_links":{"self":[{"href":"https:\/\/www.asajacyl.com\/palencia\/wp-json\/wp\/v2\/posts\/9432"}],"collection":[{"href":"https:\/\/www.asajacyl.com\/palencia\/wp-json\/wp\/v2\/posts"}],"about":[{"href":"https:\/\/www.asajacyl.com\/palencia\/wp-json\/wp\/v2\/types\/post"}],"author":[{"embeddable":true,"href":"https:\/\/www.asajacyl.com\/palencia\/wp-json\/wp\/v2\/users\/9"}],"replies":[{"embeddable":true,"href":"https:\/\/www.asajacyl.com\/palencia\/wp-json\/wp\/v2\/comments?post=9432"}],"version-history":[{"count":1,"href":"https:\/\/www.asajacyl.com\/palencia\/wp-json\/wp\/v2\/posts\/9432\/revisions"}],"predecessor-version":[{"id":9434,"href":"https:\/\/www.asajacyl.com\/palencia\/wp-json\/wp\/v2\/posts\/9432\/revisions\/9434"}],"wp:featuredmedia":[{"embeddable":true,"href":"https:\/\/www.asajacyl.com\/palencia\/wp-json\/wp\/v2\/media\/9433"}],"wp:attachment":[{"href":"https:\/\/www.asajacyl.com\/palencia\/wp-json\/wp\/v2\/media?parent=9432"}],"wp:term":[{"taxonomy":"category","embeddable":true,"href":"https:\/\/www.asajacyl.com\/palencia\/wp-json\/wp\/v2\/categories?post=9432"},{"taxonomy":"post_tag","embeddable":true,"href":"https:\/\/www.asajacyl.com\/palencia\/wp-json\/wp\/v2\/tags?post=9432"}],"curies":[{"name":"wp","href":"https:\/\/api.w.org\/{rel}","templated":true}]}}