{"id":9437,"date":"2021-11-30T12:42:50","date_gmt":"2021-11-30T11:42:50","guid":{"rendered":"https:\/\/www.asajacyl.com\/palencia\/?p=9437"},"modified":"2021-11-30T12:42:52","modified_gmt":"2021-11-30T11:42:52","slug":"asaja-valora-que-el-presidente-de-la-junta-nos-haya-escuchado-y-se-habilite-una-ayuda-de-emergencia-para-el-vacuno-de-leche-de-castilla-y-leon","status":"publish","type":"post","link":"https:\/\/www.asajacyl.com\/palencia\/asaja-palencia-informa\/asaja-valora-que-el-presidente-de-la-junta-nos-haya-escuchado-y-se-habilite-una-ayuda-de-emergencia-para-el-vacuno-de-leche-de-castilla-y-leon","title":{"rendered":"ASAJA valora \u201cque el presidente de la Junta nos haya escuchado y se habilite una ayuda de emergencia para el vacuno de leche de Castilla y Le\u00f3n\u201d"},"content":{"rendered":"\n<p>ASAJA ha valorado muy positivamente la ayuda de emergencia que la Junta conceder\u00e1 a los ganaderos de vacuno de leche de Castilla y Le\u00f3n, y ha agradecido directamente al presidente de la Junta de Castilla y Le\u00f3n, Alfonso Fern\u00e1ndez Ma\u00f1ueco, as\u00ed como al consejero de Agricultura y Ganader\u00eda, Jes\u00fas Julio Carnero, su empe\u00f1o en habilitar este apoyo directo a un sector que lleva meses soportando p\u00e9rdidas asfixiantes para evitar el cierre de explotaciones.<\/p>\n\n\n\n<p>\u201cNo es habitual que lo que pedimos sea atendido por las administraciones, pero en este caso as\u00ed ha sido. Pedimos al presidente de la Junta que intercediera por el vacuno de leche, y a los pocos d\u00edas se conoce esta ayuda, que, aunque no sea grande, s\u00ed es importante porque supone el reconocimiento oficial de la situaci\u00f3n excepcional e insoportable que aguantan los ganaderos\u201d, se\u00f1ala Donaciano Dujo, presidente de ASAJA de Castilla y Le\u00f3n, que agradece igualmente al consejero su diligencia para convocar lo antes posible esta ayuda de emergencia. En este sentido, el l\u00edder de ASAJA reclama que \u201cLuis Planas deber\u00eda tomar nota de esta ayuda que impulsa Castilla y Le\u00f3n, y sumar al menos una cantidad similar con fondos del ministerio\u201d.<\/p>\n\n\n\n<p>Seg\u00fan se ha conocido hoy, la concesi\u00f3n se efectuar\u00e1 a los titulares de explotaciones de ganado vacuno de leche de Castilla y Le\u00f3n que hayan realizado entregas de leche o hayan vendido leche de forma directa en octubre de este a\u00f1o. La ayuda ser\u00e1 de 4.000 euros para aquellas explotaciones con m\u00e1s de 5 y hasta 50 vacas lecheras. De 6.000 euros para las explotaciones con entre 51 y hasta 100 vacas lecheras. Y de 8.000 euros para aquellas explotaciones que manejen de 101 vacas en adelante.<\/p>\n\n\n\n<p>Esta ayuda es un peque\u00f1o respaldo para la maltrecha situaci\u00f3n econ\u00f3mica de las explotaciones, pero no soluciona el problema de base, que la industria pague un precio justo por la leche. En ese camino seguir\u00e1 trabajando ASAJA, que mantiene un calendario de protestas conjunto con el sector, siendo la pr\u00f3xima cita en Le\u00f3n, el pr\u00f3ximo 13 de diciembre, frente a Lactiber.<\/p>\n\n\n\n<div class=\"wp-block-image\"><figure class=\"aligncenter size-large\"><img loading=\"lazy\" decoding=\"async\" width=\"595\" height=\"648\" src=\"https:\/\/www.asajacyl.com\/palencia\/wp-content\/uploads\/sites\/3\/2021\/11\/precios-leche.jpg\" alt=\"\" class=\"wp-image-9438\" srcset=\"https:\/\/www.asajacyl.com\/palencia\/wp-content\/uploads\/sites\/3\/2021\/11\/precios-leche.jpg 595w, https:\/\/www.asajacyl.com\/palencia\/wp-content\/uploads\/sites\/3\/2021\/11\/precios-leche-275x300.jpg 275w, https:\/\/www.asajacyl.com\/palencia\/wp-content\/uploads\/sites\/3\/2021\/11\/precios-leche-386x420.jpg 386w\" sizes=\"(max-width: 595px) 100vw, 595px\" \/><\/figure><\/div>\n","protected":false},"excerpt":{"rendered":"<p>ASAJA ha valorado muy positivamente la ayuda de emergencia que la Junta conceder\u00e1 a los ganaderos de vacuno de leche de Castilla y Le\u00f3n, y ha agradecido directamente al presidente de la Junta de Castilla y Le\u00f3n, Alfonso Fern\u00e1ndez Ma\u00f1ueco, as\u00ed como al consejero de Agricultura y Ganader\u00eda, Jes\u00fas Julio Carnero, su empe\u00f1o en habilitar [&hellip;]<\/p>\n","protected":false},"author":9,"featured_media":9438,"comment_status":"open","ping_status":"open","sticky":false,"template":"","format":"standard","meta":{"footnotes":""},"categories":[9,29,28],"tags":[],"yoast_head":"<!-- This site is optimized with the Yoast SEO plugin v24.5 - https:\/\/yoast.com\/wordpress\/plugins\/seo\/ -->\n<title>ASAJA valora \u201cque el presidente de la Junta nos haya escuchado y se habilite una ayuda de emergencia para el vacuno de leche de Castilla y Le\u00f3n\u201d - ASAJA Palencia<\/title>\n<meta name=\"description\" content=\"ASAJA ha valorado muy positivamente la ayuda de emergencia que la Junta conceder\u00e1 a los ganaderos de vacuno de leche de Castilla y Le\u00f3n, y ha agradecido\" \/>\n<meta name=\"robots\" content=\"index, follow, max-snippet:-1, max-image-preview:large, max-video-preview:-1\" \/>\n<link rel=\"canonical\" href=\"https:\/\/www.asajacyl.com\/palencia\/asaja-palencia-informa\/asaja-valora-que-el-presidente-de-la-junta-nos-haya-escuchado-y-se-habilite-una-ayuda-de-emergencia-para-el-vacuno-de-leche-de-castilla-y-leon\" \/>\n<meta property=\"og:locale\" content=\"es_ES\" \/>\n<meta property=\"og:type\" content=\"article\" \/>\n<meta property=\"og:title\" content=\"ASAJA valora \u201cque el presidente de la Junta nos haya escuchado y se habilite una ayuda de emergencia para el vacuno de leche de Castilla y Le\u00f3n\u201d - ASAJA Palencia\" \/>\n<meta property=\"og:description\" content=\"ASAJA ha valorado muy positivamente la ayuda de emergencia que la Junta conceder\u00e1 a los ganaderos de vacuno de leche de Castilla y Le\u00f3n, y ha agradecido\" \/>\n<meta property=\"og:url\" content=\"https:\/\/www.asajacyl.com\/palencia\/asaja-palencia-informa\/asaja-valora-que-el-presidente-de-la-junta-nos-haya-escuchado-y-se-habilite-una-ayuda-de-emergencia-para-el-vacuno-de-leche-de-castilla-y-leon\" \/>\n<meta property=\"og:site_name\" content=\"ASAJA Palencia\" \/>\n<meta property=\"article:published_time\" content=\"2021-11-30T11:42:50+00:00\" \/>\n<meta property=\"article:modified_time\" content=\"2021-11-30T11:42:52+00:00\" \/>\n<meta property=\"og:image\" content=\"https:\/\/www.asajacyl.com\/palencia\/wp-content\/uploads\/sites\/3\/2021\/11\/precios-leche.jpg\" \/>\n\t<meta property=\"og:image:width\" content=\"595\" \/>\n\t<meta property=\"og:image:height\" content=\"648\" \/>\n\t<meta property=\"og:image:type\" content=\"image\/jpeg\" \/>\n<meta name=\"author\" content=\"Administrador\" \/>\n<meta name=\"twitter:card\" content=\"summary_large_image\" \/>\n<meta name=\"twitter:label1\" content=\"Escrito por\" \/>\n\t<meta name=\"twitter:data1\" content=\"Administrador\" \/>\n\t<meta name=\"twitter:label2\" content=\"Tiempo de lectura\" \/>\n\t<meta name=\"twitter:data2\" content=\"2 minutos\" \/>\n<script type=\"application\/ld+json\" class=\"yoast-schema-graph\">{\"@context\":\"https:\/\/schema.org\",\"@graph\":[{\"@type\":\"WebPage\",\"@id\":\"https:\/\/www.asajacyl.com\/palencia\/asaja-palencia-informa\/asaja-valora-que-el-presidente-de-la-junta-nos-haya-escuchado-y-se-habilite-una-ayuda-de-emergencia-para-el-vacuno-de-leche-de-castilla-y-leon\",\"url\":\"https:\/\/www.asajacyl.com\/palencia\/asaja-palencia-informa\/asaja-valora-que-el-presidente-de-la-junta-nos-haya-escuchado-y-se-habilite-una-ayuda-de-emergencia-para-el-vacuno-de-leche-de-castilla-y-leon\",\"name\":\"ASAJA valora \u201cque el presidente de la Junta nos haya escuchado y se habilite una ayuda de emergencia para el vacuno de leche de Castilla y Le\u00f3n\u201d - ASAJA Palencia\",\"isPartOf\":{\"@id\":\"https:\/\/www.asajacyl.com\/palencia\/#website\"},\"primaryImageOfPage\":{\"@id\":\"https:\/\/www.asajacyl.com\/palencia\/asaja-palencia-informa\/asaja-valora-que-el-presidente-de-la-junta-nos-haya-escuchado-y-se-habilite-una-ayuda-de-emergencia-para-el-vacuno-de-leche-de-castilla-y-leon#primaryimage\"},\"image\":{\"@id\":\"https:\/\/www.asajacyl.com\/palencia\/asaja-palencia-informa\/asaja-valora-que-el-presidente-de-la-junta-nos-haya-escuchado-y-se-habilite-una-ayuda-de-emergencia-para-el-vacuno-de-leche-de-castilla-y-leon#primaryimage\"},\"thumbnailUrl\":\"https:\/\/www.asajacyl.com\/palencia\/wp-content\/uploads\/sites\/3\/2021\/11\/precios-leche.jpg\",\"datePublished\":\"2021-11-30T11:42:50+00:00\",\"dateModified\":\"2021-11-30T11:42:52+00:00\",\"author\":{\"@id\":\"https:\/\/www.asajacyl.com\/palencia\/#\/schema\/person\/3ab17aeb03527485c317557fae64aab1\"},\"description\":\"ASAJA ha valorado muy positivamente la ayuda de emergencia que la Junta conceder\u00e1 a los ganaderos de vacuno de leche de Castilla y Le\u00f3n, y ha agradecido\",\"breadcrumb\":{\"@id\":\"https:\/\/www.asajacyl.com\/palencia\/asaja-palencia-informa\/asaja-valora-que-el-presidente-de-la-junta-nos-haya-escuchado-y-se-habilite-una-ayuda-de-emergencia-para-el-vacuno-de-leche-de-castilla-y-leon#breadcrumb\"},\"inLanguage\":\"es\",\"potentialAction\":[{\"@type\":\"ReadAction\",\"target\":[\"https:\/\/www.asajacyl.com\/palencia\/asaja-palencia-informa\/asaja-valora-que-el-presidente-de-la-junta-nos-haya-escuchado-y-se-habilite-una-ayuda-de-emergencia-para-el-vacuno-de-leche-de-castilla-y-leon\"]}]},{\"@type\":\"ImageObject\",\"inLanguage\":\"es\",\"@id\":\"https:\/\/www.asajacyl.com\/palencia\/asaja-palencia-informa\/asaja-valora-que-el-presidente-de-la-junta-nos-haya-escuchado-y-se-habilite-una-ayuda-de-emergencia-para-el-vacuno-de-leche-de-castilla-y-leon#primaryimage\",\"url\":\"https:\/\/www.asajacyl.com\/palencia\/wp-content\/uploads\/sites\/3\/2021\/11\/precios-leche.jpg\",\"contentUrl\":\"https:\/\/www.asajacyl.com\/palencia\/wp-content\/uploads\/sites\/3\/2021\/11\/precios-leche.jpg\",\"width\":595,\"height\":648},{\"@type\":\"BreadcrumbList\",\"@id\":\"https:\/\/www.asajacyl.com\/palencia\/asaja-palencia-informa\/asaja-valora-que-el-presidente-de-la-junta-nos-haya-escuchado-y-se-habilite-una-ayuda-de-emergencia-para-el-vacuno-de-leche-de-castilla-y-leon#breadcrumb\",\"itemListElement\":[{\"@type\":\"ListItem\",\"position\":1,\"name\":\"Portada\",\"item\":\"https:\/\/www.asajacyl.com\/palencia\/\"},{\"@type\":\"ListItem\",\"position\":2,\"name\":\"ASAJA valora \u201cque el presidente de la Junta nos haya escuchado y se habilite una ayuda de emergencia para el vacuno de leche de Castilla y Le\u00f3n\u201d\"}]},{\"@type\":\"WebSite\",\"@id\":\"https:\/\/www.asajacyl.com\/palencia\/#website\",\"url\":\"https:\/\/www.asajacyl.com\/palencia\/\",\"name\":\"ASAJA Palencia\",\"description\":\"Otro sitio m\u00e1s de Provincias ASAJA Castilla y Le\u00f3n\",\"potentialAction\":[{\"@type\":\"SearchAction\",\"target\":{\"@type\":\"EntryPoint\",\"urlTemplate\":\"https:\/\/www.asajacyl.com\/palencia\/?s={search_term_string}\"},\"query-input\":{\"@type\":\"PropertyValueSpecification\",\"valueRequired\":true,\"valueName\":\"search_term_string\"}}],\"inLanguage\":\"es\"},{\"@type\":\"Person\",\"@id\":\"https:\/\/www.asajacyl.com\/palencia\/#\/schema\/person\/3ab17aeb03527485c317557fae64aab1\",\"name\":\"Administrador\",\"image\":{\"@type\":\"ImageObject\",\"inLanguage\":\"es\",\"@id\":\"https:\/\/www.asajacyl.com\/palencia\/#\/schema\/person\/image\/\",\"url\":\"https:\/\/secure.gravatar.com\/avatar\/517384810d242ca9e38c180f3c9fb973?s=96&d=mm&r=g\",\"contentUrl\":\"https:\/\/secure.gravatar.com\/avatar\/517384810d242ca9e38c180f3c9fb973?s=96&d=mm&r=g\",\"caption\":\"Administrador\"},\"url\":\"https:\/\/www.asajacyl.com\/palencia\/author\/carlosrm\"}]}<\/script>\n<!-- \/ Yoast SEO plugin. -->","yoast_head_json":{"title":"ASAJA valora \u201cque el presidente de la Junta nos haya escuchado y se habilite una ayuda de emergencia para el vacuno de leche de Castilla y Le\u00f3n\u201d - ASAJA Palencia","description":"ASAJA ha valorado muy positivamente la ayuda de emergencia que la Junta conceder\u00e1 a los ganaderos de vacuno de leche de Castilla y Le\u00f3n, y ha agradecido","robots":{"index":"index","follow":"follow","max-snippet":"max-snippet:-1","max-image-preview":"max-image-preview:large","max-video-preview":"max-video-preview:-1"},"canonical":"https:\/\/www.asajacyl.com\/palencia\/asaja-palencia-informa\/asaja-valora-que-el-presidente-de-la-junta-nos-haya-escuchado-y-se-habilite-una-ayuda-de-emergencia-para-el-vacuno-de-leche-de-castilla-y-leon","og_locale":"es_ES","og_type":"article","og_title":"ASAJA valora \u201cque el presidente de la Junta nos haya escuchado y se habilite una ayuda de emergencia para el vacuno de leche de Castilla y Le\u00f3n\u201d - ASAJA Palencia","og_description":"ASAJA ha valorado muy positivamente la ayuda de emergencia que la Junta conceder\u00e1 a los ganaderos de vacuno de leche de Castilla y Le\u00f3n, y ha agradecido","og_url":"https:\/\/www.asajacyl.com\/palencia\/asaja-palencia-informa\/asaja-valora-que-el-presidente-de-la-junta-nos-haya-escuchado-y-se-habilite-una-ayuda-de-emergencia-para-el-vacuno-de-leche-de-castilla-y-leon","og_site_name":"ASAJA Palencia","article_published_time":"2021-11-30T11:42:50+00:00","article_modified_time":"2021-11-30T11:42:52+00:00","og_image":[{"width":595,"height":648,"url":"https:\/\/www.asajacyl.com\/palencia\/wp-content\/uploads\/sites\/3\/2021\/11\/precios-leche.jpg","type":"image\/jpeg"}],"author":"Administrador","twitter_card":"summary_large_image","twitter_misc":{"Escrito por":"Administrador","Tiempo de lectura":"2 minutos"},"schema":{"@context":"https:\/\/schema.org","@graph":[{"@type":"WebPage","@id":"https:\/\/www.asajacyl.com\/palencia\/asaja-palencia-informa\/asaja-valora-que-el-presidente-de-la-junta-nos-haya-escuchado-y-se-habilite-una-ayuda-de-emergencia-para-el-vacuno-de-leche-de-castilla-y-leon","url":"https:\/\/www.asajacyl.com\/palencia\/asaja-palencia-informa\/asaja-valora-que-el-presidente-de-la-junta-nos-haya-escuchado-y-se-habilite-una-ayuda-de-emergencia-para-el-vacuno-de-leche-de-castilla-y-leon","name":"ASAJA valora \u201cque el presidente de la Junta nos haya escuchado y se habilite una ayuda de emergencia para el vacuno de leche de Castilla y Le\u00f3n\u201d - ASAJA Palencia","isPartOf":{"@id":"https:\/\/www.asajacyl.com\/palencia\/#website"},"primaryImageOfPage":{"@id":"https:\/\/www.asajacyl.com\/palencia\/asaja-palencia-informa\/asaja-valora-que-el-presidente-de-la-junta-nos-haya-escuchado-y-se-habilite-una-ayuda-de-emergencia-para-el-vacuno-de-leche-de-castilla-y-leon#primaryimage"},"image":{"@id":"https:\/\/www.asajacyl.com\/palencia\/asaja-palencia-informa\/asaja-valora-que-el-presidente-de-la-junta-nos-haya-escuchado-y-se-habilite-una-ayuda-de-emergencia-para-el-vacuno-de-leche-de-castilla-y-leon#primaryimage"},"thumbnailUrl":"https:\/\/www.asajacyl.com\/palencia\/wp-content\/uploads\/sites\/3\/2021\/11\/precios-leche.jpg","datePublished":"2021-11-30T11:42:50+00:00","dateModified":"2021-11-30T11:42:52+00:00","author":{"@id":"https:\/\/www.asajacyl.com\/palencia\/#\/schema\/person\/3ab17aeb03527485c317557fae64aab1"},"description":"ASAJA ha valorado muy positivamente la ayuda de emergencia que la Junta conceder\u00e1 a los ganaderos de vacuno de leche de Castilla y Le\u00f3n, y ha agradecido","breadcrumb":{"@id":"https:\/\/www.asajacyl.com\/palencia\/asaja-palencia-informa\/asaja-valora-que-el-presidente-de-la-junta-nos-haya-escuchado-y-se-habilite-una-ayuda-de-emergencia-para-el-vacuno-de-leche-de-castilla-y-leon#breadcrumb"},"inLanguage":"es","potentialAction":[{"@type":"ReadAction","target":["https:\/\/www.asajacyl.com\/palencia\/asaja-palencia-informa\/asaja-valora-que-el-presidente-de-la-junta-nos-haya-escuchado-y-se-habilite-una-ayuda-de-emergencia-para-el-vacuno-de-leche-de-castilla-y-leon"]}]},{"@type":"ImageObject","inLanguage":"es","@id":"https:\/\/www.asajacyl.com\/palencia\/asaja-palencia-informa\/asaja-valora-que-el-presidente-de-la-junta-nos-haya-escuchado-y-se-habilite-una-ayuda-de-emergencia-para-el-vacuno-de-leche-de-castilla-y-leon#primaryimage","url":"https:\/\/www.asajacyl.com\/palencia\/wp-content\/uploads\/sites\/3\/2021\/11\/precios-leche.jpg","contentUrl":"https:\/\/www.asajacyl.com\/palencia\/wp-content\/uploads\/sites\/3\/2021\/11\/precios-leche.jpg","width":595,"height":648},{"@type":"BreadcrumbList","@id":"https:\/\/www.asajacyl.com\/palencia\/asaja-palencia-informa\/asaja-valora-que-el-presidente-de-la-junta-nos-haya-escuchado-y-se-habilite-una-ayuda-de-emergencia-para-el-vacuno-de-leche-de-castilla-y-leon#breadcrumb","itemListElement":[{"@type":"ListItem","position":1,"name":"Portada","item":"https:\/\/www.asajacyl.com\/palencia\/"},{"@type":"ListItem","position":2,"name":"ASAJA valora \u201cque el presidente de la Junta nos haya escuchado y se habilite una ayuda de emergencia para el vacuno de leche de Castilla y Le\u00f3n\u201d"}]},{"@type":"WebSite","@id":"https:\/\/www.asajacyl.com\/palencia\/#website","url":"https:\/\/www.asajacyl.com\/palencia\/","name":"ASAJA Palencia","description":"Otro sitio m\u00e1s de Provincias ASAJA Castilla y Le\u00f3n","potentialAction":[{"@type":"SearchAction","target":{"@type":"EntryPoint","urlTemplate":"https:\/\/www.asajacyl.com\/palencia\/?s={search_term_string}"},"query-input":{"@type":"PropertyValueSpecification","valueRequired":true,"valueName":"search_term_string"}}],"inLanguage":"es"},{"@type":"Person","@id":"https:\/\/www.asajacyl.com\/palencia\/#\/schema\/person\/3ab17aeb03527485c317557fae64aab1","name":"Administrador","image":{"@type":"ImageObject","inLanguage":"es","@id":"https:\/\/www.asajacyl.com\/palencia\/#\/schema\/person\/image\/","url":"https:\/\/secure.gravatar.com\/avatar\/517384810d242ca9e38c180f3c9fb973?s=96&d=mm&r=g","contentUrl":"https:\/\/secure.gravatar.com\/avatar\/517384810d242ca9e38c180f3c9fb973?s=96&d=mm&r=g","caption":"Administrador"},"url":"https:\/\/www.asajacyl.com\/palencia\/author\/carlosrm"}]}},"_links":{"self":[{"href":"https:\/\/www.asajacyl.com\/palencia\/wp-json\/wp\/v2\/posts\/9437"}],"collection":[{"href":"https:\/\/www.asajacyl.com\/palencia\/wp-json\/wp\/v2\/posts"}],"about":[{"href":"https:\/\/www.asajacyl.com\/palencia\/wp-json\/wp\/v2\/types\/post"}],"author":[{"embeddable":true,"href":"https:\/\/www.asajacyl.com\/palencia\/wp-json\/wp\/v2\/users\/9"}],"replies":[{"embeddable":true,"href":"https:\/\/www.asajacyl.com\/palencia\/wp-json\/wp\/v2\/comments?post=9437"}],"version-history":[{"count":1,"href":"https:\/\/www.asajacyl.com\/palencia\/wp-json\/wp\/v2\/posts\/9437\/revisions"}],"predecessor-version":[{"id":9439,"href":"https:\/\/www.asajacyl.com\/palencia\/wp-json\/wp\/v2\/posts\/9437\/revisions\/9439"}],"wp:featuredmedia":[{"embeddable":true,"href":"https:\/\/www.asajacyl.com\/palencia\/wp-json\/wp\/v2\/media\/9438"}],"wp:attachment":[{"href":"https:\/\/www.asajacyl.com\/palencia\/wp-json\/wp\/v2\/media?parent=9437"}],"wp:term":[{"taxonomy":"category","embeddable":true,"href":"https:\/\/www.asajacyl.com\/palencia\/wp-json\/wp\/v2\/categories?post=9437"},{"taxonomy":"post_tag","embeddable":true,"href":"https:\/\/www.asajacyl.com\/palencia\/wp-json\/wp\/v2\/tags?post=9437"}],"curies":[{"name":"wp","href":"https:\/\/api.w.org\/{rel}","templated":true}]}}