{"id":9440,"date":"2021-12-01T07:17:14","date_gmt":"2021-12-01T06:17:14","guid":{"rendered":"https:\/\/www.asajacyl.com\/palencia\/?p=9440"},"modified":"2021-12-03T16:32:03","modified_gmt":"2021-12-03T15:32:03","slug":"se-aprueba-el-plan-de-seguros-combinados-para-2022","status":"publish","type":"post","link":"https:\/\/www.asajacyl.com\/palencia\/asaja-palencia-informa\/se-aprueba-el-plan-de-seguros-combinados-para-2022","title":{"rendered":"Se aprueba el Plan de Seguros Agrarios Combinados para 2022"},"content":{"rendered":"\n<p>Ayer se reuni\u00f3 el Consejo de Ministros, como hace todas las semanas, y en \u00e9l una de las cosas que se aprob\u00f3 fue el Plan de Seguros Combinados para el a\u00f1o 2022. Este plan se viene aprobando desde que en 1979 se public\u00f3 la Ley de Seguros Agrarios Combinados, aprobada el veintiocho de diciembre de 1978 y primera ley de la democracia -cabe recordar que la Constituci\u00f3n Espa\u00f1ola fue aprobada en referendum el d\u00eda 6 de diciembre de 1978-.<\/p>\n\n\n\n<p>Dentro del plan se incluyen todas las l\u00edneas de seguro que tienen inicio de la contrataci\u00f3n en el a\u00f1o natural 2022, los riesgos que van a ser cubiertos, los estudios que se van a realizar, las nuevas coberturas que se van a incluir y otra serie de cosas, entre las que destacan las subvenciones estatales que se aplicar\u00e1n al seguro agrario, que este a\u00f1o aumentar\u00e1n hasta los 256 millones de euros, cantidad similar al a\u00f1o anterior <\/p>\n\n\n\n<p>En el a\u00f1o 2012, en plena campa\u00f1a de ajuste presupuestario debido a la crisis de aquella \u00e9poca, se produjo un recorte en las subvenciones que percib\u00edan los contratantes del seguro agrario. Tres fueron las medidas que se tomaron: deducir los primeros sesenta euros de subvenci\u00f3n por asegurado y plan, reducir diez puntos porcentuales a la subvenci\u00f3n base, que perciben pr\u00e1cticamente todos los asegurados, y eliminar la subvenci\u00f3n al recargo que tienen ciertas l\u00edneas de seguro.<\/p>\n\n\n\n<p>Desde ASAJA se intenta que la situaci\u00f3n vuelva a su origen, algo que hasta el plan actual s\u00f3lo se hab\u00eda conseguido en cuanto a la subvenci\u00f3n del recargo y, en parte a recuperar los diez puntos porcentuales perdidos, aunque en este caso s\u00f3lo lo pueden percibir aquellos con derecho a subvenci\u00f3n por ser joven agricultor.<\/p>\n\n\n\n<p>Para este nuevo plan se incrementar\u00e1 la subvenci\u00f3n a las Titularidades Compartidas buscando que sea una figura m\u00e1s atractiva para las explotaciones agrarias, se dar\u00e1 una subvenci\u00f3n a los nuevos contratantes, con el fin de facilitar el acceso al seguro, se subir\u00e1 levemente la subvenci\u00f3n base y habr\u00e1 un aumento considerable en la subvenci\u00f3n a las p\u00f3lizas de ovino y caprino, que tienen una baj\u00edsima implantaci\u00f3n pese a la amplitud de sus coberturas.<\/p>\n\n\n\n<div class=\"wp-block-image\"><figure class=\"aligncenter size-large is-resized\"><img loading=\"lazy\" decoding=\"async\" src=\"https:\/\/www.asajacyl.com\/palencia\/wp-content\/uploads\/sites\/3\/2021\/05\/MAVE-1024x768.jpg\" alt=\"\" class=\"wp-image-8257\" width=\"808\" height=\"605\" srcset=\"https:\/\/www.asajacyl.com\/palencia\/wp-content\/uploads\/sites\/3\/2021\/05\/MAVE-1024x768.jpg 1024w, https:\/\/www.asajacyl.com\/palencia\/wp-content\/uploads\/sites\/3\/2021\/05\/MAVE-300x225.jpg 300w, https:\/\/www.asajacyl.com\/palencia\/wp-content\/uploads\/sites\/3\/2021\/05\/MAVE-768x576.jpg 768w, https:\/\/www.asajacyl.com\/palencia\/wp-content\/uploads\/sites\/3\/2021\/05\/MAVE-1536x1152.jpg 1536w, https:\/\/www.asajacyl.com\/palencia\/wp-content\/uploads\/sites\/3\/2021\/05\/MAVE-696x522.jpg 696w, https:\/\/www.asajacyl.com\/palencia\/wp-content\/uploads\/sites\/3\/2021\/05\/MAVE-1068x801.jpg 1068w, https:\/\/www.asajacyl.com\/palencia\/wp-content\/uploads\/sites\/3\/2021\/05\/MAVE-1920x1440.jpg 1920w, https:\/\/www.asajacyl.com\/palencia\/wp-content\/uploads\/sites\/3\/2021\/05\/MAVE-560x420.jpg 560w, https:\/\/www.asajacyl.com\/palencia\/wp-content\/uploads\/sites\/3\/2021\/05\/MAVE-80x60.jpg 80w, https:\/\/www.asajacyl.com\/palencia\/wp-content\/uploads\/sites\/3\/2021\/05\/MAVE.jpg 2016w\" sizes=\"(max-width: 808px) 100vw, 808px\" \/><\/figure><\/div>\n","protected":false},"excerpt":{"rendered":"<p>Ayer se reuni\u00f3 el Consejo de Ministros, como hace todas las semanas, y en \u00e9l una de las cosas que se aprob\u00f3 fue el Plan de Seguros Combinados para el a\u00f1o 2022. Este plan se viene aprobando desde que en 1979 se public\u00f3 la Ley de Seguros Agrarios Combinados, aprobada el veintiocho de diciembre de [&hellip;]<\/p>\n","protected":false},"author":9,"featured_media":8257,"comment_status":"open","ping_status":"open","sticky":false,"template":"","format":"standard","meta":{"footnotes":""},"categories":[9,29,28],"tags":[],"yoast_head":"<!-- This site is optimized with the Yoast SEO plugin v24.5 - https:\/\/yoast.com\/wordpress\/plugins\/seo\/ -->\n<title>Se aprueba el Plan de Seguros Agrarios Combinados para 2022 - ASAJA Palencia<\/title>\n<meta name=\"description\" content=\"Ayer se reuni\u00f3 el Consejo de Ministros, como hace todas las semanas, y en \u00e9l una de las cosas que se aprob\u00f3 fue el Plan de Seguros Combinados para el a\u00f1o\" \/>\n<meta name=\"robots\" content=\"index, follow, max-snippet:-1, max-image-preview:large, max-video-preview:-1\" \/>\n<link rel=\"canonical\" href=\"https:\/\/www.asajacyl.com\/palencia\/asaja-palencia-informa\/se-aprueba-el-plan-de-seguros-combinados-para-2022\" \/>\n<meta property=\"og:locale\" content=\"es_ES\" \/>\n<meta property=\"og:type\" content=\"article\" \/>\n<meta property=\"og:title\" content=\"Se aprueba el Plan de Seguros Agrarios Combinados para 2022 - ASAJA Palencia\" \/>\n<meta property=\"og:description\" content=\"Ayer se reuni\u00f3 el Consejo de Ministros, como hace todas las semanas, y en \u00e9l una de las cosas que se aprob\u00f3 fue el Plan de Seguros Combinados para el a\u00f1o\" \/>\n<meta property=\"og:url\" content=\"https:\/\/www.asajacyl.com\/palencia\/asaja-palencia-informa\/se-aprueba-el-plan-de-seguros-combinados-para-2022\" \/>\n<meta property=\"og:site_name\" content=\"ASAJA Palencia\" \/>\n<meta property=\"article:published_time\" content=\"2021-12-01T06:17:14+00:00\" \/>\n<meta property=\"article:modified_time\" content=\"2021-12-03T15:32:03+00:00\" \/>\n<meta property=\"og:image\" content=\"https:\/\/www.asajacyl.com\/palencia\/wp-content\/uploads\/sites\/3\/2021\/05\/MAVE.jpg\" \/>\n\t<meta property=\"og:image:width\" content=\"2016\" \/>\n\t<meta property=\"og:image:height\" content=\"1512\" \/>\n\t<meta property=\"og:image:type\" content=\"image\/jpeg\" \/>\n<meta name=\"author\" content=\"Administrador\" \/>\n<meta name=\"twitter:card\" content=\"summary_large_image\" \/>\n<meta name=\"twitter:label1\" content=\"Escrito por\" \/>\n\t<meta name=\"twitter:data1\" content=\"Administrador\" \/>\n\t<meta name=\"twitter:label2\" content=\"Tiempo de lectura\" \/>\n\t<meta name=\"twitter:data2\" content=\"2 minutos\" \/>\n<script type=\"application\/ld+json\" class=\"yoast-schema-graph\">{\"@context\":\"https:\/\/schema.org\",\"@graph\":[{\"@type\":\"WebPage\",\"@id\":\"https:\/\/www.asajacyl.com\/palencia\/asaja-palencia-informa\/se-aprueba-el-plan-de-seguros-combinados-para-2022\",\"url\":\"https:\/\/www.asajacyl.com\/palencia\/asaja-palencia-informa\/se-aprueba-el-plan-de-seguros-combinados-para-2022\",\"name\":\"Se aprueba el Plan de Seguros Agrarios Combinados para 2022 - ASAJA Palencia\",\"isPartOf\":{\"@id\":\"https:\/\/www.asajacyl.com\/palencia\/#website\"},\"primaryImageOfPage\":{\"@id\":\"https:\/\/www.asajacyl.com\/palencia\/asaja-palencia-informa\/se-aprueba-el-plan-de-seguros-combinados-para-2022#primaryimage\"},\"image\":{\"@id\":\"https:\/\/www.asajacyl.com\/palencia\/asaja-palencia-informa\/se-aprueba-el-plan-de-seguros-combinados-para-2022#primaryimage\"},\"thumbnailUrl\":\"https:\/\/www.asajacyl.com\/palencia\/wp-content\/uploads\/sites\/3\/2021\/05\/MAVE.jpg\",\"datePublished\":\"2021-12-01T06:17:14+00:00\",\"dateModified\":\"2021-12-03T15:32:03+00:00\",\"author\":{\"@id\":\"https:\/\/www.asajacyl.com\/palencia\/#\/schema\/person\/3ab17aeb03527485c317557fae64aab1\"},\"description\":\"Ayer se reuni\u00f3 el Consejo de Ministros, como hace todas las semanas, y en \u00e9l una de las cosas que se aprob\u00f3 fue el Plan de Seguros Combinados para el a\u00f1o\",\"breadcrumb\":{\"@id\":\"https:\/\/www.asajacyl.com\/palencia\/asaja-palencia-informa\/se-aprueba-el-plan-de-seguros-combinados-para-2022#breadcrumb\"},\"inLanguage\":\"es\",\"potentialAction\":[{\"@type\":\"ReadAction\",\"target\":[\"https:\/\/www.asajacyl.com\/palencia\/asaja-palencia-informa\/se-aprueba-el-plan-de-seguros-combinados-para-2022\"]}]},{\"@type\":\"ImageObject\",\"inLanguage\":\"es\",\"@id\":\"https:\/\/www.asajacyl.com\/palencia\/asaja-palencia-informa\/se-aprueba-el-plan-de-seguros-combinados-para-2022#primaryimage\",\"url\":\"https:\/\/www.asajacyl.com\/palencia\/wp-content\/uploads\/sites\/3\/2021\/05\/MAVE.jpg\",\"contentUrl\":\"https:\/\/www.asajacyl.com\/palencia\/wp-content\/uploads\/sites\/3\/2021\/05\/MAVE.jpg\",\"width\":2016,\"height\":1512},{\"@type\":\"BreadcrumbList\",\"@id\":\"https:\/\/www.asajacyl.com\/palencia\/asaja-palencia-informa\/se-aprueba-el-plan-de-seguros-combinados-para-2022#breadcrumb\",\"itemListElement\":[{\"@type\":\"ListItem\",\"position\":1,\"name\":\"Portada\",\"item\":\"https:\/\/www.asajacyl.com\/palencia\/\"},{\"@type\":\"ListItem\",\"position\":2,\"name\":\"Se aprueba el Plan de Seguros Agrarios Combinados para 2022\"}]},{\"@type\":\"WebSite\",\"@id\":\"https:\/\/www.asajacyl.com\/palencia\/#website\",\"url\":\"https:\/\/www.asajacyl.com\/palencia\/\",\"name\":\"ASAJA Palencia\",\"description\":\"Otro sitio m\u00e1s de Provincias ASAJA Castilla y Le\u00f3n\",\"potentialAction\":[{\"@type\":\"SearchAction\",\"target\":{\"@type\":\"EntryPoint\",\"urlTemplate\":\"https:\/\/www.asajacyl.com\/palencia\/?s={search_term_string}\"},\"query-input\":{\"@type\":\"PropertyValueSpecification\",\"valueRequired\":true,\"valueName\":\"search_term_string\"}}],\"inLanguage\":\"es\"},{\"@type\":\"Person\",\"@id\":\"https:\/\/www.asajacyl.com\/palencia\/#\/schema\/person\/3ab17aeb03527485c317557fae64aab1\",\"name\":\"Administrador\",\"image\":{\"@type\":\"ImageObject\",\"inLanguage\":\"es\",\"@id\":\"https:\/\/www.asajacyl.com\/palencia\/#\/schema\/person\/image\/\",\"url\":\"https:\/\/secure.gravatar.com\/avatar\/517384810d242ca9e38c180f3c9fb973?s=96&d=mm&r=g\",\"contentUrl\":\"https:\/\/secure.gravatar.com\/avatar\/517384810d242ca9e38c180f3c9fb973?s=96&d=mm&r=g\",\"caption\":\"Administrador\"},\"url\":\"https:\/\/www.asajacyl.com\/palencia\/author\/carlosrm\"}]}<\/script>\n<!-- \/ Yoast SEO plugin. -->","yoast_head_json":{"title":"Se aprueba el Plan de Seguros Agrarios Combinados para 2022 - ASAJA Palencia","description":"Ayer se reuni\u00f3 el Consejo de Ministros, como hace todas las semanas, y en \u00e9l una de las cosas que se aprob\u00f3 fue el Plan de Seguros Combinados para el a\u00f1o","robots":{"index":"index","follow":"follow","max-snippet":"max-snippet:-1","max-image-preview":"max-image-preview:large","max-video-preview":"max-video-preview:-1"},"canonical":"https:\/\/www.asajacyl.com\/palencia\/asaja-palencia-informa\/se-aprueba-el-plan-de-seguros-combinados-para-2022","og_locale":"es_ES","og_type":"article","og_title":"Se aprueba el Plan de Seguros Agrarios Combinados para 2022 - ASAJA Palencia","og_description":"Ayer se reuni\u00f3 el Consejo de Ministros, como hace todas las semanas, y en \u00e9l una de las cosas que se aprob\u00f3 fue el Plan de Seguros Combinados para el a\u00f1o","og_url":"https:\/\/www.asajacyl.com\/palencia\/asaja-palencia-informa\/se-aprueba-el-plan-de-seguros-combinados-para-2022","og_site_name":"ASAJA Palencia","article_published_time":"2021-12-01T06:17:14+00:00","article_modified_time":"2021-12-03T15:32:03+00:00","og_image":[{"width":2016,"height":1512,"url":"https:\/\/www.asajacyl.com\/palencia\/wp-content\/uploads\/sites\/3\/2021\/05\/MAVE.jpg","type":"image\/jpeg"}],"author":"Administrador","twitter_card":"summary_large_image","twitter_misc":{"Escrito por":"Administrador","Tiempo de lectura":"2 minutos"},"schema":{"@context":"https:\/\/schema.org","@graph":[{"@type":"WebPage","@id":"https:\/\/www.asajacyl.com\/palencia\/asaja-palencia-informa\/se-aprueba-el-plan-de-seguros-combinados-para-2022","url":"https:\/\/www.asajacyl.com\/palencia\/asaja-palencia-informa\/se-aprueba-el-plan-de-seguros-combinados-para-2022","name":"Se aprueba el Plan de Seguros Agrarios Combinados para 2022 - ASAJA Palencia","isPartOf":{"@id":"https:\/\/www.asajacyl.com\/palencia\/#website"},"primaryImageOfPage":{"@id":"https:\/\/www.asajacyl.com\/palencia\/asaja-palencia-informa\/se-aprueba-el-plan-de-seguros-combinados-para-2022#primaryimage"},"image":{"@id":"https:\/\/www.asajacyl.com\/palencia\/asaja-palencia-informa\/se-aprueba-el-plan-de-seguros-combinados-para-2022#primaryimage"},"thumbnailUrl":"https:\/\/www.asajacyl.com\/palencia\/wp-content\/uploads\/sites\/3\/2021\/05\/MAVE.jpg","datePublished":"2021-12-01T06:17:14+00:00","dateModified":"2021-12-03T15:32:03+00:00","author":{"@id":"https:\/\/www.asajacyl.com\/palencia\/#\/schema\/person\/3ab17aeb03527485c317557fae64aab1"},"description":"Ayer se reuni\u00f3 el Consejo de Ministros, como hace todas las semanas, y en \u00e9l una de las cosas que se aprob\u00f3 fue el Plan de Seguros Combinados para el a\u00f1o","breadcrumb":{"@id":"https:\/\/www.asajacyl.com\/palencia\/asaja-palencia-informa\/se-aprueba-el-plan-de-seguros-combinados-para-2022#breadcrumb"},"inLanguage":"es","potentialAction":[{"@type":"ReadAction","target":["https:\/\/www.asajacyl.com\/palencia\/asaja-palencia-informa\/se-aprueba-el-plan-de-seguros-combinados-para-2022"]}]},{"@type":"ImageObject","inLanguage":"es","@id":"https:\/\/www.asajacyl.com\/palencia\/asaja-palencia-informa\/se-aprueba-el-plan-de-seguros-combinados-para-2022#primaryimage","url":"https:\/\/www.asajacyl.com\/palencia\/wp-content\/uploads\/sites\/3\/2021\/05\/MAVE.jpg","contentUrl":"https:\/\/www.asajacyl.com\/palencia\/wp-content\/uploads\/sites\/3\/2021\/05\/MAVE.jpg","width":2016,"height":1512},{"@type":"BreadcrumbList","@id":"https:\/\/www.asajacyl.com\/palencia\/asaja-palencia-informa\/se-aprueba-el-plan-de-seguros-combinados-para-2022#breadcrumb","itemListElement":[{"@type":"ListItem","position":1,"name":"Portada","item":"https:\/\/www.asajacyl.com\/palencia\/"},{"@type":"ListItem","position":2,"name":"Se aprueba el Plan de Seguros Agrarios Combinados para 2022"}]},{"@type":"WebSite","@id":"https:\/\/www.asajacyl.com\/palencia\/#website","url":"https:\/\/www.asajacyl.com\/palencia\/","name":"ASAJA Palencia","description":"Otro sitio m\u00e1s de Provincias ASAJA Castilla y Le\u00f3n","potentialAction":[{"@type":"SearchAction","target":{"@type":"EntryPoint","urlTemplate":"https:\/\/www.asajacyl.com\/palencia\/?s={search_term_string}"},"query-input":{"@type":"PropertyValueSpecification","valueRequired":true,"valueName":"search_term_string"}}],"inLanguage":"es"},{"@type":"Person","@id":"https:\/\/www.asajacyl.com\/palencia\/#\/schema\/person\/3ab17aeb03527485c317557fae64aab1","name":"Administrador","image":{"@type":"ImageObject","inLanguage":"es","@id":"https:\/\/www.asajacyl.com\/palencia\/#\/schema\/person\/image\/","url":"https:\/\/secure.gravatar.com\/avatar\/517384810d242ca9e38c180f3c9fb973?s=96&d=mm&r=g","contentUrl":"https:\/\/secure.gravatar.com\/avatar\/517384810d242ca9e38c180f3c9fb973?s=96&d=mm&r=g","caption":"Administrador"},"url":"https:\/\/www.asajacyl.com\/palencia\/author\/carlosrm"}]}},"_links":{"self":[{"href":"https:\/\/www.asajacyl.com\/palencia\/wp-json\/wp\/v2\/posts\/9440"}],"collection":[{"href":"https:\/\/www.asajacyl.com\/palencia\/wp-json\/wp\/v2\/posts"}],"about":[{"href":"https:\/\/www.asajacyl.com\/palencia\/wp-json\/wp\/v2\/types\/post"}],"author":[{"embeddable":true,"href":"https:\/\/www.asajacyl.com\/palencia\/wp-json\/wp\/v2\/users\/9"}],"replies":[{"embeddable":true,"href":"https:\/\/www.asajacyl.com\/palencia\/wp-json\/wp\/v2\/comments?post=9440"}],"version-history":[{"count":2,"href":"https:\/\/www.asajacyl.com\/palencia\/wp-json\/wp\/v2\/posts\/9440\/revisions"}],"predecessor-version":[{"id":9462,"href":"https:\/\/www.asajacyl.com\/palencia\/wp-json\/wp\/v2\/posts\/9440\/revisions\/9462"}],"wp:featuredmedia":[{"embeddable":true,"href":"https:\/\/www.asajacyl.com\/palencia\/wp-json\/wp\/v2\/media\/8257"}],"wp:attachment":[{"href":"https:\/\/www.asajacyl.com\/palencia\/wp-json\/wp\/v2\/media?parent=9440"}],"wp:term":[{"taxonomy":"category","embeddable":true,"href":"https:\/\/www.asajacyl.com\/palencia\/wp-json\/wp\/v2\/categories?post=9440"},{"taxonomy":"post_tag","embeddable":true,"href":"https:\/\/www.asajacyl.com\/palencia\/wp-json\/wp\/v2\/tags?post=9440"}],"curies":[{"name":"wp","href":"https:\/\/api.w.org\/{rel}","templated":true}]}}