{"id":9448,"date":"2021-12-05T06:25:00","date_gmt":"2021-12-05T05:25:00","guid":{"rendered":"https:\/\/www.asajacyl.com\/palencia\/?p=9448"},"modified":"2021-12-04T00:36:13","modified_gmt":"2021-12-03T23:36:13","slug":"los-regantes-anuncian-que-se-movilizaran-ante-el-ministerio-de-transicion-ecologica","status":"publish","type":"post","link":"https:\/\/www.asajacyl.com\/palencia\/asaja-palencia-informa\/noticias\/los-regantes-anuncian-que-se-movilizaran-ante-el-ministerio-de-transicion-ecologica","title":{"rendered":"Los regantes anuncian que se movilizar\u00e1n ante el Ministerio de Transici\u00f3n Ecol\u00f3gica"},"content":{"rendered":"\n<p>La Federaci\u00f3n Nacional de Comunidades de Regantes (FENACORE) anunci\u00f3 que se movilizar\u00e1n contra el Ministerio para la Transici\u00f3n Ecol\u00f3gica y el Reto Demogr\u00e1fico (MITERD).<\/p>\n\n\n\n<p>S\u00f3lo un cambio radical en la planificaci\u00f3n hidrol\u00f3gica, tal y como est\u00e1 proyectada ahora mismo, evitar\u00eda que la amenaza de no tener suficiente agua para regar durante los pr\u00f3ximos a\u00f1os, se convierta en una dura realidad.<\/p>\n\n\n\n<p>Este problema figura en la hoja de ruta de las Organizaciones Profesionales Agrarias, que est\u00e1n ultimando todos los detalles para convocar al campo espa\u00f1ol a un proceso de movilizaciones, denunciando la actitud de nuestro Gobierno que prioriza el extremismo ecologista a la satisfacci\u00f3n de las necesidades b\u00e1sicas de agua. Prueba de ello es que los nuevos planes hidrol\u00f3gicos ser\u00e1n aprobados en primavera, previsiblemente sin tener en cuenta para nada la opini\u00f3n del sector agrario.<\/p>\n","protected":false},"excerpt":{"rendered":"<p>La Federaci\u00f3n Nacional de Comunidades de Regantes (FENACORE) anunci\u00f3 que se movilizar\u00e1n contra el Ministerio para la Transici\u00f3n Ecol\u00f3gica y el Reto Demogr\u00e1fico (MITERD). S\u00f3lo un cambio radical en la planificaci\u00f3n hidrol\u00f3gica, tal y como est\u00e1 proyectada ahora mismo, evitar\u00eda que la amenaza de no tener suficiente agua para regar durante los pr\u00f3ximos a\u00f1os, se [&hellip;]<\/p>\n","protected":false},"author":9,"featured_media":8256,"comment_status":"open","ping_status":"open","sticky":false,"template":"","format":"standard","meta":{"footnotes":""},"categories":[9,29,28],"tags":[],"yoast_head":"<!-- This site is optimized with the Yoast SEO plugin v24.5 - https:\/\/yoast.com\/wordpress\/plugins\/seo\/ -->\n<title>Los regantes anuncian que se movilizar\u00e1n ante el Ministerio de Transici\u00f3n Ecol\u00f3gica - ASAJA Palencia<\/title>\n<meta name=\"description\" content=\"La Federaci\u00f3n Nacional de Comunidades de Regantes (FENACORE) anunci\u00f3 que se movilizar\u00e1n contra el Ministerio para la Transici\u00f3n Ecol\u00f3gica y el Reto\" \/>\n<meta name=\"robots\" content=\"index, follow, max-snippet:-1, max-image-preview:large, max-video-preview:-1\" \/>\n<link rel=\"canonical\" href=\"https:\/\/www.asajacyl.com\/palencia\/asaja-palencia-informa\/noticias\/los-regantes-anuncian-que-se-movilizaran-ante-el-ministerio-de-transicion-ecologica\" \/>\n<meta property=\"og:locale\" content=\"es_ES\" \/>\n<meta property=\"og:type\" content=\"article\" \/>\n<meta property=\"og:title\" content=\"Los regantes anuncian que se movilizar\u00e1n ante el Ministerio de Transici\u00f3n Ecol\u00f3gica - ASAJA Palencia\" \/>\n<meta property=\"og:description\" content=\"La Federaci\u00f3n Nacional de Comunidades de Regantes (FENACORE) anunci\u00f3 que se movilizar\u00e1n contra el Ministerio para la Transici\u00f3n Ecol\u00f3gica y el Reto\" \/>\n<meta property=\"og:url\" content=\"https:\/\/www.asajacyl.com\/palencia\/asaja-palencia-informa\/noticias\/los-regantes-anuncian-que-se-movilizaran-ante-el-ministerio-de-transicion-ecologica\" \/>\n<meta property=\"og:site_name\" content=\"ASAJA Palencia\" \/>\n<meta property=\"article:published_time\" content=\"2021-12-05T05:25:00+00:00\" \/>\n<meta property=\"og:image\" content=\"https:\/\/www.asajacyl.com\/palencia\/wp-content\/uploads\/sites\/3\/2021\/05\/EMBALSE-AGUILAR.jpg\" \/>\n\t<meta property=\"og:image:width\" content=\"2016\" \/>\n\t<meta property=\"og:image:height\" content=\"1512\" \/>\n\t<meta property=\"og:image:type\" content=\"image\/jpeg\" \/>\n<meta name=\"author\" content=\"Administrador\" \/>\n<meta name=\"twitter:card\" content=\"summary_large_image\" \/>\n<meta name=\"twitter:label1\" content=\"Escrito por\" \/>\n\t<meta name=\"twitter:data1\" content=\"Administrador\" \/>\n\t<meta name=\"twitter:label2\" content=\"Tiempo de lectura\" \/>\n\t<meta name=\"twitter:data2\" content=\"1 minuto\" \/>\n<script type=\"application\/ld+json\" class=\"yoast-schema-graph\">{\"@context\":\"https:\/\/schema.org\",\"@graph\":[{\"@type\":\"WebPage\",\"@id\":\"https:\/\/www.asajacyl.com\/palencia\/asaja-palencia-informa\/noticias\/los-regantes-anuncian-que-se-movilizaran-ante-el-ministerio-de-transicion-ecologica\",\"url\":\"https:\/\/www.asajacyl.com\/palencia\/asaja-palencia-informa\/noticias\/los-regantes-anuncian-que-se-movilizaran-ante-el-ministerio-de-transicion-ecologica\",\"name\":\"Los regantes anuncian que se movilizar\u00e1n ante el Ministerio de Transici\u00f3n Ecol\u00f3gica - ASAJA Palencia\",\"isPartOf\":{\"@id\":\"https:\/\/www.asajacyl.com\/palencia\/#website\"},\"primaryImageOfPage\":{\"@id\":\"https:\/\/www.asajacyl.com\/palencia\/asaja-palencia-informa\/noticias\/los-regantes-anuncian-que-se-movilizaran-ante-el-ministerio-de-transicion-ecologica#primaryimage\"},\"image\":{\"@id\":\"https:\/\/www.asajacyl.com\/palencia\/asaja-palencia-informa\/noticias\/los-regantes-anuncian-que-se-movilizaran-ante-el-ministerio-de-transicion-ecologica#primaryimage\"},\"thumbnailUrl\":\"https:\/\/www.asajacyl.com\/palencia\/wp-content\/uploads\/sites\/3\/2021\/05\/EMBALSE-AGUILAR.jpg\",\"datePublished\":\"2021-12-05T05:25:00+00:00\",\"author\":{\"@id\":\"https:\/\/www.asajacyl.com\/palencia\/#\/schema\/person\/3ab17aeb03527485c317557fae64aab1\"},\"description\":\"La Federaci\u00f3n Nacional de Comunidades de Regantes (FENACORE) anunci\u00f3 que se movilizar\u00e1n contra el Ministerio para la Transici\u00f3n Ecol\u00f3gica y el Reto\",\"breadcrumb\":{\"@id\":\"https:\/\/www.asajacyl.com\/palencia\/asaja-palencia-informa\/noticias\/los-regantes-anuncian-que-se-movilizaran-ante-el-ministerio-de-transicion-ecologica#breadcrumb\"},\"inLanguage\":\"es\",\"potentialAction\":[{\"@type\":\"ReadAction\",\"target\":[\"https:\/\/www.asajacyl.com\/palencia\/asaja-palencia-informa\/noticias\/los-regantes-anuncian-que-se-movilizaran-ante-el-ministerio-de-transicion-ecologica\"]}]},{\"@type\":\"ImageObject\",\"inLanguage\":\"es\",\"@id\":\"https:\/\/www.asajacyl.com\/palencia\/asaja-palencia-informa\/noticias\/los-regantes-anuncian-que-se-movilizaran-ante-el-ministerio-de-transicion-ecologica#primaryimage\",\"url\":\"https:\/\/www.asajacyl.com\/palencia\/wp-content\/uploads\/sites\/3\/2021\/05\/EMBALSE-AGUILAR.jpg\",\"contentUrl\":\"https:\/\/www.asajacyl.com\/palencia\/wp-content\/uploads\/sites\/3\/2021\/05\/EMBALSE-AGUILAR.jpg\",\"width\":2016,\"height\":1512},{\"@type\":\"BreadcrumbList\",\"@id\":\"https:\/\/www.asajacyl.com\/palencia\/asaja-palencia-informa\/noticias\/los-regantes-anuncian-que-se-movilizaran-ante-el-ministerio-de-transicion-ecologica#breadcrumb\",\"itemListElement\":[{\"@type\":\"ListItem\",\"position\":1,\"name\":\"Portada\",\"item\":\"https:\/\/www.asajacyl.com\/palencia\/\"},{\"@type\":\"ListItem\",\"position\":2,\"name\":\"Los regantes anuncian que se movilizar\u00e1n ante el Ministerio de Transici\u00f3n Ecol\u00f3gica\"}]},{\"@type\":\"WebSite\",\"@id\":\"https:\/\/www.asajacyl.com\/palencia\/#website\",\"url\":\"https:\/\/www.asajacyl.com\/palencia\/\",\"name\":\"ASAJA Palencia\",\"description\":\"Otro sitio m\u00e1s de Provincias ASAJA Castilla y Le\u00f3n\",\"potentialAction\":[{\"@type\":\"SearchAction\",\"target\":{\"@type\":\"EntryPoint\",\"urlTemplate\":\"https:\/\/www.asajacyl.com\/palencia\/?s={search_term_string}\"},\"query-input\":{\"@type\":\"PropertyValueSpecification\",\"valueRequired\":true,\"valueName\":\"search_term_string\"}}],\"inLanguage\":\"es\"},{\"@type\":\"Person\",\"@id\":\"https:\/\/www.asajacyl.com\/palencia\/#\/schema\/person\/3ab17aeb03527485c317557fae64aab1\",\"name\":\"Administrador\",\"image\":{\"@type\":\"ImageObject\",\"inLanguage\":\"es\",\"@id\":\"https:\/\/www.asajacyl.com\/palencia\/#\/schema\/person\/image\/\",\"url\":\"https:\/\/secure.gravatar.com\/avatar\/517384810d242ca9e38c180f3c9fb973?s=96&d=mm&r=g\",\"contentUrl\":\"https:\/\/secure.gravatar.com\/avatar\/517384810d242ca9e38c180f3c9fb973?s=96&d=mm&r=g\",\"caption\":\"Administrador\"},\"url\":\"https:\/\/www.asajacyl.com\/palencia\/author\/carlosrm\"}]}<\/script>\n<!-- \/ Yoast SEO plugin. -->","yoast_head_json":{"title":"Los regantes anuncian que se movilizar\u00e1n ante el Ministerio de Transici\u00f3n Ecol\u00f3gica - ASAJA Palencia","description":"La Federaci\u00f3n Nacional de Comunidades de Regantes (FENACORE) anunci\u00f3 que se movilizar\u00e1n contra el Ministerio para la Transici\u00f3n Ecol\u00f3gica y el Reto","robots":{"index":"index","follow":"follow","max-snippet":"max-snippet:-1","max-image-preview":"max-image-preview:large","max-video-preview":"max-video-preview:-1"},"canonical":"https:\/\/www.asajacyl.com\/palencia\/asaja-palencia-informa\/noticias\/los-regantes-anuncian-que-se-movilizaran-ante-el-ministerio-de-transicion-ecologica","og_locale":"es_ES","og_type":"article","og_title":"Los regantes anuncian que se movilizar\u00e1n ante el Ministerio de Transici\u00f3n Ecol\u00f3gica - ASAJA Palencia","og_description":"La Federaci\u00f3n Nacional de Comunidades de Regantes (FENACORE) anunci\u00f3 que se movilizar\u00e1n contra el Ministerio para la Transici\u00f3n Ecol\u00f3gica y el Reto","og_url":"https:\/\/www.asajacyl.com\/palencia\/asaja-palencia-informa\/noticias\/los-regantes-anuncian-que-se-movilizaran-ante-el-ministerio-de-transicion-ecologica","og_site_name":"ASAJA Palencia","article_published_time":"2021-12-05T05:25:00+00:00","og_image":[{"width":2016,"height":1512,"url":"https:\/\/www.asajacyl.com\/palencia\/wp-content\/uploads\/sites\/3\/2021\/05\/EMBALSE-AGUILAR.jpg","type":"image\/jpeg"}],"author":"Administrador","twitter_card":"summary_large_image","twitter_misc":{"Escrito por":"Administrador","Tiempo de lectura":"1 minuto"},"schema":{"@context":"https:\/\/schema.org","@graph":[{"@type":"WebPage","@id":"https:\/\/www.asajacyl.com\/palencia\/asaja-palencia-informa\/noticias\/los-regantes-anuncian-que-se-movilizaran-ante-el-ministerio-de-transicion-ecologica","url":"https:\/\/www.asajacyl.com\/palencia\/asaja-palencia-informa\/noticias\/los-regantes-anuncian-que-se-movilizaran-ante-el-ministerio-de-transicion-ecologica","name":"Los regantes anuncian que se movilizar\u00e1n ante el Ministerio de Transici\u00f3n Ecol\u00f3gica - ASAJA Palencia","isPartOf":{"@id":"https:\/\/www.asajacyl.com\/palencia\/#website"},"primaryImageOfPage":{"@id":"https:\/\/www.asajacyl.com\/palencia\/asaja-palencia-informa\/noticias\/los-regantes-anuncian-que-se-movilizaran-ante-el-ministerio-de-transicion-ecologica#primaryimage"},"image":{"@id":"https:\/\/www.asajacyl.com\/palencia\/asaja-palencia-informa\/noticias\/los-regantes-anuncian-que-se-movilizaran-ante-el-ministerio-de-transicion-ecologica#primaryimage"},"thumbnailUrl":"https:\/\/www.asajacyl.com\/palencia\/wp-content\/uploads\/sites\/3\/2021\/05\/EMBALSE-AGUILAR.jpg","datePublished":"2021-12-05T05:25:00+00:00","author":{"@id":"https:\/\/www.asajacyl.com\/palencia\/#\/schema\/person\/3ab17aeb03527485c317557fae64aab1"},"description":"La Federaci\u00f3n Nacional de Comunidades de Regantes (FENACORE) anunci\u00f3 que se movilizar\u00e1n contra el Ministerio para la Transici\u00f3n Ecol\u00f3gica y el Reto","breadcrumb":{"@id":"https:\/\/www.asajacyl.com\/palencia\/asaja-palencia-informa\/noticias\/los-regantes-anuncian-que-se-movilizaran-ante-el-ministerio-de-transicion-ecologica#breadcrumb"},"inLanguage":"es","potentialAction":[{"@type":"ReadAction","target":["https:\/\/www.asajacyl.com\/palencia\/asaja-palencia-informa\/noticias\/los-regantes-anuncian-que-se-movilizaran-ante-el-ministerio-de-transicion-ecologica"]}]},{"@type":"ImageObject","inLanguage":"es","@id":"https:\/\/www.asajacyl.com\/palencia\/asaja-palencia-informa\/noticias\/los-regantes-anuncian-que-se-movilizaran-ante-el-ministerio-de-transicion-ecologica#primaryimage","url":"https:\/\/www.asajacyl.com\/palencia\/wp-content\/uploads\/sites\/3\/2021\/05\/EMBALSE-AGUILAR.jpg","contentUrl":"https:\/\/www.asajacyl.com\/palencia\/wp-content\/uploads\/sites\/3\/2021\/05\/EMBALSE-AGUILAR.jpg","width":2016,"height":1512},{"@type":"BreadcrumbList","@id":"https:\/\/www.asajacyl.com\/palencia\/asaja-palencia-informa\/noticias\/los-regantes-anuncian-que-se-movilizaran-ante-el-ministerio-de-transicion-ecologica#breadcrumb","itemListElement":[{"@type":"ListItem","position":1,"name":"Portada","item":"https:\/\/www.asajacyl.com\/palencia\/"},{"@type":"ListItem","position":2,"name":"Los regantes anuncian que se movilizar\u00e1n ante el Ministerio de Transici\u00f3n Ecol\u00f3gica"}]},{"@type":"WebSite","@id":"https:\/\/www.asajacyl.com\/palencia\/#website","url":"https:\/\/www.asajacyl.com\/palencia\/","name":"ASAJA Palencia","description":"Otro sitio m\u00e1s de Provincias ASAJA Castilla y Le\u00f3n","potentialAction":[{"@type":"SearchAction","target":{"@type":"EntryPoint","urlTemplate":"https:\/\/www.asajacyl.com\/palencia\/?s={search_term_string}"},"query-input":{"@type":"PropertyValueSpecification","valueRequired":true,"valueName":"search_term_string"}}],"inLanguage":"es"},{"@type":"Person","@id":"https:\/\/www.asajacyl.com\/palencia\/#\/schema\/person\/3ab17aeb03527485c317557fae64aab1","name":"Administrador","image":{"@type":"ImageObject","inLanguage":"es","@id":"https:\/\/www.asajacyl.com\/palencia\/#\/schema\/person\/image\/","url":"https:\/\/secure.gravatar.com\/avatar\/517384810d242ca9e38c180f3c9fb973?s=96&d=mm&r=g","contentUrl":"https:\/\/secure.gravatar.com\/avatar\/517384810d242ca9e38c180f3c9fb973?s=96&d=mm&r=g","caption":"Administrador"},"url":"https:\/\/www.asajacyl.com\/palencia\/author\/carlosrm"}]}},"_links":{"self":[{"href":"https:\/\/www.asajacyl.com\/palencia\/wp-json\/wp\/v2\/posts\/9448"}],"collection":[{"href":"https:\/\/www.asajacyl.com\/palencia\/wp-json\/wp\/v2\/posts"}],"about":[{"href":"https:\/\/www.asajacyl.com\/palencia\/wp-json\/wp\/v2\/types\/post"}],"author":[{"embeddable":true,"href":"https:\/\/www.asajacyl.com\/palencia\/wp-json\/wp\/v2\/users\/9"}],"replies":[{"embeddable":true,"href":"https:\/\/www.asajacyl.com\/palencia\/wp-json\/wp\/v2\/comments?post=9448"}],"version-history":[{"count":1,"href":"https:\/\/www.asajacyl.com\/palencia\/wp-json\/wp\/v2\/posts\/9448\/revisions"}],"predecessor-version":[{"id":9449,"href":"https:\/\/www.asajacyl.com\/palencia\/wp-json\/wp\/v2\/posts\/9448\/revisions\/9449"}],"wp:featuredmedia":[{"embeddable":true,"href":"https:\/\/www.asajacyl.com\/palencia\/wp-json\/wp\/v2\/media\/8256"}],"wp:attachment":[{"href":"https:\/\/www.asajacyl.com\/palencia\/wp-json\/wp\/v2\/media?parent=9448"}],"wp:term":[{"taxonomy":"category","embeddable":true,"href":"https:\/\/www.asajacyl.com\/palencia\/wp-json\/wp\/v2\/categories?post=9448"},{"taxonomy":"post_tag","embeddable":true,"href":"https:\/\/www.asajacyl.com\/palencia\/wp-json\/wp\/v2\/tags?post=9448"}],"curies":[{"name":"wp","href":"https:\/\/api.w.org\/{rel}","templated":true}]}}