{"id":9450,"date":"2021-12-03T08:01:04","date_gmt":"2021-12-03T07:01:04","guid":{"rendered":"https:\/\/www.asajacyl.com\/palencia\/?p=9450"},"modified":"2021-12-03T08:01:06","modified_gmt":"2021-12-03T07:01:06","slug":"asaja-prepara-a-su-equipo-tecnico-para-asesorar-a-los-agricultores-y-ganaderos-en-la-transicion-del-campo-de-castilla-y-leon-a-la-nueva-pac","status":"publish","type":"post","link":"https:\/\/www.asajacyl.com\/palencia\/asaja-palencia-informa\/asaja-prepara-a-su-equipo-tecnico-para-asesorar-a-los-agricultores-y-ganaderos-en-la-transicion-del-campo-de-castilla-y-leon-a-la-nueva-pac","title":{"rendered":"ASAJA prepara a su equipo t\u00e9cnico para asesorar a los agricultores y ganaderos en la transici\u00f3n del campo de Castilla y Le\u00f3n a la nueva PAC"},"content":{"rendered":"\n<p>Responsables del equipo t\u00e9cnico de ASAJA en las nueve provincias de Castilla y Le\u00f3n se re\u00fanen hoy en Valladolid para conocer de primera mano todos los cambios que supondr\u00e1 para los agricultores y ganaderos la nueva PAC 2023-2027, cuyo Plan Estrat\u00e9gico nacional fue dado a conocer ayer por el Ministerio de Agricultura. Una PAC que el presidente de la OPA, Donaciano Dujo, ha descrito como \u201cla peor PAC que hemos conocido, puesto que contar\u00e1 con menos presupuesto y m\u00e1s limitaciones y obligaciones, especialmente para el profesional, al que se penaliza directamente\u201d.<\/p>\n\n\n\n<p>La jornada se est\u00e1 celebrando en la sede del Consejo Econ\u00f3mico y Social de Castilla y Le\u00f3n, y su presidente, Enrique Cabero, ha acompa\u00f1ado a los asistentes en la inauguraci\u00f3n. Las ponencias corren a cargo del director general de Pol\u00edtica Agraria Comunitaria , Pedro Medina, y de Nuria Ruiz Corral y Jos\u00e9 Antonio Turrado, gerente y secretario general de ASAJA de Castilla y Le\u00f3n, respectivamente.<\/p>\n\n\n\n<p>En la presentaci\u00f3n del acto, Donaciano Dujo ASAJA ha recordado las \u201cdecenas de reuniones y muchas, muchas horas, dedicadas por ASAJA a revindicar cambios y mejoras sobre los primeros documentos que llegaban de Bruselas, con propuestas a\u00fan m\u00e1s estramb\u00f3ticas que las actuales, y que en parte hemos logrado limar en las negociaciones. Pero hay un tema esencial y pol\u00edtico, que es qui\u00e9n cobra la PAC, en el que el ministro no solo no nos ha escuchado, sino que ha empeorado lo que hab\u00eda, porque ha preferido atender al granero de votos mayor, que es el de la agricultura a tiempo parcial y de otros muchos que cobran PAC sin estar realmente en el sector\u201d. Este criterio del ministerio, \u201cideol\u00f3gico, pero no agrario, supone que en la pr\u00e1ctica casi cualquiera puede acceder a las ayudas, y encima se ver\u00e1n beneficiados por un pago redistributivo que resta fondos a las explotaciones de los profesionales\u201d.<\/p>\n\n\n\n<p>La percepci\u00f3n de las ayudas estar\u00e1 supeditada a m\u00faltiples y a veces contradictorios requisitos, que condicionar\u00e1n tanto el pago base (con una condicionalidad reforzada), como el cumplimiento de los \u201cecoesquemas\u201d, que incrementar\u00e1n las tareas burocr\u00e1ticas de cada explotaci\u00f3n. \u201cEl agricultor y el ganadero podemos hacer todo perfectamente y a\u00fan as\u00ed cualquier fallo en el registro de nuestras actividades puede suponer problemas, por lo que m\u00e1s que nunca vamos a necesitar el asesoramiento de nuestro equipo t\u00e9cnico, que no falla porque est\u00e1 especializado en lo nuestro\u201d, se\u00f1al\u00f3 Donaciano Dujo.<\/p>\n\n\n\n<p>Tras la presentaci\u00f3n ayer del Plan Estrat\u00e9gico nacional, en el primer semestre se gestar\u00e1 el documento que definitivamente eleve Espa\u00f1a para ser supervisado y aprobado en Bruselas, normativa que, una vez desarrollada, entrar\u00e1 en vigor en enero de 2023. En cada paso, \u201cASAJA seguir\u00e1 vigilante, proponiendo y reivindicando mejoras para los agricultores y ganaderos, y a la vez nuestro equipo t\u00e9cnico estar\u00e1 asesorando a cada socio para pueda adaptar su explotaci\u00f3n de la forma menos gravosa posible\u201d, ha apuntado Donaciano Dujo.<\/p>\n\n\n\n<figure class=\"wp-block-image size-large\"><img loading=\"lazy\" decoding=\"async\" width=\"1024\" height=\"768\" src=\"https:\/\/www.asajacyl.com\/palencia\/wp-content\/uploads\/sites\/3\/2021\/12\/IMG_5890-1024x768.jpg\" alt=\"\" class=\"wp-image-9451\" srcset=\"https:\/\/www.asajacyl.com\/palencia\/wp-content\/uploads\/sites\/3\/2021\/12\/IMG_5890-1024x768.jpg 1024w, https:\/\/www.asajacyl.com\/palencia\/wp-content\/uploads\/sites\/3\/2021\/12\/IMG_5890-300x225.jpg 300w, https:\/\/www.asajacyl.com\/palencia\/wp-content\/uploads\/sites\/3\/2021\/12\/IMG_5890-768x576.jpg 768w, https:\/\/www.asajacyl.com\/palencia\/wp-content\/uploads\/sites\/3\/2021\/12\/IMG_5890-1536x1152.jpg 1536w, https:\/\/www.asajacyl.com\/palencia\/wp-content\/uploads\/sites\/3\/2021\/12\/IMG_5890-696x522.jpg 696w, https:\/\/www.asajacyl.com\/palencia\/wp-content\/uploads\/sites\/3\/2021\/12\/IMG_5890-1068x801.jpg 1068w, https:\/\/www.asajacyl.com\/palencia\/wp-content\/uploads\/sites\/3\/2021\/12\/IMG_5890-1920x1440.jpg 1920w, https:\/\/www.asajacyl.com\/palencia\/wp-content\/uploads\/sites\/3\/2021\/12\/IMG_5890-560x420.jpg 560w, https:\/\/www.asajacyl.com\/palencia\/wp-content\/uploads\/sites\/3\/2021\/12\/IMG_5890-80x60.jpg 80w, https:\/\/www.asajacyl.com\/palencia\/wp-content\/uploads\/sites\/3\/2021\/12\/IMG_5890.jpg 2016w\" sizes=\"(max-width: 1024px) 100vw, 1024px\" \/><\/figure>\n","protected":false},"excerpt":{"rendered":"<p>Responsables del equipo t\u00e9cnico de ASAJA en las nueve provincias de Castilla y Le\u00f3n se re\u00fanen hoy en Valladolid para conocer de primera mano todos los cambios que supondr\u00e1 para los agricultores y ganaderos la nueva PAC 2023-2027, cuyo Plan Estrat\u00e9gico nacional fue dado a conocer ayer por el Ministerio de Agricultura. Una PAC que [&hellip;]<\/p>\n","protected":false},"author":9,"featured_media":9451,"comment_status":"open","ping_status":"open","sticky":false,"template":"","format":"standard","meta":{"footnotes":""},"categories":[9,29,28],"tags":[],"yoast_head":"<!-- This site is optimized with the Yoast SEO plugin v24.5 - https:\/\/yoast.com\/wordpress\/plugins\/seo\/ -->\n<title>ASAJA prepara a su equipo t\u00e9cnico para asesorar a los agricultores y ganaderos en la transici\u00f3n del campo de Castilla y Le\u00f3n a la nueva PAC - ASAJA Palencia<\/title>\n<meta name=\"description\" content=\"Responsables del equipo t\u00e9cnico de ASAJA en las nueve provincias de Castilla y Le\u00f3n se re\u00fanen hoy en Valladolid para conocer de primera mano todos los\" \/>\n<meta name=\"robots\" content=\"index, follow, max-snippet:-1, max-image-preview:large, max-video-preview:-1\" \/>\n<link rel=\"canonical\" href=\"https:\/\/www.asajacyl.com\/palencia\/asaja-palencia-informa\/asaja-prepara-a-su-equipo-tecnico-para-asesorar-a-los-agricultores-y-ganaderos-en-la-transicion-del-campo-de-castilla-y-leon-a-la-nueva-pac\" \/>\n<meta property=\"og:locale\" content=\"es_ES\" \/>\n<meta property=\"og:type\" content=\"article\" \/>\n<meta property=\"og:title\" content=\"ASAJA prepara a su equipo t\u00e9cnico para asesorar a los agricultores y ganaderos en la transici\u00f3n del campo de Castilla y Le\u00f3n a la nueva PAC - ASAJA Palencia\" \/>\n<meta property=\"og:description\" content=\"Responsables del equipo t\u00e9cnico de ASAJA en las nueve provincias de Castilla y Le\u00f3n se re\u00fanen hoy en Valladolid para conocer de primera mano todos los\" \/>\n<meta property=\"og:url\" content=\"https:\/\/www.asajacyl.com\/palencia\/asaja-palencia-informa\/asaja-prepara-a-su-equipo-tecnico-para-asesorar-a-los-agricultores-y-ganaderos-en-la-transicion-del-campo-de-castilla-y-leon-a-la-nueva-pac\" \/>\n<meta property=\"og:site_name\" content=\"ASAJA Palencia\" \/>\n<meta property=\"article:published_time\" content=\"2021-12-03T07:01:04+00:00\" \/>\n<meta property=\"article:modified_time\" content=\"2021-12-03T07:01:06+00:00\" \/>\n<meta property=\"og:image\" content=\"https:\/\/www.asajacyl.com\/palencia\/wp-content\/uploads\/sites\/3\/2021\/12\/IMG_5890.jpg\" \/>\n\t<meta property=\"og:image:width\" content=\"2016\" \/>\n\t<meta property=\"og:image:height\" content=\"1512\" \/>\n\t<meta property=\"og:image:type\" content=\"image\/jpeg\" \/>\n<meta name=\"author\" content=\"Administrador\" \/>\n<meta name=\"twitter:card\" content=\"summary_large_image\" \/>\n<meta name=\"twitter:label1\" content=\"Escrito por\" \/>\n\t<meta name=\"twitter:data1\" content=\"Administrador\" \/>\n\t<meta name=\"twitter:label2\" content=\"Tiempo de lectura\" \/>\n\t<meta name=\"twitter:data2\" content=\"3 minutos\" \/>\n<script type=\"application\/ld+json\" class=\"yoast-schema-graph\">{\"@context\":\"https:\/\/schema.org\",\"@graph\":[{\"@type\":\"WebPage\",\"@id\":\"https:\/\/www.asajacyl.com\/palencia\/asaja-palencia-informa\/asaja-prepara-a-su-equipo-tecnico-para-asesorar-a-los-agricultores-y-ganaderos-en-la-transicion-del-campo-de-castilla-y-leon-a-la-nueva-pac\",\"url\":\"https:\/\/www.asajacyl.com\/palencia\/asaja-palencia-informa\/asaja-prepara-a-su-equipo-tecnico-para-asesorar-a-los-agricultores-y-ganaderos-en-la-transicion-del-campo-de-castilla-y-leon-a-la-nueva-pac\",\"name\":\"ASAJA prepara a su equipo t\u00e9cnico para asesorar a los agricultores y ganaderos en la transici\u00f3n del campo de Castilla y Le\u00f3n a la nueva PAC - ASAJA Palencia\",\"isPartOf\":{\"@id\":\"https:\/\/www.asajacyl.com\/palencia\/#website\"},\"primaryImageOfPage\":{\"@id\":\"https:\/\/www.asajacyl.com\/palencia\/asaja-palencia-informa\/asaja-prepara-a-su-equipo-tecnico-para-asesorar-a-los-agricultores-y-ganaderos-en-la-transicion-del-campo-de-castilla-y-leon-a-la-nueva-pac#primaryimage\"},\"image\":{\"@id\":\"https:\/\/www.asajacyl.com\/palencia\/asaja-palencia-informa\/asaja-prepara-a-su-equipo-tecnico-para-asesorar-a-los-agricultores-y-ganaderos-en-la-transicion-del-campo-de-castilla-y-leon-a-la-nueva-pac#primaryimage\"},\"thumbnailUrl\":\"https:\/\/www.asajacyl.com\/palencia\/wp-content\/uploads\/sites\/3\/2021\/12\/IMG_5890.jpg\",\"datePublished\":\"2021-12-03T07:01:04+00:00\",\"dateModified\":\"2021-12-03T07:01:06+00:00\",\"author\":{\"@id\":\"https:\/\/www.asajacyl.com\/palencia\/#\/schema\/person\/3ab17aeb03527485c317557fae64aab1\"},\"description\":\"Responsables del equipo t\u00e9cnico de ASAJA en las nueve provincias de Castilla y Le\u00f3n se re\u00fanen hoy en Valladolid para conocer de primera mano todos los\",\"breadcrumb\":{\"@id\":\"https:\/\/www.asajacyl.com\/palencia\/asaja-palencia-informa\/asaja-prepara-a-su-equipo-tecnico-para-asesorar-a-los-agricultores-y-ganaderos-en-la-transicion-del-campo-de-castilla-y-leon-a-la-nueva-pac#breadcrumb\"},\"inLanguage\":\"es\",\"potentialAction\":[{\"@type\":\"ReadAction\",\"target\":[\"https:\/\/www.asajacyl.com\/palencia\/asaja-palencia-informa\/asaja-prepara-a-su-equipo-tecnico-para-asesorar-a-los-agricultores-y-ganaderos-en-la-transicion-del-campo-de-castilla-y-leon-a-la-nueva-pac\"]}]},{\"@type\":\"ImageObject\",\"inLanguage\":\"es\",\"@id\":\"https:\/\/www.asajacyl.com\/palencia\/asaja-palencia-informa\/asaja-prepara-a-su-equipo-tecnico-para-asesorar-a-los-agricultores-y-ganaderos-en-la-transicion-del-campo-de-castilla-y-leon-a-la-nueva-pac#primaryimage\",\"url\":\"https:\/\/www.asajacyl.com\/palencia\/wp-content\/uploads\/sites\/3\/2021\/12\/IMG_5890.jpg\",\"contentUrl\":\"https:\/\/www.asajacyl.com\/palencia\/wp-content\/uploads\/sites\/3\/2021\/12\/IMG_5890.jpg\",\"width\":2016,\"height\":1512},{\"@type\":\"BreadcrumbList\",\"@id\":\"https:\/\/www.asajacyl.com\/palencia\/asaja-palencia-informa\/asaja-prepara-a-su-equipo-tecnico-para-asesorar-a-los-agricultores-y-ganaderos-en-la-transicion-del-campo-de-castilla-y-leon-a-la-nueva-pac#breadcrumb\",\"itemListElement\":[{\"@type\":\"ListItem\",\"position\":1,\"name\":\"Portada\",\"item\":\"https:\/\/www.asajacyl.com\/palencia\/\"},{\"@type\":\"ListItem\",\"position\":2,\"name\":\"ASAJA prepara a su equipo t\u00e9cnico para asesorar a los agricultores y ganaderos en la transici\u00f3n del campo de Castilla y Le\u00f3n a la nueva PAC\"}]},{\"@type\":\"WebSite\",\"@id\":\"https:\/\/www.asajacyl.com\/palencia\/#website\",\"url\":\"https:\/\/www.asajacyl.com\/palencia\/\",\"name\":\"ASAJA Palencia\",\"description\":\"Otro sitio m\u00e1s de Provincias ASAJA Castilla y Le\u00f3n\",\"potentialAction\":[{\"@type\":\"SearchAction\",\"target\":{\"@type\":\"EntryPoint\",\"urlTemplate\":\"https:\/\/www.asajacyl.com\/palencia\/?s={search_term_string}\"},\"query-input\":{\"@type\":\"PropertyValueSpecification\",\"valueRequired\":true,\"valueName\":\"search_term_string\"}}],\"inLanguage\":\"es\"},{\"@type\":\"Person\",\"@id\":\"https:\/\/www.asajacyl.com\/palencia\/#\/schema\/person\/3ab17aeb03527485c317557fae64aab1\",\"name\":\"Administrador\",\"image\":{\"@type\":\"ImageObject\",\"inLanguage\":\"es\",\"@id\":\"https:\/\/www.asajacyl.com\/palencia\/#\/schema\/person\/image\/\",\"url\":\"https:\/\/secure.gravatar.com\/avatar\/517384810d242ca9e38c180f3c9fb973?s=96&d=mm&r=g\",\"contentUrl\":\"https:\/\/secure.gravatar.com\/avatar\/517384810d242ca9e38c180f3c9fb973?s=96&d=mm&r=g\",\"caption\":\"Administrador\"},\"url\":\"https:\/\/www.asajacyl.com\/palencia\/author\/carlosrm\"}]}<\/script>\n<!-- \/ Yoast SEO plugin. -->","yoast_head_json":{"title":"ASAJA prepara a su equipo t\u00e9cnico para asesorar a los agricultores y ganaderos en la transici\u00f3n del campo de Castilla y Le\u00f3n a la nueva PAC - ASAJA Palencia","description":"Responsables del equipo t\u00e9cnico de ASAJA en las nueve provincias de Castilla y Le\u00f3n se re\u00fanen hoy en Valladolid para conocer de primera mano todos los","robots":{"index":"index","follow":"follow","max-snippet":"max-snippet:-1","max-image-preview":"max-image-preview:large","max-video-preview":"max-video-preview:-1"},"canonical":"https:\/\/www.asajacyl.com\/palencia\/asaja-palencia-informa\/asaja-prepara-a-su-equipo-tecnico-para-asesorar-a-los-agricultores-y-ganaderos-en-la-transicion-del-campo-de-castilla-y-leon-a-la-nueva-pac","og_locale":"es_ES","og_type":"article","og_title":"ASAJA prepara a su equipo t\u00e9cnico para asesorar a los agricultores y ganaderos en la transici\u00f3n del campo de Castilla y Le\u00f3n a la nueva PAC - ASAJA Palencia","og_description":"Responsables del equipo t\u00e9cnico de ASAJA en las nueve provincias de Castilla y Le\u00f3n se re\u00fanen hoy en Valladolid para conocer de primera mano todos los","og_url":"https:\/\/www.asajacyl.com\/palencia\/asaja-palencia-informa\/asaja-prepara-a-su-equipo-tecnico-para-asesorar-a-los-agricultores-y-ganaderos-en-la-transicion-del-campo-de-castilla-y-leon-a-la-nueva-pac","og_site_name":"ASAJA Palencia","article_published_time":"2021-12-03T07:01:04+00:00","article_modified_time":"2021-12-03T07:01:06+00:00","og_image":[{"width":2016,"height":1512,"url":"https:\/\/www.asajacyl.com\/palencia\/wp-content\/uploads\/sites\/3\/2021\/12\/IMG_5890.jpg","type":"image\/jpeg"}],"author":"Administrador","twitter_card":"summary_large_image","twitter_misc":{"Escrito por":"Administrador","Tiempo de lectura":"3 minutos"},"schema":{"@context":"https:\/\/schema.org","@graph":[{"@type":"WebPage","@id":"https:\/\/www.asajacyl.com\/palencia\/asaja-palencia-informa\/asaja-prepara-a-su-equipo-tecnico-para-asesorar-a-los-agricultores-y-ganaderos-en-la-transicion-del-campo-de-castilla-y-leon-a-la-nueva-pac","url":"https:\/\/www.asajacyl.com\/palencia\/asaja-palencia-informa\/asaja-prepara-a-su-equipo-tecnico-para-asesorar-a-los-agricultores-y-ganaderos-en-la-transicion-del-campo-de-castilla-y-leon-a-la-nueva-pac","name":"ASAJA prepara a su equipo t\u00e9cnico para asesorar a los agricultores y ganaderos en la transici\u00f3n del campo de Castilla y Le\u00f3n a la nueva PAC - ASAJA Palencia","isPartOf":{"@id":"https:\/\/www.asajacyl.com\/palencia\/#website"},"primaryImageOfPage":{"@id":"https:\/\/www.asajacyl.com\/palencia\/asaja-palencia-informa\/asaja-prepara-a-su-equipo-tecnico-para-asesorar-a-los-agricultores-y-ganaderos-en-la-transicion-del-campo-de-castilla-y-leon-a-la-nueva-pac#primaryimage"},"image":{"@id":"https:\/\/www.asajacyl.com\/palencia\/asaja-palencia-informa\/asaja-prepara-a-su-equipo-tecnico-para-asesorar-a-los-agricultores-y-ganaderos-en-la-transicion-del-campo-de-castilla-y-leon-a-la-nueva-pac#primaryimage"},"thumbnailUrl":"https:\/\/www.asajacyl.com\/palencia\/wp-content\/uploads\/sites\/3\/2021\/12\/IMG_5890.jpg","datePublished":"2021-12-03T07:01:04+00:00","dateModified":"2021-12-03T07:01:06+00:00","author":{"@id":"https:\/\/www.asajacyl.com\/palencia\/#\/schema\/person\/3ab17aeb03527485c317557fae64aab1"},"description":"Responsables del equipo t\u00e9cnico de ASAJA en las nueve provincias de Castilla y Le\u00f3n se re\u00fanen hoy en Valladolid para conocer de primera mano todos los","breadcrumb":{"@id":"https:\/\/www.asajacyl.com\/palencia\/asaja-palencia-informa\/asaja-prepara-a-su-equipo-tecnico-para-asesorar-a-los-agricultores-y-ganaderos-en-la-transicion-del-campo-de-castilla-y-leon-a-la-nueva-pac#breadcrumb"},"inLanguage":"es","potentialAction":[{"@type":"ReadAction","target":["https:\/\/www.asajacyl.com\/palencia\/asaja-palencia-informa\/asaja-prepara-a-su-equipo-tecnico-para-asesorar-a-los-agricultores-y-ganaderos-en-la-transicion-del-campo-de-castilla-y-leon-a-la-nueva-pac"]}]},{"@type":"ImageObject","inLanguage":"es","@id":"https:\/\/www.asajacyl.com\/palencia\/asaja-palencia-informa\/asaja-prepara-a-su-equipo-tecnico-para-asesorar-a-los-agricultores-y-ganaderos-en-la-transicion-del-campo-de-castilla-y-leon-a-la-nueva-pac#primaryimage","url":"https:\/\/www.asajacyl.com\/palencia\/wp-content\/uploads\/sites\/3\/2021\/12\/IMG_5890.jpg","contentUrl":"https:\/\/www.asajacyl.com\/palencia\/wp-content\/uploads\/sites\/3\/2021\/12\/IMG_5890.jpg","width":2016,"height":1512},{"@type":"BreadcrumbList","@id":"https:\/\/www.asajacyl.com\/palencia\/asaja-palencia-informa\/asaja-prepara-a-su-equipo-tecnico-para-asesorar-a-los-agricultores-y-ganaderos-en-la-transicion-del-campo-de-castilla-y-leon-a-la-nueva-pac#breadcrumb","itemListElement":[{"@type":"ListItem","position":1,"name":"Portada","item":"https:\/\/www.asajacyl.com\/palencia\/"},{"@type":"ListItem","position":2,"name":"ASAJA prepara a su equipo t\u00e9cnico para asesorar a los agricultores y ganaderos en la transici\u00f3n del campo de Castilla y Le\u00f3n a la nueva PAC"}]},{"@type":"WebSite","@id":"https:\/\/www.asajacyl.com\/palencia\/#website","url":"https:\/\/www.asajacyl.com\/palencia\/","name":"ASAJA Palencia","description":"Otro sitio m\u00e1s de Provincias ASAJA Castilla y Le\u00f3n","potentialAction":[{"@type":"SearchAction","target":{"@type":"EntryPoint","urlTemplate":"https:\/\/www.asajacyl.com\/palencia\/?s={search_term_string}"},"query-input":{"@type":"PropertyValueSpecification","valueRequired":true,"valueName":"search_term_string"}}],"inLanguage":"es"},{"@type":"Person","@id":"https:\/\/www.asajacyl.com\/palencia\/#\/schema\/person\/3ab17aeb03527485c317557fae64aab1","name":"Administrador","image":{"@type":"ImageObject","inLanguage":"es","@id":"https:\/\/www.asajacyl.com\/palencia\/#\/schema\/person\/image\/","url":"https:\/\/secure.gravatar.com\/avatar\/517384810d242ca9e38c180f3c9fb973?s=96&d=mm&r=g","contentUrl":"https:\/\/secure.gravatar.com\/avatar\/517384810d242ca9e38c180f3c9fb973?s=96&d=mm&r=g","caption":"Administrador"},"url":"https:\/\/www.asajacyl.com\/palencia\/author\/carlosrm"}]}},"_links":{"self":[{"href":"https:\/\/www.asajacyl.com\/palencia\/wp-json\/wp\/v2\/posts\/9450"}],"collection":[{"href":"https:\/\/www.asajacyl.com\/palencia\/wp-json\/wp\/v2\/posts"}],"about":[{"href":"https:\/\/www.asajacyl.com\/palencia\/wp-json\/wp\/v2\/types\/post"}],"author":[{"embeddable":true,"href":"https:\/\/www.asajacyl.com\/palencia\/wp-json\/wp\/v2\/users\/9"}],"replies":[{"embeddable":true,"href":"https:\/\/www.asajacyl.com\/palencia\/wp-json\/wp\/v2\/comments?post=9450"}],"version-history":[{"count":1,"href":"https:\/\/www.asajacyl.com\/palencia\/wp-json\/wp\/v2\/posts\/9450\/revisions"}],"predecessor-version":[{"id":9452,"href":"https:\/\/www.asajacyl.com\/palencia\/wp-json\/wp\/v2\/posts\/9450\/revisions\/9452"}],"wp:featuredmedia":[{"embeddable":true,"href":"https:\/\/www.asajacyl.com\/palencia\/wp-json\/wp\/v2\/media\/9451"}],"wp:attachment":[{"href":"https:\/\/www.asajacyl.com\/palencia\/wp-json\/wp\/v2\/media?parent=9450"}],"wp:term":[{"taxonomy":"category","embeddable":true,"href":"https:\/\/www.asajacyl.com\/palencia\/wp-json\/wp\/v2\/categories?post=9450"},{"taxonomy":"post_tag","embeddable":true,"href":"https:\/\/www.asajacyl.com\/palencia\/wp-json\/wp\/v2\/tags?post=9450"}],"curies":[{"name":"wp","href":"https:\/\/api.w.org\/{rel}","templated":true}]}}