{"id":9460,"date":"2021-12-03T13:51:34","date_gmt":"2021-12-03T12:51:34","guid":{"rendered":"https:\/\/www.asajacyl.com\/palencia\/?p=9460"},"modified":"2021-12-03T13:51:35","modified_gmt":"2021-12-03T12:51:35","slug":"asaja-coag-y-upa-retoman-las-movilizaciones-en-todos-los-territorios","status":"publish","type":"post","link":"https:\/\/www.asajacyl.com\/palencia\/asaja-palencia-informa\/asaja-coag-y-upa-retoman-las-movilizaciones-en-todos-los-territorios","title":{"rendered":"ASAJA COAG y UPA retoman las movilizaciones en todos los territorios"},"content":{"rendered":"\n<p>\u2022 La primera protesta se lleva a cabo hoy en las carreteras de Valencia<br>\u2022 Los ganaderos de leche continuar\u00e1n sus concentraciones en Cantabria el martes, d\u00eda 7 y en Le\u00f3n, el d\u00eda 13<br>\u2022 A esto se a\u00f1adir\u00e1 la convocatoria de Paros Agrarios en las zonas productoras, el primero de ellos en C\u00f3rdoba, el 21 de diciembre<\/p>\n\n\n\n<p>Los m\u00e1ximos responsables de las organizaciones agrarias ASAJA, COAG y UPA, han decido dar luz verde a un nuevo proceso de movilizaciones que llevar\u00e1 a cabo en toda Espa\u00f1a en protesta por la situaci\u00f3n de grave crisis de rentabilidad que afecta a la inmensa mayor\u00eda de los agricultores y ganaderos y ante los graves ataques de que son objeto. Estas protestas, que se intensificaran en las pr\u00f3ximas semanas en todos los territorios, son continuaci\u00f3n de las que se vienen produciendo en los \u00faltimos meses y de las que se iniciaron en 2019-2020 y se vieron interrumpidas como consecuencia de la aparici\u00f3n de la pandemia del COVID-19.<\/p>\n\n\n\n<p>Los agricultores y ganaderos de todo el pa\u00eds saldr\u00e1n de nuevo a las calles y carreteras en todas las zonas productoras, convocando concentraciones, marchas y manifestaciones, en protesta por la crisis que les est\u00e1 ahogando. La brutal subida de los costes de producci\u00f3n y los desequilibrios en la cadena agroalimentaria que impiden percibir unos precios justos en origen y que ponen en peligro la rentabilidad de las explotaciones son argumentos principales de estas protestas, aunque no los \u00fanicos.<\/p>\n\n\n\n<p>La PAC y nuevas exigencias medioambientales; los controles en frontera; las cuestiones sociales y laborales y la contrataci\u00f3n de la mano de obra en el campo; la necesidad de adaptar los seguros agrarios; las tarifas el\u00e9ctricas y los problemas con la fauna salvaje son motivos de sobra para la protesta.<\/p>\n\n\n\n<p>En los pr\u00f3ximos d\u00edas, las organizaciones agrarias detallar\u00e1n el calendario completo de las protestas que se est\u00e1n programando en las distintas comunidades aut\u00f3nomas, as\u00ed como las reivindicaciones que se plantear\u00e1n al conjunto del Gobierno, ya que afectan a diferentes ministerios y no solo a Agricultura.<\/p>\n\n\n\n<p>Los agricultores y ganaderos no pueden m\u00e1s, por eso lanzan este #SOSrural para defender su profesi\u00f3n y su dignidad y reclamar medidas de apoyo a un sector estrat\u00e9gico de la econom\u00eda del pa\u00eds que contribuye de forma esencial al mantenimiento del medio rural y los espacios naturales.<\/p>\n\n\n\n<figure class=\"wp-block-image size-large\"><img loading=\"lazy\" decoding=\"async\" width=\"1024\" height=\"303\" src=\"https:\/\/www.asajacyl.com\/palencia\/wp-content\/uploads\/sites\/3\/2020\/01\/foto-manifestaci\u00f3n-horizontal-1024x303.jpg\" alt=\"\" class=\"wp-image-7071\" srcset=\"https:\/\/www.asajacyl.com\/palencia\/wp-content\/uploads\/sites\/3\/2020\/01\/foto-manifestaci\u00f3n-horizontal-1024x303.jpg 1024w, https:\/\/www.asajacyl.com\/palencia\/wp-content\/uploads\/sites\/3\/2020\/01\/foto-manifestaci\u00f3n-horizontal-300x89.jpg 300w, https:\/\/www.asajacyl.com\/palencia\/wp-content\/uploads\/sites\/3\/2020\/01\/foto-manifestaci\u00f3n-horizontal-768x227.jpg 768w, https:\/\/www.asajacyl.com\/palencia\/wp-content\/uploads\/sites\/3\/2020\/01\/foto-manifestaci\u00f3n-horizontal-696x206.jpg 696w, https:\/\/www.asajacyl.com\/palencia\/wp-content\/uploads\/sites\/3\/2020\/01\/foto-manifestaci\u00f3n-horizontal-1068x316.jpg 1068w, https:\/\/www.asajacyl.com\/palencia\/wp-content\/uploads\/sites\/3\/2020\/01\/foto-manifestaci\u00f3n-horizontal.jpg 1092w\" sizes=\"(max-width: 1024px) 100vw, 1024px\" \/><\/figure>\n","protected":false},"excerpt":{"rendered":"<p>\u2022 La primera protesta se lleva a cabo hoy en las carreteras de Valencia\u2022 Los ganaderos de leche continuar\u00e1n sus concentraciones en Cantabria el martes, d\u00eda 7 y en Le\u00f3n, el d\u00eda 13\u2022 A esto se a\u00f1adir\u00e1 la convocatoria de Paros Agrarios en las zonas productoras, el primero de ellos en C\u00f3rdoba, el 21 de [&hellip;]<\/p>\n","protected":false},"author":9,"featured_media":7071,"comment_status":"open","ping_status":"open","sticky":false,"template":"","format":"standard","meta":{"footnotes":""},"categories":[9,29,28],"tags":[],"yoast_head":"<!-- This site is optimized with the Yoast SEO plugin v24.5 - https:\/\/yoast.com\/wordpress\/plugins\/seo\/ -->\n<title>ASAJA COAG y UPA retoman las movilizaciones en todos los territorios - ASAJA Palencia<\/title>\n<meta name=\"description\" content=\"\u2022 La primera protesta se lleva a cabo hoy en las carreteras de Valencia\u2022 Los ganaderos de leche continuar\u00e1n sus concentraciones en Cantabria el martes,\" \/>\n<meta name=\"robots\" content=\"index, follow, max-snippet:-1, max-image-preview:large, max-video-preview:-1\" \/>\n<link rel=\"canonical\" href=\"https:\/\/www.asajacyl.com\/palencia\/asaja-palencia-informa\/asaja-coag-y-upa-retoman-las-movilizaciones-en-todos-los-territorios\" \/>\n<meta property=\"og:locale\" content=\"es_ES\" \/>\n<meta property=\"og:type\" content=\"article\" \/>\n<meta property=\"og:title\" content=\"ASAJA COAG y UPA retoman las movilizaciones en todos los territorios - ASAJA Palencia\" \/>\n<meta property=\"og:description\" content=\"\u2022 La primera protesta se lleva a cabo hoy en las carreteras de Valencia\u2022 Los ganaderos de leche continuar\u00e1n sus concentraciones en Cantabria el martes,\" \/>\n<meta property=\"og:url\" content=\"https:\/\/www.asajacyl.com\/palencia\/asaja-palencia-informa\/asaja-coag-y-upa-retoman-las-movilizaciones-en-todos-los-territorios\" \/>\n<meta property=\"og:site_name\" content=\"ASAJA Palencia\" \/>\n<meta property=\"article:published_time\" content=\"2021-12-03T12:51:34+00:00\" \/>\n<meta property=\"article:modified_time\" content=\"2021-12-03T12:51:35+00:00\" \/>\n<meta property=\"og:image\" content=\"https:\/\/www.asajacyl.com\/palencia\/wp-content\/uploads\/sites\/3\/2020\/01\/foto-manifestaci\u00f3n-horizontal.jpg\" \/>\n\t<meta property=\"og:image:width\" content=\"1092\" \/>\n\t<meta property=\"og:image:height\" content=\"323\" \/>\n\t<meta property=\"og:image:type\" content=\"image\/jpeg\" \/>\n<meta name=\"author\" content=\"Administrador\" \/>\n<meta name=\"twitter:card\" content=\"summary_large_image\" \/>\n<meta name=\"twitter:label1\" content=\"Escrito por\" \/>\n\t<meta name=\"twitter:data1\" content=\"Administrador\" \/>\n\t<meta name=\"twitter:label2\" content=\"Tiempo de lectura\" \/>\n\t<meta name=\"twitter:data2\" content=\"2 minutos\" \/>\n<script type=\"application\/ld+json\" class=\"yoast-schema-graph\">{\"@context\":\"https:\/\/schema.org\",\"@graph\":[{\"@type\":\"WebPage\",\"@id\":\"https:\/\/www.asajacyl.com\/palencia\/asaja-palencia-informa\/asaja-coag-y-upa-retoman-las-movilizaciones-en-todos-los-territorios\",\"url\":\"https:\/\/www.asajacyl.com\/palencia\/asaja-palencia-informa\/asaja-coag-y-upa-retoman-las-movilizaciones-en-todos-los-territorios\",\"name\":\"ASAJA COAG y UPA retoman las movilizaciones en todos los territorios - ASAJA Palencia\",\"isPartOf\":{\"@id\":\"https:\/\/www.asajacyl.com\/palencia\/#website\"},\"primaryImageOfPage\":{\"@id\":\"https:\/\/www.asajacyl.com\/palencia\/asaja-palencia-informa\/asaja-coag-y-upa-retoman-las-movilizaciones-en-todos-los-territorios#primaryimage\"},\"image\":{\"@id\":\"https:\/\/www.asajacyl.com\/palencia\/asaja-palencia-informa\/asaja-coag-y-upa-retoman-las-movilizaciones-en-todos-los-territorios#primaryimage\"},\"thumbnailUrl\":\"https:\/\/www.asajacyl.com\/palencia\/wp-content\/uploads\/sites\/3\/2020\/01\/foto-manifestaci\u00f3n-horizontal.jpg\",\"datePublished\":\"2021-12-03T12:51:34+00:00\",\"dateModified\":\"2021-12-03T12:51:35+00:00\",\"author\":{\"@id\":\"https:\/\/www.asajacyl.com\/palencia\/#\/schema\/person\/3ab17aeb03527485c317557fae64aab1\"},\"description\":\"\u2022 La primera protesta se lleva a cabo hoy en las carreteras de Valencia\u2022 Los ganaderos de leche continuar\u00e1n sus concentraciones en Cantabria el martes,\",\"breadcrumb\":{\"@id\":\"https:\/\/www.asajacyl.com\/palencia\/asaja-palencia-informa\/asaja-coag-y-upa-retoman-las-movilizaciones-en-todos-los-territorios#breadcrumb\"},\"inLanguage\":\"es\",\"potentialAction\":[{\"@type\":\"ReadAction\",\"target\":[\"https:\/\/www.asajacyl.com\/palencia\/asaja-palencia-informa\/asaja-coag-y-upa-retoman-las-movilizaciones-en-todos-los-territorios\"]}]},{\"@type\":\"ImageObject\",\"inLanguage\":\"es\",\"@id\":\"https:\/\/www.asajacyl.com\/palencia\/asaja-palencia-informa\/asaja-coag-y-upa-retoman-las-movilizaciones-en-todos-los-territorios#primaryimage\",\"url\":\"https:\/\/www.asajacyl.com\/palencia\/wp-content\/uploads\/sites\/3\/2020\/01\/foto-manifestaci\u00f3n-horizontal.jpg\",\"contentUrl\":\"https:\/\/www.asajacyl.com\/palencia\/wp-content\/uploads\/sites\/3\/2020\/01\/foto-manifestaci\u00f3n-horizontal.jpg\",\"width\":1092,\"height\":323},{\"@type\":\"BreadcrumbList\",\"@id\":\"https:\/\/www.asajacyl.com\/palencia\/asaja-palencia-informa\/asaja-coag-y-upa-retoman-las-movilizaciones-en-todos-los-territorios#breadcrumb\",\"itemListElement\":[{\"@type\":\"ListItem\",\"position\":1,\"name\":\"Portada\",\"item\":\"https:\/\/www.asajacyl.com\/palencia\/\"},{\"@type\":\"ListItem\",\"position\":2,\"name\":\"ASAJA COAG y UPA retoman las movilizaciones en todos los territorios\"}]},{\"@type\":\"WebSite\",\"@id\":\"https:\/\/www.asajacyl.com\/palencia\/#website\",\"url\":\"https:\/\/www.asajacyl.com\/palencia\/\",\"name\":\"ASAJA Palencia\",\"description\":\"Otro sitio m\u00e1s de Provincias ASAJA Castilla y Le\u00f3n\",\"potentialAction\":[{\"@type\":\"SearchAction\",\"target\":{\"@type\":\"EntryPoint\",\"urlTemplate\":\"https:\/\/www.asajacyl.com\/palencia\/?s={search_term_string}\"},\"query-input\":{\"@type\":\"PropertyValueSpecification\",\"valueRequired\":true,\"valueName\":\"search_term_string\"}}],\"inLanguage\":\"es\"},{\"@type\":\"Person\",\"@id\":\"https:\/\/www.asajacyl.com\/palencia\/#\/schema\/person\/3ab17aeb03527485c317557fae64aab1\",\"name\":\"Administrador\",\"image\":{\"@type\":\"ImageObject\",\"inLanguage\":\"es\",\"@id\":\"https:\/\/www.asajacyl.com\/palencia\/#\/schema\/person\/image\/\",\"url\":\"https:\/\/secure.gravatar.com\/avatar\/517384810d242ca9e38c180f3c9fb973?s=96&d=mm&r=g\",\"contentUrl\":\"https:\/\/secure.gravatar.com\/avatar\/517384810d242ca9e38c180f3c9fb973?s=96&d=mm&r=g\",\"caption\":\"Administrador\"},\"url\":\"https:\/\/www.asajacyl.com\/palencia\/author\/carlosrm\"}]}<\/script>\n<!-- \/ Yoast SEO plugin. -->","yoast_head_json":{"title":"ASAJA COAG y UPA retoman las movilizaciones en todos los territorios - ASAJA Palencia","description":"\u2022 La primera protesta se lleva a cabo hoy en las carreteras de Valencia\u2022 Los ganaderos de leche continuar\u00e1n sus concentraciones en Cantabria el martes,","robots":{"index":"index","follow":"follow","max-snippet":"max-snippet:-1","max-image-preview":"max-image-preview:large","max-video-preview":"max-video-preview:-1"},"canonical":"https:\/\/www.asajacyl.com\/palencia\/asaja-palencia-informa\/asaja-coag-y-upa-retoman-las-movilizaciones-en-todos-los-territorios","og_locale":"es_ES","og_type":"article","og_title":"ASAJA COAG y UPA retoman las movilizaciones en todos los territorios - ASAJA Palencia","og_description":"\u2022 La primera protesta se lleva a cabo hoy en las carreteras de Valencia\u2022 Los ganaderos de leche continuar\u00e1n sus concentraciones en Cantabria el martes,","og_url":"https:\/\/www.asajacyl.com\/palencia\/asaja-palencia-informa\/asaja-coag-y-upa-retoman-las-movilizaciones-en-todos-los-territorios","og_site_name":"ASAJA Palencia","article_published_time":"2021-12-03T12:51:34+00:00","article_modified_time":"2021-12-03T12:51:35+00:00","og_image":[{"width":1092,"height":323,"url":"https:\/\/www.asajacyl.com\/palencia\/wp-content\/uploads\/sites\/3\/2020\/01\/foto-manifestaci\u00f3n-horizontal.jpg","type":"image\/jpeg"}],"author":"Administrador","twitter_card":"summary_large_image","twitter_misc":{"Escrito por":"Administrador","Tiempo de lectura":"2 minutos"},"schema":{"@context":"https:\/\/schema.org","@graph":[{"@type":"WebPage","@id":"https:\/\/www.asajacyl.com\/palencia\/asaja-palencia-informa\/asaja-coag-y-upa-retoman-las-movilizaciones-en-todos-los-territorios","url":"https:\/\/www.asajacyl.com\/palencia\/asaja-palencia-informa\/asaja-coag-y-upa-retoman-las-movilizaciones-en-todos-los-territorios","name":"ASAJA COAG y UPA retoman las movilizaciones en todos los territorios - ASAJA Palencia","isPartOf":{"@id":"https:\/\/www.asajacyl.com\/palencia\/#website"},"primaryImageOfPage":{"@id":"https:\/\/www.asajacyl.com\/palencia\/asaja-palencia-informa\/asaja-coag-y-upa-retoman-las-movilizaciones-en-todos-los-territorios#primaryimage"},"image":{"@id":"https:\/\/www.asajacyl.com\/palencia\/asaja-palencia-informa\/asaja-coag-y-upa-retoman-las-movilizaciones-en-todos-los-territorios#primaryimage"},"thumbnailUrl":"https:\/\/www.asajacyl.com\/palencia\/wp-content\/uploads\/sites\/3\/2020\/01\/foto-manifestaci\u00f3n-horizontal.jpg","datePublished":"2021-12-03T12:51:34+00:00","dateModified":"2021-12-03T12:51:35+00:00","author":{"@id":"https:\/\/www.asajacyl.com\/palencia\/#\/schema\/person\/3ab17aeb03527485c317557fae64aab1"},"description":"\u2022 La primera protesta se lleva a cabo hoy en las carreteras de Valencia\u2022 Los ganaderos de leche continuar\u00e1n sus concentraciones en Cantabria el martes,","breadcrumb":{"@id":"https:\/\/www.asajacyl.com\/palencia\/asaja-palencia-informa\/asaja-coag-y-upa-retoman-las-movilizaciones-en-todos-los-territorios#breadcrumb"},"inLanguage":"es","potentialAction":[{"@type":"ReadAction","target":["https:\/\/www.asajacyl.com\/palencia\/asaja-palencia-informa\/asaja-coag-y-upa-retoman-las-movilizaciones-en-todos-los-territorios"]}]},{"@type":"ImageObject","inLanguage":"es","@id":"https:\/\/www.asajacyl.com\/palencia\/asaja-palencia-informa\/asaja-coag-y-upa-retoman-las-movilizaciones-en-todos-los-territorios#primaryimage","url":"https:\/\/www.asajacyl.com\/palencia\/wp-content\/uploads\/sites\/3\/2020\/01\/foto-manifestaci\u00f3n-horizontal.jpg","contentUrl":"https:\/\/www.asajacyl.com\/palencia\/wp-content\/uploads\/sites\/3\/2020\/01\/foto-manifestaci\u00f3n-horizontal.jpg","width":1092,"height":323},{"@type":"BreadcrumbList","@id":"https:\/\/www.asajacyl.com\/palencia\/asaja-palencia-informa\/asaja-coag-y-upa-retoman-las-movilizaciones-en-todos-los-territorios#breadcrumb","itemListElement":[{"@type":"ListItem","position":1,"name":"Portada","item":"https:\/\/www.asajacyl.com\/palencia\/"},{"@type":"ListItem","position":2,"name":"ASAJA COAG y UPA retoman las movilizaciones en todos los territorios"}]},{"@type":"WebSite","@id":"https:\/\/www.asajacyl.com\/palencia\/#website","url":"https:\/\/www.asajacyl.com\/palencia\/","name":"ASAJA Palencia","description":"Otro sitio m\u00e1s de Provincias ASAJA Castilla y Le\u00f3n","potentialAction":[{"@type":"SearchAction","target":{"@type":"EntryPoint","urlTemplate":"https:\/\/www.asajacyl.com\/palencia\/?s={search_term_string}"},"query-input":{"@type":"PropertyValueSpecification","valueRequired":true,"valueName":"search_term_string"}}],"inLanguage":"es"},{"@type":"Person","@id":"https:\/\/www.asajacyl.com\/palencia\/#\/schema\/person\/3ab17aeb03527485c317557fae64aab1","name":"Administrador","image":{"@type":"ImageObject","inLanguage":"es","@id":"https:\/\/www.asajacyl.com\/palencia\/#\/schema\/person\/image\/","url":"https:\/\/secure.gravatar.com\/avatar\/517384810d242ca9e38c180f3c9fb973?s=96&d=mm&r=g","contentUrl":"https:\/\/secure.gravatar.com\/avatar\/517384810d242ca9e38c180f3c9fb973?s=96&d=mm&r=g","caption":"Administrador"},"url":"https:\/\/www.asajacyl.com\/palencia\/author\/carlosrm"}]}},"_links":{"self":[{"href":"https:\/\/www.asajacyl.com\/palencia\/wp-json\/wp\/v2\/posts\/9460"}],"collection":[{"href":"https:\/\/www.asajacyl.com\/palencia\/wp-json\/wp\/v2\/posts"}],"about":[{"href":"https:\/\/www.asajacyl.com\/palencia\/wp-json\/wp\/v2\/types\/post"}],"author":[{"embeddable":true,"href":"https:\/\/www.asajacyl.com\/palencia\/wp-json\/wp\/v2\/users\/9"}],"replies":[{"embeddable":true,"href":"https:\/\/www.asajacyl.com\/palencia\/wp-json\/wp\/v2\/comments?post=9460"}],"version-history":[{"count":2,"href":"https:\/\/www.asajacyl.com\/palencia\/wp-json\/wp\/v2\/posts\/9460\/revisions"}],"predecessor-version":[{"id":9467,"href":"https:\/\/www.asajacyl.com\/palencia\/wp-json\/wp\/v2\/posts\/9460\/revisions\/9467"}],"wp:featuredmedia":[{"embeddable":true,"href":"https:\/\/www.asajacyl.com\/palencia\/wp-json\/wp\/v2\/media\/7071"}],"wp:attachment":[{"href":"https:\/\/www.asajacyl.com\/palencia\/wp-json\/wp\/v2\/media?parent=9460"}],"wp:term":[{"taxonomy":"category","embeddable":true,"href":"https:\/\/www.asajacyl.com\/palencia\/wp-json\/wp\/v2\/categories?post=9460"},{"taxonomy":"post_tag","embeddable":true,"href":"https:\/\/www.asajacyl.com\/palencia\/wp-json\/wp\/v2\/tags?post=9460"}],"curies":[{"name":"wp","href":"https:\/\/api.w.org\/{rel}","templated":true}]}}