{"id":9464,"date":"2021-12-09T10:07:00","date_gmt":"2021-12-09T09:07:00","guid":{"rendered":"https:\/\/www.asajacyl.com\/palencia\/?p=9464"},"modified":"2021-12-06T10:13:40","modified_gmt":"2021-12-06T09:13:40","slug":"ya-ha-sido-descargado-el-ultimo-camion-de-paja-y-forraje-enviado-por-asaja-palencia-a-avila","status":"publish","type":"post","link":"https:\/\/www.asajacyl.com\/palencia\/asaja-palencia-informa\/ya-ha-sido-descargado-el-ultimo-camion-de-paja-y-forraje-enviado-por-asaja-palencia-a-avila","title":{"rendered":"Ya ha sido descargado el \u00faltimo cami\u00f3n de paja y forraje enviado por ASAJA-Palencia a \u00c1vila"},"content":{"rendered":"\n<p>La semana pasada se ha enviado el \u00faltimo cami\u00f3n de paja y forraje, donado por los socios de ASAJA-Palencia para los ganaderos afectados por el incendio que tuvo lugar este verano en \u00c1vila y que calcin\u00f3 unas 22.000 hect\u00e1reas, dejando sin pastos a miles de animales y al borde de la quiebra econ\u00f3mica a los ganaderos de la zona afectada por uno de los mayores incendios que se ha producido en nuestro pa\u00eds hasta la fecha.<\/p>\n\n\n\n<p>Desde el mes de Agosto, ASAJA, inicio una campa\u00f1a solidaria con los agricultores de Palencia, para donar paja y forrajes, que de forma regular, desde ese mismo mes, se ha estado enviando desde todos los puntos de nuestra provincia para que llegara de la forma m\u00e1s ordenada posible a los ganaderos afectados de \u00c1vila. Tambi\u00e9n, a trav\u00e9s de una cuenta bancaria solidaria, se ha recaudado una importante cantidad de dinero, que en breve ser\u00e1 entregada a la Diputaci\u00f3n de \u00c1vila, y ser\u00e1 empleada en ayudar a las explotaciones ganaderas que perdieron sus pastos por el incendio.<\/p>\n\n\n\n<p>Desde ASAJA-\u00c1vila, agradecen a todos los agricultores y ganaderos de nuestra organizaci\u00f3n, que han colaborado con su generosidad, tanto en aportaciones de productos como econ\u00f3micamente para que los ganaderos afectados por el incendio de Navalacruz puedan seguir adelante con su actividad y sobreponerse a este desastre tan importante.<\/p>\n\n\n\n<figure class=\"wp-block-image size-large\"><img loading=\"lazy\" decoding=\"async\" width=\"1024\" height=\"768\" src=\"https:\/\/www.asajacyl.com\/palencia\/wp-content\/uploads\/sites\/3\/2021\/11\/PHOTO-2021-11-06-09-42-39-1024x768.jpg\" alt=\"\" class=\"wp-image-9369\" srcset=\"https:\/\/www.asajacyl.com\/palencia\/wp-content\/uploads\/sites\/3\/2021\/11\/PHOTO-2021-11-06-09-42-39-1024x768.jpg 1024w, https:\/\/www.asajacyl.com\/palencia\/wp-content\/uploads\/sites\/3\/2021\/11\/PHOTO-2021-11-06-09-42-39-300x225.jpg 300w, https:\/\/www.asajacyl.com\/palencia\/wp-content\/uploads\/sites\/3\/2021\/11\/PHOTO-2021-11-06-09-42-39-768x576.jpg 768w, https:\/\/www.asajacyl.com\/palencia\/wp-content\/uploads\/sites\/3\/2021\/11\/PHOTO-2021-11-06-09-42-39-1536x1152.jpg 1536w, https:\/\/www.asajacyl.com\/palencia\/wp-content\/uploads\/sites\/3\/2021\/11\/PHOTO-2021-11-06-09-42-39-696x522.jpg 696w, https:\/\/www.asajacyl.com\/palencia\/wp-content\/uploads\/sites\/3\/2021\/11\/PHOTO-2021-11-06-09-42-39-1068x801.jpg 1068w, https:\/\/www.asajacyl.com\/palencia\/wp-content\/uploads\/sites\/3\/2021\/11\/PHOTO-2021-11-06-09-42-39-560x420.jpg 560w, https:\/\/www.asajacyl.com\/palencia\/wp-content\/uploads\/sites\/3\/2021\/11\/PHOTO-2021-11-06-09-42-39-80x60.jpg 80w, https:\/\/www.asajacyl.com\/palencia\/wp-content\/uploads\/sites\/3\/2021\/11\/PHOTO-2021-11-06-09-42-39.jpg 1600w\" sizes=\"(max-width: 1024px) 100vw, 1024px\" \/><figcaption>Un ganadero abulense descargando paja enviada por socios de ASAJA-Palencia en La Hija de Dios (\u00c1vila)<\/figcaption><\/figure>\n","protected":false},"excerpt":{"rendered":"<p>La semana pasada se ha enviado el \u00faltimo cami\u00f3n de paja y forraje, donado por los socios de ASAJA-Palencia para los ganaderos afectados por el incendio que tuvo lugar este verano en \u00c1vila y que calcin\u00f3 unas 22.000 hect\u00e1reas, dejando sin pastos a miles de animales y al borde de la quiebra econ\u00f3mica a los [&hellip;]<\/p>\n","protected":false},"author":9,"featured_media":9368,"comment_status":"open","ping_status":"open","sticky":false,"template":"","format":"standard","meta":{"footnotes":""},"categories":[9,29,28],"tags":[],"yoast_head":"<!-- This site is optimized with the Yoast SEO plugin v24.5 - https:\/\/yoast.com\/wordpress\/plugins\/seo\/ -->\n<title>Ya ha sido descargado el \u00faltimo cami\u00f3n de paja y forraje enviado por ASAJA-Palencia a \u00c1vila - ASAJA Palencia<\/title>\n<meta name=\"description\" content=\"La semana pasada se ha enviado el \u00faltimo cami\u00f3n de paja y forraje, donado por los socios de ASAJA-Palencia para los ganaderos afectados por el incendio\" \/>\n<meta name=\"robots\" content=\"index, follow, max-snippet:-1, max-image-preview:large, max-video-preview:-1\" \/>\n<link rel=\"canonical\" href=\"https:\/\/www.asajacyl.com\/palencia\/asaja-palencia-informa\/ya-ha-sido-descargado-el-ultimo-camion-de-paja-y-forraje-enviado-por-asaja-palencia-a-avila\" \/>\n<meta property=\"og:locale\" content=\"es_ES\" \/>\n<meta property=\"og:type\" content=\"article\" \/>\n<meta property=\"og:title\" content=\"Ya ha sido descargado el \u00faltimo cami\u00f3n de paja y forraje enviado por ASAJA-Palencia a \u00c1vila - ASAJA Palencia\" \/>\n<meta property=\"og:description\" content=\"La semana pasada se ha enviado el \u00faltimo cami\u00f3n de paja y forraje, donado por los socios de ASAJA-Palencia para los ganaderos afectados por el incendio\" \/>\n<meta property=\"og:url\" content=\"https:\/\/www.asajacyl.com\/palencia\/asaja-palencia-informa\/ya-ha-sido-descargado-el-ultimo-camion-de-paja-y-forraje-enviado-por-asaja-palencia-a-avila\" \/>\n<meta property=\"og:site_name\" content=\"ASAJA Palencia\" \/>\n<meta property=\"article:published_time\" content=\"2021-12-09T09:07:00+00:00\" \/>\n<meta property=\"og:image\" content=\"https:\/\/www.asajacyl.com\/palencia\/wp-content\/uploads\/sites\/3\/2021\/11\/PHOTO-2021-11-06-09-43-16.jpg\" \/>\n\t<meta property=\"og:image:width\" content=\"1600\" \/>\n\t<meta property=\"og:image:height\" content=\"1200\" \/>\n\t<meta property=\"og:image:type\" content=\"image\/jpeg\" \/>\n<meta name=\"author\" content=\"Administrador\" \/>\n<meta name=\"twitter:card\" content=\"summary_large_image\" \/>\n<meta name=\"twitter:label1\" content=\"Escrito por\" \/>\n\t<meta name=\"twitter:data1\" content=\"Administrador\" \/>\n\t<meta name=\"twitter:label2\" content=\"Tiempo de lectura\" \/>\n\t<meta name=\"twitter:data2\" content=\"2 minutos\" \/>\n<script type=\"application\/ld+json\" class=\"yoast-schema-graph\">{\"@context\":\"https:\/\/schema.org\",\"@graph\":[{\"@type\":\"WebPage\",\"@id\":\"https:\/\/www.asajacyl.com\/palencia\/asaja-palencia-informa\/ya-ha-sido-descargado-el-ultimo-camion-de-paja-y-forraje-enviado-por-asaja-palencia-a-avila\",\"url\":\"https:\/\/www.asajacyl.com\/palencia\/asaja-palencia-informa\/ya-ha-sido-descargado-el-ultimo-camion-de-paja-y-forraje-enviado-por-asaja-palencia-a-avila\",\"name\":\"Ya ha sido descargado el \u00faltimo cami\u00f3n de paja y forraje enviado por ASAJA-Palencia a \u00c1vila - ASAJA Palencia\",\"isPartOf\":{\"@id\":\"https:\/\/www.asajacyl.com\/palencia\/#website\"},\"primaryImageOfPage\":{\"@id\":\"https:\/\/www.asajacyl.com\/palencia\/asaja-palencia-informa\/ya-ha-sido-descargado-el-ultimo-camion-de-paja-y-forraje-enviado-por-asaja-palencia-a-avila#primaryimage\"},\"image\":{\"@id\":\"https:\/\/www.asajacyl.com\/palencia\/asaja-palencia-informa\/ya-ha-sido-descargado-el-ultimo-camion-de-paja-y-forraje-enviado-por-asaja-palencia-a-avila#primaryimage\"},\"thumbnailUrl\":\"https:\/\/www.asajacyl.com\/palencia\/wp-content\/uploads\/sites\/3\/2021\/11\/PHOTO-2021-11-06-09-43-16.jpg\",\"datePublished\":\"2021-12-09T09:07:00+00:00\",\"author\":{\"@id\":\"https:\/\/www.asajacyl.com\/palencia\/#\/schema\/person\/3ab17aeb03527485c317557fae64aab1\"},\"description\":\"La semana pasada se ha enviado el \u00faltimo cami\u00f3n de paja y forraje, donado por los socios de ASAJA-Palencia para los ganaderos afectados por el incendio\",\"breadcrumb\":{\"@id\":\"https:\/\/www.asajacyl.com\/palencia\/asaja-palencia-informa\/ya-ha-sido-descargado-el-ultimo-camion-de-paja-y-forraje-enviado-por-asaja-palencia-a-avila#breadcrumb\"},\"inLanguage\":\"es\",\"potentialAction\":[{\"@type\":\"ReadAction\",\"target\":[\"https:\/\/www.asajacyl.com\/palencia\/asaja-palencia-informa\/ya-ha-sido-descargado-el-ultimo-camion-de-paja-y-forraje-enviado-por-asaja-palencia-a-avila\"]}]},{\"@type\":\"ImageObject\",\"inLanguage\":\"es\",\"@id\":\"https:\/\/www.asajacyl.com\/palencia\/asaja-palencia-informa\/ya-ha-sido-descargado-el-ultimo-camion-de-paja-y-forraje-enviado-por-asaja-palencia-a-avila#primaryimage\",\"url\":\"https:\/\/www.asajacyl.com\/palencia\/wp-content\/uploads\/sites\/3\/2021\/11\/PHOTO-2021-11-06-09-43-16.jpg\",\"contentUrl\":\"https:\/\/www.asajacyl.com\/palencia\/wp-content\/uploads\/sites\/3\/2021\/11\/PHOTO-2021-11-06-09-43-16.jpg\",\"width\":1600,\"height\":1200},{\"@type\":\"BreadcrumbList\",\"@id\":\"https:\/\/www.asajacyl.com\/palencia\/asaja-palencia-informa\/ya-ha-sido-descargado-el-ultimo-camion-de-paja-y-forraje-enviado-por-asaja-palencia-a-avila#breadcrumb\",\"itemListElement\":[{\"@type\":\"ListItem\",\"position\":1,\"name\":\"Portada\",\"item\":\"https:\/\/www.asajacyl.com\/palencia\/\"},{\"@type\":\"ListItem\",\"position\":2,\"name\":\"Ya ha sido descargado el \u00faltimo cami\u00f3n de paja y forraje enviado por ASAJA-Palencia a \u00c1vila\"}]},{\"@type\":\"WebSite\",\"@id\":\"https:\/\/www.asajacyl.com\/palencia\/#website\",\"url\":\"https:\/\/www.asajacyl.com\/palencia\/\",\"name\":\"ASAJA Palencia\",\"description\":\"Otro sitio m\u00e1s de Provincias ASAJA Castilla y Le\u00f3n\",\"potentialAction\":[{\"@type\":\"SearchAction\",\"target\":{\"@type\":\"EntryPoint\",\"urlTemplate\":\"https:\/\/www.asajacyl.com\/palencia\/?s={search_term_string}\"},\"query-input\":{\"@type\":\"PropertyValueSpecification\",\"valueRequired\":true,\"valueName\":\"search_term_string\"}}],\"inLanguage\":\"es\"},{\"@type\":\"Person\",\"@id\":\"https:\/\/www.asajacyl.com\/palencia\/#\/schema\/person\/3ab17aeb03527485c317557fae64aab1\",\"name\":\"Administrador\",\"image\":{\"@type\":\"ImageObject\",\"inLanguage\":\"es\",\"@id\":\"https:\/\/www.asajacyl.com\/palencia\/#\/schema\/person\/image\/\",\"url\":\"https:\/\/secure.gravatar.com\/avatar\/517384810d242ca9e38c180f3c9fb973?s=96&d=mm&r=g\",\"contentUrl\":\"https:\/\/secure.gravatar.com\/avatar\/517384810d242ca9e38c180f3c9fb973?s=96&d=mm&r=g\",\"caption\":\"Administrador\"},\"url\":\"https:\/\/www.asajacyl.com\/palencia\/author\/carlosrm\"}]}<\/script>\n<!-- \/ Yoast SEO plugin. -->","yoast_head_json":{"title":"Ya ha sido descargado el \u00faltimo cami\u00f3n de paja y forraje enviado por ASAJA-Palencia a \u00c1vila - ASAJA Palencia","description":"La semana pasada se ha enviado el \u00faltimo cami\u00f3n de paja y forraje, donado por los socios de ASAJA-Palencia para los ganaderos afectados por el incendio","robots":{"index":"index","follow":"follow","max-snippet":"max-snippet:-1","max-image-preview":"max-image-preview:large","max-video-preview":"max-video-preview:-1"},"canonical":"https:\/\/www.asajacyl.com\/palencia\/asaja-palencia-informa\/ya-ha-sido-descargado-el-ultimo-camion-de-paja-y-forraje-enviado-por-asaja-palencia-a-avila","og_locale":"es_ES","og_type":"article","og_title":"Ya ha sido descargado el \u00faltimo cami\u00f3n de paja y forraje enviado por ASAJA-Palencia a \u00c1vila - ASAJA Palencia","og_description":"La semana pasada se ha enviado el \u00faltimo cami\u00f3n de paja y forraje, donado por los socios de ASAJA-Palencia para los ganaderos afectados por el incendio","og_url":"https:\/\/www.asajacyl.com\/palencia\/asaja-palencia-informa\/ya-ha-sido-descargado-el-ultimo-camion-de-paja-y-forraje-enviado-por-asaja-palencia-a-avila","og_site_name":"ASAJA Palencia","article_published_time":"2021-12-09T09:07:00+00:00","og_image":[{"width":1600,"height":1200,"url":"https:\/\/www.asajacyl.com\/palencia\/wp-content\/uploads\/sites\/3\/2021\/11\/PHOTO-2021-11-06-09-43-16.jpg","type":"image\/jpeg"}],"author":"Administrador","twitter_card":"summary_large_image","twitter_misc":{"Escrito por":"Administrador","Tiempo de lectura":"2 minutos"},"schema":{"@context":"https:\/\/schema.org","@graph":[{"@type":"WebPage","@id":"https:\/\/www.asajacyl.com\/palencia\/asaja-palencia-informa\/ya-ha-sido-descargado-el-ultimo-camion-de-paja-y-forraje-enviado-por-asaja-palencia-a-avila","url":"https:\/\/www.asajacyl.com\/palencia\/asaja-palencia-informa\/ya-ha-sido-descargado-el-ultimo-camion-de-paja-y-forraje-enviado-por-asaja-palencia-a-avila","name":"Ya ha sido descargado el \u00faltimo cami\u00f3n de paja y forraje enviado por ASAJA-Palencia a \u00c1vila - ASAJA Palencia","isPartOf":{"@id":"https:\/\/www.asajacyl.com\/palencia\/#website"},"primaryImageOfPage":{"@id":"https:\/\/www.asajacyl.com\/palencia\/asaja-palencia-informa\/ya-ha-sido-descargado-el-ultimo-camion-de-paja-y-forraje-enviado-por-asaja-palencia-a-avila#primaryimage"},"image":{"@id":"https:\/\/www.asajacyl.com\/palencia\/asaja-palencia-informa\/ya-ha-sido-descargado-el-ultimo-camion-de-paja-y-forraje-enviado-por-asaja-palencia-a-avila#primaryimage"},"thumbnailUrl":"https:\/\/www.asajacyl.com\/palencia\/wp-content\/uploads\/sites\/3\/2021\/11\/PHOTO-2021-11-06-09-43-16.jpg","datePublished":"2021-12-09T09:07:00+00:00","author":{"@id":"https:\/\/www.asajacyl.com\/palencia\/#\/schema\/person\/3ab17aeb03527485c317557fae64aab1"},"description":"La semana pasada se ha enviado el \u00faltimo cami\u00f3n de paja y forraje, donado por los socios de ASAJA-Palencia para los ganaderos afectados por el incendio","breadcrumb":{"@id":"https:\/\/www.asajacyl.com\/palencia\/asaja-palencia-informa\/ya-ha-sido-descargado-el-ultimo-camion-de-paja-y-forraje-enviado-por-asaja-palencia-a-avila#breadcrumb"},"inLanguage":"es","potentialAction":[{"@type":"ReadAction","target":["https:\/\/www.asajacyl.com\/palencia\/asaja-palencia-informa\/ya-ha-sido-descargado-el-ultimo-camion-de-paja-y-forraje-enviado-por-asaja-palencia-a-avila"]}]},{"@type":"ImageObject","inLanguage":"es","@id":"https:\/\/www.asajacyl.com\/palencia\/asaja-palencia-informa\/ya-ha-sido-descargado-el-ultimo-camion-de-paja-y-forraje-enviado-por-asaja-palencia-a-avila#primaryimage","url":"https:\/\/www.asajacyl.com\/palencia\/wp-content\/uploads\/sites\/3\/2021\/11\/PHOTO-2021-11-06-09-43-16.jpg","contentUrl":"https:\/\/www.asajacyl.com\/palencia\/wp-content\/uploads\/sites\/3\/2021\/11\/PHOTO-2021-11-06-09-43-16.jpg","width":1600,"height":1200},{"@type":"BreadcrumbList","@id":"https:\/\/www.asajacyl.com\/palencia\/asaja-palencia-informa\/ya-ha-sido-descargado-el-ultimo-camion-de-paja-y-forraje-enviado-por-asaja-palencia-a-avila#breadcrumb","itemListElement":[{"@type":"ListItem","position":1,"name":"Portada","item":"https:\/\/www.asajacyl.com\/palencia\/"},{"@type":"ListItem","position":2,"name":"Ya ha sido descargado el \u00faltimo cami\u00f3n de paja y forraje enviado por ASAJA-Palencia a \u00c1vila"}]},{"@type":"WebSite","@id":"https:\/\/www.asajacyl.com\/palencia\/#website","url":"https:\/\/www.asajacyl.com\/palencia\/","name":"ASAJA Palencia","description":"Otro sitio m\u00e1s de Provincias ASAJA Castilla y Le\u00f3n","potentialAction":[{"@type":"SearchAction","target":{"@type":"EntryPoint","urlTemplate":"https:\/\/www.asajacyl.com\/palencia\/?s={search_term_string}"},"query-input":{"@type":"PropertyValueSpecification","valueRequired":true,"valueName":"search_term_string"}}],"inLanguage":"es"},{"@type":"Person","@id":"https:\/\/www.asajacyl.com\/palencia\/#\/schema\/person\/3ab17aeb03527485c317557fae64aab1","name":"Administrador","image":{"@type":"ImageObject","inLanguage":"es","@id":"https:\/\/www.asajacyl.com\/palencia\/#\/schema\/person\/image\/","url":"https:\/\/secure.gravatar.com\/avatar\/517384810d242ca9e38c180f3c9fb973?s=96&d=mm&r=g","contentUrl":"https:\/\/secure.gravatar.com\/avatar\/517384810d242ca9e38c180f3c9fb973?s=96&d=mm&r=g","caption":"Administrador"},"url":"https:\/\/www.asajacyl.com\/palencia\/author\/carlosrm"}]}},"_links":{"self":[{"href":"https:\/\/www.asajacyl.com\/palencia\/wp-json\/wp\/v2\/posts\/9464"}],"collection":[{"href":"https:\/\/www.asajacyl.com\/palencia\/wp-json\/wp\/v2\/posts"}],"about":[{"href":"https:\/\/www.asajacyl.com\/palencia\/wp-json\/wp\/v2\/types\/post"}],"author":[{"embeddable":true,"href":"https:\/\/www.asajacyl.com\/palencia\/wp-json\/wp\/v2\/users\/9"}],"replies":[{"embeddable":true,"href":"https:\/\/www.asajacyl.com\/palencia\/wp-json\/wp\/v2\/comments?post=9464"}],"version-history":[{"count":1,"href":"https:\/\/www.asajacyl.com\/palencia\/wp-json\/wp\/v2\/posts\/9464\/revisions"}],"predecessor-version":[{"id":9465,"href":"https:\/\/www.asajacyl.com\/palencia\/wp-json\/wp\/v2\/posts\/9464\/revisions\/9465"}],"wp:featuredmedia":[{"embeddable":true,"href":"https:\/\/www.asajacyl.com\/palencia\/wp-json\/wp\/v2\/media\/9368"}],"wp:attachment":[{"href":"https:\/\/www.asajacyl.com\/palencia\/wp-json\/wp\/v2\/media?parent=9464"}],"wp:term":[{"taxonomy":"category","embeddable":true,"href":"https:\/\/www.asajacyl.com\/palencia\/wp-json\/wp\/v2\/categories?post=9464"},{"taxonomy":"post_tag","embeddable":true,"href":"https:\/\/www.asajacyl.com\/palencia\/wp-json\/wp\/v2\/tags?post=9464"}],"curies":[{"name":"wp","href":"https:\/\/api.w.org\/{rel}","templated":true}]}}