{"id":9468,"date":"2021-12-07T11:02:00","date_gmt":"2021-12-07T10:02:00","guid":{"rendered":"https:\/\/www.asajacyl.com\/palencia\/?p=9468"},"modified":"2021-12-06T14:27:44","modified_gmt":"2021-12-06T13:27:44","slug":"aprobada-la-modificacion-de-la-ley-de-la-cadena-alimentaria-en-el-congreso-de-los-diputados","status":"publish","type":"post","link":"https:\/\/www.asajacyl.com\/palencia\/asaja-palencia-informa\/aprobada-la-modificacion-de-la-ley-de-la-cadena-alimentaria-en-el-congreso-de-los-diputados","title":{"rendered":"Aprobada la modificaci\u00f3n de la Ley de la Cadena Alimentaria en el Congreso de los Diputados"},"content":{"rendered":"\n<p>Recientemente se ha aprobado, por parte del Congreso de los Diputados, la modificaci\u00f3n de la Ley de la Cadena Alimentaria, aprobada originariamente en el a\u00f1o 2013 y que se ha mostrado totalmente ineficaz. Esta modificaci\u00f3n ha servido para, a su vez, trasponer la Directiva europea sobre pr\u00e1cticas comerciales desleales en la cadena de suministro agroalimentario.<\/p>\n\n\n\n<p>Entre otras medidas importantes, la modificaci\u00f3n proh\u00edbe la venta a p\u00e9rdidas y precisa que los contratos deben cubrir el coste efectivo de producci\u00f3n de los productores, algo que hasta ahora no se est\u00e1 produciendo y est\u00e1 llevando a la ruina al sector l\u00e1cteo.<\/p>\n\n\n\n<p>Una vez sea publicada esta normativa, el Gobierno y la Agencia de Informaci\u00f3n y Control Alimentarios (AICA) deber\u00e1n ponerse a trabajar para evitar que los ganaderos est\u00e9n cobrando por su leche menos dinero del que les cuesta producirla. As\u00ed mismo, deber\u00e1n definir un coste de producci\u00f3n oficial por debajo del que todo contrato de compra de leche deber\u00e1 ser declarado ilegal.<\/p>\n","protected":false},"excerpt":{"rendered":"<p>Recientemente se ha aprobado, por parte del Congreso de los Diputados, la modificaci\u00f3n de la Ley de la Cadena Alimentaria, aprobada originariamente en el a\u00f1o 2013 y que se ha mostrado totalmente ineficaz. Esta modificaci\u00f3n ha servido para, a su vez, trasponer la Directiva europea sobre pr\u00e1cticas comerciales desleales en la cadena de suministro agroalimentario. [&hellip;]<\/p>\n","protected":false},"author":9,"featured_media":1060,"comment_status":"open","ping_status":"open","sticky":false,"template":"","format":"standard","meta":{"footnotes":""},"categories":[9,29,28],"tags":[],"yoast_head":"<!-- This site is optimized with the Yoast SEO plugin v24.5 - https:\/\/yoast.com\/wordpress\/plugins\/seo\/ -->\n<title>Aprobada la modificaci\u00f3n de la Ley de la Cadena Alimentaria en el Congreso de los Diputados - ASAJA Palencia<\/title>\n<meta name=\"description\" content=\"Recientemente se ha aprobado, por parte del Congreso de los Diputados, la modificaci\u00f3n de la Ley de la Cadena Alimentaria, aprobada originariamente en el\" \/>\n<meta name=\"robots\" content=\"index, follow, max-snippet:-1, max-image-preview:large, max-video-preview:-1\" \/>\n<link rel=\"canonical\" href=\"https:\/\/www.asajacyl.com\/palencia\/asaja-palencia-informa\/aprobada-la-modificacion-de-la-ley-de-la-cadena-alimentaria-en-el-congreso-de-los-diputados\" \/>\n<meta property=\"og:locale\" content=\"es_ES\" \/>\n<meta property=\"og:type\" content=\"article\" \/>\n<meta property=\"og:title\" content=\"Aprobada la modificaci\u00f3n de la Ley de la Cadena Alimentaria en el Congreso de los Diputados - ASAJA Palencia\" \/>\n<meta property=\"og:description\" content=\"Recientemente se ha aprobado, por parte del Congreso de los Diputados, la modificaci\u00f3n de la Ley de la Cadena Alimentaria, aprobada originariamente en el\" \/>\n<meta property=\"og:url\" content=\"https:\/\/www.asajacyl.com\/palencia\/asaja-palencia-informa\/aprobada-la-modificacion-de-la-ley-de-la-cadena-alimentaria-en-el-congreso-de-los-diputados\" \/>\n<meta property=\"og:site_name\" content=\"ASAJA Palencia\" \/>\n<meta property=\"article:published_time\" content=\"2021-12-07T10:02:00+00:00\" \/>\n<meta property=\"og:image\" content=\"https:\/\/www.asajacyl.com\/palencia\/wp-content\/uploads\/sites\/3\/2017\/11\/recurso-vacuno-leche.jpg\" \/>\n\t<meta property=\"og:image:width\" content=\"1920\" \/>\n\t<meta property=\"og:image:height\" content=\"1080\" \/>\n\t<meta property=\"og:image:type\" content=\"image\/jpeg\" \/>\n<meta name=\"author\" content=\"Administrador\" \/>\n<meta name=\"twitter:card\" content=\"summary_large_image\" \/>\n<meta name=\"twitter:label1\" content=\"Escrito por\" \/>\n\t<meta name=\"twitter:data1\" content=\"Administrador\" \/>\n\t<meta name=\"twitter:label2\" content=\"Tiempo de lectura\" \/>\n\t<meta name=\"twitter:data2\" content=\"1 minuto\" \/>\n<script type=\"application\/ld+json\" class=\"yoast-schema-graph\">{\"@context\":\"https:\/\/schema.org\",\"@graph\":[{\"@type\":\"WebPage\",\"@id\":\"https:\/\/www.asajacyl.com\/palencia\/asaja-palencia-informa\/aprobada-la-modificacion-de-la-ley-de-la-cadena-alimentaria-en-el-congreso-de-los-diputados\",\"url\":\"https:\/\/www.asajacyl.com\/palencia\/asaja-palencia-informa\/aprobada-la-modificacion-de-la-ley-de-la-cadena-alimentaria-en-el-congreso-de-los-diputados\",\"name\":\"Aprobada la modificaci\u00f3n de la Ley de la Cadena Alimentaria en el Congreso de los Diputados - ASAJA Palencia\",\"isPartOf\":{\"@id\":\"https:\/\/www.asajacyl.com\/palencia\/#website\"},\"primaryImageOfPage\":{\"@id\":\"https:\/\/www.asajacyl.com\/palencia\/asaja-palencia-informa\/aprobada-la-modificacion-de-la-ley-de-la-cadena-alimentaria-en-el-congreso-de-los-diputados#primaryimage\"},\"image\":{\"@id\":\"https:\/\/www.asajacyl.com\/palencia\/asaja-palencia-informa\/aprobada-la-modificacion-de-la-ley-de-la-cadena-alimentaria-en-el-congreso-de-los-diputados#primaryimage\"},\"thumbnailUrl\":\"https:\/\/www.asajacyl.com\/palencia\/wp-content\/uploads\/sites\/3\/2017\/11\/recurso-vacuno-leche.jpg\",\"datePublished\":\"2021-12-07T10:02:00+00:00\",\"author\":{\"@id\":\"https:\/\/www.asajacyl.com\/palencia\/#\/schema\/person\/3ab17aeb03527485c317557fae64aab1\"},\"description\":\"Recientemente se ha aprobado, por parte del Congreso de los Diputados, la modificaci\u00f3n de la Ley de la Cadena Alimentaria, aprobada originariamente en el\",\"breadcrumb\":{\"@id\":\"https:\/\/www.asajacyl.com\/palencia\/asaja-palencia-informa\/aprobada-la-modificacion-de-la-ley-de-la-cadena-alimentaria-en-el-congreso-de-los-diputados#breadcrumb\"},\"inLanguage\":\"es\",\"potentialAction\":[{\"@type\":\"ReadAction\",\"target\":[\"https:\/\/www.asajacyl.com\/palencia\/asaja-palencia-informa\/aprobada-la-modificacion-de-la-ley-de-la-cadena-alimentaria-en-el-congreso-de-los-diputados\"]}]},{\"@type\":\"ImageObject\",\"inLanguage\":\"es\",\"@id\":\"https:\/\/www.asajacyl.com\/palencia\/asaja-palencia-informa\/aprobada-la-modificacion-de-la-ley-de-la-cadena-alimentaria-en-el-congreso-de-los-diputados#primaryimage\",\"url\":\"https:\/\/www.asajacyl.com\/palencia\/wp-content\/uploads\/sites\/3\/2017\/11\/recurso-vacuno-leche.jpg\",\"contentUrl\":\"https:\/\/www.asajacyl.com\/palencia\/wp-content\/uploads\/sites\/3\/2017\/11\/recurso-vacuno-leche.jpg\",\"width\":1920,\"height\":1080,\"caption\":\"Vacuno leche\"},{\"@type\":\"BreadcrumbList\",\"@id\":\"https:\/\/www.asajacyl.com\/palencia\/asaja-palencia-informa\/aprobada-la-modificacion-de-la-ley-de-la-cadena-alimentaria-en-el-congreso-de-los-diputados#breadcrumb\",\"itemListElement\":[{\"@type\":\"ListItem\",\"position\":1,\"name\":\"Portada\",\"item\":\"https:\/\/www.asajacyl.com\/palencia\/\"},{\"@type\":\"ListItem\",\"position\":2,\"name\":\"Aprobada la modificaci\u00f3n de la Ley de la Cadena Alimentaria en el Congreso de los Diputados\"}]},{\"@type\":\"WebSite\",\"@id\":\"https:\/\/www.asajacyl.com\/palencia\/#website\",\"url\":\"https:\/\/www.asajacyl.com\/palencia\/\",\"name\":\"ASAJA Palencia\",\"description\":\"Otro sitio m\u00e1s de Provincias ASAJA Castilla y Le\u00f3n\",\"potentialAction\":[{\"@type\":\"SearchAction\",\"target\":{\"@type\":\"EntryPoint\",\"urlTemplate\":\"https:\/\/www.asajacyl.com\/palencia\/?s={search_term_string}\"},\"query-input\":{\"@type\":\"PropertyValueSpecification\",\"valueRequired\":true,\"valueName\":\"search_term_string\"}}],\"inLanguage\":\"es\"},{\"@type\":\"Person\",\"@id\":\"https:\/\/www.asajacyl.com\/palencia\/#\/schema\/person\/3ab17aeb03527485c317557fae64aab1\",\"name\":\"Administrador\",\"image\":{\"@type\":\"ImageObject\",\"inLanguage\":\"es\",\"@id\":\"https:\/\/www.asajacyl.com\/palencia\/#\/schema\/person\/image\/\",\"url\":\"https:\/\/secure.gravatar.com\/avatar\/517384810d242ca9e38c180f3c9fb973?s=96&d=mm&r=g\",\"contentUrl\":\"https:\/\/secure.gravatar.com\/avatar\/517384810d242ca9e38c180f3c9fb973?s=96&d=mm&r=g\",\"caption\":\"Administrador\"},\"url\":\"https:\/\/www.asajacyl.com\/palencia\/author\/carlosrm\"}]}<\/script>\n<!-- \/ Yoast SEO plugin. -->","yoast_head_json":{"title":"Aprobada la modificaci\u00f3n de la Ley de la Cadena Alimentaria en el Congreso de los Diputados - ASAJA Palencia","description":"Recientemente se ha aprobado, por parte del Congreso de los Diputados, la modificaci\u00f3n de la Ley de la Cadena Alimentaria, aprobada originariamente en el","robots":{"index":"index","follow":"follow","max-snippet":"max-snippet:-1","max-image-preview":"max-image-preview:large","max-video-preview":"max-video-preview:-1"},"canonical":"https:\/\/www.asajacyl.com\/palencia\/asaja-palencia-informa\/aprobada-la-modificacion-de-la-ley-de-la-cadena-alimentaria-en-el-congreso-de-los-diputados","og_locale":"es_ES","og_type":"article","og_title":"Aprobada la modificaci\u00f3n de la Ley de la Cadena Alimentaria en el Congreso de los Diputados - ASAJA Palencia","og_description":"Recientemente se ha aprobado, por parte del Congreso de los Diputados, la modificaci\u00f3n de la Ley de la Cadena Alimentaria, aprobada originariamente en el","og_url":"https:\/\/www.asajacyl.com\/palencia\/asaja-palencia-informa\/aprobada-la-modificacion-de-la-ley-de-la-cadena-alimentaria-en-el-congreso-de-los-diputados","og_site_name":"ASAJA Palencia","article_published_time":"2021-12-07T10:02:00+00:00","og_image":[{"width":1920,"height":1080,"url":"https:\/\/www.asajacyl.com\/palencia\/wp-content\/uploads\/sites\/3\/2017\/11\/recurso-vacuno-leche.jpg","type":"image\/jpeg"}],"author":"Administrador","twitter_card":"summary_large_image","twitter_misc":{"Escrito por":"Administrador","Tiempo de lectura":"1 minuto"},"schema":{"@context":"https:\/\/schema.org","@graph":[{"@type":"WebPage","@id":"https:\/\/www.asajacyl.com\/palencia\/asaja-palencia-informa\/aprobada-la-modificacion-de-la-ley-de-la-cadena-alimentaria-en-el-congreso-de-los-diputados","url":"https:\/\/www.asajacyl.com\/palencia\/asaja-palencia-informa\/aprobada-la-modificacion-de-la-ley-de-la-cadena-alimentaria-en-el-congreso-de-los-diputados","name":"Aprobada la modificaci\u00f3n de la Ley de la Cadena Alimentaria en el Congreso de los Diputados - ASAJA Palencia","isPartOf":{"@id":"https:\/\/www.asajacyl.com\/palencia\/#website"},"primaryImageOfPage":{"@id":"https:\/\/www.asajacyl.com\/palencia\/asaja-palencia-informa\/aprobada-la-modificacion-de-la-ley-de-la-cadena-alimentaria-en-el-congreso-de-los-diputados#primaryimage"},"image":{"@id":"https:\/\/www.asajacyl.com\/palencia\/asaja-palencia-informa\/aprobada-la-modificacion-de-la-ley-de-la-cadena-alimentaria-en-el-congreso-de-los-diputados#primaryimage"},"thumbnailUrl":"https:\/\/www.asajacyl.com\/palencia\/wp-content\/uploads\/sites\/3\/2017\/11\/recurso-vacuno-leche.jpg","datePublished":"2021-12-07T10:02:00+00:00","author":{"@id":"https:\/\/www.asajacyl.com\/palencia\/#\/schema\/person\/3ab17aeb03527485c317557fae64aab1"},"description":"Recientemente se ha aprobado, por parte del Congreso de los Diputados, la modificaci\u00f3n de la Ley de la Cadena Alimentaria, aprobada originariamente en el","breadcrumb":{"@id":"https:\/\/www.asajacyl.com\/palencia\/asaja-palencia-informa\/aprobada-la-modificacion-de-la-ley-de-la-cadena-alimentaria-en-el-congreso-de-los-diputados#breadcrumb"},"inLanguage":"es","potentialAction":[{"@type":"ReadAction","target":["https:\/\/www.asajacyl.com\/palencia\/asaja-palencia-informa\/aprobada-la-modificacion-de-la-ley-de-la-cadena-alimentaria-en-el-congreso-de-los-diputados"]}]},{"@type":"ImageObject","inLanguage":"es","@id":"https:\/\/www.asajacyl.com\/palencia\/asaja-palencia-informa\/aprobada-la-modificacion-de-la-ley-de-la-cadena-alimentaria-en-el-congreso-de-los-diputados#primaryimage","url":"https:\/\/www.asajacyl.com\/palencia\/wp-content\/uploads\/sites\/3\/2017\/11\/recurso-vacuno-leche.jpg","contentUrl":"https:\/\/www.asajacyl.com\/palencia\/wp-content\/uploads\/sites\/3\/2017\/11\/recurso-vacuno-leche.jpg","width":1920,"height":1080,"caption":"Vacuno leche"},{"@type":"BreadcrumbList","@id":"https:\/\/www.asajacyl.com\/palencia\/asaja-palencia-informa\/aprobada-la-modificacion-de-la-ley-de-la-cadena-alimentaria-en-el-congreso-de-los-diputados#breadcrumb","itemListElement":[{"@type":"ListItem","position":1,"name":"Portada","item":"https:\/\/www.asajacyl.com\/palencia\/"},{"@type":"ListItem","position":2,"name":"Aprobada la modificaci\u00f3n de la Ley de la Cadena Alimentaria en el Congreso de los Diputados"}]},{"@type":"WebSite","@id":"https:\/\/www.asajacyl.com\/palencia\/#website","url":"https:\/\/www.asajacyl.com\/palencia\/","name":"ASAJA Palencia","description":"Otro sitio m\u00e1s de Provincias ASAJA Castilla y Le\u00f3n","potentialAction":[{"@type":"SearchAction","target":{"@type":"EntryPoint","urlTemplate":"https:\/\/www.asajacyl.com\/palencia\/?s={search_term_string}"},"query-input":{"@type":"PropertyValueSpecification","valueRequired":true,"valueName":"search_term_string"}}],"inLanguage":"es"},{"@type":"Person","@id":"https:\/\/www.asajacyl.com\/palencia\/#\/schema\/person\/3ab17aeb03527485c317557fae64aab1","name":"Administrador","image":{"@type":"ImageObject","inLanguage":"es","@id":"https:\/\/www.asajacyl.com\/palencia\/#\/schema\/person\/image\/","url":"https:\/\/secure.gravatar.com\/avatar\/517384810d242ca9e38c180f3c9fb973?s=96&d=mm&r=g","contentUrl":"https:\/\/secure.gravatar.com\/avatar\/517384810d242ca9e38c180f3c9fb973?s=96&d=mm&r=g","caption":"Administrador"},"url":"https:\/\/www.asajacyl.com\/palencia\/author\/carlosrm"}]}},"_links":{"self":[{"href":"https:\/\/www.asajacyl.com\/palencia\/wp-json\/wp\/v2\/posts\/9468"}],"collection":[{"href":"https:\/\/www.asajacyl.com\/palencia\/wp-json\/wp\/v2\/posts"}],"about":[{"href":"https:\/\/www.asajacyl.com\/palencia\/wp-json\/wp\/v2\/types\/post"}],"author":[{"embeddable":true,"href":"https:\/\/www.asajacyl.com\/palencia\/wp-json\/wp\/v2\/users\/9"}],"replies":[{"embeddable":true,"href":"https:\/\/www.asajacyl.com\/palencia\/wp-json\/wp\/v2\/comments?post=9468"}],"version-history":[{"count":1,"href":"https:\/\/www.asajacyl.com\/palencia\/wp-json\/wp\/v2\/posts\/9468\/revisions"}],"predecessor-version":[{"id":9469,"href":"https:\/\/www.asajacyl.com\/palencia\/wp-json\/wp\/v2\/posts\/9468\/revisions\/9469"}],"wp:featuredmedia":[{"embeddable":true,"href":"https:\/\/www.asajacyl.com\/palencia\/wp-json\/wp\/v2\/media\/1060"}],"wp:attachment":[{"href":"https:\/\/www.asajacyl.com\/palencia\/wp-json\/wp\/v2\/media?parent=9468"}],"wp:term":[{"taxonomy":"category","embeddable":true,"href":"https:\/\/www.asajacyl.com\/palencia\/wp-json\/wp\/v2\/categories?post=9468"},{"taxonomy":"post_tag","embeddable":true,"href":"https:\/\/www.asajacyl.com\/palencia\/wp-json\/wp\/v2\/tags?post=9468"}],"curies":[{"name":"wp","href":"https:\/\/api.w.org\/{rel}","templated":true}]}}