{"id":9481,"date":"2021-12-12T13:12:00","date_gmt":"2021-12-12T12:12:00","guid":{"rendered":"https:\/\/www.asajacyl.com\/palencia\/?p=9481"},"modified":"2021-12-13T08:51:33","modified_gmt":"2021-12-13T07:51:33","slug":"espana-declarada-en-riesgo-alto-de-gripe-aviar","status":"publish","type":"post","link":"https:\/\/www.asajacyl.com\/palencia\/asaja-palencia-informa\/espana-declarada-en-riesgo-alto-de-gripe-aviar","title":{"rendered":"Palencia afectada por \u201criesgo alto\u201d de gripe aviar"},"content":{"rendered":"\n<p>El Ministerio de Agricultura, Pesca y Alimentaci\u00f3n (MAPA) ha publicado el jueves dos de diciembre un informe en el que se declara el riesgo alto de influenza aviar en Espa\u00f1a.<\/p>\n\n\n\n<p>As\u00ed, el MAPA se\u00f1ala que, en las zonas de especial riesgo, entre las que est\u00e1n los municipios cercanos al humedal de la Laguna de la Nava en Palencia, queda prohibida la cr\u00eda de aves de corral al aire libre. No obstante, cuando esto no sea posible, la autoridad competente podr\u00e1 autorizar el mantenimiento de aves de corral al aire libre, mediante la colocaci\u00f3n, si ello fuera posible, de telas pajareras o cualquier otro dispositivo que impida la entrada de aves silvestres, y siempre que se alimente y abreve a las aves en el interior de las instalaciones o en un refugio que impida la llegada de aves silvestres y evite el contacto de estas con los alimentos o el agua destinados a las aves de corral.<\/p>\n\n\n\n<p>Por otro lado, en las zonas de especial riesgo se proh\u00edbe la cr\u00eda de patos y gansos con otras especies de aves de corral; as\u00ed como dar agua a las aves de corral procedente de dep\u00f3sitos de agua a los que puedan acceder aves silvestres, salvo en caso de que se trate esa agua a fin de garantizar la inactivaci\u00f3n de posibles virus de influenza aviar.<\/p>\n\n\n\n<p>Se recuerda la necesidad de reforzar las medidas de bioseguridad en las explotaciones av\u00edcolas, especialmente aquellas medidas destinadas a evitar el contacto directo e indirecto con aves silvestres y comunicar cualquier sospecha de enfermedad a los servicios veterinarios oficiales.<\/p>\n\n\n\n<p><strong>Municipios afectados en Palencia:<\/strong> Abarca de Campos, Autillo de Campos, Baquer\u00edn de Campos, Becerril de Campos, Castromocho, Frechilla, Fuentes de Nava, Grijota, Mazariegos, Paredes de Nava, Pedraza de Campos, Torremormoj\u00f3n, Villamart\u00edn de Campos, Villarramiel y Villaumbrales.<\/p>\n","protected":false},"excerpt":{"rendered":"<p>El Ministerio de Agricultura, Pesca y Alimentaci\u00f3n (MAPA) ha publicado el jueves dos de diciembre un informe en el que se declara el riesgo alto de influenza aviar en Espa\u00f1a. As\u00ed, el MAPA se\u00f1ala que, en las zonas de especial riesgo, entre las que est\u00e1n los municipios cercanos al humedal de la Laguna de la [&hellip;]<\/p>\n","protected":false},"author":9,"featured_media":9482,"comment_status":"open","ping_status":"open","sticky":false,"template":"","format":"standard","meta":{"footnotes":""},"categories":[9,29,28],"tags":[],"yoast_head":"<!-- This site is optimized with the Yoast SEO plugin v24.5 - https:\/\/yoast.com\/wordpress\/plugins\/seo\/ -->\n<title>Palencia afectada por \u201criesgo alto\u201d de gripe aviar - ASAJA Palencia<\/title>\n<meta name=\"description\" content=\"El Ministerio de Agricultura, Pesca y Alimentaci\u00f3n (MAPA) ha publicado el jueves dos de diciembre un informe en el que se declara el riesgo alto de\" \/>\n<meta name=\"robots\" content=\"index, follow, max-snippet:-1, max-image-preview:large, max-video-preview:-1\" \/>\n<link rel=\"canonical\" href=\"https:\/\/www.asajacyl.com\/palencia\/asaja-palencia-informa\/espana-declarada-en-riesgo-alto-de-gripe-aviar\" \/>\n<meta property=\"og:locale\" content=\"es_ES\" \/>\n<meta property=\"og:type\" content=\"article\" \/>\n<meta property=\"og:title\" content=\"Palencia afectada por \u201criesgo alto\u201d de gripe aviar - ASAJA Palencia\" \/>\n<meta property=\"og:description\" content=\"El Ministerio de Agricultura, Pesca y Alimentaci\u00f3n (MAPA) ha publicado el jueves dos de diciembre un informe en el que se declara el riesgo alto de\" \/>\n<meta property=\"og:url\" content=\"https:\/\/www.asajacyl.com\/palencia\/asaja-palencia-informa\/espana-declarada-en-riesgo-alto-de-gripe-aviar\" \/>\n<meta property=\"og:site_name\" content=\"ASAJA Palencia\" \/>\n<meta property=\"article:published_time\" content=\"2021-12-12T12:12:00+00:00\" \/>\n<meta property=\"article:modified_time\" content=\"2021-12-13T07:51:33+00:00\" \/>\n<meta property=\"og:image\" content=\"https:\/\/www.asajacyl.com\/palencia\/wp-content\/uploads\/sites\/3\/2021\/12\/LAGUNA-DE-LA-NAVA.jpg\" \/>\n\t<meta property=\"og:image:width\" content=\"800\" \/>\n\t<meta property=\"og:image:height\" content=\"600\" \/>\n\t<meta property=\"og:image:type\" content=\"image\/jpeg\" \/>\n<meta name=\"author\" content=\"Administrador\" \/>\n<meta name=\"twitter:card\" content=\"summary_large_image\" \/>\n<meta name=\"twitter:label1\" content=\"Escrito por\" \/>\n\t<meta name=\"twitter:data1\" content=\"Administrador\" \/>\n\t<meta name=\"twitter:label2\" content=\"Tiempo de lectura\" \/>\n\t<meta name=\"twitter:data2\" content=\"2 minutos\" \/>\n<script type=\"application\/ld+json\" class=\"yoast-schema-graph\">{\"@context\":\"https:\/\/schema.org\",\"@graph\":[{\"@type\":\"WebPage\",\"@id\":\"https:\/\/www.asajacyl.com\/palencia\/asaja-palencia-informa\/espana-declarada-en-riesgo-alto-de-gripe-aviar\",\"url\":\"https:\/\/www.asajacyl.com\/palencia\/asaja-palencia-informa\/espana-declarada-en-riesgo-alto-de-gripe-aviar\",\"name\":\"Palencia afectada por \u201criesgo alto\u201d de gripe aviar - ASAJA Palencia\",\"isPartOf\":{\"@id\":\"https:\/\/www.asajacyl.com\/palencia\/#website\"},\"primaryImageOfPage\":{\"@id\":\"https:\/\/www.asajacyl.com\/palencia\/asaja-palencia-informa\/espana-declarada-en-riesgo-alto-de-gripe-aviar#primaryimage\"},\"image\":{\"@id\":\"https:\/\/www.asajacyl.com\/palencia\/asaja-palencia-informa\/espana-declarada-en-riesgo-alto-de-gripe-aviar#primaryimage\"},\"thumbnailUrl\":\"https:\/\/www.asajacyl.com\/palencia\/wp-content\/uploads\/sites\/3\/2021\/12\/LAGUNA-DE-LA-NAVA.jpg\",\"datePublished\":\"2021-12-12T12:12:00+00:00\",\"dateModified\":\"2021-12-13T07:51:33+00:00\",\"author\":{\"@id\":\"https:\/\/www.asajacyl.com\/palencia\/#\/schema\/person\/3ab17aeb03527485c317557fae64aab1\"},\"description\":\"El Ministerio de Agricultura, Pesca y Alimentaci\u00f3n (MAPA) ha publicado el jueves dos de diciembre un informe en el que se declara el riesgo alto de\",\"breadcrumb\":{\"@id\":\"https:\/\/www.asajacyl.com\/palencia\/asaja-palencia-informa\/espana-declarada-en-riesgo-alto-de-gripe-aviar#breadcrumb\"},\"inLanguage\":\"es\",\"potentialAction\":[{\"@type\":\"ReadAction\",\"target\":[\"https:\/\/www.asajacyl.com\/palencia\/asaja-palencia-informa\/espana-declarada-en-riesgo-alto-de-gripe-aviar\"]}]},{\"@type\":\"ImageObject\",\"inLanguage\":\"es\",\"@id\":\"https:\/\/www.asajacyl.com\/palencia\/asaja-palencia-informa\/espana-declarada-en-riesgo-alto-de-gripe-aviar#primaryimage\",\"url\":\"https:\/\/www.asajacyl.com\/palencia\/wp-content\/uploads\/sites\/3\/2021\/12\/LAGUNA-DE-LA-NAVA.jpg\",\"contentUrl\":\"https:\/\/www.asajacyl.com\/palencia\/wp-content\/uploads\/sites\/3\/2021\/12\/LAGUNA-DE-LA-NAVA.jpg\",\"width\":800,\"height\":600},{\"@type\":\"BreadcrumbList\",\"@id\":\"https:\/\/www.asajacyl.com\/palencia\/asaja-palencia-informa\/espana-declarada-en-riesgo-alto-de-gripe-aviar#breadcrumb\",\"itemListElement\":[{\"@type\":\"ListItem\",\"position\":1,\"name\":\"Portada\",\"item\":\"https:\/\/www.asajacyl.com\/palencia\/\"},{\"@type\":\"ListItem\",\"position\":2,\"name\":\"Palencia afectada por \u201criesgo alto\u201d de gripe aviar\"}]},{\"@type\":\"WebSite\",\"@id\":\"https:\/\/www.asajacyl.com\/palencia\/#website\",\"url\":\"https:\/\/www.asajacyl.com\/palencia\/\",\"name\":\"ASAJA Palencia\",\"description\":\"Otro sitio m\u00e1s de Provincias ASAJA Castilla y Le\u00f3n\",\"potentialAction\":[{\"@type\":\"SearchAction\",\"target\":{\"@type\":\"EntryPoint\",\"urlTemplate\":\"https:\/\/www.asajacyl.com\/palencia\/?s={search_term_string}\"},\"query-input\":{\"@type\":\"PropertyValueSpecification\",\"valueRequired\":true,\"valueName\":\"search_term_string\"}}],\"inLanguage\":\"es\"},{\"@type\":\"Person\",\"@id\":\"https:\/\/www.asajacyl.com\/palencia\/#\/schema\/person\/3ab17aeb03527485c317557fae64aab1\",\"name\":\"Administrador\",\"image\":{\"@type\":\"ImageObject\",\"inLanguage\":\"es\",\"@id\":\"https:\/\/www.asajacyl.com\/palencia\/#\/schema\/person\/image\/\",\"url\":\"https:\/\/secure.gravatar.com\/avatar\/517384810d242ca9e38c180f3c9fb973?s=96&d=mm&r=g\",\"contentUrl\":\"https:\/\/secure.gravatar.com\/avatar\/517384810d242ca9e38c180f3c9fb973?s=96&d=mm&r=g\",\"caption\":\"Administrador\"},\"url\":\"https:\/\/www.asajacyl.com\/palencia\/author\/carlosrm\"}]}<\/script>\n<!-- \/ Yoast SEO plugin. -->","yoast_head_json":{"title":"Palencia afectada por \u201criesgo alto\u201d de gripe aviar - ASAJA Palencia","description":"El Ministerio de Agricultura, Pesca y Alimentaci\u00f3n (MAPA) ha publicado el jueves dos de diciembre un informe en el que se declara el riesgo alto de","robots":{"index":"index","follow":"follow","max-snippet":"max-snippet:-1","max-image-preview":"max-image-preview:large","max-video-preview":"max-video-preview:-1"},"canonical":"https:\/\/www.asajacyl.com\/palencia\/asaja-palencia-informa\/espana-declarada-en-riesgo-alto-de-gripe-aviar","og_locale":"es_ES","og_type":"article","og_title":"Palencia afectada por \u201criesgo alto\u201d de gripe aviar - ASAJA Palencia","og_description":"El Ministerio de Agricultura, Pesca y Alimentaci\u00f3n (MAPA) ha publicado el jueves dos de diciembre un informe en el que se declara el riesgo alto de","og_url":"https:\/\/www.asajacyl.com\/palencia\/asaja-palencia-informa\/espana-declarada-en-riesgo-alto-de-gripe-aviar","og_site_name":"ASAJA Palencia","article_published_time":"2021-12-12T12:12:00+00:00","article_modified_time":"2021-12-13T07:51:33+00:00","og_image":[{"width":800,"height":600,"url":"https:\/\/www.asajacyl.com\/palencia\/wp-content\/uploads\/sites\/3\/2021\/12\/LAGUNA-DE-LA-NAVA.jpg","type":"image\/jpeg"}],"author":"Administrador","twitter_card":"summary_large_image","twitter_misc":{"Escrito por":"Administrador","Tiempo de lectura":"2 minutos"},"schema":{"@context":"https:\/\/schema.org","@graph":[{"@type":"WebPage","@id":"https:\/\/www.asajacyl.com\/palencia\/asaja-palencia-informa\/espana-declarada-en-riesgo-alto-de-gripe-aviar","url":"https:\/\/www.asajacyl.com\/palencia\/asaja-palencia-informa\/espana-declarada-en-riesgo-alto-de-gripe-aviar","name":"Palencia afectada por \u201criesgo alto\u201d de gripe aviar - ASAJA Palencia","isPartOf":{"@id":"https:\/\/www.asajacyl.com\/palencia\/#website"},"primaryImageOfPage":{"@id":"https:\/\/www.asajacyl.com\/palencia\/asaja-palencia-informa\/espana-declarada-en-riesgo-alto-de-gripe-aviar#primaryimage"},"image":{"@id":"https:\/\/www.asajacyl.com\/palencia\/asaja-palencia-informa\/espana-declarada-en-riesgo-alto-de-gripe-aviar#primaryimage"},"thumbnailUrl":"https:\/\/www.asajacyl.com\/palencia\/wp-content\/uploads\/sites\/3\/2021\/12\/LAGUNA-DE-LA-NAVA.jpg","datePublished":"2021-12-12T12:12:00+00:00","dateModified":"2021-12-13T07:51:33+00:00","author":{"@id":"https:\/\/www.asajacyl.com\/palencia\/#\/schema\/person\/3ab17aeb03527485c317557fae64aab1"},"description":"El Ministerio de Agricultura, Pesca y Alimentaci\u00f3n (MAPA) ha publicado el jueves dos de diciembre un informe en el que se declara el riesgo alto de","breadcrumb":{"@id":"https:\/\/www.asajacyl.com\/palencia\/asaja-palencia-informa\/espana-declarada-en-riesgo-alto-de-gripe-aviar#breadcrumb"},"inLanguage":"es","potentialAction":[{"@type":"ReadAction","target":["https:\/\/www.asajacyl.com\/palencia\/asaja-palencia-informa\/espana-declarada-en-riesgo-alto-de-gripe-aviar"]}]},{"@type":"ImageObject","inLanguage":"es","@id":"https:\/\/www.asajacyl.com\/palencia\/asaja-palencia-informa\/espana-declarada-en-riesgo-alto-de-gripe-aviar#primaryimage","url":"https:\/\/www.asajacyl.com\/palencia\/wp-content\/uploads\/sites\/3\/2021\/12\/LAGUNA-DE-LA-NAVA.jpg","contentUrl":"https:\/\/www.asajacyl.com\/palencia\/wp-content\/uploads\/sites\/3\/2021\/12\/LAGUNA-DE-LA-NAVA.jpg","width":800,"height":600},{"@type":"BreadcrumbList","@id":"https:\/\/www.asajacyl.com\/palencia\/asaja-palencia-informa\/espana-declarada-en-riesgo-alto-de-gripe-aviar#breadcrumb","itemListElement":[{"@type":"ListItem","position":1,"name":"Portada","item":"https:\/\/www.asajacyl.com\/palencia\/"},{"@type":"ListItem","position":2,"name":"Palencia afectada por \u201criesgo alto\u201d de gripe aviar"}]},{"@type":"WebSite","@id":"https:\/\/www.asajacyl.com\/palencia\/#website","url":"https:\/\/www.asajacyl.com\/palencia\/","name":"ASAJA Palencia","description":"Otro sitio m\u00e1s de Provincias ASAJA Castilla y Le\u00f3n","potentialAction":[{"@type":"SearchAction","target":{"@type":"EntryPoint","urlTemplate":"https:\/\/www.asajacyl.com\/palencia\/?s={search_term_string}"},"query-input":{"@type":"PropertyValueSpecification","valueRequired":true,"valueName":"search_term_string"}}],"inLanguage":"es"},{"@type":"Person","@id":"https:\/\/www.asajacyl.com\/palencia\/#\/schema\/person\/3ab17aeb03527485c317557fae64aab1","name":"Administrador","image":{"@type":"ImageObject","inLanguage":"es","@id":"https:\/\/www.asajacyl.com\/palencia\/#\/schema\/person\/image\/","url":"https:\/\/secure.gravatar.com\/avatar\/517384810d242ca9e38c180f3c9fb973?s=96&d=mm&r=g","contentUrl":"https:\/\/secure.gravatar.com\/avatar\/517384810d242ca9e38c180f3c9fb973?s=96&d=mm&r=g","caption":"Administrador"},"url":"https:\/\/www.asajacyl.com\/palencia\/author\/carlosrm"}]}},"_links":{"self":[{"href":"https:\/\/www.asajacyl.com\/palencia\/wp-json\/wp\/v2\/posts\/9481"}],"collection":[{"href":"https:\/\/www.asajacyl.com\/palencia\/wp-json\/wp\/v2\/posts"}],"about":[{"href":"https:\/\/www.asajacyl.com\/palencia\/wp-json\/wp\/v2\/types\/post"}],"author":[{"embeddable":true,"href":"https:\/\/www.asajacyl.com\/palencia\/wp-json\/wp\/v2\/users\/9"}],"replies":[{"embeddable":true,"href":"https:\/\/www.asajacyl.com\/palencia\/wp-json\/wp\/v2\/comments?post=9481"}],"version-history":[{"count":4,"href":"https:\/\/www.asajacyl.com\/palencia\/wp-json\/wp\/v2\/posts\/9481\/revisions"}],"predecessor-version":[{"id":9496,"href":"https:\/\/www.asajacyl.com\/palencia\/wp-json\/wp\/v2\/posts\/9481\/revisions\/9496"}],"wp:featuredmedia":[{"embeddable":true,"href":"https:\/\/www.asajacyl.com\/palencia\/wp-json\/wp\/v2\/media\/9482"}],"wp:attachment":[{"href":"https:\/\/www.asajacyl.com\/palencia\/wp-json\/wp\/v2\/media?parent=9481"}],"wp:term":[{"taxonomy":"category","embeddable":true,"href":"https:\/\/www.asajacyl.com\/palencia\/wp-json\/wp\/v2\/categories?post=9481"},{"taxonomy":"post_tag","embeddable":true,"href":"https:\/\/www.asajacyl.com\/palencia\/wp-json\/wp\/v2\/tags?post=9481"}],"curies":[{"name":"wp","href":"https:\/\/api.w.org\/{rel}","templated":true}]}}