{"id":9485,"date":"2021-12-10T11:50:35","date_gmt":"2021-12-10T10:50:35","guid":{"rendered":"https:\/\/www.asajacyl.com\/palencia\/?p=9485"},"modified":"2021-12-10T11:50:37","modified_gmt":"2021-12-10T10:50:37","slug":"manifestacion-regional-lunes-13-de-diciembre-a-las-1200-horas-en-leon","status":"publish","type":"post","link":"https:\/\/www.asajacyl.com\/palencia\/asaja-palencia-informa\/manifestacion-regional-lunes-13-de-diciembre-a-las-1200-horas-en-leon","title":{"rendered":"Manifestaci\u00f3n regional, lunes 13 de diciembre a las 12:00 horas, en Le\u00f3n"},"content":{"rendered":"\n<p>El sector vacuno l\u00e1cteo pasa seguramente por el peor de sus momentos, todo lo necesario para producir leche de vaca se ha encarecido sustancialmente mientras el precio pagado al ganadero por la leche no se ha incrementado o lo ha hecho de forma muy leve. Esto hace que las granjas est\u00e9n en una situaci\u00f3n insostenible y se vean abocados al cierre, entre ellas las 134 granjas que hay en nuestra provincia, que es la segunda en importancia l\u00e1ctea en la regi\u00f3n, tras Le\u00f3n.<\/p>\n\n\n\n<p>Aunque la Junta ha concedido una subvenci\u00f3n, esto no es suficiente ni de lejos, el problema reside en el precio y las \u00fanicas que pueden aumentar ese precio son las industrias l\u00e1cteas. Por ello se realiz\u00f3 una concentraci\u00f3n en la puerta de Lactalis en Zamora adem\u00e1s de un reparto de leche en Valladolid, para mostrar a la sociedad el problema existente.<\/p>\n\n\n\n<p>Ahora te convocamos a la manifestaci\u00f3n que se celebrar\u00e1 el d\u00eda 13 de diciembre (lunes), a las 12:00 horas en las puertas de la industria l\u00e1ctea LACTIBER, referencia en la provincia de Le\u00f3n y suministrador de Mercadona reclamando una mejora del precio de la leche, por parte de todas las industrias, para nuestras ganader\u00edas. <\/p>\n\n\n\n<p>Recuerda que no s\u00f3lo est\u00e1n afectados los ganaderos sino todos aquellos que se ver\u00edan afectados si nuestras explotaciones lecheras desaparecieran.<\/p>\n\n\n\n<p><a href=\"https:\/\/goo.gl\/maps\/PnNpo6DKEm6kc2jBA\">Aqu\u00ed est\u00e1 la ubicaci\u00f3n de LACTIBER<\/a> y <a href=\"https:\/\/goo.gl\/maps\/PGYe88BZa77pfbM26\">aqu\u00ed est\u00e1 el cercano Mercado Nacional de Ganados<\/a>, donde se puede aparcar.<\/p>\n\n\n\n<div class=\"wp-block-image\"><figure class=\"aligncenter size-large\"><img loading=\"lazy\" decoding=\"async\" width=\"724\" height=\"1024\" src=\"https:\/\/www.asajacyl.com\/palencia\/wp-content\/uploads\/sites\/3\/2021\/12\/LACTIBER.jpeg\" alt=\"\" class=\"wp-image-9486\" srcset=\"https:\/\/www.asajacyl.com\/palencia\/wp-content\/uploads\/sites\/3\/2021\/12\/LACTIBER.jpeg 724w, https:\/\/www.asajacyl.com\/palencia\/wp-content\/uploads\/sites\/3\/2021\/12\/LACTIBER-212x300.jpeg 212w, https:\/\/www.asajacyl.com\/palencia\/wp-content\/uploads\/sites\/3\/2021\/12\/LACTIBER-696x984.jpeg 696w, https:\/\/www.asajacyl.com\/palencia\/wp-content\/uploads\/sites\/3\/2021\/12\/LACTIBER-297x420.jpeg 297w\" sizes=\"(max-width: 724px) 100vw, 724px\" \/><\/figure><\/div>\n\n\n\n<p><\/p>\n","protected":false},"excerpt":{"rendered":"<p>El sector vacuno l\u00e1cteo pasa seguramente por el peor de sus momentos, todo lo necesario para producir leche de vaca se ha encarecido sustancialmente mientras el precio pagado al ganadero por la leche no se ha incrementado o lo ha hecho de forma muy leve. Esto hace que las granjas est\u00e9n en una situaci\u00f3n insostenible [&hellip;]<\/p>\n","protected":false},"author":9,"featured_media":9486,"comment_status":"open","ping_status":"open","sticky":false,"template":"","format":"standard","meta":{"footnotes":""},"categories":[9,29,28],"tags":[],"yoast_head":"<!-- This site is optimized with the Yoast SEO plugin v24.5 - https:\/\/yoast.com\/wordpress\/plugins\/seo\/ -->\n<title>Manifestaci\u00f3n regional, lunes 13 de diciembre a las 12:00 horas, en Le\u00f3n - ASAJA Palencia<\/title>\n<meta name=\"description\" content=\"El sector vacuno l\u00e1cteo pasa seguramente por el peor de sus momentos, todo lo necesario para producir leche de vaca se ha encarecido sustancialmente\" \/>\n<meta name=\"robots\" content=\"index, follow, max-snippet:-1, max-image-preview:large, max-video-preview:-1\" \/>\n<link rel=\"canonical\" href=\"https:\/\/www.asajacyl.com\/palencia\/asaja-palencia-informa\/manifestacion-regional-lunes-13-de-diciembre-a-las-1200-horas-en-leon\" \/>\n<meta property=\"og:locale\" content=\"es_ES\" \/>\n<meta property=\"og:type\" content=\"article\" \/>\n<meta property=\"og:title\" content=\"Manifestaci\u00f3n regional, lunes 13 de diciembre a las 12:00 horas, en Le\u00f3n - ASAJA Palencia\" \/>\n<meta property=\"og:description\" content=\"El sector vacuno l\u00e1cteo pasa seguramente por el peor de sus momentos, todo lo necesario para producir leche de vaca se ha encarecido sustancialmente\" \/>\n<meta property=\"og:url\" content=\"https:\/\/www.asajacyl.com\/palencia\/asaja-palencia-informa\/manifestacion-regional-lunes-13-de-diciembre-a-las-1200-horas-en-leon\" \/>\n<meta property=\"og:site_name\" content=\"ASAJA Palencia\" \/>\n<meta property=\"article:published_time\" content=\"2021-12-10T10:50:35+00:00\" \/>\n<meta property=\"article:modified_time\" content=\"2021-12-10T10:50:37+00:00\" \/>\n<meta property=\"og:image\" content=\"https:\/\/www.asajacyl.com\/palencia\/wp-content\/uploads\/sites\/3\/2021\/12\/LACTIBER.jpeg\" \/>\n\t<meta property=\"og:image:width\" content=\"724\" \/>\n\t<meta property=\"og:image:height\" content=\"1024\" \/>\n\t<meta property=\"og:image:type\" content=\"image\/jpeg\" \/>\n<meta name=\"author\" content=\"Administrador\" \/>\n<meta name=\"twitter:card\" content=\"summary_large_image\" \/>\n<meta name=\"twitter:label1\" content=\"Escrito por\" \/>\n\t<meta name=\"twitter:data1\" content=\"Administrador\" \/>\n\t<meta name=\"twitter:label2\" content=\"Tiempo de lectura\" \/>\n\t<meta name=\"twitter:data2\" content=\"2 minutos\" \/>\n<script type=\"application\/ld+json\" class=\"yoast-schema-graph\">{\"@context\":\"https:\/\/schema.org\",\"@graph\":[{\"@type\":\"WebPage\",\"@id\":\"https:\/\/www.asajacyl.com\/palencia\/asaja-palencia-informa\/manifestacion-regional-lunes-13-de-diciembre-a-las-1200-horas-en-leon\",\"url\":\"https:\/\/www.asajacyl.com\/palencia\/asaja-palencia-informa\/manifestacion-regional-lunes-13-de-diciembre-a-las-1200-horas-en-leon\",\"name\":\"Manifestaci\u00f3n regional, lunes 13 de diciembre a las 12:00 horas, en Le\u00f3n - ASAJA Palencia\",\"isPartOf\":{\"@id\":\"https:\/\/www.asajacyl.com\/palencia\/#website\"},\"primaryImageOfPage\":{\"@id\":\"https:\/\/www.asajacyl.com\/palencia\/asaja-palencia-informa\/manifestacion-regional-lunes-13-de-diciembre-a-las-1200-horas-en-leon#primaryimage\"},\"image\":{\"@id\":\"https:\/\/www.asajacyl.com\/palencia\/asaja-palencia-informa\/manifestacion-regional-lunes-13-de-diciembre-a-las-1200-horas-en-leon#primaryimage\"},\"thumbnailUrl\":\"https:\/\/www.asajacyl.com\/palencia\/wp-content\/uploads\/sites\/3\/2021\/12\/LACTIBER.jpeg\",\"datePublished\":\"2021-12-10T10:50:35+00:00\",\"dateModified\":\"2021-12-10T10:50:37+00:00\",\"author\":{\"@id\":\"https:\/\/www.asajacyl.com\/palencia\/#\/schema\/person\/3ab17aeb03527485c317557fae64aab1\"},\"description\":\"El sector vacuno l\u00e1cteo pasa seguramente por el peor de sus momentos, todo lo necesario para producir leche de vaca se ha encarecido sustancialmente\",\"breadcrumb\":{\"@id\":\"https:\/\/www.asajacyl.com\/palencia\/asaja-palencia-informa\/manifestacion-regional-lunes-13-de-diciembre-a-las-1200-horas-en-leon#breadcrumb\"},\"inLanguage\":\"es\",\"potentialAction\":[{\"@type\":\"ReadAction\",\"target\":[\"https:\/\/www.asajacyl.com\/palencia\/asaja-palencia-informa\/manifestacion-regional-lunes-13-de-diciembre-a-las-1200-horas-en-leon\"]}]},{\"@type\":\"ImageObject\",\"inLanguage\":\"es\",\"@id\":\"https:\/\/www.asajacyl.com\/palencia\/asaja-palencia-informa\/manifestacion-regional-lunes-13-de-diciembre-a-las-1200-horas-en-leon#primaryimage\",\"url\":\"https:\/\/www.asajacyl.com\/palencia\/wp-content\/uploads\/sites\/3\/2021\/12\/LACTIBER.jpeg\",\"contentUrl\":\"https:\/\/www.asajacyl.com\/palencia\/wp-content\/uploads\/sites\/3\/2021\/12\/LACTIBER.jpeg\",\"width\":724,\"height\":1024},{\"@type\":\"BreadcrumbList\",\"@id\":\"https:\/\/www.asajacyl.com\/palencia\/asaja-palencia-informa\/manifestacion-regional-lunes-13-de-diciembre-a-las-1200-horas-en-leon#breadcrumb\",\"itemListElement\":[{\"@type\":\"ListItem\",\"position\":1,\"name\":\"Portada\",\"item\":\"https:\/\/www.asajacyl.com\/palencia\/\"},{\"@type\":\"ListItem\",\"position\":2,\"name\":\"Manifestaci\u00f3n regional, lunes 13 de diciembre a las 12:00 horas, en Le\u00f3n\"}]},{\"@type\":\"WebSite\",\"@id\":\"https:\/\/www.asajacyl.com\/palencia\/#website\",\"url\":\"https:\/\/www.asajacyl.com\/palencia\/\",\"name\":\"ASAJA Palencia\",\"description\":\"Otro sitio m\u00e1s de Provincias ASAJA Castilla y Le\u00f3n\",\"potentialAction\":[{\"@type\":\"SearchAction\",\"target\":{\"@type\":\"EntryPoint\",\"urlTemplate\":\"https:\/\/www.asajacyl.com\/palencia\/?s={search_term_string}\"},\"query-input\":{\"@type\":\"PropertyValueSpecification\",\"valueRequired\":true,\"valueName\":\"search_term_string\"}}],\"inLanguage\":\"es\"},{\"@type\":\"Person\",\"@id\":\"https:\/\/www.asajacyl.com\/palencia\/#\/schema\/person\/3ab17aeb03527485c317557fae64aab1\",\"name\":\"Administrador\",\"image\":{\"@type\":\"ImageObject\",\"inLanguage\":\"es\",\"@id\":\"https:\/\/www.asajacyl.com\/palencia\/#\/schema\/person\/image\/\",\"url\":\"https:\/\/secure.gravatar.com\/avatar\/517384810d242ca9e38c180f3c9fb973?s=96&d=mm&r=g\",\"contentUrl\":\"https:\/\/secure.gravatar.com\/avatar\/517384810d242ca9e38c180f3c9fb973?s=96&d=mm&r=g\",\"caption\":\"Administrador\"},\"url\":\"https:\/\/www.asajacyl.com\/palencia\/author\/carlosrm\"}]}<\/script>\n<!-- \/ Yoast SEO plugin. -->","yoast_head_json":{"title":"Manifestaci\u00f3n regional, lunes 13 de diciembre a las 12:00 horas, en Le\u00f3n - ASAJA Palencia","description":"El sector vacuno l\u00e1cteo pasa seguramente por el peor de sus momentos, todo lo necesario para producir leche de vaca se ha encarecido sustancialmente","robots":{"index":"index","follow":"follow","max-snippet":"max-snippet:-1","max-image-preview":"max-image-preview:large","max-video-preview":"max-video-preview:-1"},"canonical":"https:\/\/www.asajacyl.com\/palencia\/asaja-palencia-informa\/manifestacion-regional-lunes-13-de-diciembre-a-las-1200-horas-en-leon","og_locale":"es_ES","og_type":"article","og_title":"Manifestaci\u00f3n regional, lunes 13 de diciembre a las 12:00 horas, en Le\u00f3n - ASAJA Palencia","og_description":"El sector vacuno l\u00e1cteo pasa seguramente por el peor de sus momentos, todo lo necesario para producir leche de vaca se ha encarecido sustancialmente","og_url":"https:\/\/www.asajacyl.com\/palencia\/asaja-palencia-informa\/manifestacion-regional-lunes-13-de-diciembre-a-las-1200-horas-en-leon","og_site_name":"ASAJA Palencia","article_published_time":"2021-12-10T10:50:35+00:00","article_modified_time":"2021-12-10T10:50:37+00:00","og_image":[{"width":724,"height":1024,"url":"https:\/\/www.asajacyl.com\/palencia\/wp-content\/uploads\/sites\/3\/2021\/12\/LACTIBER.jpeg","type":"image\/jpeg"}],"author":"Administrador","twitter_card":"summary_large_image","twitter_misc":{"Escrito por":"Administrador","Tiempo de lectura":"2 minutos"},"schema":{"@context":"https:\/\/schema.org","@graph":[{"@type":"WebPage","@id":"https:\/\/www.asajacyl.com\/palencia\/asaja-palencia-informa\/manifestacion-regional-lunes-13-de-diciembre-a-las-1200-horas-en-leon","url":"https:\/\/www.asajacyl.com\/palencia\/asaja-palencia-informa\/manifestacion-regional-lunes-13-de-diciembre-a-las-1200-horas-en-leon","name":"Manifestaci\u00f3n regional, lunes 13 de diciembre a las 12:00 horas, en Le\u00f3n - ASAJA Palencia","isPartOf":{"@id":"https:\/\/www.asajacyl.com\/palencia\/#website"},"primaryImageOfPage":{"@id":"https:\/\/www.asajacyl.com\/palencia\/asaja-palencia-informa\/manifestacion-regional-lunes-13-de-diciembre-a-las-1200-horas-en-leon#primaryimage"},"image":{"@id":"https:\/\/www.asajacyl.com\/palencia\/asaja-palencia-informa\/manifestacion-regional-lunes-13-de-diciembre-a-las-1200-horas-en-leon#primaryimage"},"thumbnailUrl":"https:\/\/www.asajacyl.com\/palencia\/wp-content\/uploads\/sites\/3\/2021\/12\/LACTIBER.jpeg","datePublished":"2021-12-10T10:50:35+00:00","dateModified":"2021-12-10T10:50:37+00:00","author":{"@id":"https:\/\/www.asajacyl.com\/palencia\/#\/schema\/person\/3ab17aeb03527485c317557fae64aab1"},"description":"El sector vacuno l\u00e1cteo pasa seguramente por el peor de sus momentos, todo lo necesario para producir leche de vaca se ha encarecido sustancialmente","breadcrumb":{"@id":"https:\/\/www.asajacyl.com\/palencia\/asaja-palencia-informa\/manifestacion-regional-lunes-13-de-diciembre-a-las-1200-horas-en-leon#breadcrumb"},"inLanguage":"es","potentialAction":[{"@type":"ReadAction","target":["https:\/\/www.asajacyl.com\/palencia\/asaja-palencia-informa\/manifestacion-regional-lunes-13-de-diciembre-a-las-1200-horas-en-leon"]}]},{"@type":"ImageObject","inLanguage":"es","@id":"https:\/\/www.asajacyl.com\/palencia\/asaja-palencia-informa\/manifestacion-regional-lunes-13-de-diciembre-a-las-1200-horas-en-leon#primaryimage","url":"https:\/\/www.asajacyl.com\/palencia\/wp-content\/uploads\/sites\/3\/2021\/12\/LACTIBER.jpeg","contentUrl":"https:\/\/www.asajacyl.com\/palencia\/wp-content\/uploads\/sites\/3\/2021\/12\/LACTIBER.jpeg","width":724,"height":1024},{"@type":"BreadcrumbList","@id":"https:\/\/www.asajacyl.com\/palencia\/asaja-palencia-informa\/manifestacion-regional-lunes-13-de-diciembre-a-las-1200-horas-en-leon#breadcrumb","itemListElement":[{"@type":"ListItem","position":1,"name":"Portada","item":"https:\/\/www.asajacyl.com\/palencia\/"},{"@type":"ListItem","position":2,"name":"Manifestaci\u00f3n regional, lunes 13 de diciembre a las 12:00 horas, en Le\u00f3n"}]},{"@type":"WebSite","@id":"https:\/\/www.asajacyl.com\/palencia\/#website","url":"https:\/\/www.asajacyl.com\/palencia\/","name":"ASAJA Palencia","description":"Otro sitio m\u00e1s de Provincias ASAJA Castilla y Le\u00f3n","potentialAction":[{"@type":"SearchAction","target":{"@type":"EntryPoint","urlTemplate":"https:\/\/www.asajacyl.com\/palencia\/?s={search_term_string}"},"query-input":{"@type":"PropertyValueSpecification","valueRequired":true,"valueName":"search_term_string"}}],"inLanguage":"es"},{"@type":"Person","@id":"https:\/\/www.asajacyl.com\/palencia\/#\/schema\/person\/3ab17aeb03527485c317557fae64aab1","name":"Administrador","image":{"@type":"ImageObject","inLanguage":"es","@id":"https:\/\/www.asajacyl.com\/palencia\/#\/schema\/person\/image\/","url":"https:\/\/secure.gravatar.com\/avatar\/517384810d242ca9e38c180f3c9fb973?s=96&d=mm&r=g","contentUrl":"https:\/\/secure.gravatar.com\/avatar\/517384810d242ca9e38c180f3c9fb973?s=96&d=mm&r=g","caption":"Administrador"},"url":"https:\/\/www.asajacyl.com\/palencia\/author\/carlosrm"}]}},"_links":{"self":[{"href":"https:\/\/www.asajacyl.com\/palencia\/wp-json\/wp\/v2\/posts\/9485"}],"collection":[{"href":"https:\/\/www.asajacyl.com\/palencia\/wp-json\/wp\/v2\/posts"}],"about":[{"href":"https:\/\/www.asajacyl.com\/palencia\/wp-json\/wp\/v2\/types\/post"}],"author":[{"embeddable":true,"href":"https:\/\/www.asajacyl.com\/palencia\/wp-json\/wp\/v2\/users\/9"}],"replies":[{"embeddable":true,"href":"https:\/\/www.asajacyl.com\/palencia\/wp-json\/wp\/v2\/comments?post=9485"}],"version-history":[{"count":2,"href":"https:\/\/www.asajacyl.com\/palencia\/wp-json\/wp\/v2\/posts\/9485\/revisions"}],"predecessor-version":[{"id":9488,"href":"https:\/\/www.asajacyl.com\/palencia\/wp-json\/wp\/v2\/posts\/9485\/revisions\/9488"}],"wp:featuredmedia":[{"embeddable":true,"href":"https:\/\/www.asajacyl.com\/palencia\/wp-json\/wp\/v2\/media\/9486"}],"wp:attachment":[{"href":"https:\/\/www.asajacyl.com\/palencia\/wp-json\/wp\/v2\/media?parent=9485"}],"wp:term":[{"taxonomy":"category","embeddable":true,"href":"https:\/\/www.asajacyl.com\/palencia\/wp-json\/wp\/v2\/categories?post=9485"},{"taxonomy":"post_tag","embeddable":true,"href":"https:\/\/www.asajacyl.com\/palencia\/wp-json\/wp\/v2\/tags?post=9485"}],"curies":[{"name":"wp","href":"https:\/\/api.w.org\/{rel}","templated":true}]}}