{"id":9498,"date":"2021-12-14T10:40:13","date_gmt":"2021-12-14T09:40:13","guid":{"rendered":"https:\/\/www.asajacyl.com\/palencia\/?p=9498"},"modified":"2021-12-14T10:40:14","modified_gmt":"2021-12-14T09:40:14","slug":"el-sector-reclamo-que-la-industria-pague-un-precio-justo-por-la-leche-mientras-el-gobierno-sigue-impasible","status":"publish","type":"post","link":"https:\/\/www.asajacyl.com\/palencia\/asaja-palencia-informa\/el-sector-reclamo-que-la-industria-pague-un-precio-justo-por-la-leche-mientras-el-gobierno-sigue-impasible","title":{"rendered":"El sector reclam\u00f3 que la industria pague un precio justo por la leche mientras el Gobierno sigue impasible"},"content":{"rendered":"\n<p>Tercera cita de los ganaderos de vacuno de leche de Castilla y Le\u00f3n, convocados en unidad de acci\u00f3n por ASAJA y la Alianza UPA-COAG, esta vez a las puertas de la f\u00e1brica de Lactiber en Le\u00f3n. El presidente de ASAJA Castilla y Le\u00f3n, Donaciano Dujo, ha denunciado \u201cla ruina que llevan meses aguantando las explotaciones, a las que se est\u00e1 empujando al cierre masivo\u201d, y ha reclamado la acci\u00f3n inmediata del Gobierno: \u00abel ministerio tiene que inspeccionar y sancionar, porque la industria lleva meses incumpliendo la ley de la cadena alimentaria y pagando por debajo de costes. \u00bfO el se\u00f1or Planas est\u00e1 esperando a que se arruine el sector y venga toda la leche de Francia?\u00bb.<\/p>\n\n\n\n<p>La palabra m\u00e1s repetida por los cerca de dos centenares de ganaderos congregados era \u00abRuina, una ruina total\u201d. \u201cHemos tenido que producir m\u00e1s y mejor y crecer para llegar a este callej\u00f3n sin salida: obligados a entregar nuestra leche por debajo de lo que nos cuesta producirla\u201d.<\/p>\n\n\n\n<p>Responsables de Lactiber han recibido a los representantes de las organizaciones convocantes, \u201caunque no nos han convencido sus razones, se escudan en la distribuci\u00f3n, pero a los ganaderos quienes les tienen que pagar son las industrias\u201d, ha subrayado el presidente de ASAJA de Castilla y Le\u00f3n, organizaci\u00f3n que fija en 0,40 euros el precio m\u00ednimo que el ganadero debe percibir por litro de leche para cubrir m\u00ednimamente los costes de producci\u00f3n.<\/p>\n\n\n\n<p>Teniendo en cuenta que la media de producci\u00f3n de la explotaci\u00f3n lechera de Castilla y Le\u00f3n est\u00e1 en un mill\u00f3n de litros al a\u00f1o, \u201choy por hoy estar\u00eda perdiendo 5000 euros al mes, unos 60.000 euros al a\u00f1o, por culpa de los infraprecios a los que paga la industria\u201d, ha apuntado Donaciano Dujo. Una situaci\u00f3n que se ha agudizado hasta l\u00edmites insoportables en los \u00faltimos meses, en los que se ha incrementado de forma brutal el precio de los medios de producci\u00f3n, especialmente piensos y electricidad.<\/p>\n\n\n\n<p>En Castilla y Le\u00f3n quedan hoy cerca de 850 ganaderos de leche, que son unos 11.000 en el conjunto de Espa\u00f1a. La reestructuraci\u00f3n ha sido continua desde hace a\u00f1os, perdiendo nuestra Comunidad Aut\u00f3noma cerca de un centenar de explotaciones cada a\u00f1o. \u201cSi no se consigue recuperar un precio digno, en poco tiempo los cierres de granjas se generalizar\u00e1n y en Espa\u00f1a seremos totalmente dependientes de las importaciones\u201d, advierte el presidente de ASAJA, que apela tanto a la sociedad como a los pol\u00edticos para lograr que el \u201csector ganadero remonte, porque es de las pocas actividades realmente apegadas al mundo rural\u201d.<\/p>\n\n\n\n<p>En cuanto a Palencia, son poco m\u00e1s de 130 productores los que hay actualmente, los cuales mantienen la segunda mayor caba\u00f1a de vacas de leche tras Le\u00f3n, principal provincia productora de la regi\u00f3n.<\/p>\n\n\n\n<figure class=\"wp-block-image size-large\"><img loading=\"lazy\" decoding=\"async\" width=\"1024\" height=\"768\" src=\"https:\/\/www.asajacyl.com\/palencia\/wp-content\/uploads\/sites\/3\/2021\/12\/MANIFESTACION-LEON-1024x768.jpg\" alt=\"\" class=\"wp-image-9499\" srcset=\"https:\/\/www.asajacyl.com\/palencia\/wp-content\/uploads\/sites\/3\/2021\/12\/MANIFESTACION-LEON-1024x768.jpg 1024w, https:\/\/www.asajacyl.com\/palencia\/wp-content\/uploads\/sites\/3\/2021\/12\/MANIFESTACION-LEON-300x225.jpg 300w, https:\/\/www.asajacyl.com\/palencia\/wp-content\/uploads\/sites\/3\/2021\/12\/MANIFESTACION-LEON-768x576.jpg 768w, https:\/\/www.asajacyl.com\/palencia\/wp-content\/uploads\/sites\/3\/2021\/12\/MANIFESTACION-LEON-1536x1152.jpg 1536w, https:\/\/www.asajacyl.com\/palencia\/wp-content\/uploads\/sites\/3\/2021\/12\/MANIFESTACION-LEON-696x522.jpg 696w, https:\/\/www.asajacyl.com\/palencia\/wp-content\/uploads\/sites\/3\/2021\/12\/MANIFESTACION-LEON-1068x801.jpg 1068w, https:\/\/www.asajacyl.com\/palencia\/wp-content\/uploads\/sites\/3\/2021\/12\/MANIFESTACION-LEON-1920x1440.jpg 1920w, https:\/\/www.asajacyl.com\/palencia\/wp-content\/uploads\/sites\/3\/2021\/12\/MANIFESTACION-LEON-560x420.jpg 560w, https:\/\/www.asajacyl.com\/palencia\/wp-content\/uploads\/sites\/3\/2021\/12\/MANIFESTACION-LEON-80x60.jpg 80w, https:\/\/www.asajacyl.com\/palencia\/wp-content\/uploads\/sites\/3\/2021\/12\/MANIFESTACION-LEON.jpg 2016w\" sizes=\"(max-width: 1024px) 100vw, 1024px\" \/><\/figure>\n","protected":false},"excerpt":{"rendered":"<p>Tercera cita de los ganaderos de vacuno de leche de Castilla y Le\u00f3n, convocados en unidad de acci\u00f3n por ASAJA y la Alianza UPA-COAG, esta vez a las puertas de la f\u00e1brica de Lactiber en Le\u00f3n. El presidente de ASAJA Castilla y Le\u00f3n, Donaciano Dujo, ha denunciado \u201cla ruina que llevan meses aguantando las explotaciones, [&hellip;]<\/p>\n","protected":false},"author":9,"featured_media":9499,"comment_status":"open","ping_status":"open","sticky":false,"template":"","format":"standard","meta":{"footnotes":""},"categories":[9,29,28],"tags":[],"yoast_head":"<!-- This site is optimized with the Yoast SEO plugin v24.5 - https:\/\/yoast.com\/wordpress\/plugins\/seo\/ -->\n<title>El sector reclam\u00f3 que la industria pague un precio justo por la leche mientras el Gobierno sigue impasible - ASAJA Palencia<\/title>\n<meta name=\"description\" content=\"Tercera cita de los ganaderos de vacuno de leche de Castilla y Le\u00f3n, convocados en unidad de acci\u00f3n por ASAJA y la Alianza UPA-COAG, esta vez a las\" \/>\n<meta name=\"robots\" content=\"index, follow, max-snippet:-1, max-image-preview:large, max-video-preview:-1\" \/>\n<link rel=\"canonical\" href=\"https:\/\/www.asajacyl.com\/palencia\/asaja-palencia-informa\/el-sector-reclamo-que-la-industria-pague-un-precio-justo-por-la-leche-mientras-el-gobierno-sigue-impasible\" \/>\n<meta property=\"og:locale\" content=\"es_ES\" \/>\n<meta property=\"og:type\" content=\"article\" \/>\n<meta property=\"og:title\" content=\"El sector reclam\u00f3 que la industria pague un precio justo por la leche mientras el Gobierno sigue impasible - ASAJA Palencia\" \/>\n<meta property=\"og:description\" content=\"Tercera cita de los ganaderos de vacuno de leche de Castilla y Le\u00f3n, convocados en unidad de acci\u00f3n por ASAJA y la Alianza UPA-COAG, esta vez a las\" \/>\n<meta property=\"og:url\" content=\"https:\/\/www.asajacyl.com\/palencia\/asaja-palencia-informa\/el-sector-reclamo-que-la-industria-pague-un-precio-justo-por-la-leche-mientras-el-gobierno-sigue-impasible\" \/>\n<meta property=\"og:site_name\" content=\"ASAJA Palencia\" \/>\n<meta property=\"article:published_time\" content=\"2021-12-14T09:40:13+00:00\" \/>\n<meta property=\"article:modified_time\" content=\"2021-12-14T09:40:14+00:00\" \/>\n<meta property=\"og:image\" content=\"https:\/\/www.asajacyl.com\/palencia\/wp-content\/uploads\/sites\/3\/2021\/12\/MANIFESTACION-LEON.jpg\" \/>\n\t<meta property=\"og:image:width\" content=\"2016\" \/>\n\t<meta property=\"og:image:height\" content=\"1512\" \/>\n\t<meta property=\"og:image:type\" content=\"image\/jpeg\" \/>\n<meta name=\"author\" content=\"Administrador\" \/>\n<meta name=\"twitter:card\" content=\"summary_large_image\" \/>\n<meta name=\"twitter:label1\" content=\"Escrito por\" \/>\n\t<meta name=\"twitter:data1\" content=\"Administrador\" \/>\n\t<meta name=\"twitter:label2\" content=\"Tiempo de lectura\" \/>\n\t<meta name=\"twitter:data2\" content=\"3 minutos\" \/>\n<script type=\"application\/ld+json\" class=\"yoast-schema-graph\">{\"@context\":\"https:\/\/schema.org\",\"@graph\":[{\"@type\":\"WebPage\",\"@id\":\"https:\/\/www.asajacyl.com\/palencia\/asaja-palencia-informa\/el-sector-reclamo-que-la-industria-pague-un-precio-justo-por-la-leche-mientras-el-gobierno-sigue-impasible\",\"url\":\"https:\/\/www.asajacyl.com\/palencia\/asaja-palencia-informa\/el-sector-reclamo-que-la-industria-pague-un-precio-justo-por-la-leche-mientras-el-gobierno-sigue-impasible\",\"name\":\"El sector reclam\u00f3 que la industria pague un precio justo por la leche mientras el Gobierno sigue impasible - ASAJA Palencia\",\"isPartOf\":{\"@id\":\"https:\/\/www.asajacyl.com\/palencia\/#website\"},\"primaryImageOfPage\":{\"@id\":\"https:\/\/www.asajacyl.com\/palencia\/asaja-palencia-informa\/el-sector-reclamo-que-la-industria-pague-un-precio-justo-por-la-leche-mientras-el-gobierno-sigue-impasible#primaryimage\"},\"image\":{\"@id\":\"https:\/\/www.asajacyl.com\/palencia\/asaja-palencia-informa\/el-sector-reclamo-que-la-industria-pague-un-precio-justo-por-la-leche-mientras-el-gobierno-sigue-impasible#primaryimage\"},\"thumbnailUrl\":\"https:\/\/www.asajacyl.com\/palencia\/wp-content\/uploads\/sites\/3\/2021\/12\/MANIFESTACION-LEON.jpg\",\"datePublished\":\"2021-12-14T09:40:13+00:00\",\"dateModified\":\"2021-12-14T09:40:14+00:00\",\"author\":{\"@id\":\"https:\/\/www.asajacyl.com\/palencia\/#\/schema\/person\/3ab17aeb03527485c317557fae64aab1\"},\"description\":\"Tercera cita de los ganaderos de vacuno de leche de Castilla y Le\u00f3n, convocados en unidad de acci\u00f3n por ASAJA y la Alianza UPA-COAG, esta vez a las\",\"breadcrumb\":{\"@id\":\"https:\/\/www.asajacyl.com\/palencia\/asaja-palencia-informa\/el-sector-reclamo-que-la-industria-pague-un-precio-justo-por-la-leche-mientras-el-gobierno-sigue-impasible#breadcrumb\"},\"inLanguage\":\"es\",\"potentialAction\":[{\"@type\":\"ReadAction\",\"target\":[\"https:\/\/www.asajacyl.com\/palencia\/asaja-palencia-informa\/el-sector-reclamo-que-la-industria-pague-un-precio-justo-por-la-leche-mientras-el-gobierno-sigue-impasible\"]}]},{\"@type\":\"ImageObject\",\"inLanguage\":\"es\",\"@id\":\"https:\/\/www.asajacyl.com\/palencia\/asaja-palencia-informa\/el-sector-reclamo-que-la-industria-pague-un-precio-justo-por-la-leche-mientras-el-gobierno-sigue-impasible#primaryimage\",\"url\":\"https:\/\/www.asajacyl.com\/palencia\/wp-content\/uploads\/sites\/3\/2021\/12\/MANIFESTACION-LEON.jpg\",\"contentUrl\":\"https:\/\/www.asajacyl.com\/palencia\/wp-content\/uploads\/sites\/3\/2021\/12\/MANIFESTACION-LEON.jpg\",\"width\":2016,\"height\":1512},{\"@type\":\"BreadcrumbList\",\"@id\":\"https:\/\/www.asajacyl.com\/palencia\/asaja-palencia-informa\/el-sector-reclamo-que-la-industria-pague-un-precio-justo-por-la-leche-mientras-el-gobierno-sigue-impasible#breadcrumb\",\"itemListElement\":[{\"@type\":\"ListItem\",\"position\":1,\"name\":\"Portada\",\"item\":\"https:\/\/www.asajacyl.com\/palencia\/\"},{\"@type\":\"ListItem\",\"position\":2,\"name\":\"El sector reclam\u00f3 que la industria pague un precio justo por la leche mientras el Gobierno sigue impasible\"}]},{\"@type\":\"WebSite\",\"@id\":\"https:\/\/www.asajacyl.com\/palencia\/#website\",\"url\":\"https:\/\/www.asajacyl.com\/palencia\/\",\"name\":\"ASAJA Palencia\",\"description\":\"Otro sitio m\u00e1s de Provincias ASAJA Castilla y Le\u00f3n\",\"potentialAction\":[{\"@type\":\"SearchAction\",\"target\":{\"@type\":\"EntryPoint\",\"urlTemplate\":\"https:\/\/www.asajacyl.com\/palencia\/?s={search_term_string}\"},\"query-input\":{\"@type\":\"PropertyValueSpecification\",\"valueRequired\":true,\"valueName\":\"search_term_string\"}}],\"inLanguage\":\"es\"},{\"@type\":\"Person\",\"@id\":\"https:\/\/www.asajacyl.com\/palencia\/#\/schema\/person\/3ab17aeb03527485c317557fae64aab1\",\"name\":\"Administrador\",\"image\":{\"@type\":\"ImageObject\",\"inLanguage\":\"es\",\"@id\":\"https:\/\/www.asajacyl.com\/palencia\/#\/schema\/person\/image\/\",\"url\":\"https:\/\/secure.gravatar.com\/avatar\/517384810d242ca9e38c180f3c9fb973?s=96&d=mm&r=g\",\"contentUrl\":\"https:\/\/secure.gravatar.com\/avatar\/517384810d242ca9e38c180f3c9fb973?s=96&d=mm&r=g\",\"caption\":\"Administrador\"},\"url\":\"https:\/\/www.asajacyl.com\/palencia\/author\/carlosrm\"}]}<\/script>\n<!-- \/ Yoast SEO plugin. -->","yoast_head_json":{"title":"El sector reclam\u00f3 que la industria pague un precio justo por la leche mientras el Gobierno sigue impasible - ASAJA Palencia","description":"Tercera cita de los ganaderos de vacuno de leche de Castilla y Le\u00f3n, convocados en unidad de acci\u00f3n por ASAJA y la Alianza UPA-COAG, esta vez a las","robots":{"index":"index","follow":"follow","max-snippet":"max-snippet:-1","max-image-preview":"max-image-preview:large","max-video-preview":"max-video-preview:-1"},"canonical":"https:\/\/www.asajacyl.com\/palencia\/asaja-palencia-informa\/el-sector-reclamo-que-la-industria-pague-un-precio-justo-por-la-leche-mientras-el-gobierno-sigue-impasible","og_locale":"es_ES","og_type":"article","og_title":"El sector reclam\u00f3 que la industria pague un precio justo por la leche mientras el Gobierno sigue impasible - ASAJA Palencia","og_description":"Tercera cita de los ganaderos de vacuno de leche de Castilla y Le\u00f3n, convocados en unidad de acci\u00f3n por ASAJA y la Alianza UPA-COAG, esta vez a las","og_url":"https:\/\/www.asajacyl.com\/palencia\/asaja-palencia-informa\/el-sector-reclamo-que-la-industria-pague-un-precio-justo-por-la-leche-mientras-el-gobierno-sigue-impasible","og_site_name":"ASAJA Palencia","article_published_time":"2021-12-14T09:40:13+00:00","article_modified_time":"2021-12-14T09:40:14+00:00","og_image":[{"width":2016,"height":1512,"url":"https:\/\/www.asajacyl.com\/palencia\/wp-content\/uploads\/sites\/3\/2021\/12\/MANIFESTACION-LEON.jpg","type":"image\/jpeg"}],"author":"Administrador","twitter_card":"summary_large_image","twitter_misc":{"Escrito por":"Administrador","Tiempo de lectura":"3 minutos"},"schema":{"@context":"https:\/\/schema.org","@graph":[{"@type":"WebPage","@id":"https:\/\/www.asajacyl.com\/palencia\/asaja-palencia-informa\/el-sector-reclamo-que-la-industria-pague-un-precio-justo-por-la-leche-mientras-el-gobierno-sigue-impasible","url":"https:\/\/www.asajacyl.com\/palencia\/asaja-palencia-informa\/el-sector-reclamo-que-la-industria-pague-un-precio-justo-por-la-leche-mientras-el-gobierno-sigue-impasible","name":"El sector reclam\u00f3 que la industria pague un precio justo por la leche mientras el Gobierno sigue impasible - ASAJA Palencia","isPartOf":{"@id":"https:\/\/www.asajacyl.com\/palencia\/#website"},"primaryImageOfPage":{"@id":"https:\/\/www.asajacyl.com\/palencia\/asaja-palencia-informa\/el-sector-reclamo-que-la-industria-pague-un-precio-justo-por-la-leche-mientras-el-gobierno-sigue-impasible#primaryimage"},"image":{"@id":"https:\/\/www.asajacyl.com\/palencia\/asaja-palencia-informa\/el-sector-reclamo-que-la-industria-pague-un-precio-justo-por-la-leche-mientras-el-gobierno-sigue-impasible#primaryimage"},"thumbnailUrl":"https:\/\/www.asajacyl.com\/palencia\/wp-content\/uploads\/sites\/3\/2021\/12\/MANIFESTACION-LEON.jpg","datePublished":"2021-12-14T09:40:13+00:00","dateModified":"2021-12-14T09:40:14+00:00","author":{"@id":"https:\/\/www.asajacyl.com\/palencia\/#\/schema\/person\/3ab17aeb03527485c317557fae64aab1"},"description":"Tercera cita de los ganaderos de vacuno de leche de Castilla y Le\u00f3n, convocados en unidad de acci\u00f3n por ASAJA y la Alianza UPA-COAG, esta vez a las","breadcrumb":{"@id":"https:\/\/www.asajacyl.com\/palencia\/asaja-palencia-informa\/el-sector-reclamo-que-la-industria-pague-un-precio-justo-por-la-leche-mientras-el-gobierno-sigue-impasible#breadcrumb"},"inLanguage":"es","potentialAction":[{"@type":"ReadAction","target":["https:\/\/www.asajacyl.com\/palencia\/asaja-palencia-informa\/el-sector-reclamo-que-la-industria-pague-un-precio-justo-por-la-leche-mientras-el-gobierno-sigue-impasible"]}]},{"@type":"ImageObject","inLanguage":"es","@id":"https:\/\/www.asajacyl.com\/palencia\/asaja-palencia-informa\/el-sector-reclamo-que-la-industria-pague-un-precio-justo-por-la-leche-mientras-el-gobierno-sigue-impasible#primaryimage","url":"https:\/\/www.asajacyl.com\/palencia\/wp-content\/uploads\/sites\/3\/2021\/12\/MANIFESTACION-LEON.jpg","contentUrl":"https:\/\/www.asajacyl.com\/palencia\/wp-content\/uploads\/sites\/3\/2021\/12\/MANIFESTACION-LEON.jpg","width":2016,"height":1512},{"@type":"BreadcrumbList","@id":"https:\/\/www.asajacyl.com\/palencia\/asaja-palencia-informa\/el-sector-reclamo-que-la-industria-pague-un-precio-justo-por-la-leche-mientras-el-gobierno-sigue-impasible#breadcrumb","itemListElement":[{"@type":"ListItem","position":1,"name":"Portada","item":"https:\/\/www.asajacyl.com\/palencia\/"},{"@type":"ListItem","position":2,"name":"El sector reclam\u00f3 que la industria pague un precio justo por la leche mientras el Gobierno sigue impasible"}]},{"@type":"WebSite","@id":"https:\/\/www.asajacyl.com\/palencia\/#website","url":"https:\/\/www.asajacyl.com\/palencia\/","name":"ASAJA Palencia","description":"Otro sitio m\u00e1s de Provincias ASAJA Castilla y Le\u00f3n","potentialAction":[{"@type":"SearchAction","target":{"@type":"EntryPoint","urlTemplate":"https:\/\/www.asajacyl.com\/palencia\/?s={search_term_string}"},"query-input":{"@type":"PropertyValueSpecification","valueRequired":true,"valueName":"search_term_string"}}],"inLanguage":"es"},{"@type":"Person","@id":"https:\/\/www.asajacyl.com\/palencia\/#\/schema\/person\/3ab17aeb03527485c317557fae64aab1","name":"Administrador","image":{"@type":"ImageObject","inLanguage":"es","@id":"https:\/\/www.asajacyl.com\/palencia\/#\/schema\/person\/image\/","url":"https:\/\/secure.gravatar.com\/avatar\/517384810d242ca9e38c180f3c9fb973?s=96&d=mm&r=g","contentUrl":"https:\/\/secure.gravatar.com\/avatar\/517384810d242ca9e38c180f3c9fb973?s=96&d=mm&r=g","caption":"Administrador"},"url":"https:\/\/www.asajacyl.com\/palencia\/author\/carlosrm"}]}},"_links":{"self":[{"href":"https:\/\/www.asajacyl.com\/palencia\/wp-json\/wp\/v2\/posts\/9498"}],"collection":[{"href":"https:\/\/www.asajacyl.com\/palencia\/wp-json\/wp\/v2\/posts"}],"about":[{"href":"https:\/\/www.asajacyl.com\/palencia\/wp-json\/wp\/v2\/types\/post"}],"author":[{"embeddable":true,"href":"https:\/\/www.asajacyl.com\/palencia\/wp-json\/wp\/v2\/users\/9"}],"replies":[{"embeddable":true,"href":"https:\/\/www.asajacyl.com\/palencia\/wp-json\/wp\/v2\/comments?post=9498"}],"version-history":[{"count":1,"href":"https:\/\/www.asajacyl.com\/palencia\/wp-json\/wp\/v2\/posts\/9498\/revisions"}],"predecessor-version":[{"id":9500,"href":"https:\/\/www.asajacyl.com\/palencia\/wp-json\/wp\/v2\/posts\/9498\/revisions\/9500"}],"wp:featuredmedia":[{"embeddable":true,"href":"https:\/\/www.asajacyl.com\/palencia\/wp-json\/wp\/v2\/media\/9499"}],"wp:attachment":[{"href":"https:\/\/www.asajacyl.com\/palencia\/wp-json\/wp\/v2\/media?parent=9498"}],"wp:term":[{"taxonomy":"category","embeddable":true,"href":"https:\/\/www.asajacyl.com\/palencia\/wp-json\/wp\/v2\/categories?post=9498"},{"taxonomy":"post_tag","embeddable":true,"href":"https:\/\/www.asajacyl.com\/palencia\/wp-json\/wp\/v2\/tags?post=9498"}],"curies":[{"name":"wp","href":"https:\/\/api.w.org\/{rel}","templated":true}]}}