{"id":9505,"date":"2021-12-15T07:52:40","date_gmt":"2021-12-15T06:52:40","guid":{"rendered":"https:\/\/www.asajacyl.com\/palencia\/?p=9505"},"modified":"2021-12-15T07:52:41","modified_gmt":"2021-12-15T06:52:41","slug":"castilla-y-leon-defiende-una-discriminacion-positiva-para-el-agricultor-profesional-y-pide-quitar-la-degresividad-en-la-pac","status":"publish","type":"post","link":"https:\/\/www.asajacyl.com\/palencia\/asaja-palencia-informa\/castilla-y-leon-defiende-una-discriminacion-positiva-para-el-agricultor-profesional-y-pide-quitar-la-degresividad-en-la-pac","title":{"rendered":"Castilla y Le\u00f3n defiende una discriminaci\u00f3n positiva para el agricultor profesional y pide quitar la degresividad en la PAC"},"content":{"rendered":"\n<p>El consejero de Agricultura, Ganader\u00eda y Desarrollo Rural de la Junta de Castilla y Le\u00f3n, Jes\u00fas Julio Carnero, en reuni\u00f3n celebrada con el Ministro Planas y el resto de Comunidades Aut\u00f3nomas, ha insistido en la defensa de la figura del agricultor profesional dentro del Plan Estrat\u00e9gico de la PAC 2023-2027, incluyendo incluso una discriminaci\u00f3n positiva, y la eliminaci\u00f3n de la degresividad en los ecoesquemas. Otra petici\u00f3n de la comunidad ha sido la creaci\u00f3n de un plan nacional sectorial para el sector del ovino-caprino.<\/p>\n\n\n\n<p>El consejero ha adelantado que una vez que el Consejo de Ministros apruebe el plan nacional y lo remita a la Comisi\u00f3n Europea, va a convocar un encuentro con organizaciones agrarias y medios de informaci\u00f3n para detallar de manera pormenorizada las diferencias entre la actual y la nueva PAC y recalcar la discriminaci\u00f3n positiva para los agricultores profesionales.<\/p>\n","protected":false},"excerpt":{"rendered":"<p>El consejero de Agricultura, Ganader\u00eda y Desarrollo Rural de la Junta de Castilla y Le\u00f3n, Jes\u00fas Julio Carnero, en reuni\u00f3n celebrada con el Ministro Planas y el resto de Comunidades Aut\u00f3nomas, ha insistido en la defensa de la figura del agricultor profesional dentro del Plan Estrat\u00e9gico de la PAC 2023-2027, incluyendo incluso una discriminaci\u00f3n positiva, [&hellip;]<\/p>\n","protected":false},"author":9,"featured_media":9154,"comment_status":"open","ping_status":"open","sticky":false,"template":"","format":"standard","meta":{"footnotes":""},"categories":[9,29,28],"tags":[],"yoast_head":"<!-- This site is optimized with the Yoast SEO plugin v24.5 - https:\/\/yoast.com\/wordpress\/plugins\/seo\/ -->\n<title>Castilla y Le\u00f3n defiende una discriminaci\u00f3n positiva para el agricultor profesional y pide quitar la degresividad en la PAC - ASAJA Palencia<\/title>\n<meta name=\"description\" content=\"El consejero de Agricultura, Ganader\u00eda y Desarrollo Rural de la Junta de Castilla y Le\u00f3n, Jes\u00fas Julio Carnero, en reuni\u00f3n celebrada con el Ministro Planas\" \/>\n<meta name=\"robots\" content=\"index, follow, max-snippet:-1, max-image-preview:large, max-video-preview:-1\" \/>\n<link rel=\"canonical\" href=\"https:\/\/www.asajacyl.com\/palencia\/asaja-palencia-informa\/castilla-y-leon-defiende-una-discriminacion-positiva-para-el-agricultor-profesional-y-pide-quitar-la-degresividad-en-la-pac\" \/>\n<meta property=\"og:locale\" content=\"es_ES\" \/>\n<meta property=\"og:type\" content=\"article\" \/>\n<meta property=\"og:title\" content=\"Castilla y Le\u00f3n defiende una discriminaci\u00f3n positiva para el agricultor profesional y pide quitar la degresividad en la PAC - ASAJA Palencia\" \/>\n<meta property=\"og:description\" content=\"El consejero de Agricultura, Ganader\u00eda y Desarrollo Rural de la Junta de Castilla y Le\u00f3n, Jes\u00fas Julio Carnero, en reuni\u00f3n celebrada con el Ministro Planas\" \/>\n<meta property=\"og:url\" content=\"https:\/\/www.asajacyl.com\/palencia\/asaja-palencia-informa\/castilla-y-leon-defiende-una-discriminacion-positiva-para-el-agricultor-profesional-y-pide-quitar-la-degresividad-en-la-pac\" \/>\n<meta property=\"og:site_name\" content=\"ASAJA Palencia\" \/>\n<meta property=\"article:published_time\" content=\"2021-12-15T06:52:40+00:00\" \/>\n<meta property=\"article:modified_time\" content=\"2021-12-15T06:52:41+00:00\" \/>\n<meta property=\"og:image\" content=\"https:\/\/www.asajacyl.com\/palencia\/wp-content\/uploads\/sites\/3\/2021\/10\/IMG-20211026-WA0026.jpg\" \/>\n\t<meta property=\"og:image:width\" content=\"1500\" \/>\n\t<meta property=\"og:image:height\" content=\"2000\" \/>\n\t<meta property=\"og:image:type\" content=\"image\/jpeg\" \/>\n<meta name=\"author\" content=\"Administrador\" \/>\n<meta name=\"twitter:card\" content=\"summary_large_image\" \/>\n<meta name=\"twitter:label1\" content=\"Escrito por\" \/>\n\t<meta name=\"twitter:data1\" content=\"Administrador\" \/>\n\t<meta name=\"twitter:label2\" content=\"Tiempo de lectura\" \/>\n\t<meta name=\"twitter:data2\" content=\"1 minuto\" \/>\n<script type=\"application\/ld+json\" class=\"yoast-schema-graph\">{\"@context\":\"https:\/\/schema.org\",\"@graph\":[{\"@type\":\"WebPage\",\"@id\":\"https:\/\/www.asajacyl.com\/palencia\/asaja-palencia-informa\/castilla-y-leon-defiende-una-discriminacion-positiva-para-el-agricultor-profesional-y-pide-quitar-la-degresividad-en-la-pac\",\"url\":\"https:\/\/www.asajacyl.com\/palencia\/asaja-palencia-informa\/castilla-y-leon-defiende-una-discriminacion-positiva-para-el-agricultor-profesional-y-pide-quitar-la-degresividad-en-la-pac\",\"name\":\"Castilla y Le\u00f3n defiende una discriminaci\u00f3n positiva para el agricultor profesional y pide quitar la degresividad en la PAC - ASAJA Palencia\",\"isPartOf\":{\"@id\":\"https:\/\/www.asajacyl.com\/palencia\/#website\"},\"primaryImageOfPage\":{\"@id\":\"https:\/\/www.asajacyl.com\/palencia\/asaja-palencia-informa\/castilla-y-leon-defiende-una-discriminacion-positiva-para-el-agricultor-profesional-y-pide-quitar-la-degresividad-en-la-pac#primaryimage\"},\"image\":{\"@id\":\"https:\/\/www.asajacyl.com\/palencia\/asaja-palencia-informa\/castilla-y-leon-defiende-una-discriminacion-positiva-para-el-agricultor-profesional-y-pide-quitar-la-degresividad-en-la-pac#primaryimage\"},\"thumbnailUrl\":\"https:\/\/www.asajacyl.com\/palencia\/wp-content\/uploads\/sites\/3\/2021\/10\/IMG-20211026-WA0026.jpg\",\"datePublished\":\"2021-12-15T06:52:40+00:00\",\"dateModified\":\"2021-12-15T06:52:41+00:00\",\"author\":{\"@id\":\"https:\/\/www.asajacyl.com\/palencia\/#\/schema\/person\/3ab17aeb03527485c317557fae64aab1\"},\"description\":\"El consejero de Agricultura, Ganader\u00eda y Desarrollo Rural de la Junta de Castilla y Le\u00f3n, Jes\u00fas Julio Carnero, en reuni\u00f3n celebrada con el Ministro Planas\",\"breadcrumb\":{\"@id\":\"https:\/\/www.asajacyl.com\/palencia\/asaja-palencia-informa\/castilla-y-leon-defiende-una-discriminacion-positiva-para-el-agricultor-profesional-y-pide-quitar-la-degresividad-en-la-pac#breadcrumb\"},\"inLanguage\":\"es\",\"potentialAction\":[{\"@type\":\"ReadAction\",\"target\":[\"https:\/\/www.asajacyl.com\/palencia\/asaja-palencia-informa\/castilla-y-leon-defiende-una-discriminacion-positiva-para-el-agricultor-profesional-y-pide-quitar-la-degresividad-en-la-pac\"]}]},{\"@type\":\"ImageObject\",\"inLanguage\":\"es\",\"@id\":\"https:\/\/www.asajacyl.com\/palencia\/asaja-palencia-informa\/castilla-y-leon-defiende-una-discriminacion-positiva-para-el-agricultor-profesional-y-pide-quitar-la-degresividad-en-la-pac#primaryimage\",\"url\":\"https:\/\/www.asajacyl.com\/palencia\/wp-content\/uploads\/sites\/3\/2021\/10\/IMG-20211026-WA0026.jpg\",\"contentUrl\":\"https:\/\/www.asajacyl.com\/palencia\/wp-content\/uploads\/sites\/3\/2021\/10\/IMG-20211026-WA0026.jpg\",\"width\":1500,\"height\":2000},{\"@type\":\"BreadcrumbList\",\"@id\":\"https:\/\/www.asajacyl.com\/palencia\/asaja-palencia-informa\/castilla-y-leon-defiende-una-discriminacion-positiva-para-el-agricultor-profesional-y-pide-quitar-la-degresividad-en-la-pac#breadcrumb\",\"itemListElement\":[{\"@type\":\"ListItem\",\"position\":1,\"name\":\"Portada\",\"item\":\"https:\/\/www.asajacyl.com\/palencia\/\"},{\"@type\":\"ListItem\",\"position\":2,\"name\":\"Castilla y Le\u00f3n defiende una discriminaci\u00f3n positiva para el agricultor profesional y pide quitar la degresividad en la PAC\"}]},{\"@type\":\"WebSite\",\"@id\":\"https:\/\/www.asajacyl.com\/palencia\/#website\",\"url\":\"https:\/\/www.asajacyl.com\/palencia\/\",\"name\":\"ASAJA Palencia\",\"description\":\"Otro sitio m\u00e1s de Provincias ASAJA Castilla y Le\u00f3n\",\"potentialAction\":[{\"@type\":\"SearchAction\",\"target\":{\"@type\":\"EntryPoint\",\"urlTemplate\":\"https:\/\/www.asajacyl.com\/palencia\/?s={search_term_string}\"},\"query-input\":{\"@type\":\"PropertyValueSpecification\",\"valueRequired\":true,\"valueName\":\"search_term_string\"}}],\"inLanguage\":\"es\"},{\"@type\":\"Person\",\"@id\":\"https:\/\/www.asajacyl.com\/palencia\/#\/schema\/person\/3ab17aeb03527485c317557fae64aab1\",\"name\":\"Administrador\",\"image\":{\"@type\":\"ImageObject\",\"inLanguage\":\"es\",\"@id\":\"https:\/\/www.asajacyl.com\/palencia\/#\/schema\/person\/image\/\",\"url\":\"https:\/\/secure.gravatar.com\/avatar\/517384810d242ca9e38c180f3c9fb973?s=96&d=mm&r=g\",\"contentUrl\":\"https:\/\/secure.gravatar.com\/avatar\/517384810d242ca9e38c180f3c9fb973?s=96&d=mm&r=g\",\"caption\":\"Administrador\"},\"url\":\"https:\/\/www.asajacyl.com\/palencia\/author\/carlosrm\"}]}<\/script>\n<!-- \/ Yoast SEO plugin. -->","yoast_head_json":{"title":"Castilla y Le\u00f3n defiende una discriminaci\u00f3n positiva para el agricultor profesional y pide quitar la degresividad en la PAC - ASAJA Palencia","description":"El consejero de Agricultura, Ganader\u00eda y Desarrollo Rural de la Junta de Castilla y Le\u00f3n, Jes\u00fas Julio Carnero, en reuni\u00f3n celebrada con el Ministro Planas","robots":{"index":"index","follow":"follow","max-snippet":"max-snippet:-1","max-image-preview":"max-image-preview:large","max-video-preview":"max-video-preview:-1"},"canonical":"https:\/\/www.asajacyl.com\/palencia\/asaja-palencia-informa\/castilla-y-leon-defiende-una-discriminacion-positiva-para-el-agricultor-profesional-y-pide-quitar-la-degresividad-en-la-pac","og_locale":"es_ES","og_type":"article","og_title":"Castilla y Le\u00f3n defiende una discriminaci\u00f3n positiva para el agricultor profesional y pide quitar la degresividad en la PAC - ASAJA Palencia","og_description":"El consejero de Agricultura, Ganader\u00eda y Desarrollo Rural de la Junta de Castilla y Le\u00f3n, Jes\u00fas Julio Carnero, en reuni\u00f3n celebrada con el Ministro Planas","og_url":"https:\/\/www.asajacyl.com\/palencia\/asaja-palencia-informa\/castilla-y-leon-defiende-una-discriminacion-positiva-para-el-agricultor-profesional-y-pide-quitar-la-degresividad-en-la-pac","og_site_name":"ASAJA Palencia","article_published_time":"2021-12-15T06:52:40+00:00","article_modified_time":"2021-12-15T06:52:41+00:00","og_image":[{"width":1500,"height":2000,"url":"https:\/\/www.asajacyl.com\/palencia\/wp-content\/uploads\/sites\/3\/2021\/10\/IMG-20211026-WA0026.jpg","type":"image\/jpeg"}],"author":"Administrador","twitter_card":"summary_large_image","twitter_misc":{"Escrito por":"Administrador","Tiempo de lectura":"1 minuto"},"schema":{"@context":"https:\/\/schema.org","@graph":[{"@type":"WebPage","@id":"https:\/\/www.asajacyl.com\/palencia\/asaja-palencia-informa\/castilla-y-leon-defiende-una-discriminacion-positiva-para-el-agricultor-profesional-y-pide-quitar-la-degresividad-en-la-pac","url":"https:\/\/www.asajacyl.com\/palencia\/asaja-palencia-informa\/castilla-y-leon-defiende-una-discriminacion-positiva-para-el-agricultor-profesional-y-pide-quitar-la-degresividad-en-la-pac","name":"Castilla y Le\u00f3n defiende una discriminaci\u00f3n positiva para el agricultor profesional y pide quitar la degresividad en la PAC - ASAJA Palencia","isPartOf":{"@id":"https:\/\/www.asajacyl.com\/palencia\/#website"},"primaryImageOfPage":{"@id":"https:\/\/www.asajacyl.com\/palencia\/asaja-palencia-informa\/castilla-y-leon-defiende-una-discriminacion-positiva-para-el-agricultor-profesional-y-pide-quitar-la-degresividad-en-la-pac#primaryimage"},"image":{"@id":"https:\/\/www.asajacyl.com\/palencia\/asaja-palencia-informa\/castilla-y-leon-defiende-una-discriminacion-positiva-para-el-agricultor-profesional-y-pide-quitar-la-degresividad-en-la-pac#primaryimage"},"thumbnailUrl":"https:\/\/www.asajacyl.com\/palencia\/wp-content\/uploads\/sites\/3\/2021\/10\/IMG-20211026-WA0026.jpg","datePublished":"2021-12-15T06:52:40+00:00","dateModified":"2021-12-15T06:52:41+00:00","author":{"@id":"https:\/\/www.asajacyl.com\/palencia\/#\/schema\/person\/3ab17aeb03527485c317557fae64aab1"},"description":"El consejero de Agricultura, Ganader\u00eda y Desarrollo Rural de la Junta de Castilla y Le\u00f3n, Jes\u00fas Julio Carnero, en reuni\u00f3n celebrada con el Ministro Planas","breadcrumb":{"@id":"https:\/\/www.asajacyl.com\/palencia\/asaja-palencia-informa\/castilla-y-leon-defiende-una-discriminacion-positiva-para-el-agricultor-profesional-y-pide-quitar-la-degresividad-en-la-pac#breadcrumb"},"inLanguage":"es","potentialAction":[{"@type":"ReadAction","target":["https:\/\/www.asajacyl.com\/palencia\/asaja-palencia-informa\/castilla-y-leon-defiende-una-discriminacion-positiva-para-el-agricultor-profesional-y-pide-quitar-la-degresividad-en-la-pac"]}]},{"@type":"ImageObject","inLanguage":"es","@id":"https:\/\/www.asajacyl.com\/palencia\/asaja-palencia-informa\/castilla-y-leon-defiende-una-discriminacion-positiva-para-el-agricultor-profesional-y-pide-quitar-la-degresividad-en-la-pac#primaryimage","url":"https:\/\/www.asajacyl.com\/palencia\/wp-content\/uploads\/sites\/3\/2021\/10\/IMG-20211026-WA0026.jpg","contentUrl":"https:\/\/www.asajacyl.com\/palencia\/wp-content\/uploads\/sites\/3\/2021\/10\/IMG-20211026-WA0026.jpg","width":1500,"height":2000},{"@type":"BreadcrumbList","@id":"https:\/\/www.asajacyl.com\/palencia\/asaja-palencia-informa\/castilla-y-leon-defiende-una-discriminacion-positiva-para-el-agricultor-profesional-y-pide-quitar-la-degresividad-en-la-pac#breadcrumb","itemListElement":[{"@type":"ListItem","position":1,"name":"Portada","item":"https:\/\/www.asajacyl.com\/palencia\/"},{"@type":"ListItem","position":2,"name":"Castilla y Le\u00f3n defiende una discriminaci\u00f3n positiva para el agricultor profesional y pide quitar la degresividad en la PAC"}]},{"@type":"WebSite","@id":"https:\/\/www.asajacyl.com\/palencia\/#website","url":"https:\/\/www.asajacyl.com\/palencia\/","name":"ASAJA Palencia","description":"Otro sitio m\u00e1s de Provincias ASAJA Castilla y Le\u00f3n","potentialAction":[{"@type":"SearchAction","target":{"@type":"EntryPoint","urlTemplate":"https:\/\/www.asajacyl.com\/palencia\/?s={search_term_string}"},"query-input":{"@type":"PropertyValueSpecification","valueRequired":true,"valueName":"search_term_string"}}],"inLanguage":"es"},{"@type":"Person","@id":"https:\/\/www.asajacyl.com\/palencia\/#\/schema\/person\/3ab17aeb03527485c317557fae64aab1","name":"Administrador","image":{"@type":"ImageObject","inLanguage":"es","@id":"https:\/\/www.asajacyl.com\/palencia\/#\/schema\/person\/image\/","url":"https:\/\/secure.gravatar.com\/avatar\/517384810d242ca9e38c180f3c9fb973?s=96&d=mm&r=g","contentUrl":"https:\/\/secure.gravatar.com\/avatar\/517384810d242ca9e38c180f3c9fb973?s=96&d=mm&r=g","caption":"Administrador"},"url":"https:\/\/www.asajacyl.com\/palencia\/author\/carlosrm"}]}},"_links":{"self":[{"href":"https:\/\/www.asajacyl.com\/palencia\/wp-json\/wp\/v2\/posts\/9505"}],"collection":[{"href":"https:\/\/www.asajacyl.com\/palencia\/wp-json\/wp\/v2\/posts"}],"about":[{"href":"https:\/\/www.asajacyl.com\/palencia\/wp-json\/wp\/v2\/types\/post"}],"author":[{"embeddable":true,"href":"https:\/\/www.asajacyl.com\/palencia\/wp-json\/wp\/v2\/users\/9"}],"replies":[{"embeddable":true,"href":"https:\/\/www.asajacyl.com\/palencia\/wp-json\/wp\/v2\/comments?post=9505"}],"version-history":[{"count":1,"href":"https:\/\/www.asajacyl.com\/palencia\/wp-json\/wp\/v2\/posts\/9505\/revisions"}],"predecessor-version":[{"id":9506,"href":"https:\/\/www.asajacyl.com\/palencia\/wp-json\/wp\/v2\/posts\/9505\/revisions\/9506"}],"wp:featuredmedia":[{"embeddable":true,"href":"https:\/\/www.asajacyl.com\/palencia\/wp-json\/wp\/v2\/media\/9154"}],"wp:attachment":[{"href":"https:\/\/www.asajacyl.com\/palencia\/wp-json\/wp\/v2\/media?parent=9505"}],"wp:term":[{"taxonomy":"category","embeddable":true,"href":"https:\/\/www.asajacyl.com\/palencia\/wp-json\/wp\/v2\/categories?post=9505"},{"taxonomy":"post_tag","embeddable":true,"href":"https:\/\/www.asajacyl.com\/palencia\/wp-json\/wp\/v2\/tags?post=9505"}],"curies":[{"name":"wp","href":"https:\/\/api.w.org\/{rel}","templated":true}]}}