{"id":9507,"date":"2021-12-18T07:04:00","date_gmt":"2021-12-18T06:04:00","guid":{"rendered":"https:\/\/www.asajacyl.com\/palencia\/?p=9507"},"modified":"2021-12-16T13:52:35","modified_gmt":"2021-12-16T12:52:35","slug":"el-dia-20-de-diciembre-finaliza-el-plazo-de-contratacion-de-los-seguros-agrarios","status":"publish","type":"post","link":"https:\/\/www.asajacyl.com\/palencia\/asaja-palencia-informa\/el-dia-20-de-diciembre-finaliza-el-plazo-de-contratacion-de-los-seguros-agrarios","title":{"rendered":"250.000 hect\u00e1reas con cobertura de sequ\u00eda en Palencia, el d\u00eda 20 de diciembre finaliza el plazo de contrataci\u00f3n"},"content":{"rendered":"\n<p>Ya se han alcanzado las 250.000 hect\u00e1reas aseguradas en la provincia, con cobertura de sequ\u00eda, dentro de la l\u00ednea de cultivos herb\u00e1ceos. La media de superficie asegurable de los \u00faltimos a\u00f1os ronda las 362.000 hect\u00e1reas lo que acerca el aseguramiento al 70%. En los \u00faltimos d\u00edas de contrataci\u00f3n se espera superar las 260.000 hect\u00e1reas, cifra que ya se alcanz\u00f3 el pasado a\u00f1o.<\/p>\n\n\n\n<p>El d\u00eda veinte de diciembre finaliza el plazo de contrataci\u00f3n de las l\u00edneas de cultivos herb\u00e1ceos extensivos y de cultivos forrajeros, que son las m\u00e1s extendidas en la provincia de Palencia.<\/p>\n\n\n\n<p>Conviene recordar que estas l\u00edneas son las \u00fanicas que tienen coberturas para los da\u00f1os de fauna salvaje, y por lo tanto todos aquellos agricultores que quieran tener protegidos sus cultivos, de los da\u00f1os que suelen ocasionar topillos, jabal\u00edes, corzos, conejos, &#8230; deben suscribir estas l\u00edneas de seguro hasta el veinte de diciembre.<\/p>\n\n\n\n<p>En cuanto a la cobertura de sequ\u00eda, tambi\u00e9n finaliza el mismo d\u00eda en el caso de los cultivos herb\u00e1ceos as\u00ed como, para las comarcas de Campos y El Cerrato, en el caso del seguro de cultivos forrajeros. Estas dos son las \u00fanicas comarcas de Palencia en las que el seguro de cultivos forrajeros cuenta con cobertura de sequ\u00eda.<\/p>\n","protected":false},"excerpt":{"rendered":"<p>Ya se han alcanzado las 250.000 hect\u00e1reas aseguradas en la provincia, con cobertura de sequ\u00eda, dentro de la l\u00ednea de cultivos herb\u00e1ceos. La media de superficie asegurable de los \u00faltimos a\u00f1os ronda las 362.000 hect\u00e1reas lo que acerca el aseguramiento al 70%. En los \u00faltimos d\u00edas de contrataci\u00f3n se espera superar las 260.000 hect\u00e1reas, cifra [&hellip;]<\/p>\n","protected":false},"author":9,"featured_media":1258,"comment_status":"open","ping_status":"open","sticky":false,"template":"","format":"standard","meta":{"footnotes":""},"categories":[9,29,28],"tags":[],"yoast_head":"<!-- This site is optimized with the Yoast SEO plugin v24.5 - https:\/\/yoast.com\/wordpress\/plugins\/seo\/ -->\n<title>250.000 hect\u00e1reas con cobertura de sequ\u00eda en Palencia, el d\u00eda 20 de diciembre finaliza el plazo de contrataci\u00f3n - ASAJA Palencia<\/title>\n<meta name=\"description\" content=\"Ya se han alcanzado las 250.000 hect\u00e1reas aseguradas en la provincia, con cobertura de sequ\u00eda, dentro de la l\u00ednea de cultivos herb\u00e1ceos. La media de\" \/>\n<meta name=\"robots\" content=\"index, follow, max-snippet:-1, max-image-preview:large, max-video-preview:-1\" \/>\n<link rel=\"canonical\" href=\"https:\/\/www.asajacyl.com\/palencia\/asaja-palencia-informa\/el-dia-20-de-diciembre-finaliza-el-plazo-de-contratacion-de-los-seguros-agrarios\" \/>\n<meta property=\"og:locale\" content=\"es_ES\" \/>\n<meta property=\"og:type\" content=\"article\" \/>\n<meta property=\"og:title\" content=\"250.000 hect\u00e1reas con cobertura de sequ\u00eda en Palencia, el d\u00eda 20 de diciembre finaliza el plazo de contrataci\u00f3n - ASAJA Palencia\" \/>\n<meta property=\"og:description\" content=\"Ya se han alcanzado las 250.000 hect\u00e1reas aseguradas en la provincia, con cobertura de sequ\u00eda, dentro de la l\u00ednea de cultivos herb\u00e1ceos. La media de\" \/>\n<meta property=\"og:url\" content=\"https:\/\/www.asajacyl.com\/palencia\/asaja-palencia-informa\/el-dia-20-de-diciembre-finaliza-el-plazo-de-contratacion-de-los-seguros-agrarios\" \/>\n<meta property=\"og:site_name\" content=\"ASAJA Palencia\" \/>\n<meta property=\"article:published_time\" content=\"2021-12-18T06:04:00+00:00\" \/>\n<meta property=\"og:image\" content=\"https:\/\/www.asajacyl.com\/palencia\/wp-content\/uploads\/sites\/3\/2017\/11\/099_topillos.jpg\" \/>\n\t<meta property=\"og:image:width\" content=\"1599\" \/>\n\t<meta property=\"og:image:height\" content=\"899\" \/>\n\t<meta property=\"og:image:type\" content=\"image\/jpeg\" \/>\n<meta name=\"author\" content=\"Administrador\" \/>\n<meta name=\"twitter:card\" content=\"summary_large_image\" \/>\n<meta name=\"twitter:label1\" content=\"Escrito por\" \/>\n\t<meta name=\"twitter:data1\" content=\"Administrador\" \/>\n\t<meta name=\"twitter:label2\" content=\"Tiempo de lectura\" \/>\n\t<meta name=\"twitter:data2\" content=\"1 minuto\" \/>\n<script type=\"application\/ld+json\" class=\"yoast-schema-graph\">{\"@context\":\"https:\/\/schema.org\",\"@graph\":[{\"@type\":\"WebPage\",\"@id\":\"https:\/\/www.asajacyl.com\/palencia\/asaja-palencia-informa\/el-dia-20-de-diciembre-finaliza-el-plazo-de-contratacion-de-los-seguros-agrarios\",\"url\":\"https:\/\/www.asajacyl.com\/palencia\/asaja-palencia-informa\/el-dia-20-de-diciembre-finaliza-el-plazo-de-contratacion-de-los-seguros-agrarios\",\"name\":\"250.000 hect\u00e1reas con cobertura de sequ\u00eda en Palencia, el d\u00eda 20 de diciembre finaliza el plazo de contrataci\u00f3n - ASAJA Palencia\",\"isPartOf\":{\"@id\":\"https:\/\/www.asajacyl.com\/palencia\/#website\"},\"primaryImageOfPage\":{\"@id\":\"https:\/\/www.asajacyl.com\/palencia\/asaja-palencia-informa\/el-dia-20-de-diciembre-finaliza-el-plazo-de-contratacion-de-los-seguros-agrarios#primaryimage\"},\"image\":{\"@id\":\"https:\/\/www.asajacyl.com\/palencia\/asaja-palencia-informa\/el-dia-20-de-diciembre-finaliza-el-plazo-de-contratacion-de-los-seguros-agrarios#primaryimage\"},\"thumbnailUrl\":\"https:\/\/www.asajacyl.com\/palencia\/wp-content\/uploads\/sites\/3\/2017\/11\/099_topillos.jpg\",\"datePublished\":\"2021-12-18T06:04:00+00:00\",\"author\":{\"@id\":\"https:\/\/www.asajacyl.com\/palencia\/#\/schema\/person\/3ab17aeb03527485c317557fae64aab1\"},\"description\":\"Ya se han alcanzado las 250.000 hect\u00e1reas aseguradas en la provincia, con cobertura de sequ\u00eda, dentro de la l\u00ednea de cultivos herb\u00e1ceos. La media de\",\"breadcrumb\":{\"@id\":\"https:\/\/www.asajacyl.com\/palencia\/asaja-palencia-informa\/el-dia-20-de-diciembre-finaliza-el-plazo-de-contratacion-de-los-seguros-agrarios#breadcrumb\"},\"inLanguage\":\"es\",\"potentialAction\":[{\"@type\":\"ReadAction\",\"target\":[\"https:\/\/www.asajacyl.com\/palencia\/asaja-palencia-informa\/el-dia-20-de-diciembre-finaliza-el-plazo-de-contratacion-de-los-seguros-agrarios\"]}]},{\"@type\":\"ImageObject\",\"inLanguage\":\"es\",\"@id\":\"https:\/\/www.asajacyl.com\/palencia\/asaja-palencia-informa\/el-dia-20-de-diciembre-finaliza-el-plazo-de-contratacion-de-los-seguros-agrarios#primaryimage\",\"url\":\"https:\/\/www.asajacyl.com\/palencia\/wp-content\/uploads\/sites\/3\/2017\/11\/099_topillos.jpg\",\"contentUrl\":\"https:\/\/www.asajacyl.com\/palencia\/wp-content\/uploads\/sites\/3\/2017\/11\/099_topillos.jpg\",\"width\":1599,\"height\":899},{\"@type\":\"BreadcrumbList\",\"@id\":\"https:\/\/www.asajacyl.com\/palencia\/asaja-palencia-informa\/el-dia-20-de-diciembre-finaliza-el-plazo-de-contratacion-de-los-seguros-agrarios#breadcrumb\",\"itemListElement\":[{\"@type\":\"ListItem\",\"position\":1,\"name\":\"Portada\",\"item\":\"https:\/\/www.asajacyl.com\/palencia\/\"},{\"@type\":\"ListItem\",\"position\":2,\"name\":\"250.000 hect\u00e1reas con cobertura de sequ\u00eda en Palencia, el d\u00eda 20 de diciembre finaliza el plazo de contrataci\u00f3n\"}]},{\"@type\":\"WebSite\",\"@id\":\"https:\/\/www.asajacyl.com\/palencia\/#website\",\"url\":\"https:\/\/www.asajacyl.com\/palencia\/\",\"name\":\"ASAJA Palencia\",\"description\":\"Otro sitio m\u00e1s de Provincias ASAJA Castilla y Le\u00f3n\",\"potentialAction\":[{\"@type\":\"SearchAction\",\"target\":{\"@type\":\"EntryPoint\",\"urlTemplate\":\"https:\/\/www.asajacyl.com\/palencia\/?s={search_term_string}\"},\"query-input\":{\"@type\":\"PropertyValueSpecification\",\"valueRequired\":true,\"valueName\":\"search_term_string\"}}],\"inLanguage\":\"es\"},{\"@type\":\"Person\",\"@id\":\"https:\/\/www.asajacyl.com\/palencia\/#\/schema\/person\/3ab17aeb03527485c317557fae64aab1\",\"name\":\"Administrador\",\"image\":{\"@type\":\"ImageObject\",\"inLanguage\":\"es\",\"@id\":\"https:\/\/www.asajacyl.com\/palencia\/#\/schema\/person\/image\/\",\"url\":\"https:\/\/secure.gravatar.com\/avatar\/517384810d242ca9e38c180f3c9fb973?s=96&d=mm&r=g\",\"contentUrl\":\"https:\/\/secure.gravatar.com\/avatar\/517384810d242ca9e38c180f3c9fb973?s=96&d=mm&r=g\",\"caption\":\"Administrador\"},\"url\":\"https:\/\/www.asajacyl.com\/palencia\/author\/carlosrm\"}]}<\/script>\n<!-- \/ Yoast SEO plugin. -->","yoast_head_json":{"title":"250.000 hect\u00e1reas con cobertura de sequ\u00eda en Palencia, el d\u00eda 20 de diciembre finaliza el plazo de contrataci\u00f3n - ASAJA Palencia","description":"Ya se han alcanzado las 250.000 hect\u00e1reas aseguradas en la provincia, con cobertura de sequ\u00eda, dentro de la l\u00ednea de cultivos herb\u00e1ceos. La media de","robots":{"index":"index","follow":"follow","max-snippet":"max-snippet:-1","max-image-preview":"max-image-preview:large","max-video-preview":"max-video-preview:-1"},"canonical":"https:\/\/www.asajacyl.com\/palencia\/asaja-palencia-informa\/el-dia-20-de-diciembre-finaliza-el-plazo-de-contratacion-de-los-seguros-agrarios","og_locale":"es_ES","og_type":"article","og_title":"250.000 hect\u00e1reas con cobertura de sequ\u00eda en Palencia, el d\u00eda 20 de diciembre finaliza el plazo de contrataci\u00f3n - ASAJA Palencia","og_description":"Ya se han alcanzado las 250.000 hect\u00e1reas aseguradas en la provincia, con cobertura de sequ\u00eda, dentro de la l\u00ednea de cultivos herb\u00e1ceos. La media de","og_url":"https:\/\/www.asajacyl.com\/palencia\/asaja-palencia-informa\/el-dia-20-de-diciembre-finaliza-el-plazo-de-contratacion-de-los-seguros-agrarios","og_site_name":"ASAJA Palencia","article_published_time":"2021-12-18T06:04:00+00:00","og_image":[{"width":1599,"height":899,"url":"https:\/\/www.asajacyl.com\/palencia\/wp-content\/uploads\/sites\/3\/2017\/11\/099_topillos.jpg","type":"image\/jpeg"}],"author":"Administrador","twitter_card":"summary_large_image","twitter_misc":{"Escrito por":"Administrador","Tiempo de lectura":"1 minuto"},"schema":{"@context":"https:\/\/schema.org","@graph":[{"@type":"WebPage","@id":"https:\/\/www.asajacyl.com\/palencia\/asaja-palencia-informa\/el-dia-20-de-diciembre-finaliza-el-plazo-de-contratacion-de-los-seguros-agrarios","url":"https:\/\/www.asajacyl.com\/palencia\/asaja-palencia-informa\/el-dia-20-de-diciembre-finaliza-el-plazo-de-contratacion-de-los-seguros-agrarios","name":"250.000 hect\u00e1reas con cobertura de sequ\u00eda en Palencia, el d\u00eda 20 de diciembre finaliza el plazo de contrataci\u00f3n - ASAJA Palencia","isPartOf":{"@id":"https:\/\/www.asajacyl.com\/palencia\/#website"},"primaryImageOfPage":{"@id":"https:\/\/www.asajacyl.com\/palencia\/asaja-palencia-informa\/el-dia-20-de-diciembre-finaliza-el-plazo-de-contratacion-de-los-seguros-agrarios#primaryimage"},"image":{"@id":"https:\/\/www.asajacyl.com\/palencia\/asaja-palencia-informa\/el-dia-20-de-diciembre-finaliza-el-plazo-de-contratacion-de-los-seguros-agrarios#primaryimage"},"thumbnailUrl":"https:\/\/www.asajacyl.com\/palencia\/wp-content\/uploads\/sites\/3\/2017\/11\/099_topillos.jpg","datePublished":"2021-12-18T06:04:00+00:00","author":{"@id":"https:\/\/www.asajacyl.com\/palencia\/#\/schema\/person\/3ab17aeb03527485c317557fae64aab1"},"description":"Ya se han alcanzado las 250.000 hect\u00e1reas aseguradas en la provincia, con cobertura de sequ\u00eda, dentro de la l\u00ednea de cultivos herb\u00e1ceos. La media de","breadcrumb":{"@id":"https:\/\/www.asajacyl.com\/palencia\/asaja-palencia-informa\/el-dia-20-de-diciembre-finaliza-el-plazo-de-contratacion-de-los-seguros-agrarios#breadcrumb"},"inLanguage":"es","potentialAction":[{"@type":"ReadAction","target":["https:\/\/www.asajacyl.com\/palencia\/asaja-palencia-informa\/el-dia-20-de-diciembre-finaliza-el-plazo-de-contratacion-de-los-seguros-agrarios"]}]},{"@type":"ImageObject","inLanguage":"es","@id":"https:\/\/www.asajacyl.com\/palencia\/asaja-palencia-informa\/el-dia-20-de-diciembre-finaliza-el-plazo-de-contratacion-de-los-seguros-agrarios#primaryimage","url":"https:\/\/www.asajacyl.com\/palencia\/wp-content\/uploads\/sites\/3\/2017\/11\/099_topillos.jpg","contentUrl":"https:\/\/www.asajacyl.com\/palencia\/wp-content\/uploads\/sites\/3\/2017\/11\/099_topillos.jpg","width":1599,"height":899},{"@type":"BreadcrumbList","@id":"https:\/\/www.asajacyl.com\/palencia\/asaja-palencia-informa\/el-dia-20-de-diciembre-finaliza-el-plazo-de-contratacion-de-los-seguros-agrarios#breadcrumb","itemListElement":[{"@type":"ListItem","position":1,"name":"Portada","item":"https:\/\/www.asajacyl.com\/palencia\/"},{"@type":"ListItem","position":2,"name":"250.000 hect\u00e1reas con cobertura de sequ\u00eda en Palencia, el d\u00eda 20 de diciembre finaliza el plazo de contrataci\u00f3n"}]},{"@type":"WebSite","@id":"https:\/\/www.asajacyl.com\/palencia\/#website","url":"https:\/\/www.asajacyl.com\/palencia\/","name":"ASAJA Palencia","description":"Otro sitio m\u00e1s de Provincias ASAJA Castilla y Le\u00f3n","potentialAction":[{"@type":"SearchAction","target":{"@type":"EntryPoint","urlTemplate":"https:\/\/www.asajacyl.com\/palencia\/?s={search_term_string}"},"query-input":{"@type":"PropertyValueSpecification","valueRequired":true,"valueName":"search_term_string"}}],"inLanguage":"es"},{"@type":"Person","@id":"https:\/\/www.asajacyl.com\/palencia\/#\/schema\/person\/3ab17aeb03527485c317557fae64aab1","name":"Administrador","image":{"@type":"ImageObject","inLanguage":"es","@id":"https:\/\/www.asajacyl.com\/palencia\/#\/schema\/person\/image\/","url":"https:\/\/secure.gravatar.com\/avatar\/517384810d242ca9e38c180f3c9fb973?s=96&d=mm&r=g","contentUrl":"https:\/\/secure.gravatar.com\/avatar\/517384810d242ca9e38c180f3c9fb973?s=96&d=mm&r=g","caption":"Administrador"},"url":"https:\/\/www.asajacyl.com\/palencia\/author\/carlosrm"}]}},"_links":{"self":[{"href":"https:\/\/www.asajacyl.com\/palencia\/wp-json\/wp\/v2\/posts\/9507"}],"collection":[{"href":"https:\/\/www.asajacyl.com\/palencia\/wp-json\/wp\/v2\/posts"}],"about":[{"href":"https:\/\/www.asajacyl.com\/palencia\/wp-json\/wp\/v2\/types\/post"}],"author":[{"embeddable":true,"href":"https:\/\/www.asajacyl.com\/palencia\/wp-json\/wp\/v2\/users\/9"}],"replies":[{"embeddable":true,"href":"https:\/\/www.asajacyl.com\/palencia\/wp-json\/wp\/v2\/comments?post=9507"}],"version-history":[{"count":2,"href":"https:\/\/www.asajacyl.com\/palencia\/wp-json\/wp\/v2\/posts\/9507\/revisions"}],"predecessor-version":[{"id":9518,"href":"https:\/\/www.asajacyl.com\/palencia\/wp-json\/wp\/v2\/posts\/9507\/revisions\/9518"}],"wp:featuredmedia":[{"embeddable":true,"href":"https:\/\/www.asajacyl.com\/palencia\/wp-json\/wp\/v2\/media\/1258"}],"wp:attachment":[{"href":"https:\/\/www.asajacyl.com\/palencia\/wp-json\/wp\/v2\/media?parent=9507"}],"wp:term":[{"taxonomy":"category","embeddable":true,"href":"https:\/\/www.asajacyl.com\/palencia\/wp-json\/wp\/v2\/categories?post=9507"},{"taxonomy":"post_tag","embeddable":true,"href":"https:\/\/www.asajacyl.com\/palencia\/wp-json\/wp\/v2\/tags?post=9507"}],"curies":[{"name":"wp","href":"https:\/\/api.w.org\/{rel}","templated":true}]}}