{"id":9509,"date":"2021-12-16T07:26:55","date_gmt":"2021-12-16T06:26:55","guid":{"rendered":"https:\/\/www.asajacyl.com\/palencia\/?p=9509"},"modified":"2021-12-17T09:49:00","modified_gmt":"2021-12-17T08:49:00","slug":"ayer-se-reunion-la-junta-provincial-de-asaja-palencia","status":"publish","type":"post","link":"https:\/\/www.asajacyl.com\/palencia\/asaja-palencia-informa\/ayer-se-reunion-la-junta-provincial-de-asaja-palencia","title":{"rendered":"Ayer se reuni\u00f3 la Junta Provincial de ASAJA-Palencia"},"content":{"rendered":"\n<p>En el d\u00eda de ayer, la Junta Provincial de ASAJA, conformada por m\u00e1s de sesenta agricultores y ganaderos, que representan a las diferentes comarcas agrarias de Palencia, se ha reunido en las aulas de formaci\u00f3n de la asociaci\u00f3n, cumpliendo con las preceptivas medidas de seguridad.<\/p>\n\n\n\n<p>Durante la reuni\u00f3n se han abordado diferentes temas de actualidad que afectan a la provincia de Palencia. Entre ellos destaca el paup\u00e9rrimo estado de las ganader\u00edas de vacuno de leche de la provincia, el fatal Plan Hidrol\u00f3gico del Duero planteado por Confederaci\u00f3n Hidrogr\u00e1fica del Duero, el da\u00f1o que traer\u00e1 para el agricultor profesional la futura PAC y para la productividad de las explotaciones y la necesidad de movilizaciones cuando lo permita la pandemia de COVID-19 que vivimos. Adem\u00e1s, los representantes de las ramas sectoriales han informado de las novedades existentes en sus sectores.<\/p>\n\n\n\n<p>La Junta Provincial ha transcurrido tras la rueda de prensa ofrecida por el presidente de ASAJA-Palencia, Honorato Meneses, el vicepresidente, Jos\u00e9 Luis Marcos, y el presidente de ASAJA Castilla y Le\u00f3n. En ella principalmente se ha expuesto a los medios de comunicaci\u00f3n el balance agrario del a\u00f1o en la provincia de Palencia, la disconformidad con el Plan Hidrol\u00f3gico del Duero que se plantea y el desprop\u00f3sito que va a suponer para el agricultor profesional la nueva PAC.<\/p>\n\n\n\n<figure class=\"wp-block-image size-large is-resized\"><img decoding=\"async\" src=\"https:\/\/www.asajacyl.com\/palencia\/wp-content\/uploads\/sites\/3\/2021\/12\/IMG_6170-edited.jpg\" alt=\"\" class=\"wp-image-9511\" width=\"980\" srcset=\"https:\/\/www.asajacyl.com\/palencia\/wp-content\/uploads\/sites\/3\/2021\/12\/IMG_6170-edited.jpg 2016w, https:\/\/www.asajacyl.com\/palencia\/wp-content\/uploads\/sites\/3\/2021\/12\/IMG_6170-edited-300x169.jpg 300w, https:\/\/www.asajacyl.com\/palencia\/wp-content\/uploads\/sites\/3\/2021\/12\/IMG_6170-edited-1024x575.jpg 1024w, https:\/\/www.asajacyl.com\/palencia\/wp-content\/uploads\/sites\/3\/2021\/12\/IMG_6170-edited-768x432.jpg 768w, https:\/\/www.asajacyl.com\/palencia\/wp-content\/uploads\/sites\/3\/2021\/12\/IMG_6170-edited-1536x863.jpg 1536w, https:\/\/www.asajacyl.com\/palencia\/wp-content\/uploads\/sites\/3\/2021\/12\/IMG_6170-edited-696x391.jpg 696w, https:\/\/www.asajacyl.com\/palencia\/wp-content\/uploads\/sites\/3\/2021\/12\/IMG_6170-edited-1068x600.jpg 1068w, https:\/\/www.asajacyl.com\/palencia\/wp-content\/uploads\/sites\/3\/2021\/12\/IMG_6170-edited-1920x1079.jpg 1920w, https:\/\/www.asajacyl.com\/palencia\/wp-content\/uploads\/sites\/3\/2021\/12\/IMG_6170-edited-747x420.jpg 747w\" sizes=\"(max-width: 2016px) 100vw, 2016px\" \/><\/figure>\n","protected":false},"excerpt":{"rendered":"<p>En el d\u00eda de ayer, la Junta Provincial de ASAJA, conformada por m\u00e1s de sesenta agricultores y ganaderos, que representan a las diferentes comarcas agrarias de Palencia, se ha reunido en las aulas de formaci\u00f3n de la asociaci\u00f3n, cumpliendo con las preceptivas medidas de seguridad. Durante la reuni\u00f3n se han abordado diferentes temas de actualidad [&hellip;]<\/p>\n","protected":false},"author":9,"featured_media":9511,"comment_status":"open","ping_status":"open","sticky":false,"template":"","format":"standard","meta":{"footnotes":""},"categories":[9,29,28],"tags":[],"yoast_head":"<!-- This site is optimized with the Yoast SEO plugin v24.5 - https:\/\/yoast.com\/wordpress\/plugins\/seo\/ -->\n<title>Ayer se reuni\u00f3 la Junta Provincial de ASAJA-Palencia - ASAJA Palencia<\/title>\n<meta name=\"description\" content=\"En el d\u00eda de ayer, la Junta Provincial de ASAJA, conformada por m\u00e1s de sesenta agricultores y ganaderos, que representan a las diferentes comarcas\" \/>\n<meta name=\"robots\" content=\"index, follow, max-snippet:-1, max-image-preview:large, max-video-preview:-1\" \/>\n<link rel=\"canonical\" href=\"https:\/\/www.asajacyl.com\/palencia\/asaja-palencia-informa\/ayer-se-reunion-la-junta-provincial-de-asaja-palencia\" \/>\n<meta property=\"og:locale\" content=\"es_ES\" \/>\n<meta property=\"og:type\" content=\"article\" \/>\n<meta property=\"og:title\" content=\"Ayer se reuni\u00f3 la Junta Provincial de ASAJA-Palencia - ASAJA Palencia\" \/>\n<meta property=\"og:description\" content=\"En el d\u00eda de ayer, la Junta Provincial de ASAJA, conformada por m\u00e1s de sesenta agricultores y ganaderos, que representan a las diferentes comarcas\" \/>\n<meta property=\"og:url\" content=\"https:\/\/www.asajacyl.com\/palencia\/asaja-palencia-informa\/ayer-se-reunion-la-junta-provincial-de-asaja-palencia\" \/>\n<meta property=\"og:site_name\" content=\"ASAJA Palencia\" \/>\n<meta property=\"article:published_time\" content=\"2021-12-16T06:26:55+00:00\" \/>\n<meta property=\"article:modified_time\" content=\"2021-12-17T08:49:00+00:00\" \/>\n<meta property=\"og:image\" content=\"https:\/\/www.asajacyl.com\/palencia\/wp-content\/uploads\/sites\/3\/2021\/12\/IMG_6170-edited.jpg\" \/>\n\t<meta property=\"og:image:width\" content=\"2016\" \/>\n\t<meta property=\"og:image:height\" content=\"1133\" \/>\n\t<meta property=\"og:image:type\" content=\"image\/jpeg\" \/>\n<meta name=\"author\" content=\"Administrador\" \/>\n<meta name=\"twitter:card\" content=\"summary_large_image\" \/>\n<meta name=\"twitter:label1\" content=\"Escrito por\" \/>\n\t<meta name=\"twitter:data1\" content=\"Administrador\" \/>\n\t<meta name=\"twitter:label2\" content=\"Tiempo de lectura\" \/>\n\t<meta name=\"twitter:data2\" content=\"2 minutos\" \/>\n<script type=\"application\/ld+json\" class=\"yoast-schema-graph\">{\"@context\":\"https:\/\/schema.org\",\"@graph\":[{\"@type\":\"WebPage\",\"@id\":\"https:\/\/www.asajacyl.com\/palencia\/asaja-palencia-informa\/ayer-se-reunion-la-junta-provincial-de-asaja-palencia\",\"url\":\"https:\/\/www.asajacyl.com\/palencia\/asaja-palencia-informa\/ayer-se-reunion-la-junta-provincial-de-asaja-palencia\",\"name\":\"Ayer se reuni\u00f3 la Junta Provincial de ASAJA-Palencia - ASAJA Palencia\",\"isPartOf\":{\"@id\":\"https:\/\/www.asajacyl.com\/palencia\/#website\"},\"primaryImageOfPage\":{\"@id\":\"https:\/\/www.asajacyl.com\/palencia\/asaja-palencia-informa\/ayer-se-reunion-la-junta-provincial-de-asaja-palencia#primaryimage\"},\"image\":{\"@id\":\"https:\/\/www.asajacyl.com\/palencia\/asaja-palencia-informa\/ayer-se-reunion-la-junta-provincial-de-asaja-palencia#primaryimage\"},\"thumbnailUrl\":\"https:\/\/www.asajacyl.com\/palencia\/wp-content\/uploads\/sites\/3\/2021\/12\/IMG_6170-edited.jpg\",\"datePublished\":\"2021-12-16T06:26:55+00:00\",\"dateModified\":\"2021-12-17T08:49:00+00:00\",\"author\":{\"@id\":\"https:\/\/www.asajacyl.com\/palencia\/#\/schema\/person\/3ab17aeb03527485c317557fae64aab1\"},\"description\":\"En el d\u00eda de ayer, la Junta Provincial de ASAJA, conformada por m\u00e1s de sesenta agricultores y ganaderos, que representan a las diferentes comarcas\",\"breadcrumb\":{\"@id\":\"https:\/\/www.asajacyl.com\/palencia\/asaja-palencia-informa\/ayer-se-reunion-la-junta-provincial-de-asaja-palencia#breadcrumb\"},\"inLanguage\":\"es\",\"potentialAction\":[{\"@type\":\"ReadAction\",\"target\":[\"https:\/\/www.asajacyl.com\/palencia\/asaja-palencia-informa\/ayer-se-reunion-la-junta-provincial-de-asaja-palencia\"]}]},{\"@type\":\"ImageObject\",\"inLanguage\":\"es\",\"@id\":\"https:\/\/www.asajacyl.com\/palencia\/asaja-palencia-informa\/ayer-se-reunion-la-junta-provincial-de-asaja-palencia#primaryimage\",\"url\":\"https:\/\/www.asajacyl.com\/palencia\/wp-content\/uploads\/sites\/3\/2021\/12\/IMG_6170-edited.jpg\",\"contentUrl\":\"https:\/\/www.asajacyl.com\/palencia\/wp-content\/uploads\/sites\/3\/2021\/12\/IMG_6170-edited.jpg\",\"width\":2016,\"height\":1133},{\"@type\":\"BreadcrumbList\",\"@id\":\"https:\/\/www.asajacyl.com\/palencia\/asaja-palencia-informa\/ayer-se-reunion-la-junta-provincial-de-asaja-palencia#breadcrumb\",\"itemListElement\":[{\"@type\":\"ListItem\",\"position\":1,\"name\":\"Portada\",\"item\":\"https:\/\/www.asajacyl.com\/palencia\/\"},{\"@type\":\"ListItem\",\"position\":2,\"name\":\"Ayer se reuni\u00f3 la Junta Provincial de ASAJA-Palencia\"}]},{\"@type\":\"WebSite\",\"@id\":\"https:\/\/www.asajacyl.com\/palencia\/#website\",\"url\":\"https:\/\/www.asajacyl.com\/palencia\/\",\"name\":\"ASAJA Palencia\",\"description\":\"Otro sitio m\u00e1s de Provincias ASAJA Castilla y Le\u00f3n\",\"potentialAction\":[{\"@type\":\"SearchAction\",\"target\":{\"@type\":\"EntryPoint\",\"urlTemplate\":\"https:\/\/www.asajacyl.com\/palencia\/?s={search_term_string}\"},\"query-input\":{\"@type\":\"PropertyValueSpecification\",\"valueRequired\":true,\"valueName\":\"search_term_string\"}}],\"inLanguage\":\"es\"},{\"@type\":\"Person\",\"@id\":\"https:\/\/www.asajacyl.com\/palencia\/#\/schema\/person\/3ab17aeb03527485c317557fae64aab1\",\"name\":\"Administrador\",\"image\":{\"@type\":\"ImageObject\",\"inLanguage\":\"es\",\"@id\":\"https:\/\/www.asajacyl.com\/palencia\/#\/schema\/person\/image\/\",\"url\":\"https:\/\/secure.gravatar.com\/avatar\/517384810d242ca9e38c180f3c9fb973?s=96&d=mm&r=g\",\"contentUrl\":\"https:\/\/secure.gravatar.com\/avatar\/517384810d242ca9e38c180f3c9fb973?s=96&d=mm&r=g\",\"caption\":\"Administrador\"},\"url\":\"https:\/\/www.asajacyl.com\/palencia\/author\/carlosrm\"}]}<\/script>\n<!-- \/ Yoast SEO plugin. -->","yoast_head_json":{"title":"Ayer se reuni\u00f3 la Junta Provincial de ASAJA-Palencia - ASAJA Palencia","description":"En el d\u00eda de ayer, la Junta Provincial de ASAJA, conformada por m\u00e1s de sesenta agricultores y ganaderos, que representan a las diferentes comarcas","robots":{"index":"index","follow":"follow","max-snippet":"max-snippet:-1","max-image-preview":"max-image-preview:large","max-video-preview":"max-video-preview:-1"},"canonical":"https:\/\/www.asajacyl.com\/palencia\/asaja-palencia-informa\/ayer-se-reunion-la-junta-provincial-de-asaja-palencia","og_locale":"es_ES","og_type":"article","og_title":"Ayer se reuni\u00f3 la Junta Provincial de ASAJA-Palencia - ASAJA Palencia","og_description":"En el d\u00eda de ayer, la Junta Provincial de ASAJA, conformada por m\u00e1s de sesenta agricultores y ganaderos, que representan a las diferentes comarcas","og_url":"https:\/\/www.asajacyl.com\/palencia\/asaja-palencia-informa\/ayer-se-reunion-la-junta-provincial-de-asaja-palencia","og_site_name":"ASAJA Palencia","article_published_time":"2021-12-16T06:26:55+00:00","article_modified_time":"2021-12-17T08:49:00+00:00","og_image":[{"width":2016,"height":1133,"url":"https:\/\/www.asajacyl.com\/palencia\/wp-content\/uploads\/sites\/3\/2021\/12\/IMG_6170-edited.jpg","type":"image\/jpeg"}],"author":"Administrador","twitter_card":"summary_large_image","twitter_misc":{"Escrito por":"Administrador","Tiempo de lectura":"2 minutos"},"schema":{"@context":"https:\/\/schema.org","@graph":[{"@type":"WebPage","@id":"https:\/\/www.asajacyl.com\/palencia\/asaja-palencia-informa\/ayer-se-reunion-la-junta-provincial-de-asaja-palencia","url":"https:\/\/www.asajacyl.com\/palencia\/asaja-palencia-informa\/ayer-se-reunion-la-junta-provincial-de-asaja-palencia","name":"Ayer se reuni\u00f3 la Junta Provincial de ASAJA-Palencia - ASAJA Palencia","isPartOf":{"@id":"https:\/\/www.asajacyl.com\/palencia\/#website"},"primaryImageOfPage":{"@id":"https:\/\/www.asajacyl.com\/palencia\/asaja-palencia-informa\/ayer-se-reunion-la-junta-provincial-de-asaja-palencia#primaryimage"},"image":{"@id":"https:\/\/www.asajacyl.com\/palencia\/asaja-palencia-informa\/ayer-se-reunion-la-junta-provincial-de-asaja-palencia#primaryimage"},"thumbnailUrl":"https:\/\/www.asajacyl.com\/palencia\/wp-content\/uploads\/sites\/3\/2021\/12\/IMG_6170-edited.jpg","datePublished":"2021-12-16T06:26:55+00:00","dateModified":"2021-12-17T08:49:00+00:00","author":{"@id":"https:\/\/www.asajacyl.com\/palencia\/#\/schema\/person\/3ab17aeb03527485c317557fae64aab1"},"description":"En el d\u00eda de ayer, la Junta Provincial de ASAJA, conformada por m\u00e1s de sesenta agricultores y ganaderos, que representan a las diferentes comarcas","breadcrumb":{"@id":"https:\/\/www.asajacyl.com\/palencia\/asaja-palencia-informa\/ayer-se-reunion-la-junta-provincial-de-asaja-palencia#breadcrumb"},"inLanguage":"es","potentialAction":[{"@type":"ReadAction","target":["https:\/\/www.asajacyl.com\/palencia\/asaja-palencia-informa\/ayer-se-reunion-la-junta-provincial-de-asaja-palencia"]}]},{"@type":"ImageObject","inLanguage":"es","@id":"https:\/\/www.asajacyl.com\/palencia\/asaja-palencia-informa\/ayer-se-reunion-la-junta-provincial-de-asaja-palencia#primaryimage","url":"https:\/\/www.asajacyl.com\/palencia\/wp-content\/uploads\/sites\/3\/2021\/12\/IMG_6170-edited.jpg","contentUrl":"https:\/\/www.asajacyl.com\/palencia\/wp-content\/uploads\/sites\/3\/2021\/12\/IMG_6170-edited.jpg","width":2016,"height":1133},{"@type":"BreadcrumbList","@id":"https:\/\/www.asajacyl.com\/palencia\/asaja-palencia-informa\/ayer-se-reunion-la-junta-provincial-de-asaja-palencia#breadcrumb","itemListElement":[{"@type":"ListItem","position":1,"name":"Portada","item":"https:\/\/www.asajacyl.com\/palencia\/"},{"@type":"ListItem","position":2,"name":"Ayer se reuni\u00f3 la Junta Provincial de ASAJA-Palencia"}]},{"@type":"WebSite","@id":"https:\/\/www.asajacyl.com\/palencia\/#website","url":"https:\/\/www.asajacyl.com\/palencia\/","name":"ASAJA Palencia","description":"Otro sitio m\u00e1s de Provincias ASAJA Castilla y Le\u00f3n","potentialAction":[{"@type":"SearchAction","target":{"@type":"EntryPoint","urlTemplate":"https:\/\/www.asajacyl.com\/palencia\/?s={search_term_string}"},"query-input":{"@type":"PropertyValueSpecification","valueRequired":true,"valueName":"search_term_string"}}],"inLanguage":"es"},{"@type":"Person","@id":"https:\/\/www.asajacyl.com\/palencia\/#\/schema\/person\/3ab17aeb03527485c317557fae64aab1","name":"Administrador","image":{"@type":"ImageObject","inLanguage":"es","@id":"https:\/\/www.asajacyl.com\/palencia\/#\/schema\/person\/image\/","url":"https:\/\/secure.gravatar.com\/avatar\/517384810d242ca9e38c180f3c9fb973?s=96&d=mm&r=g","contentUrl":"https:\/\/secure.gravatar.com\/avatar\/517384810d242ca9e38c180f3c9fb973?s=96&d=mm&r=g","caption":"Administrador"},"url":"https:\/\/www.asajacyl.com\/palencia\/author\/carlosrm"}]}},"_links":{"self":[{"href":"https:\/\/www.asajacyl.com\/palencia\/wp-json\/wp\/v2\/posts\/9509"}],"collection":[{"href":"https:\/\/www.asajacyl.com\/palencia\/wp-json\/wp\/v2\/posts"}],"about":[{"href":"https:\/\/www.asajacyl.com\/palencia\/wp-json\/wp\/v2\/types\/post"}],"author":[{"embeddable":true,"href":"https:\/\/www.asajacyl.com\/palencia\/wp-json\/wp\/v2\/users\/9"}],"replies":[{"embeddable":true,"href":"https:\/\/www.asajacyl.com\/palencia\/wp-json\/wp\/v2\/comments?post=9509"}],"version-history":[{"count":2,"href":"https:\/\/www.asajacyl.com\/palencia\/wp-json\/wp\/v2\/posts\/9509\/revisions"}],"predecessor-version":[{"id":9523,"href":"https:\/\/www.asajacyl.com\/palencia\/wp-json\/wp\/v2\/posts\/9509\/revisions\/9523"}],"wp:featuredmedia":[{"embeddable":true,"href":"https:\/\/www.asajacyl.com\/palencia\/wp-json\/wp\/v2\/media\/9511"}],"wp:attachment":[{"href":"https:\/\/www.asajacyl.com\/palencia\/wp-json\/wp\/v2\/media?parent=9509"}],"wp:term":[{"taxonomy":"category","embeddable":true,"href":"https:\/\/www.asajacyl.com\/palencia\/wp-json\/wp\/v2\/categories?post=9509"},{"taxonomy":"post_tag","embeddable":true,"href":"https:\/\/www.asajacyl.com\/palencia\/wp-json\/wp\/v2\/tags?post=9509"}],"curies":[{"name":"wp","href":"https:\/\/api.w.org\/{rel}","templated":true}]}}