{"id":9513,"date":"2021-12-16T09:15:56","date_gmt":"2021-12-16T08:15:56","guid":{"rendered":"https:\/\/www.asajacyl.com\/palencia\/?p=9513"},"modified":"2021-12-16T09:15:57","modified_gmt":"2021-12-16T08:15:57","slug":"el-nuevo-plan-renove-tendra-un-presupuesto-de-95-millones-tres-mas-que-el-que-se-aprobo-para-este-ano","status":"publish","type":"post","link":"https:\/\/www.asajacyl.com\/palencia\/asaja-palencia-informa\/el-nuevo-plan-renove-tendra-un-presupuesto-de-95-millones-tres-mas-que-el-que-se-aprobo-para-este-ano","title":{"rendered":"El nuevo Plan Renove tendr\u00e1 un presupuesto de 9,5 millones, tres m\u00e1s que el que se aprob\u00f3 para este a\u00f1o"},"content":{"rendered":"\n<p>El ministro de Agricultura, Pesca y Alimentaci\u00f3n, Luis Planas, anunci\u00f3 que el nuevo Plan Renove para el a\u00f1o 2022, contar\u00e1 con un presupuesto de 9,5 millones para la renovaci\u00f3n de la maquinaria agr\u00edcola, tres millones m\u00e1s que el pasado a\u00f1o.<\/p>\n\n\n\n<p>No se ha especificado ninguna de las caracter\u00edsticas que tendr\u00e1 este nuevo plan, ni siquiera las fechas en las que se pondr\u00e1 en marcha, aunque est\u00e1 previsto ampliar el tipo de maquinaria subvencionable, aumentando la cuant\u00eda de las ayudas y abre la puerta a otras formas de adquisici\u00f3n como leasing o renting.<\/p>\n\n\n\n<p>Planas solo se limit\u00f3 a citar que habr\u00e1 un presupuesto de 9,5 millones, como gesto del compromiso del Ejecutivo y su Ministerio para dar soluciones a los problemas de los bajos precios y el incremento de los costes de producci\u00f3n que padece el campo espa\u00f1ol.<\/p>\n\n\n\n<p>El ministro no dio explicaci\u00f3n alguna sobre el procedimiento de tramitaci\u00f3n que tendr\u00e1n estas ayudas, algo que no ha funcionado bien hasta la fecha y ha sido denunciado por ASAJA repetidamente. Es vergonzoso que estas ayudas se aprueben por orden de presentaci\u00f3n y se produzca a\u00f1o tras a\u00f1o una carrera en la tramitaci\u00f3n que no favorece a nadie y que da al traste con las expectativas de muchos agricultores.<\/p>\n","protected":false},"excerpt":{"rendered":"<p>El ministro de Agricultura, Pesca y Alimentaci\u00f3n, Luis Planas, anunci\u00f3 que el nuevo Plan Renove para el a\u00f1o 2022, contar\u00e1 con un presupuesto de 9,5 millones para la renovaci\u00f3n de la maquinaria agr\u00edcola, tres millones m\u00e1s que el pasado a\u00f1o. No se ha especificado ninguna de las caracter\u00edsticas que tendr\u00e1 este nuevo plan, ni siquiera [&hellip;]<\/p>\n","protected":false},"author":9,"featured_media":9146,"comment_status":"open","ping_status":"open","sticky":false,"template":"","format":"standard","meta":{"footnotes":""},"categories":[9,29,28],"tags":[],"yoast_head":"<!-- This site is optimized with the Yoast SEO plugin v24.5 - https:\/\/yoast.com\/wordpress\/plugins\/seo\/ -->\n<title>El nuevo Plan Renove tendr\u00e1 un presupuesto de 9,5 millones, tres m\u00e1s que el que se aprob\u00f3 para este a\u00f1o - ASAJA Palencia<\/title>\n<meta name=\"description\" content=\"El ministro de Agricultura, Pesca y Alimentaci\u00f3n, Luis Planas, anunci\u00f3 que el nuevo Plan Renove para el a\u00f1o 2022, contar\u00e1 con un presupuesto de 9,5\" \/>\n<meta name=\"robots\" content=\"index, follow, max-snippet:-1, max-image-preview:large, max-video-preview:-1\" \/>\n<link rel=\"canonical\" href=\"https:\/\/www.asajacyl.com\/palencia\/asaja-palencia-informa\/el-nuevo-plan-renove-tendra-un-presupuesto-de-95-millones-tres-mas-que-el-que-se-aprobo-para-este-ano\" \/>\n<meta property=\"og:locale\" content=\"es_ES\" \/>\n<meta property=\"og:type\" content=\"article\" \/>\n<meta property=\"og:title\" content=\"El nuevo Plan Renove tendr\u00e1 un presupuesto de 9,5 millones, tres m\u00e1s que el que se aprob\u00f3 para este a\u00f1o - ASAJA Palencia\" \/>\n<meta property=\"og:description\" content=\"El ministro de Agricultura, Pesca y Alimentaci\u00f3n, Luis Planas, anunci\u00f3 que el nuevo Plan Renove para el a\u00f1o 2022, contar\u00e1 con un presupuesto de 9,5\" \/>\n<meta property=\"og:url\" content=\"https:\/\/www.asajacyl.com\/palencia\/asaja-palencia-informa\/el-nuevo-plan-renove-tendra-un-presupuesto-de-95-millones-tres-mas-que-el-que-se-aprobo-para-este-ano\" \/>\n<meta property=\"og:site_name\" content=\"ASAJA Palencia\" \/>\n<meta property=\"article:published_time\" content=\"2021-12-16T08:15:56+00:00\" \/>\n<meta property=\"article:modified_time\" content=\"2021-12-16T08:15:57+00:00\" \/>\n<meta property=\"og:image\" content=\"https:\/\/www.asajacyl.com\/palencia\/wp-content\/uploads\/sites\/3\/2021\/10\/SIEMBRA.jpg\" \/>\n\t<meta property=\"og:image:width\" content=\"1024\" \/>\n\t<meta property=\"og:image:height\" content=\"768\" \/>\n\t<meta property=\"og:image:type\" content=\"image\/jpeg\" \/>\n<meta name=\"author\" content=\"Administrador\" \/>\n<meta name=\"twitter:card\" content=\"summary_large_image\" \/>\n<meta name=\"twitter:label1\" content=\"Escrito por\" \/>\n\t<meta name=\"twitter:data1\" content=\"Administrador\" \/>\n\t<meta name=\"twitter:label2\" content=\"Tiempo de lectura\" \/>\n\t<meta name=\"twitter:data2\" content=\"1 minuto\" \/>\n<script type=\"application\/ld+json\" class=\"yoast-schema-graph\">{\"@context\":\"https:\/\/schema.org\",\"@graph\":[{\"@type\":\"WebPage\",\"@id\":\"https:\/\/www.asajacyl.com\/palencia\/asaja-palencia-informa\/el-nuevo-plan-renove-tendra-un-presupuesto-de-95-millones-tres-mas-que-el-que-se-aprobo-para-este-ano\",\"url\":\"https:\/\/www.asajacyl.com\/palencia\/asaja-palencia-informa\/el-nuevo-plan-renove-tendra-un-presupuesto-de-95-millones-tres-mas-que-el-que-se-aprobo-para-este-ano\",\"name\":\"El nuevo Plan Renove tendr\u00e1 un presupuesto de 9,5 millones, tres m\u00e1s que el que se aprob\u00f3 para este a\u00f1o - ASAJA Palencia\",\"isPartOf\":{\"@id\":\"https:\/\/www.asajacyl.com\/palencia\/#website\"},\"primaryImageOfPage\":{\"@id\":\"https:\/\/www.asajacyl.com\/palencia\/asaja-palencia-informa\/el-nuevo-plan-renove-tendra-un-presupuesto-de-95-millones-tres-mas-que-el-que-se-aprobo-para-este-ano#primaryimage\"},\"image\":{\"@id\":\"https:\/\/www.asajacyl.com\/palencia\/asaja-palencia-informa\/el-nuevo-plan-renove-tendra-un-presupuesto-de-95-millones-tres-mas-que-el-que-se-aprobo-para-este-ano#primaryimage\"},\"thumbnailUrl\":\"https:\/\/www.asajacyl.com\/palencia\/wp-content\/uploads\/sites\/3\/2021\/10\/SIEMBRA.jpg\",\"datePublished\":\"2021-12-16T08:15:56+00:00\",\"dateModified\":\"2021-12-16T08:15:57+00:00\",\"author\":{\"@id\":\"https:\/\/www.asajacyl.com\/palencia\/#\/schema\/person\/3ab17aeb03527485c317557fae64aab1\"},\"description\":\"El ministro de Agricultura, Pesca y Alimentaci\u00f3n, Luis Planas, anunci\u00f3 que el nuevo Plan Renove para el a\u00f1o 2022, contar\u00e1 con un presupuesto de 9,5\",\"breadcrumb\":{\"@id\":\"https:\/\/www.asajacyl.com\/palencia\/asaja-palencia-informa\/el-nuevo-plan-renove-tendra-un-presupuesto-de-95-millones-tres-mas-que-el-que-se-aprobo-para-este-ano#breadcrumb\"},\"inLanguage\":\"es\",\"potentialAction\":[{\"@type\":\"ReadAction\",\"target\":[\"https:\/\/www.asajacyl.com\/palencia\/asaja-palencia-informa\/el-nuevo-plan-renove-tendra-un-presupuesto-de-95-millones-tres-mas-que-el-que-se-aprobo-para-este-ano\"]}]},{\"@type\":\"ImageObject\",\"inLanguage\":\"es\",\"@id\":\"https:\/\/www.asajacyl.com\/palencia\/asaja-palencia-informa\/el-nuevo-plan-renove-tendra-un-presupuesto-de-95-millones-tres-mas-que-el-que-se-aprobo-para-este-ano#primaryimage\",\"url\":\"https:\/\/www.asajacyl.com\/palencia\/wp-content\/uploads\/sites\/3\/2021\/10\/SIEMBRA.jpg\",\"contentUrl\":\"https:\/\/www.asajacyl.com\/palencia\/wp-content\/uploads\/sites\/3\/2021\/10\/SIEMBRA.jpg\",\"width\":1024,\"height\":768},{\"@type\":\"BreadcrumbList\",\"@id\":\"https:\/\/www.asajacyl.com\/palencia\/asaja-palencia-informa\/el-nuevo-plan-renove-tendra-un-presupuesto-de-95-millones-tres-mas-que-el-que-se-aprobo-para-este-ano#breadcrumb\",\"itemListElement\":[{\"@type\":\"ListItem\",\"position\":1,\"name\":\"Portada\",\"item\":\"https:\/\/www.asajacyl.com\/palencia\/\"},{\"@type\":\"ListItem\",\"position\":2,\"name\":\"El nuevo Plan Renove tendr\u00e1 un presupuesto de 9,5 millones, tres m\u00e1s que el que se aprob\u00f3 para este a\u00f1o\"}]},{\"@type\":\"WebSite\",\"@id\":\"https:\/\/www.asajacyl.com\/palencia\/#website\",\"url\":\"https:\/\/www.asajacyl.com\/palencia\/\",\"name\":\"ASAJA Palencia\",\"description\":\"Otro sitio m\u00e1s de Provincias ASAJA Castilla y Le\u00f3n\",\"potentialAction\":[{\"@type\":\"SearchAction\",\"target\":{\"@type\":\"EntryPoint\",\"urlTemplate\":\"https:\/\/www.asajacyl.com\/palencia\/?s={search_term_string}\"},\"query-input\":{\"@type\":\"PropertyValueSpecification\",\"valueRequired\":true,\"valueName\":\"search_term_string\"}}],\"inLanguage\":\"es\"},{\"@type\":\"Person\",\"@id\":\"https:\/\/www.asajacyl.com\/palencia\/#\/schema\/person\/3ab17aeb03527485c317557fae64aab1\",\"name\":\"Administrador\",\"image\":{\"@type\":\"ImageObject\",\"inLanguage\":\"es\",\"@id\":\"https:\/\/www.asajacyl.com\/palencia\/#\/schema\/person\/image\/\",\"url\":\"https:\/\/secure.gravatar.com\/avatar\/517384810d242ca9e38c180f3c9fb973?s=96&d=mm&r=g\",\"contentUrl\":\"https:\/\/secure.gravatar.com\/avatar\/517384810d242ca9e38c180f3c9fb973?s=96&d=mm&r=g\",\"caption\":\"Administrador\"},\"url\":\"https:\/\/www.asajacyl.com\/palencia\/author\/carlosrm\"}]}<\/script>\n<!-- \/ Yoast SEO plugin. -->","yoast_head_json":{"title":"El nuevo Plan Renove tendr\u00e1 un presupuesto de 9,5 millones, tres m\u00e1s que el que se aprob\u00f3 para este a\u00f1o - ASAJA Palencia","description":"El ministro de Agricultura, Pesca y Alimentaci\u00f3n, Luis Planas, anunci\u00f3 que el nuevo Plan Renove para el a\u00f1o 2022, contar\u00e1 con un presupuesto de 9,5","robots":{"index":"index","follow":"follow","max-snippet":"max-snippet:-1","max-image-preview":"max-image-preview:large","max-video-preview":"max-video-preview:-1"},"canonical":"https:\/\/www.asajacyl.com\/palencia\/asaja-palencia-informa\/el-nuevo-plan-renove-tendra-un-presupuesto-de-95-millones-tres-mas-que-el-que-se-aprobo-para-este-ano","og_locale":"es_ES","og_type":"article","og_title":"El nuevo Plan Renove tendr\u00e1 un presupuesto de 9,5 millones, tres m\u00e1s que el que se aprob\u00f3 para este a\u00f1o - ASAJA Palencia","og_description":"El ministro de Agricultura, Pesca y Alimentaci\u00f3n, Luis Planas, anunci\u00f3 que el nuevo Plan Renove para el a\u00f1o 2022, contar\u00e1 con un presupuesto de 9,5","og_url":"https:\/\/www.asajacyl.com\/palencia\/asaja-palencia-informa\/el-nuevo-plan-renove-tendra-un-presupuesto-de-95-millones-tres-mas-que-el-que-se-aprobo-para-este-ano","og_site_name":"ASAJA Palencia","article_published_time":"2021-12-16T08:15:56+00:00","article_modified_time":"2021-12-16T08:15:57+00:00","og_image":[{"width":1024,"height":768,"url":"https:\/\/www.asajacyl.com\/palencia\/wp-content\/uploads\/sites\/3\/2021\/10\/SIEMBRA.jpg","type":"image\/jpeg"}],"author":"Administrador","twitter_card":"summary_large_image","twitter_misc":{"Escrito por":"Administrador","Tiempo de lectura":"1 minuto"},"schema":{"@context":"https:\/\/schema.org","@graph":[{"@type":"WebPage","@id":"https:\/\/www.asajacyl.com\/palencia\/asaja-palencia-informa\/el-nuevo-plan-renove-tendra-un-presupuesto-de-95-millones-tres-mas-que-el-que-se-aprobo-para-este-ano","url":"https:\/\/www.asajacyl.com\/palencia\/asaja-palencia-informa\/el-nuevo-plan-renove-tendra-un-presupuesto-de-95-millones-tres-mas-que-el-que-se-aprobo-para-este-ano","name":"El nuevo Plan Renove tendr\u00e1 un presupuesto de 9,5 millones, tres m\u00e1s que el que se aprob\u00f3 para este a\u00f1o - ASAJA Palencia","isPartOf":{"@id":"https:\/\/www.asajacyl.com\/palencia\/#website"},"primaryImageOfPage":{"@id":"https:\/\/www.asajacyl.com\/palencia\/asaja-palencia-informa\/el-nuevo-plan-renove-tendra-un-presupuesto-de-95-millones-tres-mas-que-el-que-se-aprobo-para-este-ano#primaryimage"},"image":{"@id":"https:\/\/www.asajacyl.com\/palencia\/asaja-palencia-informa\/el-nuevo-plan-renove-tendra-un-presupuesto-de-95-millones-tres-mas-que-el-que-se-aprobo-para-este-ano#primaryimage"},"thumbnailUrl":"https:\/\/www.asajacyl.com\/palencia\/wp-content\/uploads\/sites\/3\/2021\/10\/SIEMBRA.jpg","datePublished":"2021-12-16T08:15:56+00:00","dateModified":"2021-12-16T08:15:57+00:00","author":{"@id":"https:\/\/www.asajacyl.com\/palencia\/#\/schema\/person\/3ab17aeb03527485c317557fae64aab1"},"description":"El ministro de Agricultura, Pesca y Alimentaci\u00f3n, Luis Planas, anunci\u00f3 que el nuevo Plan Renove para el a\u00f1o 2022, contar\u00e1 con un presupuesto de 9,5","breadcrumb":{"@id":"https:\/\/www.asajacyl.com\/palencia\/asaja-palencia-informa\/el-nuevo-plan-renove-tendra-un-presupuesto-de-95-millones-tres-mas-que-el-que-se-aprobo-para-este-ano#breadcrumb"},"inLanguage":"es","potentialAction":[{"@type":"ReadAction","target":["https:\/\/www.asajacyl.com\/palencia\/asaja-palencia-informa\/el-nuevo-plan-renove-tendra-un-presupuesto-de-95-millones-tres-mas-que-el-que-se-aprobo-para-este-ano"]}]},{"@type":"ImageObject","inLanguage":"es","@id":"https:\/\/www.asajacyl.com\/palencia\/asaja-palencia-informa\/el-nuevo-plan-renove-tendra-un-presupuesto-de-95-millones-tres-mas-que-el-que-se-aprobo-para-este-ano#primaryimage","url":"https:\/\/www.asajacyl.com\/palencia\/wp-content\/uploads\/sites\/3\/2021\/10\/SIEMBRA.jpg","contentUrl":"https:\/\/www.asajacyl.com\/palencia\/wp-content\/uploads\/sites\/3\/2021\/10\/SIEMBRA.jpg","width":1024,"height":768},{"@type":"BreadcrumbList","@id":"https:\/\/www.asajacyl.com\/palencia\/asaja-palencia-informa\/el-nuevo-plan-renove-tendra-un-presupuesto-de-95-millones-tres-mas-que-el-que-se-aprobo-para-este-ano#breadcrumb","itemListElement":[{"@type":"ListItem","position":1,"name":"Portada","item":"https:\/\/www.asajacyl.com\/palencia\/"},{"@type":"ListItem","position":2,"name":"El nuevo Plan Renove tendr\u00e1 un presupuesto de 9,5 millones, tres m\u00e1s que el que se aprob\u00f3 para este a\u00f1o"}]},{"@type":"WebSite","@id":"https:\/\/www.asajacyl.com\/palencia\/#website","url":"https:\/\/www.asajacyl.com\/palencia\/","name":"ASAJA Palencia","description":"Otro sitio m\u00e1s de Provincias ASAJA Castilla y Le\u00f3n","potentialAction":[{"@type":"SearchAction","target":{"@type":"EntryPoint","urlTemplate":"https:\/\/www.asajacyl.com\/palencia\/?s={search_term_string}"},"query-input":{"@type":"PropertyValueSpecification","valueRequired":true,"valueName":"search_term_string"}}],"inLanguage":"es"},{"@type":"Person","@id":"https:\/\/www.asajacyl.com\/palencia\/#\/schema\/person\/3ab17aeb03527485c317557fae64aab1","name":"Administrador","image":{"@type":"ImageObject","inLanguage":"es","@id":"https:\/\/www.asajacyl.com\/palencia\/#\/schema\/person\/image\/","url":"https:\/\/secure.gravatar.com\/avatar\/517384810d242ca9e38c180f3c9fb973?s=96&d=mm&r=g","contentUrl":"https:\/\/secure.gravatar.com\/avatar\/517384810d242ca9e38c180f3c9fb973?s=96&d=mm&r=g","caption":"Administrador"},"url":"https:\/\/www.asajacyl.com\/palencia\/author\/carlosrm"}]}},"_links":{"self":[{"href":"https:\/\/www.asajacyl.com\/palencia\/wp-json\/wp\/v2\/posts\/9513"}],"collection":[{"href":"https:\/\/www.asajacyl.com\/palencia\/wp-json\/wp\/v2\/posts"}],"about":[{"href":"https:\/\/www.asajacyl.com\/palencia\/wp-json\/wp\/v2\/types\/post"}],"author":[{"embeddable":true,"href":"https:\/\/www.asajacyl.com\/palencia\/wp-json\/wp\/v2\/users\/9"}],"replies":[{"embeddable":true,"href":"https:\/\/www.asajacyl.com\/palencia\/wp-json\/wp\/v2\/comments?post=9513"}],"version-history":[{"count":1,"href":"https:\/\/www.asajacyl.com\/palencia\/wp-json\/wp\/v2\/posts\/9513\/revisions"}],"predecessor-version":[{"id":9514,"href":"https:\/\/www.asajacyl.com\/palencia\/wp-json\/wp\/v2\/posts\/9513\/revisions\/9514"}],"wp:featuredmedia":[{"embeddable":true,"href":"https:\/\/www.asajacyl.com\/palencia\/wp-json\/wp\/v2\/media\/9146"}],"wp:attachment":[{"href":"https:\/\/www.asajacyl.com\/palencia\/wp-json\/wp\/v2\/media?parent=9513"}],"wp:term":[{"taxonomy":"category","embeddable":true,"href":"https:\/\/www.asajacyl.com\/palencia\/wp-json\/wp\/v2\/categories?post=9513"},{"taxonomy":"post_tag","embeddable":true,"href":"https:\/\/www.asajacyl.com\/palencia\/wp-json\/wp\/v2\/tags?post=9513"}],"curies":[{"name":"wp","href":"https:\/\/api.w.org\/{rel}","templated":true}]}}