{"id":9515,"date":"2021-12-20T08:22:00","date_gmt":"2021-12-20T07:22:00","guid":{"rendered":"https:\/\/www.asajacyl.com\/palencia\/?p=9515"},"modified":"2021-12-17T09:40:21","modified_gmt":"2021-12-17T08:40:21","slug":"asaja-valora-la-entrada-en-vigor-de-la-ley-de-la-cadena-y-exige-al-gobierno-la-maxima-diligencia-en-su-cumplimiento","status":"publish","type":"post","link":"https:\/\/www.asajacyl.com\/palencia\/asaja-palencia-informa\/asaja-valora-la-entrada-en-vigor-de-la-ley-de-la-cadena-y-exige-al-gobierno-la-maxima-diligencia-en-su-cumplimiento","title":{"rendered":"ASAJA valora la entrada en vigor de la Ley de la Cadena y exige al Gobierno la m\u00e1xima diligencia en su cumplimiento"},"content":{"rendered":"\n<p><strong><em>Pedro Barato: \u201cLa efectividad de \u00e9sta Ley depender\u00e1 de su grado de cumplimiento, por lo que el Gobierno debe poner todos los medios a su alcance para que sirva para algo\u201d<\/em><\/strong><\/p>\n\n\n\n<p>ASAJA acoge con satisfacci\u00f3n la entrada en vigor de la reforma de la Ley de medidas para mejorar el funcionamiento de la cadena alimentaria pero tambi\u00e9n reclama al Gobierno el m\u00e1ximo celo posible a la hora de hacerla cumplir. ASAJA tambi\u00e9n acoge con satisfacci\u00f3n la inclusi\u00f3n en la citada Ley de otras medidas, largo tiempo demandadas por esta Organizaci\u00f3n, como son la posibilidad para los productores de contratar la doble tarifa el\u00e9ctrica y las reducciones del 35% y el 15% en las facturas del gas\u00f3leo y de pl\u00e1sticos y fertilizantes, respectivamente y espera una inmediata puesta en marcha de ambas.<\/p>\n\n\n\n<p>ASAJA considera que la publicaci\u00f3n en el BOE de la Ley de la cadena alimentaria y su posterior puesta en marcha son s\u00f3lo el primer paso para mejorar el funcionamiento de la cadena alimentaria, lograr unos precios m\u00e1s justos para los productores y reequilibrar las relaciones entre los distintos eslabones de la cadena. Queda por tanto la dif\u00edcil tarea de velar por su cumplimiento y debe ser el Gobierno el encargado de garantizar que, a partir de ahora, las relaciones comerciales del sector agroalimentario sean m\u00e1s justas, equilibradas y transparentes. Ello contribuir\u00eda a mejorar la cr\u00edtica situaci\u00f3n por la que atraviesan miles de productores agrarios, inmersos en una dura crisis de rentabilidad, al no poder repercutir sus costes de producci\u00f3n en el precio de venta de sus productos.<\/p>\n\n\n\n<p>Entre los aspectos m\u00e1s relevantes contenidos en esta reforma est\u00e1 la prohibici\u00f3n de destrucci\u00f3n del valor de los productos agroalimentarios. Es decir, cada operador interviniente debe pagar al operador anterior un precio igual o superior al coste de producci\u00f3n asumido. Queda prohibida la venta a p\u00e9rdidas y los costes de producci\u00f3n son la base de la negociaci\u00f3n de los contratos escritos, que ser\u00e1n obligatorios en todas las operaciones comerciales, salvo contadas excepciones.<\/p>\n\n\n\n<p>En relaci\u00f3n a los costes de producci\u00f3n, ASAJA defiende que resulta imprescindible que haya una referencia de costes de producci\u00f3n oficiales, que todos los contratos se recojan en el registro digital oficial y que la Agencia de Informaci\u00f3n y Control Alimentarios (AICA), que ve fortalecido su papel, vele por el cumplimiento estricto de la Ley.<\/p>\n\n\n\n<p>El Gobierno ha aprovechado la publicaci\u00f3n de esta Ley para anunciar la posibilidad de que los agricultores \u201cpuedan contratar dos potencias el\u00e9ctricas a lo largo del a\u00f1o, discriminando la \u00e9poca de riego y la de no riego, as\u00ed como la bonificaci\u00f3n de hasta un 35% y un 15% de la factura del gas\u00f3leo y la de los pl\u00e1sticos y fertilizantes, respectivamente\u201d. ASAJA, acoge con satisfacci\u00f3n ambas medidas y reclama su puesta en marcha de forma inmediata.<\/p>\n","protected":false},"excerpt":{"rendered":"<p>Pedro Barato: \u201cLa efectividad de \u00e9sta Ley depender\u00e1 de su grado de cumplimiento, por lo que el Gobierno debe poner todos los medios a su alcance para que sirva para algo\u201d ASAJA acoge con satisfacci\u00f3n la entrada en vigor de la reforma de la Ley de medidas para mejorar el funcionamiento de la cadena alimentaria [&hellip;]<\/p>\n","protected":false},"author":9,"featured_media":6074,"comment_status":"open","ping_status":"open","sticky":false,"template":"","format":"standard","meta":{"footnotes":""},"categories":[9,29,28],"tags":[],"yoast_head":"<!-- This site is optimized with the Yoast SEO plugin v24.5 - https:\/\/yoast.com\/wordpress\/plugins\/seo\/ -->\n<title>ASAJA valora la entrada en vigor de la Ley de la Cadena y exige al Gobierno la m\u00e1xima diligencia en su cumplimiento - ASAJA Palencia<\/title>\n<meta name=\"description\" content=\"Pedro Barato: \u201cLa efectividad de \u00e9sta Ley depender\u00e1 de su grado de cumplimiento, por lo que el Gobierno debe poner todos los medios a su alcance para que\" \/>\n<meta name=\"robots\" content=\"index, follow, max-snippet:-1, max-image-preview:large, max-video-preview:-1\" \/>\n<link rel=\"canonical\" href=\"https:\/\/www.asajacyl.com\/palencia\/asaja-palencia-informa\/asaja-valora-la-entrada-en-vigor-de-la-ley-de-la-cadena-y-exige-al-gobierno-la-maxima-diligencia-en-su-cumplimiento\" \/>\n<meta property=\"og:locale\" content=\"es_ES\" \/>\n<meta property=\"og:type\" content=\"article\" \/>\n<meta property=\"og:title\" content=\"ASAJA valora la entrada en vigor de la Ley de la Cadena y exige al Gobierno la m\u00e1xima diligencia en su cumplimiento - ASAJA Palencia\" \/>\n<meta property=\"og:description\" content=\"Pedro Barato: \u201cLa efectividad de \u00e9sta Ley depender\u00e1 de su grado de cumplimiento, por lo que el Gobierno debe poner todos los medios a su alcance para que\" \/>\n<meta property=\"og:url\" content=\"https:\/\/www.asajacyl.com\/palencia\/asaja-palencia-informa\/asaja-valora-la-entrada-en-vigor-de-la-ley-de-la-cadena-y-exige-al-gobierno-la-maxima-diligencia-en-su-cumplimiento\" \/>\n<meta property=\"og:site_name\" content=\"ASAJA Palencia\" \/>\n<meta property=\"article:published_time\" content=\"2021-12-20T07:22:00+00:00\" \/>\n<meta property=\"og:image\" content=\"https:\/\/www.asajacyl.com\/palencia\/wp-content\/uploads\/sites\/3\/2019\/03\/vacas-monta\u00f1a.jpg\" \/>\n\t<meta property=\"og:image:width\" content=\"1155\" \/>\n\t<meta property=\"og:image:height\" content=\"457\" \/>\n\t<meta property=\"og:image:type\" content=\"image\/jpeg\" \/>\n<meta name=\"author\" content=\"Administrador\" \/>\n<meta name=\"twitter:card\" content=\"summary_large_image\" \/>\n<meta name=\"twitter:label1\" content=\"Escrito por\" \/>\n\t<meta name=\"twitter:data1\" content=\"Administrador\" \/>\n\t<meta name=\"twitter:label2\" content=\"Tiempo de lectura\" \/>\n\t<meta name=\"twitter:data2\" content=\"3 minutos\" \/>\n<script type=\"application\/ld+json\" class=\"yoast-schema-graph\">{\"@context\":\"https:\/\/schema.org\",\"@graph\":[{\"@type\":\"WebPage\",\"@id\":\"https:\/\/www.asajacyl.com\/palencia\/asaja-palencia-informa\/asaja-valora-la-entrada-en-vigor-de-la-ley-de-la-cadena-y-exige-al-gobierno-la-maxima-diligencia-en-su-cumplimiento\",\"url\":\"https:\/\/www.asajacyl.com\/palencia\/asaja-palencia-informa\/asaja-valora-la-entrada-en-vigor-de-la-ley-de-la-cadena-y-exige-al-gobierno-la-maxima-diligencia-en-su-cumplimiento\",\"name\":\"ASAJA valora la entrada en vigor de la Ley de la Cadena y exige al Gobierno la m\u00e1xima diligencia en su cumplimiento - ASAJA Palencia\",\"isPartOf\":{\"@id\":\"https:\/\/www.asajacyl.com\/palencia\/#website\"},\"primaryImageOfPage\":{\"@id\":\"https:\/\/www.asajacyl.com\/palencia\/asaja-palencia-informa\/asaja-valora-la-entrada-en-vigor-de-la-ley-de-la-cadena-y-exige-al-gobierno-la-maxima-diligencia-en-su-cumplimiento#primaryimage\"},\"image\":{\"@id\":\"https:\/\/www.asajacyl.com\/palencia\/asaja-palencia-informa\/asaja-valora-la-entrada-en-vigor-de-la-ley-de-la-cadena-y-exige-al-gobierno-la-maxima-diligencia-en-su-cumplimiento#primaryimage\"},\"thumbnailUrl\":\"https:\/\/www.asajacyl.com\/palencia\/wp-content\/uploads\/sites\/3\/2019\/03\/vacas-monta\u00f1a.jpg\",\"datePublished\":\"2021-12-20T07:22:00+00:00\",\"author\":{\"@id\":\"https:\/\/www.asajacyl.com\/palencia\/#\/schema\/person\/3ab17aeb03527485c317557fae64aab1\"},\"description\":\"Pedro Barato: \u201cLa efectividad de \u00e9sta Ley depender\u00e1 de su grado de cumplimiento, por lo que el Gobierno debe poner todos los medios a su alcance para que\",\"breadcrumb\":{\"@id\":\"https:\/\/www.asajacyl.com\/palencia\/asaja-palencia-informa\/asaja-valora-la-entrada-en-vigor-de-la-ley-de-la-cadena-y-exige-al-gobierno-la-maxima-diligencia-en-su-cumplimiento#breadcrumb\"},\"inLanguage\":\"es\",\"potentialAction\":[{\"@type\":\"ReadAction\",\"target\":[\"https:\/\/www.asajacyl.com\/palencia\/asaja-palencia-informa\/asaja-valora-la-entrada-en-vigor-de-la-ley-de-la-cadena-y-exige-al-gobierno-la-maxima-diligencia-en-su-cumplimiento\"]}]},{\"@type\":\"ImageObject\",\"inLanguage\":\"es\",\"@id\":\"https:\/\/www.asajacyl.com\/palencia\/asaja-palencia-informa\/asaja-valora-la-entrada-en-vigor-de-la-ley-de-la-cadena-y-exige-al-gobierno-la-maxima-diligencia-en-su-cumplimiento#primaryimage\",\"url\":\"https:\/\/www.asajacyl.com\/palencia\/wp-content\/uploads\/sites\/3\/2019\/03\/vacas-monta\u00f1a.jpg\",\"contentUrl\":\"https:\/\/www.asajacyl.com\/palencia\/wp-content\/uploads\/sites\/3\/2019\/03\/vacas-monta\u00f1a.jpg\",\"width\":1155,\"height\":457},{\"@type\":\"BreadcrumbList\",\"@id\":\"https:\/\/www.asajacyl.com\/palencia\/asaja-palencia-informa\/asaja-valora-la-entrada-en-vigor-de-la-ley-de-la-cadena-y-exige-al-gobierno-la-maxima-diligencia-en-su-cumplimiento#breadcrumb\",\"itemListElement\":[{\"@type\":\"ListItem\",\"position\":1,\"name\":\"Portada\",\"item\":\"https:\/\/www.asajacyl.com\/palencia\/\"},{\"@type\":\"ListItem\",\"position\":2,\"name\":\"ASAJA valora la entrada en vigor de la Ley de la Cadena y exige al Gobierno la m\u00e1xima diligencia en su cumplimiento\"}]},{\"@type\":\"WebSite\",\"@id\":\"https:\/\/www.asajacyl.com\/palencia\/#website\",\"url\":\"https:\/\/www.asajacyl.com\/palencia\/\",\"name\":\"ASAJA Palencia\",\"description\":\"Otro sitio m\u00e1s de Provincias ASAJA Castilla y Le\u00f3n\",\"potentialAction\":[{\"@type\":\"SearchAction\",\"target\":{\"@type\":\"EntryPoint\",\"urlTemplate\":\"https:\/\/www.asajacyl.com\/palencia\/?s={search_term_string}\"},\"query-input\":{\"@type\":\"PropertyValueSpecification\",\"valueRequired\":true,\"valueName\":\"search_term_string\"}}],\"inLanguage\":\"es\"},{\"@type\":\"Person\",\"@id\":\"https:\/\/www.asajacyl.com\/palencia\/#\/schema\/person\/3ab17aeb03527485c317557fae64aab1\",\"name\":\"Administrador\",\"image\":{\"@type\":\"ImageObject\",\"inLanguage\":\"es\",\"@id\":\"https:\/\/www.asajacyl.com\/palencia\/#\/schema\/person\/image\/\",\"url\":\"https:\/\/secure.gravatar.com\/avatar\/517384810d242ca9e38c180f3c9fb973?s=96&d=mm&r=g\",\"contentUrl\":\"https:\/\/secure.gravatar.com\/avatar\/517384810d242ca9e38c180f3c9fb973?s=96&d=mm&r=g\",\"caption\":\"Administrador\"},\"url\":\"https:\/\/www.asajacyl.com\/palencia\/author\/carlosrm\"}]}<\/script>\n<!-- \/ Yoast SEO plugin. -->","yoast_head_json":{"title":"ASAJA valora la entrada en vigor de la Ley de la Cadena y exige al Gobierno la m\u00e1xima diligencia en su cumplimiento - ASAJA Palencia","description":"Pedro Barato: \u201cLa efectividad de \u00e9sta Ley depender\u00e1 de su grado de cumplimiento, por lo que el Gobierno debe poner todos los medios a su alcance para que","robots":{"index":"index","follow":"follow","max-snippet":"max-snippet:-1","max-image-preview":"max-image-preview:large","max-video-preview":"max-video-preview:-1"},"canonical":"https:\/\/www.asajacyl.com\/palencia\/asaja-palencia-informa\/asaja-valora-la-entrada-en-vigor-de-la-ley-de-la-cadena-y-exige-al-gobierno-la-maxima-diligencia-en-su-cumplimiento","og_locale":"es_ES","og_type":"article","og_title":"ASAJA valora la entrada en vigor de la Ley de la Cadena y exige al Gobierno la m\u00e1xima diligencia en su cumplimiento - ASAJA Palencia","og_description":"Pedro Barato: \u201cLa efectividad de \u00e9sta Ley depender\u00e1 de su grado de cumplimiento, por lo que el Gobierno debe poner todos los medios a su alcance para que","og_url":"https:\/\/www.asajacyl.com\/palencia\/asaja-palencia-informa\/asaja-valora-la-entrada-en-vigor-de-la-ley-de-la-cadena-y-exige-al-gobierno-la-maxima-diligencia-en-su-cumplimiento","og_site_name":"ASAJA Palencia","article_published_time":"2021-12-20T07:22:00+00:00","og_image":[{"width":1155,"height":457,"url":"https:\/\/www.asajacyl.com\/palencia\/wp-content\/uploads\/sites\/3\/2019\/03\/vacas-monta\u00f1a.jpg","type":"image\/jpeg"}],"author":"Administrador","twitter_card":"summary_large_image","twitter_misc":{"Escrito por":"Administrador","Tiempo de lectura":"3 minutos"},"schema":{"@context":"https:\/\/schema.org","@graph":[{"@type":"WebPage","@id":"https:\/\/www.asajacyl.com\/palencia\/asaja-palencia-informa\/asaja-valora-la-entrada-en-vigor-de-la-ley-de-la-cadena-y-exige-al-gobierno-la-maxima-diligencia-en-su-cumplimiento","url":"https:\/\/www.asajacyl.com\/palencia\/asaja-palencia-informa\/asaja-valora-la-entrada-en-vigor-de-la-ley-de-la-cadena-y-exige-al-gobierno-la-maxima-diligencia-en-su-cumplimiento","name":"ASAJA valora la entrada en vigor de la Ley de la Cadena y exige al Gobierno la m\u00e1xima diligencia en su cumplimiento - ASAJA Palencia","isPartOf":{"@id":"https:\/\/www.asajacyl.com\/palencia\/#website"},"primaryImageOfPage":{"@id":"https:\/\/www.asajacyl.com\/palencia\/asaja-palencia-informa\/asaja-valora-la-entrada-en-vigor-de-la-ley-de-la-cadena-y-exige-al-gobierno-la-maxima-diligencia-en-su-cumplimiento#primaryimage"},"image":{"@id":"https:\/\/www.asajacyl.com\/palencia\/asaja-palencia-informa\/asaja-valora-la-entrada-en-vigor-de-la-ley-de-la-cadena-y-exige-al-gobierno-la-maxima-diligencia-en-su-cumplimiento#primaryimage"},"thumbnailUrl":"https:\/\/www.asajacyl.com\/palencia\/wp-content\/uploads\/sites\/3\/2019\/03\/vacas-monta\u00f1a.jpg","datePublished":"2021-12-20T07:22:00+00:00","author":{"@id":"https:\/\/www.asajacyl.com\/palencia\/#\/schema\/person\/3ab17aeb03527485c317557fae64aab1"},"description":"Pedro Barato: \u201cLa efectividad de \u00e9sta Ley depender\u00e1 de su grado de cumplimiento, por lo que el Gobierno debe poner todos los medios a su alcance para que","breadcrumb":{"@id":"https:\/\/www.asajacyl.com\/palencia\/asaja-palencia-informa\/asaja-valora-la-entrada-en-vigor-de-la-ley-de-la-cadena-y-exige-al-gobierno-la-maxima-diligencia-en-su-cumplimiento#breadcrumb"},"inLanguage":"es","potentialAction":[{"@type":"ReadAction","target":["https:\/\/www.asajacyl.com\/palencia\/asaja-palencia-informa\/asaja-valora-la-entrada-en-vigor-de-la-ley-de-la-cadena-y-exige-al-gobierno-la-maxima-diligencia-en-su-cumplimiento"]}]},{"@type":"ImageObject","inLanguage":"es","@id":"https:\/\/www.asajacyl.com\/palencia\/asaja-palencia-informa\/asaja-valora-la-entrada-en-vigor-de-la-ley-de-la-cadena-y-exige-al-gobierno-la-maxima-diligencia-en-su-cumplimiento#primaryimage","url":"https:\/\/www.asajacyl.com\/palencia\/wp-content\/uploads\/sites\/3\/2019\/03\/vacas-monta\u00f1a.jpg","contentUrl":"https:\/\/www.asajacyl.com\/palencia\/wp-content\/uploads\/sites\/3\/2019\/03\/vacas-monta\u00f1a.jpg","width":1155,"height":457},{"@type":"BreadcrumbList","@id":"https:\/\/www.asajacyl.com\/palencia\/asaja-palencia-informa\/asaja-valora-la-entrada-en-vigor-de-la-ley-de-la-cadena-y-exige-al-gobierno-la-maxima-diligencia-en-su-cumplimiento#breadcrumb","itemListElement":[{"@type":"ListItem","position":1,"name":"Portada","item":"https:\/\/www.asajacyl.com\/palencia\/"},{"@type":"ListItem","position":2,"name":"ASAJA valora la entrada en vigor de la Ley de la Cadena y exige al Gobierno la m\u00e1xima diligencia en su cumplimiento"}]},{"@type":"WebSite","@id":"https:\/\/www.asajacyl.com\/palencia\/#website","url":"https:\/\/www.asajacyl.com\/palencia\/","name":"ASAJA Palencia","description":"Otro sitio m\u00e1s de Provincias ASAJA Castilla y Le\u00f3n","potentialAction":[{"@type":"SearchAction","target":{"@type":"EntryPoint","urlTemplate":"https:\/\/www.asajacyl.com\/palencia\/?s={search_term_string}"},"query-input":{"@type":"PropertyValueSpecification","valueRequired":true,"valueName":"search_term_string"}}],"inLanguage":"es"},{"@type":"Person","@id":"https:\/\/www.asajacyl.com\/palencia\/#\/schema\/person\/3ab17aeb03527485c317557fae64aab1","name":"Administrador","image":{"@type":"ImageObject","inLanguage":"es","@id":"https:\/\/www.asajacyl.com\/palencia\/#\/schema\/person\/image\/","url":"https:\/\/secure.gravatar.com\/avatar\/517384810d242ca9e38c180f3c9fb973?s=96&d=mm&r=g","contentUrl":"https:\/\/secure.gravatar.com\/avatar\/517384810d242ca9e38c180f3c9fb973?s=96&d=mm&r=g","caption":"Administrador"},"url":"https:\/\/www.asajacyl.com\/palencia\/author\/carlosrm"}]}},"_links":{"self":[{"href":"https:\/\/www.asajacyl.com\/palencia\/wp-json\/wp\/v2\/posts\/9515"}],"collection":[{"href":"https:\/\/www.asajacyl.com\/palencia\/wp-json\/wp\/v2\/posts"}],"about":[{"href":"https:\/\/www.asajacyl.com\/palencia\/wp-json\/wp\/v2\/types\/post"}],"author":[{"embeddable":true,"href":"https:\/\/www.asajacyl.com\/palencia\/wp-json\/wp\/v2\/users\/9"}],"replies":[{"embeddable":true,"href":"https:\/\/www.asajacyl.com\/palencia\/wp-json\/wp\/v2\/comments?post=9515"}],"version-history":[{"count":2,"href":"https:\/\/www.asajacyl.com\/palencia\/wp-json\/wp\/v2\/posts\/9515\/revisions"}],"predecessor-version":[{"id":9532,"href":"https:\/\/www.asajacyl.com\/palencia\/wp-json\/wp\/v2\/posts\/9515\/revisions\/9532"}],"wp:featuredmedia":[{"embeddable":true,"href":"https:\/\/www.asajacyl.com\/palencia\/wp-json\/wp\/v2\/media\/6074"}],"wp:attachment":[{"href":"https:\/\/www.asajacyl.com\/palencia\/wp-json\/wp\/v2\/media?parent=9515"}],"wp:term":[{"taxonomy":"category","embeddable":true,"href":"https:\/\/www.asajacyl.com\/palencia\/wp-json\/wp\/v2\/categories?post=9515"},{"taxonomy":"post_tag","embeddable":true,"href":"https:\/\/www.asajacyl.com\/palencia\/wp-json\/wp\/v2\/tags?post=9515"}],"curies":[{"name":"wp","href":"https:\/\/api.w.org\/{rel}","templated":true}]}}