{"id":9521,"date":"2021-12-17T09:40:00","date_gmt":"2021-12-17T08:40:00","guid":{"rendered":"https:\/\/www.asajacyl.com\/palencia\/?p=9521"},"modified":"2021-12-17T09:40:01","modified_gmt":"2021-12-17T08:40:01","slug":"los-ganaderos-lacteos-protestan-ante-industrias-y-gran-distribucion-se-acabo-incumplir-la-ley","status":"publish","type":"post","link":"https:\/\/www.asajacyl.com\/palencia\/asaja-palencia-informa\/los-ganaderos-lacteos-protestan-ante-industrias-y-gran-distribucion-se-acabo-incumplir-la-ley","title":{"rendered":"Los ganaderos l\u00e1cteos protestan ante industrias y gran distribuci\u00f3n: \u201cSe acab\u00f3 incumplir la Ley\u201d"},"content":{"rendered":"\n<p><br><strong><em>\u2022 ASAJA, COAG y UPA continuar\u00e1n sus acciones reivindicativas se\u00f1alando a los culpables de la situaci\u00f3n cr\u00edtica de la ganader\u00eda l\u00e1ctea.<br>\u2022 Las organizaciones reafirman su apuesta por la unidad de acci\u00f3n con actos de protesta \u201ccontundentes, impactantes y \u00fatiles\u201d.<br>\u2022 Las pr\u00f3ximas citas, hoy en A Coru\u00f1a y ma\u00f1ana viernes en Cantabria con la tractorada \u2018Rodea la distribuci\u00f3n\u2019.<\/em><\/strong><\/p>\n\n\n\n<p>Las organizaciones profesionales agrarias representativas, ASAJA, COAG y UPA, han anunciado que continuar\u00e1n sus acciones de protesta en sectores como el l\u00e1cteo, uno de los que est\u00e1 sufriendo m\u00e1s gravemente la crisis de rentabilidad que afecta a la agricultura y la ganader\u00eda espa\u00f1ola.<\/p>\n\n\n\n<p>Las organizaciones reafirman su apuesta por la unidad de acci\u00f3n: \u201cJuntos somos m\u00e1s fuertes. Lo demostramos en las movilizaciones de los \u2018Agricultores al L\u00edmite\u2019 y lo seguimos demostrando hoy\u201d, aseguran. ASAJA, COAG y UPA intensificar\u00e1n sus acciones se\u00f1alando a los \u201cverdaderos culpables\u201d de la situaci\u00f3n de ruina que sufren los ganaderos l\u00e1cteos: ciertas industrias l\u00e1cteas y cadenas de la gran distribuci\u00f3n.<\/p>\n\n\n\n<p>Las organizaciones han recordado que desde que comenzaron las movilizaciones han logrado una subida de hasta 9 c\u00e9ntimos de euro por litro de leche, un logro \u201cinsuficiente pero rese\u00f1able\u201d. Adem\u00e1s se esperan nuevas subidas para los pr\u00f3ximos d\u00edas por parte de DIA, Carrefour, Mercadona y LIDL, aunque los ganaderos exigen que esa subida \u201cse traslade \u00edntegramente a los ganaderos\u201d. De no ser as\u00ed, las organizaciones profesionales agrarias seguir\u00e1n se\u00f1alando a las industrias l\u00e1cteas que abusen de los ganaderos. No descartan llamamientos al boicot a las marcas que no paguen un precio justo a sus proveedores.<\/p>\n\n\n\n<p>Las OPAs recuerdan que ya est\u00e1 publicada en el BOE la nueva Ley de la Cadena Alimentaria, una normativa que proh\u00edbe rotundamente los abusos hacia los productores. La nueva normativa establece como obligatorio cubrir los costes de producci\u00f3n en cada operaci\u00f3n de compraventa de alimentos. \u201cAlgo que en estos momentos no est\u00e1 ocurriendo\u201d, recalcan.<\/p>\n\n\n\n<p>Los costes de producci\u00f3n se han disparado en los \u00faltimos meses para los agricultores y ganaderos. Los piensos para el ganado se han encarecido cerca de un 30% en el \u00faltimo a\u00f1o. Tambi\u00e9n son m\u00e1s caras las semillas (+20%); los abonos (+48%); el agua (+33%) o los pl\u00e1sticos que se utilizan en los cultivos de invernadero (+46%).<\/p>\n\n\n\n<p>Las subidas m\u00e1s espectaculares son las que afectan al gas\u00f3leo que usan sus tractores (+73%) y a la energ\u00eda el\u00e9ctrica (+270%). Tambi\u00e9n el SMI ha subido un 29,7% en los \u00faltimos tres a\u00f1os.<\/p>\n\n\n\n<p>Los pr\u00f3ximos actos de protesta l\u00e1ctea se celebrar\u00e1n en A Coru\u00f1a, hoy jueves, y el viernes 17 de forma coordinada en tres puntos de Cantabria: Santander, Torrelavega y Colindres-Laredo. Un acto que consistir\u00e1 en una manifestaci\u00f3n-tractorada que bajo el lema \u201cRodea la distribuci\u00f3n\u201d se\u00f1alar\u00e1 a los culpables de los bajos precios que perciben los ganaderos por su trabajo. Las movilizaciones continuar\u00e1n tambi\u00e9n en Galicia, Asturias, Castilla y Le\u00f3n, Cantabria y Andaluc\u00eda.<\/p>\n\n\n\n<p>Las organizaciones agrarias reclaman un apoyo firme por parte de las Administraciones, a todos los niveles. Piden que se articulen medidas fiscales, econ\u00f3micas y pol\u00edticas para proteger la producci\u00f3n de alimentos en Espa\u00f1a. Una actividad cuyo futuro, aseguran, est\u00e1 en peligro por la escasa e incluso nula rentabilidad que obtienen los productores. Al Ministerio de Agricultura, a trav\u00e9s de la AICA, le exigen con rotundidad que \u201chaga cumplir la Ley\u201d, acentuando las inspecciones de oficio, acelerando los procesos de investigaci\u00f3n y sanci\u00f3n, y actualizando el estudio de la cadena de valor de la leche. Tambi\u00e9n deben implicarse las Comunidades Aut\u00f3nomas en el desarrollo de la Ley de la Cadena, para que a su vez \u00e9stas elaboren respectivos estudios de cadena de valor m\u00e1s cercanos al territorio y a la realidad de los productores.<\/p>\n\n\n\n<p>El campo espa\u00f1ol contin\u00faa por lo tanto en las carreteras y las calles de toda Espa\u00f1a tras el hist\u00f3rico proceso de movilizaciones de los \u2018Agricultores al L\u00edmite\u201d celebrado a principios de 2020 y que solo la pandemia logr\u00f3 detener. Las OPA lanzan este \u201cSOS rural\u201d porque su situaci\u00f3n es de \u201cabsoluta emergencia\u201d.<\/p>\n","protected":false},"excerpt":{"rendered":"<p>\u2022 ASAJA, COAG y UPA continuar\u00e1n sus acciones reivindicativas se\u00f1alando a los culpables de la situaci\u00f3n cr\u00edtica de la ganader\u00eda l\u00e1ctea.\u2022 Las organizaciones reafirman su apuesta por la unidad de acci\u00f3n con actos de protesta \u201ccontundentes, impactantes y \u00fatiles\u201d.\u2022 Las pr\u00f3ximas citas, hoy en A Coru\u00f1a y ma\u00f1ana viernes en Cantabria con la tractorada \u2018Rodea [&hellip;]<\/p>\n","protected":false},"author":9,"featured_media":9438,"comment_status":"open","ping_status":"open","sticky":false,"template":"","format":"standard","meta":{"footnotes":""},"categories":[9,29,28],"tags":[],"yoast_head":"<!-- This site is optimized with the Yoast SEO plugin v24.5 - https:\/\/yoast.com\/wordpress\/plugins\/seo\/ -->\n<title>Los ganaderos l\u00e1cteos protestan ante industrias y gran distribuci\u00f3n: \u201cSe acab\u00f3 incumplir la Ley\u201d - ASAJA Palencia<\/title>\n<meta name=\"description\" content=\"\u2022 ASAJA, COAG y UPA continuar\u00e1n sus acciones reivindicativas se\u00f1alando a los culpables de la situaci\u00f3n cr\u00edtica de la ganader\u00eda l\u00e1ctea.\u2022 Las organizaciones\" \/>\n<meta name=\"robots\" content=\"index, follow, max-snippet:-1, max-image-preview:large, max-video-preview:-1\" \/>\n<link rel=\"canonical\" href=\"https:\/\/www.asajacyl.com\/palencia\/asaja-palencia-informa\/los-ganaderos-lacteos-protestan-ante-industrias-y-gran-distribucion-se-acabo-incumplir-la-ley\" \/>\n<meta property=\"og:locale\" content=\"es_ES\" \/>\n<meta property=\"og:type\" content=\"article\" \/>\n<meta property=\"og:title\" content=\"Los ganaderos l\u00e1cteos protestan ante industrias y gran distribuci\u00f3n: \u201cSe acab\u00f3 incumplir la Ley\u201d - ASAJA Palencia\" \/>\n<meta property=\"og:description\" content=\"\u2022 ASAJA, COAG y UPA continuar\u00e1n sus acciones reivindicativas se\u00f1alando a los culpables de la situaci\u00f3n cr\u00edtica de la ganader\u00eda l\u00e1ctea.\u2022 Las organizaciones\" \/>\n<meta property=\"og:url\" content=\"https:\/\/www.asajacyl.com\/palencia\/asaja-palencia-informa\/los-ganaderos-lacteos-protestan-ante-industrias-y-gran-distribucion-se-acabo-incumplir-la-ley\" \/>\n<meta property=\"og:site_name\" content=\"ASAJA Palencia\" \/>\n<meta property=\"article:published_time\" content=\"2021-12-17T08:40:00+00:00\" \/>\n<meta property=\"article:modified_time\" content=\"2021-12-17T08:40:01+00:00\" \/>\n<meta property=\"og:image\" content=\"https:\/\/www.asajacyl.com\/palencia\/wp-content\/uploads\/sites\/3\/2021\/11\/precios-leche.jpg\" \/>\n\t<meta property=\"og:image:width\" content=\"595\" \/>\n\t<meta property=\"og:image:height\" content=\"648\" \/>\n\t<meta property=\"og:image:type\" content=\"image\/jpeg\" \/>\n<meta name=\"author\" content=\"Administrador\" \/>\n<meta name=\"twitter:card\" content=\"summary_large_image\" \/>\n<meta name=\"twitter:label1\" content=\"Escrito por\" \/>\n\t<meta name=\"twitter:data1\" content=\"Administrador\" \/>\n\t<meta name=\"twitter:label2\" content=\"Tiempo de lectura\" \/>\n\t<meta name=\"twitter:data2\" content=\"4 minutos\" \/>\n<script type=\"application\/ld+json\" class=\"yoast-schema-graph\">{\"@context\":\"https:\/\/schema.org\",\"@graph\":[{\"@type\":\"WebPage\",\"@id\":\"https:\/\/www.asajacyl.com\/palencia\/asaja-palencia-informa\/los-ganaderos-lacteos-protestan-ante-industrias-y-gran-distribucion-se-acabo-incumplir-la-ley\",\"url\":\"https:\/\/www.asajacyl.com\/palencia\/asaja-palencia-informa\/los-ganaderos-lacteos-protestan-ante-industrias-y-gran-distribucion-se-acabo-incumplir-la-ley\",\"name\":\"Los ganaderos l\u00e1cteos protestan ante industrias y gran distribuci\u00f3n: \u201cSe acab\u00f3 incumplir la Ley\u201d - ASAJA Palencia\",\"isPartOf\":{\"@id\":\"https:\/\/www.asajacyl.com\/palencia\/#website\"},\"primaryImageOfPage\":{\"@id\":\"https:\/\/www.asajacyl.com\/palencia\/asaja-palencia-informa\/los-ganaderos-lacteos-protestan-ante-industrias-y-gran-distribucion-se-acabo-incumplir-la-ley#primaryimage\"},\"image\":{\"@id\":\"https:\/\/www.asajacyl.com\/palencia\/asaja-palencia-informa\/los-ganaderos-lacteos-protestan-ante-industrias-y-gran-distribucion-se-acabo-incumplir-la-ley#primaryimage\"},\"thumbnailUrl\":\"https:\/\/www.asajacyl.com\/palencia\/wp-content\/uploads\/sites\/3\/2021\/11\/precios-leche.jpg\",\"datePublished\":\"2021-12-17T08:40:00+00:00\",\"dateModified\":\"2021-12-17T08:40:01+00:00\",\"author\":{\"@id\":\"https:\/\/www.asajacyl.com\/palencia\/#\/schema\/person\/3ab17aeb03527485c317557fae64aab1\"},\"description\":\"\u2022 ASAJA, COAG y UPA continuar\u00e1n sus acciones reivindicativas se\u00f1alando a los culpables de la situaci\u00f3n cr\u00edtica de la ganader\u00eda l\u00e1ctea.\u2022 Las organizaciones\",\"breadcrumb\":{\"@id\":\"https:\/\/www.asajacyl.com\/palencia\/asaja-palencia-informa\/los-ganaderos-lacteos-protestan-ante-industrias-y-gran-distribucion-se-acabo-incumplir-la-ley#breadcrumb\"},\"inLanguage\":\"es\",\"potentialAction\":[{\"@type\":\"ReadAction\",\"target\":[\"https:\/\/www.asajacyl.com\/palencia\/asaja-palencia-informa\/los-ganaderos-lacteos-protestan-ante-industrias-y-gran-distribucion-se-acabo-incumplir-la-ley\"]}]},{\"@type\":\"ImageObject\",\"inLanguage\":\"es\",\"@id\":\"https:\/\/www.asajacyl.com\/palencia\/asaja-palencia-informa\/los-ganaderos-lacteos-protestan-ante-industrias-y-gran-distribucion-se-acabo-incumplir-la-ley#primaryimage\",\"url\":\"https:\/\/www.asajacyl.com\/palencia\/wp-content\/uploads\/sites\/3\/2021\/11\/precios-leche.jpg\",\"contentUrl\":\"https:\/\/www.asajacyl.com\/palencia\/wp-content\/uploads\/sites\/3\/2021\/11\/precios-leche.jpg\",\"width\":595,\"height\":648},{\"@type\":\"BreadcrumbList\",\"@id\":\"https:\/\/www.asajacyl.com\/palencia\/asaja-palencia-informa\/los-ganaderos-lacteos-protestan-ante-industrias-y-gran-distribucion-se-acabo-incumplir-la-ley#breadcrumb\",\"itemListElement\":[{\"@type\":\"ListItem\",\"position\":1,\"name\":\"Portada\",\"item\":\"https:\/\/www.asajacyl.com\/palencia\/\"},{\"@type\":\"ListItem\",\"position\":2,\"name\":\"Los ganaderos l\u00e1cteos protestan ante industrias y gran distribuci\u00f3n: \u201cSe acab\u00f3 incumplir la Ley\u201d\"}]},{\"@type\":\"WebSite\",\"@id\":\"https:\/\/www.asajacyl.com\/palencia\/#website\",\"url\":\"https:\/\/www.asajacyl.com\/palencia\/\",\"name\":\"ASAJA Palencia\",\"description\":\"Otro sitio m\u00e1s de Provincias ASAJA Castilla y Le\u00f3n\",\"potentialAction\":[{\"@type\":\"SearchAction\",\"target\":{\"@type\":\"EntryPoint\",\"urlTemplate\":\"https:\/\/www.asajacyl.com\/palencia\/?s={search_term_string}\"},\"query-input\":{\"@type\":\"PropertyValueSpecification\",\"valueRequired\":true,\"valueName\":\"search_term_string\"}}],\"inLanguage\":\"es\"},{\"@type\":\"Person\",\"@id\":\"https:\/\/www.asajacyl.com\/palencia\/#\/schema\/person\/3ab17aeb03527485c317557fae64aab1\",\"name\":\"Administrador\",\"image\":{\"@type\":\"ImageObject\",\"inLanguage\":\"es\",\"@id\":\"https:\/\/www.asajacyl.com\/palencia\/#\/schema\/person\/image\/\",\"url\":\"https:\/\/secure.gravatar.com\/avatar\/517384810d242ca9e38c180f3c9fb973?s=96&d=mm&r=g\",\"contentUrl\":\"https:\/\/secure.gravatar.com\/avatar\/517384810d242ca9e38c180f3c9fb973?s=96&d=mm&r=g\",\"caption\":\"Administrador\"},\"url\":\"https:\/\/www.asajacyl.com\/palencia\/author\/carlosrm\"}]}<\/script>\n<!-- \/ Yoast SEO plugin. -->","yoast_head_json":{"title":"Los ganaderos l\u00e1cteos protestan ante industrias y gran distribuci\u00f3n: \u201cSe acab\u00f3 incumplir la Ley\u201d - ASAJA Palencia","description":"\u2022 ASAJA, COAG y UPA continuar\u00e1n sus acciones reivindicativas se\u00f1alando a los culpables de la situaci\u00f3n cr\u00edtica de la ganader\u00eda l\u00e1ctea.\u2022 Las organizaciones","robots":{"index":"index","follow":"follow","max-snippet":"max-snippet:-1","max-image-preview":"max-image-preview:large","max-video-preview":"max-video-preview:-1"},"canonical":"https:\/\/www.asajacyl.com\/palencia\/asaja-palencia-informa\/los-ganaderos-lacteos-protestan-ante-industrias-y-gran-distribucion-se-acabo-incumplir-la-ley","og_locale":"es_ES","og_type":"article","og_title":"Los ganaderos l\u00e1cteos protestan ante industrias y gran distribuci\u00f3n: \u201cSe acab\u00f3 incumplir la Ley\u201d - ASAJA Palencia","og_description":"\u2022 ASAJA, COAG y UPA continuar\u00e1n sus acciones reivindicativas se\u00f1alando a los culpables de la situaci\u00f3n cr\u00edtica de la ganader\u00eda l\u00e1ctea.\u2022 Las organizaciones","og_url":"https:\/\/www.asajacyl.com\/palencia\/asaja-palencia-informa\/los-ganaderos-lacteos-protestan-ante-industrias-y-gran-distribucion-se-acabo-incumplir-la-ley","og_site_name":"ASAJA Palencia","article_published_time":"2021-12-17T08:40:00+00:00","article_modified_time":"2021-12-17T08:40:01+00:00","og_image":[{"width":595,"height":648,"url":"https:\/\/www.asajacyl.com\/palencia\/wp-content\/uploads\/sites\/3\/2021\/11\/precios-leche.jpg","type":"image\/jpeg"}],"author":"Administrador","twitter_card":"summary_large_image","twitter_misc":{"Escrito por":"Administrador","Tiempo de lectura":"4 minutos"},"schema":{"@context":"https:\/\/schema.org","@graph":[{"@type":"WebPage","@id":"https:\/\/www.asajacyl.com\/palencia\/asaja-palencia-informa\/los-ganaderos-lacteos-protestan-ante-industrias-y-gran-distribucion-se-acabo-incumplir-la-ley","url":"https:\/\/www.asajacyl.com\/palencia\/asaja-palencia-informa\/los-ganaderos-lacteos-protestan-ante-industrias-y-gran-distribucion-se-acabo-incumplir-la-ley","name":"Los ganaderos l\u00e1cteos protestan ante industrias y gran distribuci\u00f3n: \u201cSe acab\u00f3 incumplir la Ley\u201d - ASAJA Palencia","isPartOf":{"@id":"https:\/\/www.asajacyl.com\/palencia\/#website"},"primaryImageOfPage":{"@id":"https:\/\/www.asajacyl.com\/palencia\/asaja-palencia-informa\/los-ganaderos-lacteos-protestan-ante-industrias-y-gran-distribucion-se-acabo-incumplir-la-ley#primaryimage"},"image":{"@id":"https:\/\/www.asajacyl.com\/palencia\/asaja-palencia-informa\/los-ganaderos-lacteos-protestan-ante-industrias-y-gran-distribucion-se-acabo-incumplir-la-ley#primaryimage"},"thumbnailUrl":"https:\/\/www.asajacyl.com\/palencia\/wp-content\/uploads\/sites\/3\/2021\/11\/precios-leche.jpg","datePublished":"2021-12-17T08:40:00+00:00","dateModified":"2021-12-17T08:40:01+00:00","author":{"@id":"https:\/\/www.asajacyl.com\/palencia\/#\/schema\/person\/3ab17aeb03527485c317557fae64aab1"},"description":"\u2022 ASAJA, COAG y UPA continuar\u00e1n sus acciones reivindicativas se\u00f1alando a los culpables de la situaci\u00f3n cr\u00edtica de la ganader\u00eda l\u00e1ctea.\u2022 Las organizaciones","breadcrumb":{"@id":"https:\/\/www.asajacyl.com\/palencia\/asaja-palencia-informa\/los-ganaderos-lacteos-protestan-ante-industrias-y-gran-distribucion-se-acabo-incumplir-la-ley#breadcrumb"},"inLanguage":"es","potentialAction":[{"@type":"ReadAction","target":["https:\/\/www.asajacyl.com\/palencia\/asaja-palencia-informa\/los-ganaderos-lacteos-protestan-ante-industrias-y-gran-distribucion-se-acabo-incumplir-la-ley"]}]},{"@type":"ImageObject","inLanguage":"es","@id":"https:\/\/www.asajacyl.com\/palencia\/asaja-palencia-informa\/los-ganaderos-lacteos-protestan-ante-industrias-y-gran-distribucion-se-acabo-incumplir-la-ley#primaryimage","url":"https:\/\/www.asajacyl.com\/palencia\/wp-content\/uploads\/sites\/3\/2021\/11\/precios-leche.jpg","contentUrl":"https:\/\/www.asajacyl.com\/palencia\/wp-content\/uploads\/sites\/3\/2021\/11\/precios-leche.jpg","width":595,"height":648},{"@type":"BreadcrumbList","@id":"https:\/\/www.asajacyl.com\/palencia\/asaja-palencia-informa\/los-ganaderos-lacteos-protestan-ante-industrias-y-gran-distribucion-se-acabo-incumplir-la-ley#breadcrumb","itemListElement":[{"@type":"ListItem","position":1,"name":"Portada","item":"https:\/\/www.asajacyl.com\/palencia\/"},{"@type":"ListItem","position":2,"name":"Los ganaderos l\u00e1cteos protestan ante industrias y gran distribuci\u00f3n: \u201cSe acab\u00f3 incumplir la Ley\u201d"}]},{"@type":"WebSite","@id":"https:\/\/www.asajacyl.com\/palencia\/#website","url":"https:\/\/www.asajacyl.com\/palencia\/","name":"ASAJA Palencia","description":"Otro sitio m\u00e1s de Provincias ASAJA Castilla y Le\u00f3n","potentialAction":[{"@type":"SearchAction","target":{"@type":"EntryPoint","urlTemplate":"https:\/\/www.asajacyl.com\/palencia\/?s={search_term_string}"},"query-input":{"@type":"PropertyValueSpecification","valueRequired":true,"valueName":"search_term_string"}}],"inLanguage":"es"},{"@type":"Person","@id":"https:\/\/www.asajacyl.com\/palencia\/#\/schema\/person\/3ab17aeb03527485c317557fae64aab1","name":"Administrador","image":{"@type":"ImageObject","inLanguage":"es","@id":"https:\/\/www.asajacyl.com\/palencia\/#\/schema\/person\/image\/","url":"https:\/\/secure.gravatar.com\/avatar\/517384810d242ca9e38c180f3c9fb973?s=96&d=mm&r=g","contentUrl":"https:\/\/secure.gravatar.com\/avatar\/517384810d242ca9e38c180f3c9fb973?s=96&d=mm&r=g","caption":"Administrador"},"url":"https:\/\/www.asajacyl.com\/palencia\/author\/carlosrm"}]}},"_links":{"self":[{"href":"https:\/\/www.asajacyl.com\/palencia\/wp-json\/wp\/v2\/posts\/9521"}],"collection":[{"href":"https:\/\/www.asajacyl.com\/palencia\/wp-json\/wp\/v2\/posts"}],"about":[{"href":"https:\/\/www.asajacyl.com\/palencia\/wp-json\/wp\/v2\/types\/post"}],"author":[{"embeddable":true,"href":"https:\/\/www.asajacyl.com\/palencia\/wp-json\/wp\/v2\/users\/9"}],"replies":[{"embeddable":true,"href":"https:\/\/www.asajacyl.com\/palencia\/wp-json\/wp\/v2\/comments?post=9521"}],"version-history":[{"count":2,"href":"https:\/\/www.asajacyl.com\/palencia\/wp-json\/wp\/v2\/posts\/9521\/revisions"}],"predecessor-version":[{"id":9531,"href":"https:\/\/www.asajacyl.com\/palencia\/wp-json\/wp\/v2\/posts\/9521\/revisions\/9531"}],"wp:featuredmedia":[{"embeddable":true,"href":"https:\/\/www.asajacyl.com\/palencia\/wp-json\/wp\/v2\/media\/9438"}],"wp:attachment":[{"href":"https:\/\/www.asajacyl.com\/palencia\/wp-json\/wp\/v2\/media?parent=9521"}],"wp:term":[{"taxonomy":"category","embeddable":true,"href":"https:\/\/www.asajacyl.com\/palencia\/wp-json\/wp\/v2\/categories?post=9521"},{"taxonomy":"post_tag","embeddable":true,"href":"https:\/\/www.asajacyl.com\/palencia\/wp-json\/wp\/v2\/tags?post=9521"}],"curies":[{"name":"wp","href":"https:\/\/api.w.org\/{rel}","templated":true}]}}