{"id":9534,"date":"2021-12-21T11:30:00","date_gmt":"2021-12-21T10:30:00","guid":{"rendered":"https:\/\/www.asajacyl.com\/palencia\/?p=9534"},"modified":"2021-12-21T07:58:31","modified_gmt":"2021-12-21T06:58:31","slug":"asaja-palencia-denuncia-reiterados-ataques-de-lobo-en-branosera","status":"publish","type":"post","link":"https:\/\/www.asajacyl.com\/palencia\/asaja-palencia-informa\/asaja-palencia-denuncia-reiterados-ataques-de-lobo-en-branosera","title":{"rendered":"ASAJA-Palencia denuncia reiterados ataques de lobo en Bra\u00f1osera"},"content":{"rendered":"\n<p>Ayer se produjo el \u00faltimo de los ataques sufridos por una explotaci\u00f3n de ganado caprino ubicada en el t\u00e9rmino municipal de Bra\u00f1osera. Este ataque es uno de tantos en esta ganader\u00eda que ha visto c\u00f3mo su caba\u00f1a se ha reducido en unos cincuenta animales por el disfrute de los lobos de la zona, que campan a sus anchas como le gusta al Ministerio de Transici\u00f3n Ecol\u00f3gica y Reto Demogr\u00e1fico.<\/p>\n\n\n\n<p>Concretamente el ataque tuvo lugar a las tres de la tarde, junto a la nave ganadera del titular de la explotaci\u00f3n, situada a unos doscientos metros de las viviendas de la localidad de Bra\u00f1osera, y en \u00e9l mat\u00f3 a una cabra de cuatro a\u00f1os. Los continuos ataques son perpetrados por un lobo solitario y por una manada. Se est\u00e1n cebando con esta explotaci\u00f3n, y con otras de la zona, y van alternando sus ataques para conseguir comida f\u00e1cil.<\/p>\n\n\n\n<p>Pero esto no quiere decir que la ganader\u00eda no intente protegerse, cuenta con varios perros mastines que est\u00e1n viendo tantos ataques que ya tienen el mismo miedo que las cabras y que su due\u00f1o, el cual se siente indefenso ante los continuos ataques y con unas leyes garantistas para los que le est\u00e1n creando un perjuicio pero nada garantistas para que \u00e9l pueda mantener su negocio y su ilusi\u00f3n.<\/p>\n\n\n\n<p>Adem\u00e1s, se da la circunstancia de que estos animales pertenecen a la raza caprina blanca serrana, una raza catalogada por el Ministerio de Agricultura, Pesca y Alimentaci\u00f3n como \u201craza aut\u00f3ctona en peligro de extinci\u00f3n\u201d. S\u00f3lo hay dos explotaciones de este tipo en la mitad norte de Espa\u00f1a y el \u00faltimo censo publicado habla de unas 8.000 cabras en toda Espa\u00f1a, el da\u00f1o a estas cabras es irreparable.<\/p>\n\n\n\n<p>ASAJA solicitar\u00e1 sin dilaci\u00f3n al consejero de Fomento y Medio Ambiente, Juan Carlos Su\u00e1rez-Qui\u00f1ones, el control poblacional de los lobos que est\u00e1n atacando despiadadamente \u00e9sta y otras ganader\u00edas del entorno de Bra\u00f1osera y le invita a conocer personalmente el sufrimiento que est\u00e1 pasando el ganadero de Bra\u00f1osera, que ha invertido en su localidad pero ve que el lobo le va a terminar echando de la misma.<\/p>\n\n\n\n<figure class=\"wp-block-image size-large\"><img loading=\"lazy\" decoding=\"async\" width=\"1024\" height=\"461\" src=\"https:\/\/www.asajacyl.com\/palencia\/wp-content\/uploads\/sites\/3\/2021\/12\/CABRA-GONZALO-1024x461.jpg\" alt=\"\" class=\"wp-image-9535\" srcset=\"https:\/\/www.asajacyl.com\/palencia\/wp-content\/uploads\/sites\/3\/2021\/12\/CABRA-GONZALO-1024x461.jpg 1024w, https:\/\/www.asajacyl.com\/palencia\/wp-content\/uploads\/sites\/3\/2021\/12\/CABRA-GONZALO-300x135.jpg 300w, https:\/\/www.asajacyl.com\/palencia\/wp-content\/uploads\/sites\/3\/2021\/12\/CABRA-GONZALO-768x346.jpg 768w, https:\/\/www.asajacyl.com\/palencia\/wp-content\/uploads\/sites\/3\/2021\/12\/CABRA-GONZALO-1536x691.jpg 1536w, https:\/\/www.asajacyl.com\/palencia\/wp-content\/uploads\/sites\/3\/2021\/12\/CABRA-GONZALO-696x313.jpg 696w, https:\/\/www.asajacyl.com\/palencia\/wp-content\/uploads\/sites\/3\/2021\/12\/CABRA-GONZALO-1068x481.jpg 1068w, https:\/\/www.asajacyl.com\/palencia\/wp-content\/uploads\/sites\/3\/2021\/12\/CABRA-GONZALO-933x420.jpg 933w, https:\/\/www.asajacyl.com\/palencia\/wp-content\/uploads\/sites\/3\/2021\/12\/CABRA-GONZALO.jpg 1600w\" sizes=\"(max-width: 1024px) 100vw, 1024px\" \/><\/figure>\n","protected":false},"excerpt":{"rendered":"<p>Ayer se produjo el \u00faltimo de los ataques sufridos por una explotaci\u00f3n de ganado caprino ubicada en el t\u00e9rmino municipal de Bra\u00f1osera. Este ataque es uno de tantos en esta ganader\u00eda que ha visto c\u00f3mo su caba\u00f1a se ha reducido en unos cincuenta animales por el disfrute de los lobos de la zona, que campan [&hellip;]<\/p>\n","protected":false},"author":9,"featured_media":9535,"comment_status":"open","ping_status":"open","sticky":false,"template":"","format":"standard","meta":{"footnotes":""},"categories":[9,29,28],"tags":[],"yoast_head":"<!-- This site is optimized with the Yoast SEO plugin v24.5 - https:\/\/yoast.com\/wordpress\/plugins\/seo\/ -->\n<title>ASAJA-Palencia denuncia reiterados ataques de lobo en Bra\u00f1osera - ASAJA Palencia<\/title>\n<meta name=\"description\" content=\"Ayer se produjo el \u00faltimo de los ataques sufridos por una explotaci\u00f3n de ganado caprino ubicada en el t\u00e9rmino municipal de Bra\u00f1osera. Este ataque es uno\" \/>\n<meta name=\"robots\" content=\"index, follow, max-snippet:-1, max-image-preview:large, max-video-preview:-1\" \/>\n<link rel=\"canonical\" href=\"https:\/\/www.asajacyl.com\/palencia\/asaja-palencia-informa\/asaja-palencia-denuncia-reiterados-ataques-de-lobo-en-branosera\" \/>\n<meta property=\"og:locale\" content=\"es_ES\" \/>\n<meta property=\"og:type\" content=\"article\" \/>\n<meta property=\"og:title\" content=\"ASAJA-Palencia denuncia reiterados ataques de lobo en Bra\u00f1osera - ASAJA Palencia\" \/>\n<meta property=\"og:description\" content=\"Ayer se produjo el \u00faltimo de los ataques sufridos por una explotaci\u00f3n de ganado caprino ubicada en el t\u00e9rmino municipal de Bra\u00f1osera. Este ataque es uno\" \/>\n<meta property=\"og:url\" content=\"https:\/\/www.asajacyl.com\/palencia\/asaja-palencia-informa\/asaja-palencia-denuncia-reiterados-ataques-de-lobo-en-branosera\" \/>\n<meta property=\"og:site_name\" content=\"ASAJA Palencia\" \/>\n<meta property=\"article:published_time\" content=\"2021-12-21T10:30:00+00:00\" \/>\n<meta property=\"og:image\" content=\"https:\/\/www.asajacyl.com\/palencia\/wp-content\/uploads\/sites\/3\/2021\/12\/CABRA-GONZALO.jpg\" \/>\n\t<meta property=\"og:image:width\" content=\"1600\" \/>\n\t<meta property=\"og:image:height\" content=\"720\" \/>\n\t<meta property=\"og:image:type\" content=\"image\/jpeg\" \/>\n<meta name=\"author\" content=\"Administrador\" \/>\n<meta name=\"twitter:card\" content=\"summary_large_image\" \/>\n<meta name=\"twitter:label1\" content=\"Escrito por\" \/>\n\t<meta name=\"twitter:data1\" content=\"Administrador\" \/>\n\t<meta name=\"twitter:label2\" content=\"Tiempo de lectura\" \/>\n\t<meta name=\"twitter:data2\" content=\"2 minutos\" \/>\n<script type=\"application\/ld+json\" class=\"yoast-schema-graph\">{\"@context\":\"https:\/\/schema.org\",\"@graph\":[{\"@type\":\"WebPage\",\"@id\":\"https:\/\/www.asajacyl.com\/palencia\/asaja-palencia-informa\/asaja-palencia-denuncia-reiterados-ataques-de-lobo-en-branosera\",\"url\":\"https:\/\/www.asajacyl.com\/palencia\/asaja-palencia-informa\/asaja-palencia-denuncia-reiterados-ataques-de-lobo-en-branosera\",\"name\":\"ASAJA-Palencia denuncia reiterados ataques de lobo en Bra\u00f1osera - ASAJA Palencia\",\"isPartOf\":{\"@id\":\"https:\/\/www.asajacyl.com\/palencia\/#website\"},\"primaryImageOfPage\":{\"@id\":\"https:\/\/www.asajacyl.com\/palencia\/asaja-palencia-informa\/asaja-palencia-denuncia-reiterados-ataques-de-lobo-en-branosera#primaryimage\"},\"image\":{\"@id\":\"https:\/\/www.asajacyl.com\/palencia\/asaja-palencia-informa\/asaja-palencia-denuncia-reiterados-ataques-de-lobo-en-branosera#primaryimage\"},\"thumbnailUrl\":\"https:\/\/www.asajacyl.com\/palencia\/wp-content\/uploads\/sites\/3\/2021\/12\/CABRA-GONZALO.jpg\",\"datePublished\":\"2021-12-21T10:30:00+00:00\",\"author\":{\"@id\":\"https:\/\/www.asajacyl.com\/palencia\/#\/schema\/person\/3ab17aeb03527485c317557fae64aab1\"},\"description\":\"Ayer se produjo el \u00faltimo de los ataques sufridos por una explotaci\u00f3n de ganado caprino ubicada en el t\u00e9rmino municipal de Bra\u00f1osera. Este ataque es uno\",\"breadcrumb\":{\"@id\":\"https:\/\/www.asajacyl.com\/palencia\/asaja-palencia-informa\/asaja-palencia-denuncia-reiterados-ataques-de-lobo-en-branosera#breadcrumb\"},\"inLanguage\":\"es\",\"potentialAction\":[{\"@type\":\"ReadAction\",\"target\":[\"https:\/\/www.asajacyl.com\/palencia\/asaja-palencia-informa\/asaja-palencia-denuncia-reiterados-ataques-de-lobo-en-branosera\"]}]},{\"@type\":\"ImageObject\",\"inLanguage\":\"es\",\"@id\":\"https:\/\/www.asajacyl.com\/palencia\/asaja-palencia-informa\/asaja-palencia-denuncia-reiterados-ataques-de-lobo-en-branosera#primaryimage\",\"url\":\"https:\/\/www.asajacyl.com\/palencia\/wp-content\/uploads\/sites\/3\/2021\/12\/CABRA-GONZALO.jpg\",\"contentUrl\":\"https:\/\/www.asajacyl.com\/palencia\/wp-content\/uploads\/sites\/3\/2021\/12\/CABRA-GONZALO.jpg\",\"width\":1600,\"height\":720},{\"@type\":\"BreadcrumbList\",\"@id\":\"https:\/\/www.asajacyl.com\/palencia\/asaja-palencia-informa\/asaja-palencia-denuncia-reiterados-ataques-de-lobo-en-branosera#breadcrumb\",\"itemListElement\":[{\"@type\":\"ListItem\",\"position\":1,\"name\":\"Portada\",\"item\":\"https:\/\/www.asajacyl.com\/palencia\/\"},{\"@type\":\"ListItem\",\"position\":2,\"name\":\"ASAJA-Palencia denuncia reiterados ataques de lobo en Bra\u00f1osera\"}]},{\"@type\":\"WebSite\",\"@id\":\"https:\/\/www.asajacyl.com\/palencia\/#website\",\"url\":\"https:\/\/www.asajacyl.com\/palencia\/\",\"name\":\"ASAJA Palencia\",\"description\":\"Otro sitio m\u00e1s de Provincias ASAJA Castilla y Le\u00f3n\",\"potentialAction\":[{\"@type\":\"SearchAction\",\"target\":{\"@type\":\"EntryPoint\",\"urlTemplate\":\"https:\/\/www.asajacyl.com\/palencia\/?s={search_term_string}\"},\"query-input\":{\"@type\":\"PropertyValueSpecification\",\"valueRequired\":true,\"valueName\":\"search_term_string\"}}],\"inLanguage\":\"es\"},{\"@type\":\"Person\",\"@id\":\"https:\/\/www.asajacyl.com\/palencia\/#\/schema\/person\/3ab17aeb03527485c317557fae64aab1\",\"name\":\"Administrador\",\"image\":{\"@type\":\"ImageObject\",\"inLanguage\":\"es\",\"@id\":\"https:\/\/www.asajacyl.com\/palencia\/#\/schema\/person\/image\/\",\"url\":\"https:\/\/secure.gravatar.com\/avatar\/517384810d242ca9e38c180f3c9fb973?s=96&d=mm&r=g\",\"contentUrl\":\"https:\/\/secure.gravatar.com\/avatar\/517384810d242ca9e38c180f3c9fb973?s=96&d=mm&r=g\",\"caption\":\"Administrador\"},\"url\":\"https:\/\/www.asajacyl.com\/palencia\/author\/carlosrm\"}]}<\/script>\n<!-- \/ Yoast SEO plugin. -->","yoast_head_json":{"title":"ASAJA-Palencia denuncia reiterados ataques de lobo en Bra\u00f1osera - ASAJA Palencia","description":"Ayer se produjo el \u00faltimo de los ataques sufridos por una explotaci\u00f3n de ganado caprino ubicada en el t\u00e9rmino municipal de Bra\u00f1osera. Este ataque es uno","robots":{"index":"index","follow":"follow","max-snippet":"max-snippet:-1","max-image-preview":"max-image-preview:large","max-video-preview":"max-video-preview:-1"},"canonical":"https:\/\/www.asajacyl.com\/palencia\/asaja-palencia-informa\/asaja-palencia-denuncia-reiterados-ataques-de-lobo-en-branosera","og_locale":"es_ES","og_type":"article","og_title":"ASAJA-Palencia denuncia reiterados ataques de lobo en Bra\u00f1osera - ASAJA Palencia","og_description":"Ayer se produjo el \u00faltimo de los ataques sufridos por una explotaci\u00f3n de ganado caprino ubicada en el t\u00e9rmino municipal de Bra\u00f1osera. Este ataque es uno","og_url":"https:\/\/www.asajacyl.com\/palencia\/asaja-palencia-informa\/asaja-palencia-denuncia-reiterados-ataques-de-lobo-en-branosera","og_site_name":"ASAJA Palencia","article_published_time":"2021-12-21T10:30:00+00:00","og_image":[{"width":1600,"height":720,"url":"https:\/\/www.asajacyl.com\/palencia\/wp-content\/uploads\/sites\/3\/2021\/12\/CABRA-GONZALO.jpg","type":"image\/jpeg"}],"author":"Administrador","twitter_card":"summary_large_image","twitter_misc":{"Escrito por":"Administrador","Tiempo de lectura":"2 minutos"},"schema":{"@context":"https:\/\/schema.org","@graph":[{"@type":"WebPage","@id":"https:\/\/www.asajacyl.com\/palencia\/asaja-palencia-informa\/asaja-palencia-denuncia-reiterados-ataques-de-lobo-en-branosera","url":"https:\/\/www.asajacyl.com\/palencia\/asaja-palencia-informa\/asaja-palencia-denuncia-reiterados-ataques-de-lobo-en-branosera","name":"ASAJA-Palencia denuncia reiterados ataques de lobo en Bra\u00f1osera - ASAJA Palencia","isPartOf":{"@id":"https:\/\/www.asajacyl.com\/palencia\/#website"},"primaryImageOfPage":{"@id":"https:\/\/www.asajacyl.com\/palencia\/asaja-palencia-informa\/asaja-palencia-denuncia-reiterados-ataques-de-lobo-en-branosera#primaryimage"},"image":{"@id":"https:\/\/www.asajacyl.com\/palencia\/asaja-palencia-informa\/asaja-palencia-denuncia-reiterados-ataques-de-lobo-en-branosera#primaryimage"},"thumbnailUrl":"https:\/\/www.asajacyl.com\/palencia\/wp-content\/uploads\/sites\/3\/2021\/12\/CABRA-GONZALO.jpg","datePublished":"2021-12-21T10:30:00+00:00","author":{"@id":"https:\/\/www.asajacyl.com\/palencia\/#\/schema\/person\/3ab17aeb03527485c317557fae64aab1"},"description":"Ayer se produjo el \u00faltimo de los ataques sufridos por una explotaci\u00f3n de ganado caprino ubicada en el t\u00e9rmino municipal de Bra\u00f1osera. Este ataque es uno","breadcrumb":{"@id":"https:\/\/www.asajacyl.com\/palencia\/asaja-palencia-informa\/asaja-palencia-denuncia-reiterados-ataques-de-lobo-en-branosera#breadcrumb"},"inLanguage":"es","potentialAction":[{"@type":"ReadAction","target":["https:\/\/www.asajacyl.com\/palencia\/asaja-palencia-informa\/asaja-palencia-denuncia-reiterados-ataques-de-lobo-en-branosera"]}]},{"@type":"ImageObject","inLanguage":"es","@id":"https:\/\/www.asajacyl.com\/palencia\/asaja-palencia-informa\/asaja-palencia-denuncia-reiterados-ataques-de-lobo-en-branosera#primaryimage","url":"https:\/\/www.asajacyl.com\/palencia\/wp-content\/uploads\/sites\/3\/2021\/12\/CABRA-GONZALO.jpg","contentUrl":"https:\/\/www.asajacyl.com\/palencia\/wp-content\/uploads\/sites\/3\/2021\/12\/CABRA-GONZALO.jpg","width":1600,"height":720},{"@type":"BreadcrumbList","@id":"https:\/\/www.asajacyl.com\/palencia\/asaja-palencia-informa\/asaja-palencia-denuncia-reiterados-ataques-de-lobo-en-branosera#breadcrumb","itemListElement":[{"@type":"ListItem","position":1,"name":"Portada","item":"https:\/\/www.asajacyl.com\/palencia\/"},{"@type":"ListItem","position":2,"name":"ASAJA-Palencia denuncia reiterados ataques de lobo en Bra\u00f1osera"}]},{"@type":"WebSite","@id":"https:\/\/www.asajacyl.com\/palencia\/#website","url":"https:\/\/www.asajacyl.com\/palencia\/","name":"ASAJA Palencia","description":"Otro sitio m\u00e1s de Provincias ASAJA Castilla y Le\u00f3n","potentialAction":[{"@type":"SearchAction","target":{"@type":"EntryPoint","urlTemplate":"https:\/\/www.asajacyl.com\/palencia\/?s={search_term_string}"},"query-input":{"@type":"PropertyValueSpecification","valueRequired":true,"valueName":"search_term_string"}}],"inLanguage":"es"},{"@type":"Person","@id":"https:\/\/www.asajacyl.com\/palencia\/#\/schema\/person\/3ab17aeb03527485c317557fae64aab1","name":"Administrador","image":{"@type":"ImageObject","inLanguage":"es","@id":"https:\/\/www.asajacyl.com\/palencia\/#\/schema\/person\/image\/","url":"https:\/\/secure.gravatar.com\/avatar\/517384810d242ca9e38c180f3c9fb973?s=96&d=mm&r=g","contentUrl":"https:\/\/secure.gravatar.com\/avatar\/517384810d242ca9e38c180f3c9fb973?s=96&d=mm&r=g","caption":"Administrador"},"url":"https:\/\/www.asajacyl.com\/palencia\/author\/carlosrm"}]}},"_links":{"self":[{"href":"https:\/\/www.asajacyl.com\/palencia\/wp-json\/wp\/v2\/posts\/9534"}],"collection":[{"href":"https:\/\/www.asajacyl.com\/palencia\/wp-json\/wp\/v2\/posts"}],"about":[{"href":"https:\/\/www.asajacyl.com\/palencia\/wp-json\/wp\/v2\/types\/post"}],"author":[{"embeddable":true,"href":"https:\/\/www.asajacyl.com\/palencia\/wp-json\/wp\/v2\/users\/9"}],"replies":[{"embeddable":true,"href":"https:\/\/www.asajacyl.com\/palencia\/wp-json\/wp\/v2\/comments?post=9534"}],"version-history":[{"count":1,"href":"https:\/\/www.asajacyl.com\/palencia\/wp-json\/wp\/v2\/posts\/9534\/revisions"}],"predecessor-version":[{"id":9536,"href":"https:\/\/www.asajacyl.com\/palencia\/wp-json\/wp\/v2\/posts\/9534\/revisions\/9536"}],"wp:featuredmedia":[{"embeddable":true,"href":"https:\/\/www.asajacyl.com\/palencia\/wp-json\/wp\/v2\/media\/9535"}],"wp:attachment":[{"href":"https:\/\/www.asajacyl.com\/palencia\/wp-json\/wp\/v2\/media?parent=9534"}],"wp:term":[{"taxonomy":"category","embeddable":true,"href":"https:\/\/www.asajacyl.com\/palencia\/wp-json\/wp\/v2\/categories?post=9534"},{"taxonomy":"post_tag","embeddable":true,"href":"https:\/\/www.asajacyl.com\/palencia\/wp-json\/wp\/v2\/tags?post=9534"}],"curies":[{"name":"wp","href":"https:\/\/api.w.org\/{rel}","templated":true}]}}