{"id":9539,"date":"2021-12-23T06:49:29","date_gmt":"2021-12-23T05:49:29","guid":{"rendered":"https:\/\/www.asajacyl.com\/palencia\/?p=9539"},"modified":"2021-12-22T06:54:08","modified_gmt":"2021-12-22T05:54:08","slug":"los-ganaderos-lacteos-continuan-con-sus-protestas-ante-industrias-y-distribucion","status":"publish","type":"post","link":"https:\/\/www.asajacyl.com\/palencia\/asaja-palencia-informa\/los-ganaderos-lacteos-continuan-con-sus-protestas-ante-industrias-y-distribucion","title":{"rendered":"Los ganaderos l\u00e1cteos contin\u00faan con sus protestas ante industrias y distribuci\u00f3n"},"content":{"rendered":"\n<p>Las organizaciones profesionales agrarias representativas, ASAJA, COAG y UPA, han anunciado que continuar\u00e1n sus acciones de protesta en sectores como el l\u00e1cteo, uno de los que est\u00e1 sufriendo m\u00e1s gravemente la crisis de rentabilidad que afecta a la agricultura y la ganader\u00eda espa\u00f1ola.<\/p>\n\n\n\n<p>Las organizaciones han recordado que desde que comenzaron las movilizaciones han logrado una subida de alg\u00fan c\u00e9ntimo, \u201cinsuficiente pero rese\u00f1able\u201d. Adem\u00e1s se esperan nuevas subidas para los pr\u00f3ximos d\u00edas por parte de DIA, Carrefour, Mercadona y LIDL, aunque los ganaderos exigen que esa subida \u201cse traslade \u00edntegramente a los ganaderos\u201d. De no ser as\u00ed, las organizaciones profesionales agrarias seguir\u00e1n se\u00f1alando a las industrias l\u00e1cteas que abusen de los ganaderos. No descartan llamamientos al boicot a las marcas que no paguen un precio justo a sus proveedores.<\/p>\n\n\n\n<p>Las OPAs recuerdan que ya est\u00e1 publicada en el BOE la nueva Ley de la Cadena Alimentaria, una normativa que proh\u00edbe rotundamente los abusos hacia los productores. La nueva normativa establece como obligatorio cubrir los costes de producci\u00f3n en cada operaci\u00f3n de compraventa de alimentos. \u201cAlgo que en estos momentos no est\u00e1 ocurriendo\u201d.<\/p>\n","protected":false},"excerpt":{"rendered":"<p>Las organizaciones profesionales agrarias representativas, ASAJA, COAG y UPA, han anunciado que continuar\u00e1n sus acciones de protesta en sectores como el l\u00e1cteo, uno de los que est\u00e1 sufriendo m\u00e1s gravemente la crisis de rentabilidad que afecta a la agricultura y la ganader\u00eda espa\u00f1ola. Las organizaciones han recordado que desde que comenzaron las movilizaciones han logrado [&hellip;]<\/p>\n","protected":false},"author":9,"featured_media":9438,"comment_status":"open","ping_status":"open","sticky":false,"template":"","format":"standard","meta":{"footnotes":""},"categories":[9,29,28],"tags":[],"yoast_head":"<!-- This site is optimized with the Yoast SEO plugin v24.5 - https:\/\/yoast.com\/wordpress\/plugins\/seo\/ -->\n<title>Los ganaderos l\u00e1cteos contin\u00faan con sus protestas ante industrias y distribuci\u00f3n - ASAJA Palencia<\/title>\n<meta name=\"description\" content=\"Las organizaciones profesionales agrarias representativas, ASAJA, COAG y UPA, han anunciado que continuar\u00e1n sus acciones de protesta en sectores como el\" \/>\n<meta name=\"robots\" content=\"index, follow, max-snippet:-1, max-image-preview:large, max-video-preview:-1\" \/>\n<link rel=\"canonical\" href=\"https:\/\/www.asajacyl.com\/palencia\/asaja-palencia-informa\/los-ganaderos-lacteos-continuan-con-sus-protestas-ante-industrias-y-distribucion\" \/>\n<meta property=\"og:locale\" content=\"es_ES\" \/>\n<meta property=\"og:type\" content=\"article\" \/>\n<meta property=\"og:title\" content=\"Los ganaderos l\u00e1cteos contin\u00faan con sus protestas ante industrias y distribuci\u00f3n - ASAJA Palencia\" \/>\n<meta property=\"og:description\" content=\"Las organizaciones profesionales agrarias representativas, ASAJA, COAG y UPA, han anunciado que continuar\u00e1n sus acciones de protesta en sectores como el\" \/>\n<meta property=\"og:url\" content=\"https:\/\/www.asajacyl.com\/palencia\/asaja-palencia-informa\/los-ganaderos-lacteos-continuan-con-sus-protestas-ante-industrias-y-distribucion\" \/>\n<meta property=\"og:site_name\" content=\"ASAJA Palencia\" \/>\n<meta property=\"article:published_time\" content=\"2021-12-23T05:49:29+00:00\" \/>\n<meta property=\"og:image\" content=\"https:\/\/www.asajacyl.com\/palencia\/wp-content\/uploads\/sites\/3\/2021\/11\/precios-leche.jpg\" \/>\n\t<meta property=\"og:image:width\" content=\"595\" \/>\n\t<meta property=\"og:image:height\" content=\"648\" \/>\n\t<meta property=\"og:image:type\" content=\"image\/jpeg\" \/>\n<meta name=\"author\" content=\"Administrador\" \/>\n<meta name=\"twitter:card\" content=\"summary_large_image\" \/>\n<meta name=\"twitter:label1\" content=\"Escrito por\" \/>\n\t<meta name=\"twitter:data1\" content=\"Administrador\" \/>\n\t<meta name=\"twitter:label2\" content=\"Tiempo de lectura\" \/>\n\t<meta name=\"twitter:data2\" content=\"1 minuto\" \/>\n<script type=\"application\/ld+json\" class=\"yoast-schema-graph\">{\"@context\":\"https:\/\/schema.org\",\"@graph\":[{\"@type\":\"WebPage\",\"@id\":\"https:\/\/www.asajacyl.com\/palencia\/asaja-palencia-informa\/los-ganaderos-lacteos-continuan-con-sus-protestas-ante-industrias-y-distribucion\",\"url\":\"https:\/\/www.asajacyl.com\/palencia\/asaja-palencia-informa\/los-ganaderos-lacteos-continuan-con-sus-protestas-ante-industrias-y-distribucion\",\"name\":\"Los ganaderos l\u00e1cteos contin\u00faan con sus protestas ante industrias y distribuci\u00f3n - ASAJA Palencia\",\"isPartOf\":{\"@id\":\"https:\/\/www.asajacyl.com\/palencia\/#website\"},\"primaryImageOfPage\":{\"@id\":\"https:\/\/www.asajacyl.com\/palencia\/asaja-palencia-informa\/los-ganaderos-lacteos-continuan-con-sus-protestas-ante-industrias-y-distribucion#primaryimage\"},\"image\":{\"@id\":\"https:\/\/www.asajacyl.com\/palencia\/asaja-palencia-informa\/los-ganaderos-lacteos-continuan-con-sus-protestas-ante-industrias-y-distribucion#primaryimage\"},\"thumbnailUrl\":\"https:\/\/www.asajacyl.com\/palencia\/wp-content\/uploads\/sites\/3\/2021\/11\/precios-leche.jpg\",\"datePublished\":\"2021-12-23T05:49:29+00:00\",\"author\":{\"@id\":\"https:\/\/www.asajacyl.com\/palencia\/#\/schema\/person\/3ab17aeb03527485c317557fae64aab1\"},\"description\":\"Las organizaciones profesionales agrarias representativas, ASAJA, COAG y UPA, han anunciado que continuar\u00e1n sus acciones de protesta en sectores como el\",\"breadcrumb\":{\"@id\":\"https:\/\/www.asajacyl.com\/palencia\/asaja-palencia-informa\/los-ganaderos-lacteos-continuan-con-sus-protestas-ante-industrias-y-distribucion#breadcrumb\"},\"inLanguage\":\"es\",\"potentialAction\":[{\"@type\":\"ReadAction\",\"target\":[\"https:\/\/www.asajacyl.com\/palencia\/asaja-palencia-informa\/los-ganaderos-lacteos-continuan-con-sus-protestas-ante-industrias-y-distribucion\"]}]},{\"@type\":\"ImageObject\",\"inLanguage\":\"es\",\"@id\":\"https:\/\/www.asajacyl.com\/palencia\/asaja-palencia-informa\/los-ganaderos-lacteos-continuan-con-sus-protestas-ante-industrias-y-distribucion#primaryimage\",\"url\":\"https:\/\/www.asajacyl.com\/palencia\/wp-content\/uploads\/sites\/3\/2021\/11\/precios-leche.jpg\",\"contentUrl\":\"https:\/\/www.asajacyl.com\/palencia\/wp-content\/uploads\/sites\/3\/2021\/11\/precios-leche.jpg\",\"width\":595,\"height\":648},{\"@type\":\"BreadcrumbList\",\"@id\":\"https:\/\/www.asajacyl.com\/palencia\/asaja-palencia-informa\/los-ganaderos-lacteos-continuan-con-sus-protestas-ante-industrias-y-distribucion#breadcrumb\",\"itemListElement\":[{\"@type\":\"ListItem\",\"position\":1,\"name\":\"Portada\",\"item\":\"https:\/\/www.asajacyl.com\/palencia\/\"},{\"@type\":\"ListItem\",\"position\":2,\"name\":\"Los ganaderos l\u00e1cteos contin\u00faan con sus protestas ante industrias y distribuci\u00f3n\"}]},{\"@type\":\"WebSite\",\"@id\":\"https:\/\/www.asajacyl.com\/palencia\/#website\",\"url\":\"https:\/\/www.asajacyl.com\/palencia\/\",\"name\":\"ASAJA Palencia\",\"description\":\"Otro sitio m\u00e1s de Provincias ASAJA Castilla y Le\u00f3n\",\"potentialAction\":[{\"@type\":\"SearchAction\",\"target\":{\"@type\":\"EntryPoint\",\"urlTemplate\":\"https:\/\/www.asajacyl.com\/palencia\/?s={search_term_string}\"},\"query-input\":{\"@type\":\"PropertyValueSpecification\",\"valueRequired\":true,\"valueName\":\"search_term_string\"}}],\"inLanguage\":\"es\"},{\"@type\":\"Person\",\"@id\":\"https:\/\/www.asajacyl.com\/palencia\/#\/schema\/person\/3ab17aeb03527485c317557fae64aab1\",\"name\":\"Administrador\",\"image\":{\"@type\":\"ImageObject\",\"inLanguage\":\"es\",\"@id\":\"https:\/\/www.asajacyl.com\/palencia\/#\/schema\/person\/image\/\",\"url\":\"https:\/\/secure.gravatar.com\/avatar\/517384810d242ca9e38c180f3c9fb973?s=96&d=mm&r=g\",\"contentUrl\":\"https:\/\/secure.gravatar.com\/avatar\/517384810d242ca9e38c180f3c9fb973?s=96&d=mm&r=g\",\"caption\":\"Administrador\"},\"url\":\"https:\/\/www.asajacyl.com\/palencia\/author\/carlosrm\"}]}<\/script>\n<!-- \/ Yoast SEO plugin. -->","yoast_head_json":{"title":"Los ganaderos l\u00e1cteos contin\u00faan con sus protestas ante industrias y distribuci\u00f3n - ASAJA Palencia","description":"Las organizaciones profesionales agrarias representativas, ASAJA, COAG y UPA, han anunciado que continuar\u00e1n sus acciones de protesta en sectores como el","robots":{"index":"index","follow":"follow","max-snippet":"max-snippet:-1","max-image-preview":"max-image-preview:large","max-video-preview":"max-video-preview:-1"},"canonical":"https:\/\/www.asajacyl.com\/palencia\/asaja-palencia-informa\/los-ganaderos-lacteos-continuan-con-sus-protestas-ante-industrias-y-distribucion","og_locale":"es_ES","og_type":"article","og_title":"Los ganaderos l\u00e1cteos contin\u00faan con sus protestas ante industrias y distribuci\u00f3n - ASAJA Palencia","og_description":"Las organizaciones profesionales agrarias representativas, ASAJA, COAG y UPA, han anunciado que continuar\u00e1n sus acciones de protesta en sectores como el","og_url":"https:\/\/www.asajacyl.com\/palencia\/asaja-palencia-informa\/los-ganaderos-lacteos-continuan-con-sus-protestas-ante-industrias-y-distribucion","og_site_name":"ASAJA Palencia","article_published_time":"2021-12-23T05:49:29+00:00","og_image":[{"width":595,"height":648,"url":"https:\/\/www.asajacyl.com\/palencia\/wp-content\/uploads\/sites\/3\/2021\/11\/precios-leche.jpg","type":"image\/jpeg"}],"author":"Administrador","twitter_card":"summary_large_image","twitter_misc":{"Escrito por":"Administrador","Tiempo de lectura":"1 minuto"},"schema":{"@context":"https:\/\/schema.org","@graph":[{"@type":"WebPage","@id":"https:\/\/www.asajacyl.com\/palencia\/asaja-palencia-informa\/los-ganaderos-lacteos-continuan-con-sus-protestas-ante-industrias-y-distribucion","url":"https:\/\/www.asajacyl.com\/palencia\/asaja-palencia-informa\/los-ganaderos-lacteos-continuan-con-sus-protestas-ante-industrias-y-distribucion","name":"Los ganaderos l\u00e1cteos contin\u00faan con sus protestas ante industrias y distribuci\u00f3n - ASAJA Palencia","isPartOf":{"@id":"https:\/\/www.asajacyl.com\/palencia\/#website"},"primaryImageOfPage":{"@id":"https:\/\/www.asajacyl.com\/palencia\/asaja-palencia-informa\/los-ganaderos-lacteos-continuan-con-sus-protestas-ante-industrias-y-distribucion#primaryimage"},"image":{"@id":"https:\/\/www.asajacyl.com\/palencia\/asaja-palencia-informa\/los-ganaderos-lacteos-continuan-con-sus-protestas-ante-industrias-y-distribucion#primaryimage"},"thumbnailUrl":"https:\/\/www.asajacyl.com\/palencia\/wp-content\/uploads\/sites\/3\/2021\/11\/precios-leche.jpg","datePublished":"2021-12-23T05:49:29+00:00","author":{"@id":"https:\/\/www.asajacyl.com\/palencia\/#\/schema\/person\/3ab17aeb03527485c317557fae64aab1"},"description":"Las organizaciones profesionales agrarias representativas, ASAJA, COAG y UPA, han anunciado que continuar\u00e1n sus acciones de protesta en sectores como el","breadcrumb":{"@id":"https:\/\/www.asajacyl.com\/palencia\/asaja-palencia-informa\/los-ganaderos-lacteos-continuan-con-sus-protestas-ante-industrias-y-distribucion#breadcrumb"},"inLanguage":"es","potentialAction":[{"@type":"ReadAction","target":["https:\/\/www.asajacyl.com\/palencia\/asaja-palencia-informa\/los-ganaderos-lacteos-continuan-con-sus-protestas-ante-industrias-y-distribucion"]}]},{"@type":"ImageObject","inLanguage":"es","@id":"https:\/\/www.asajacyl.com\/palencia\/asaja-palencia-informa\/los-ganaderos-lacteos-continuan-con-sus-protestas-ante-industrias-y-distribucion#primaryimage","url":"https:\/\/www.asajacyl.com\/palencia\/wp-content\/uploads\/sites\/3\/2021\/11\/precios-leche.jpg","contentUrl":"https:\/\/www.asajacyl.com\/palencia\/wp-content\/uploads\/sites\/3\/2021\/11\/precios-leche.jpg","width":595,"height":648},{"@type":"BreadcrumbList","@id":"https:\/\/www.asajacyl.com\/palencia\/asaja-palencia-informa\/los-ganaderos-lacteos-continuan-con-sus-protestas-ante-industrias-y-distribucion#breadcrumb","itemListElement":[{"@type":"ListItem","position":1,"name":"Portada","item":"https:\/\/www.asajacyl.com\/palencia\/"},{"@type":"ListItem","position":2,"name":"Los ganaderos l\u00e1cteos contin\u00faan con sus protestas ante industrias y distribuci\u00f3n"}]},{"@type":"WebSite","@id":"https:\/\/www.asajacyl.com\/palencia\/#website","url":"https:\/\/www.asajacyl.com\/palencia\/","name":"ASAJA Palencia","description":"Otro sitio m\u00e1s de Provincias ASAJA Castilla y Le\u00f3n","potentialAction":[{"@type":"SearchAction","target":{"@type":"EntryPoint","urlTemplate":"https:\/\/www.asajacyl.com\/palencia\/?s={search_term_string}"},"query-input":{"@type":"PropertyValueSpecification","valueRequired":true,"valueName":"search_term_string"}}],"inLanguage":"es"},{"@type":"Person","@id":"https:\/\/www.asajacyl.com\/palencia\/#\/schema\/person\/3ab17aeb03527485c317557fae64aab1","name":"Administrador","image":{"@type":"ImageObject","inLanguage":"es","@id":"https:\/\/www.asajacyl.com\/palencia\/#\/schema\/person\/image\/","url":"https:\/\/secure.gravatar.com\/avatar\/517384810d242ca9e38c180f3c9fb973?s=96&d=mm&r=g","contentUrl":"https:\/\/secure.gravatar.com\/avatar\/517384810d242ca9e38c180f3c9fb973?s=96&d=mm&r=g","caption":"Administrador"},"url":"https:\/\/www.asajacyl.com\/palencia\/author\/carlosrm"}]}},"_links":{"self":[{"href":"https:\/\/www.asajacyl.com\/palencia\/wp-json\/wp\/v2\/posts\/9539"}],"collection":[{"href":"https:\/\/www.asajacyl.com\/palencia\/wp-json\/wp\/v2\/posts"}],"about":[{"href":"https:\/\/www.asajacyl.com\/palencia\/wp-json\/wp\/v2\/types\/post"}],"author":[{"embeddable":true,"href":"https:\/\/www.asajacyl.com\/palencia\/wp-json\/wp\/v2\/users\/9"}],"replies":[{"embeddable":true,"href":"https:\/\/www.asajacyl.com\/palencia\/wp-json\/wp\/v2\/comments?post=9539"}],"version-history":[{"count":1,"href":"https:\/\/www.asajacyl.com\/palencia\/wp-json\/wp\/v2\/posts\/9539\/revisions"}],"predecessor-version":[{"id":9540,"href":"https:\/\/www.asajacyl.com\/palencia\/wp-json\/wp\/v2\/posts\/9539\/revisions\/9540"}],"wp:featuredmedia":[{"embeddable":true,"href":"https:\/\/www.asajacyl.com\/palencia\/wp-json\/wp\/v2\/media\/9438"}],"wp:attachment":[{"href":"https:\/\/www.asajacyl.com\/palencia\/wp-json\/wp\/v2\/media?parent=9539"}],"wp:term":[{"taxonomy":"category","embeddable":true,"href":"https:\/\/www.asajacyl.com\/palencia\/wp-json\/wp\/v2\/categories?post=9539"},{"taxonomy":"post_tag","embeddable":true,"href":"https:\/\/www.asajacyl.com\/palencia\/wp-json\/wp\/v2\/tags?post=9539"}],"curies":[{"name":"wp","href":"https:\/\/api.w.org\/{rel}","templated":true}]}}