{"id":9543,"date":"2021-12-22T06:51:00","date_gmt":"2021-12-22T05:51:00","guid":{"rendered":"https:\/\/www.asajacyl.com\/palencia\/?p=9543"},"modified":"2021-12-22T06:54:00","modified_gmt":"2021-12-22T05:54:00","slug":"asaja-exige-un-plan-hidrologico-creible-y-mas-inversiones-para-afrontar-el-cambio-climatico","status":"publish","type":"post","link":"https:\/\/www.asajacyl.com\/palencia\/asaja-palencia-informa\/asaja-exige-un-plan-hidrologico-creible-y-mas-inversiones-para-afrontar-el-cambio-climatico","title":{"rendered":"ASAJA exige un Plan Hidrol\u00f3gico \u00abcre\u00edble\u00bb y m\u00e1s inversiones para afrontar el cambio clim\u00e1tico"},"content":{"rendered":"\n<p>La organizaci\u00f3n agraria ha presentado una bater\u00eda de alegaciones al Proyecto presentado por la CHD para poner el foco en medidas a largo plazo que haga sostenible el regad\u00edo en Castilla y Le\u00f3n.<\/p>\n\n\n\n<p>Espa\u00f1a ser\u00e1 uno de los pa\u00edses de Europa que m\u00e1s estr\u00e9s h\u00eddrico sufrir\u00e1 en los pr\u00f3ximos a\u00f1os. Menos lluvias y m\u00e1s torrenciales. Esto afecta directamente a todos los sectores productivos, pero especialmente al sector agr\u00edcola y, en concreto, a las plantaciones de regad\u00edo.<\/p>\n\n\n\n<p>El Proyecto del Plan Hidr\u00f3l\u00f3gico del Duero 2022-2027 de la CHD , no convence a ASAJA, que ha preparado una bater\u00eda de medidas como alternativa a una propuesta que, a su juicio, \u00abno tiene ninguna credibilidad dado que se basa en un presupuesto ficticio\u00bb, en relaci\u00f3n a que depende de diferentes organismos, con los que a\u00fan las cifras no est\u00e1n consensuadas ni aprobadas.<\/p>\n\n\n\n<p>ASAJA pide que se pongan encima de la mesa inversiones \u00aba largo plazo y a futuro\u00bb, en vez de propuestas que \u00abcastigan de nuevo al agricultor\u00bb. La organizaci\u00f3n agraria, no entiende por qu\u00e9 hay que cobrar el agua que se utiliza para regar en vez de afrontar este problema con infraestructuras que ampl\u00eden el abastecimiento del agua, permitan una mayor recogida y almacenamiento.<\/p>\n\n\n\n<p>Aproximadamente el 15% de los cultivos de Castilla y Le\u00f3n son de regad\u00edo, muy por debajo de la media nacional que se sit\u00faa en el 25%, seg\u00fan datos de ASAJA.<\/p>\n","protected":false},"excerpt":{"rendered":"<p>La organizaci\u00f3n agraria ha presentado una bater\u00eda de alegaciones al Proyecto presentado por la CHD para poner el foco en medidas a largo plazo que haga sostenible el regad\u00edo en Castilla y Le\u00f3n. Espa\u00f1a ser\u00e1 uno de los pa\u00edses de Europa que m\u00e1s estr\u00e9s h\u00eddrico sufrir\u00e1 en los pr\u00f3ximos a\u00f1os. Menos lluvias y m\u00e1s torrenciales. [&hellip;]<\/p>\n","protected":false},"author":9,"featured_media":8254,"comment_status":"open","ping_status":"open","sticky":false,"template":"","format":"standard","meta":{"footnotes":""},"categories":[9,29,28],"tags":[],"yoast_head":"<!-- This site is optimized with the Yoast SEO plugin v24.5 - https:\/\/yoast.com\/wordpress\/plugins\/seo\/ -->\n<title>ASAJA exige un Plan Hidrol\u00f3gico &quot;cre\u00edble&quot; y m\u00e1s inversiones para afrontar el cambio clim\u00e1tico - ASAJA Palencia<\/title>\n<meta name=\"description\" content=\"La organizaci\u00f3n agraria ha presentado una bater\u00eda de alegaciones al Proyecto presentado por la CHD para poner el foco en medidas a largo plazo que haga\" \/>\n<meta name=\"robots\" content=\"index, follow, max-snippet:-1, max-image-preview:large, max-video-preview:-1\" \/>\n<link rel=\"canonical\" href=\"https:\/\/www.asajacyl.com\/palencia\/asaja-palencia-informa\/asaja-exige-un-plan-hidrologico-creible-y-mas-inversiones-para-afrontar-el-cambio-climatico\" \/>\n<meta property=\"og:locale\" content=\"es_ES\" \/>\n<meta property=\"og:type\" content=\"article\" \/>\n<meta property=\"og:title\" content=\"ASAJA exige un Plan Hidrol\u00f3gico &quot;cre\u00edble&quot; y m\u00e1s inversiones para afrontar el cambio clim\u00e1tico - ASAJA Palencia\" \/>\n<meta property=\"og:description\" content=\"La organizaci\u00f3n agraria ha presentado una bater\u00eda de alegaciones al Proyecto presentado por la CHD para poner el foco en medidas a largo plazo que haga\" \/>\n<meta property=\"og:url\" content=\"https:\/\/www.asajacyl.com\/palencia\/asaja-palencia-informa\/asaja-exige-un-plan-hidrologico-creible-y-mas-inversiones-para-afrontar-el-cambio-climatico\" \/>\n<meta property=\"og:site_name\" content=\"ASAJA Palencia\" \/>\n<meta property=\"article:published_time\" content=\"2021-12-22T05:51:00+00:00\" \/>\n<meta property=\"article:modified_time\" content=\"2021-12-22T05:54:00+00:00\" \/>\n<meta property=\"og:image\" content=\"https:\/\/www.asajacyl.com\/palencia\/wp-content\/uploads\/sites\/3\/2021\/05\/EMBALSE-AGUILAR-2.jpg\" \/>\n\t<meta property=\"og:image:width\" content=\"1512\" \/>\n\t<meta property=\"og:image:height\" content=\"2016\" \/>\n\t<meta property=\"og:image:type\" content=\"image\/jpeg\" \/>\n<meta name=\"author\" content=\"Administrador\" \/>\n<meta name=\"twitter:card\" content=\"summary_large_image\" \/>\n<meta name=\"twitter:label1\" content=\"Escrito por\" \/>\n\t<meta name=\"twitter:data1\" content=\"Administrador\" \/>\n\t<meta name=\"twitter:label2\" content=\"Tiempo de lectura\" \/>\n\t<meta name=\"twitter:data2\" content=\"2 minutos\" \/>\n<script type=\"application\/ld+json\" class=\"yoast-schema-graph\">{\"@context\":\"https:\/\/schema.org\",\"@graph\":[{\"@type\":\"WebPage\",\"@id\":\"https:\/\/www.asajacyl.com\/palencia\/asaja-palencia-informa\/asaja-exige-un-plan-hidrologico-creible-y-mas-inversiones-para-afrontar-el-cambio-climatico\",\"url\":\"https:\/\/www.asajacyl.com\/palencia\/asaja-palencia-informa\/asaja-exige-un-plan-hidrologico-creible-y-mas-inversiones-para-afrontar-el-cambio-climatico\",\"name\":\"ASAJA exige un Plan Hidrol\u00f3gico \\\"cre\u00edble\\\" y m\u00e1s inversiones para afrontar el cambio clim\u00e1tico - ASAJA Palencia\",\"isPartOf\":{\"@id\":\"https:\/\/www.asajacyl.com\/palencia\/#website\"},\"primaryImageOfPage\":{\"@id\":\"https:\/\/www.asajacyl.com\/palencia\/asaja-palencia-informa\/asaja-exige-un-plan-hidrologico-creible-y-mas-inversiones-para-afrontar-el-cambio-climatico#primaryimage\"},\"image\":{\"@id\":\"https:\/\/www.asajacyl.com\/palencia\/asaja-palencia-informa\/asaja-exige-un-plan-hidrologico-creible-y-mas-inversiones-para-afrontar-el-cambio-climatico#primaryimage\"},\"thumbnailUrl\":\"https:\/\/www.asajacyl.com\/palencia\/wp-content\/uploads\/sites\/3\/2021\/05\/EMBALSE-AGUILAR-2.jpg\",\"datePublished\":\"2021-12-22T05:51:00+00:00\",\"dateModified\":\"2021-12-22T05:54:00+00:00\",\"author\":{\"@id\":\"https:\/\/www.asajacyl.com\/palencia\/#\/schema\/person\/3ab17aeb03527485c317557fae64aab1\"},\"description\":\"La organizaci\u00f3n agraria ha presentado una bater\u00eda de alegaciones al Proyecto presentado por la CHD para poner el foco en medidas a largo plazo que haga\",\"breadcrumb\":{\"@id\":\"https:\/\/www.asajacyl.com\/palencia\/asaja-palencia-informa\/asaja-exige-un-plan-hidrologico-creible-y-mas-inversiones-para-afrontar-el-cambio-climatico#breadcrumb\"},\"inLanguage\":\"es\",\"potentialAction\":[{\"@type\":\"ReadAction\",\"target\":[\"https:\/\/www.asajacyl.com\/palencia\/asaja-palencia-informa\/asaja-exige-un-plan-hidrologico-creible-y-mas-inversiones-para-afrontar-el-cambio-climatico\"]}]},{\"@type\":\"ImageObject\",\"inLanguage\":\"es\",\"@id\":\"https:\/\/www.asajacyl.com\/palencia\/asaja-palencia-informa\/asaja-exige-un-plan-hidrologico-creible-y-mas-inversiones-para-afrontar-el-cambio-climatico#primaryimage\",\"url\":\"https:\/\/www.asajacyl.com\/palencia\/wp-content\/uploads\/sites\/3\/2021\/05\/EMBALSE-AGUILAR-2.jpg\",\"contentUrl\":\"https:\/\/www.asajacyl.com\/palencia\/wp-content\/uploads\/sites\/3\/2021\/05\/EMBALSE-AGUILAR-2.jpg\",\"width\":1512,\"height\":2016},{\"@type\":\"BreadcrumbList\",\"@id\":\"https:\/\/www.asajacyl.com\/palencia\/asaja-palencia-informa\/asaja-exige-un-plan-hidrologico-creible-y-mas-inversiones-para-afrontar-el-cambio-climatico#breadcrumb\",\"itemListElement\":[{\"@type\":\"ListItem\",\"position\":1,\"name\":\"Portada\",\"item\":\"https:\/\/www.asajacyl.com\/palencia\/\"},{\"@type\":\"ListItem\",\"position\":2,\"name\":\"ASAJA exige un Plan Hidrol\u00f3gico \u00abcre\u00edble\u00bb y m\u00e1s inversiones para afrontar el cambio clim\u00e1tico\"}]},{\"@type\":\"WebSite\",\"@id\":\"https:\/\/www.asajacyl.com\/palencia\/#website\",\"url\":\"https:\/\/www.asajacyl.com\/palencia\/\",\"name\":\"ASAJA Palencia\",\"description\":\"Otro sitio m\u00e1s de Provincias ASAJA Castilla y Le\u00f3n\",\"potentialAction\":[{\"@type\":\"SearchAction\",\"target\":{\"@type\":\"EntryPoint\",\"urlTemplate\":\"https:\/\/www.asajacyl.com\/palencia\/?s={search_term_string}\"},\"query-input\":{\"@type\":\"PropertyValueSpecification\",\"valueRequired\":true,\"valueName\":\"search_term_string\"}}],\"inLanguage\":\"es\"},{\"@type\":\"Person\",\"@id\":\"https:\/\/www.asajacyl.com\/palencia\/#\/schema\/person\/3ab17aeb03527485c317557fae64aab1\",\"name\":\"Administrador\",\"image\":{\"@type\":\"ImageObject\",\"inLanguage\":\"es\",\"@id\":\"https:\/\/www.asajacyl.com\/palencia\/#\/schema\/person\/image\/\",\"url\":\"https:\/\/secure.gravatar.com\/avatar\/517384810d242ca9e38c180f3c9fb973?s=96&d=mm&r=g\",\"contentUrl\":\"https:\/\/secure.gravatar.com\/avatar\/517384810d242ca9e38c180f3c9fb973?s=96&d=mm&r=g\",\"caption\":\"Administrador\"},\"url\":\"https:\/\/www.asajacyl.com\/palencia\/author\/carlosrm\"}]}<\/script>\n<!-- \/ Yoast SEO plugin. -->","yoast_head_json":{"title":"ASAJA exige un Plan Hidrol\u00f3gico \"cre\u00edble\" y m\u00e1s inversiones para afrontar el cambio clim\u00e1tico - ASAJA Palencia","description":"La organizaci\u00f3n agraria ha presentado una bater\u00eda de alegaciones al Proyecto presentado por la CHD para poner el foco en medidas a largo plazo que haga","robots":{"index":"index","follow":"follow","max-snippet":"max-snippet:-1","max-image-preview":"max-image-preview:large","max-video-preview":"max-video-preview:-1"},"canonical":"https:\/\/www.asajacyl.com\/palencia\/asaja-palencia-informa\/asaja-exige-un-plan-hidrologico-creible-y-mas-inversiones-para-afrontar-el-cambio-climatico","og_locale":"es_ES","og_type":"article","og_title":"ASAJA exige un Plan Hidrol\u00f3gico \"cre\u00edble\" y m\u00e1s inversiones para afrontar el cambio clim\u00e1tico - ASAJA Palencia","og_description":"La organizaci\u00f3n agraria ha presentado una bater\u00eda de alegaciones al Proyecto presentado por la CHD para poner el foco en medidas a largo plazo que haga","og_url":"https:\/\/www.asajacyl.com\/palencia\/asaja-palencia-informa\/asaja-exige-un-plan-hidrologico-creible-y-mas-inversiones-para-afrontar-el-cambio-climatico","og_site_name":"ASAJA Palencia","article_published_time":"2021-12-22T05:51:00+00:00","article_modified_time":"2021-12-22T05:54:00+00:00","og_image":[{"width":1512,"height":2016,"url":"https:\/\/www.asajacyl.com\/palencia\/wp-content\/uploads\/sites\/3\/2021\/05\/EMBALSE-AGUILAR-2.jpg","type":"image\/jpeg"}],"author":"Administrador","twitter_card":"summary_large_image","twitter_misc":{"Escrito por":"Administrador","Tiempo de lectura":"2 minutos"},"schema":{"@context":"https:\/\/schema.org","@graph":[{"@type":"WebPage","@id":"https:\/\/www.asajacyl.com\/palencia\/asaja-palencia-informa\/asaja-exige-un-plan-hidrologico-creible-y-mas-inversiones-para-afrontar-el-cambio-climatico","url":"https:\/\/www.asajacyl.com\/palencia\/asaja-palencia-informa\/asaja-exige-un-plan-hidrologico-creible-y-mas-inversiones-para-afrontar-el-cambio-climatico","name":"ASAJA exige un Plan Hidrol\u00f3gico \"cre\u00edble\" y m\u00e1s inversiones para afrontar el cambio clim\u00e1tico - ASAJA Palencia","isPartOf":{"@id":"https:\/\/www.asajacyl.com\/palencia\/#website"},"primaryImageOfPage":{"@id":"https:\/\/www.asajacyl.com\/palencia\/asaja-palencia-informa\/asaja-exige-un-plan-hidrologico-creible-y-mas-inversiones-para-afrontar-el-cambio-climatico#primaryimage"},"image":{"@id":"https:\/\/www.asajacyl.com\/palencia\/asaja-palencia-informa\/asaja-exige-un-plan-hidrologico-creible-y-mas-inversiones-para-afrontar-el-cambio-climatico#primaryimage"},"thumbnailUrl":"https:\/\/www.asajacyl.com\/palencia\/wp-content\/uploads\/sites\/3\/2021\/05\/EMBALSE-AGUILAR-2.jpg","datePublished":"2021-12-22T05:51:00+00:00","dateModified":"2021-12-22T05:54:00+00:00","author":{"@id":"https:\/\/www.asajacyl.com\/palencia\/#\/schema\/person\/3ab17aeb03527485c317557fae64aab1"},"description":"La organizaci\u00f3n agraria ha presentado una bater\u00eda de alegaciones al Proyecto presentado por la CHD para poner el foco en medidas a largo plazo que haga","breadcrumb":{"@id":"https:\/\/www.asajacyl.com\/palencia\/asaja-palencia-informa\/asaja-exige-un-plan-hidrologico-creible-y-mas-inversiones-para-afrontar-el-cambio-climatico#breadcrumb"},"inLanguage":"es","potentialAction":[{"@type":"ReadAction","target":["https:\/\/www.asajacyl.com\/palencia\/asaja-palencia-informa\/asaja-exige-un-plan-hidrologico-creible-y-mas-inversiones-para-afrontar-el-cambio-climatico"]}]},{"@type":"ImageObject","inLanguage":"es","@id":"https:\/\/www.asajacyl.com\/palencia\/asaja-palencia-informa\/asaja-exige-un-plan-hidrologico-creible-y-mas-inversiones-para-afrontar-el-cambio-climatico#primaryimage","url":"https:\/\/www.asajacyl.com\/palencia\/wp-content\/uploads\/sites\/3\/2021\/05\/EMBALSE-AGUILAR-2.jpg","contentUrl":"https:\/\/www.asajacyl.com\/palencia\/wp-content\/uploads\/sites\/3\/2021\/05\/EMBALSE-AGUILAR-2.jpg","width":1512,"height":2016},{"@type":"BreadcrumbList","@id":"https:\/\/www.asajacyl.com\/palencia\/asaja-palencia-informa\/asaja-exige-un-plan-hidrologico-creible-y-mas-inversiones-para-afrontar-el-cambio-climatico#breadcrumb","itemListElement":[{"@type":"ListItem","position":1,"name":"Portada","item":"https:\/\/www.asajacyl.com\/palencia\/"},{"@type":"ListItem","position":2,"name":"ASAJA exige un Plan Hidrol\u00f3gico \u00abcre\u00edble\u00bb y m\u00e1s inversiones para afrontar el cambio clim\u00e1tico"}]},{"@type":"WebSite","@id":"https:\/\/www.asajacyl.com\/palencia\/#website","url":"https:\/\/www.asajacyl.com\/palencia\/","name":"ASAJA Palencia","description":"Otro sitio m\u00e1s de Provincias ASAJA Castilla y Le\u00f3n","potentialAction":[{"@type":"SearchAction","target":{"@type":"EntryPoint","urlTemplate":"https:\/\/www.asajacyl.com\/palencia\/?s={search_term_string}"},"query-input":{"@type":"PropertyValueSpecification","valueRequired":true,"valueName":"search_term_string"}}],"inLanguage":"es"},{"@type":"Person","@id":"https:\/\/www.asajacyl.com\/palencia\/#\/schema\/person\/3ab17aeb03527485c317557fae64aab1","name":"Administrador","image":{"@type":"ImageObject","inLanguage":"es","@id":"https:\/\/www.asajacyl.com\/palencia\/#\/schema\/person\/image\/","url":"https:\/\/secure.gravatar.com\/avatar\/517384810d242ca9e38c180f3c9fb973?s=96&d=mm&r=g","contentUrl":"https:\/\/secure.gravatar.com\/avatar\/517384810d242ca9e38c180f3c9fb973?s=96&d=mm&r=g","caption":"Administrador"},"url":"https:\/\/www.asajacyl.com\/palencia\/author\/carlosrm"}]}},"_links":{"self":[{"href":"https:\/\/www.asajacyl.com\/palencia\/wp-json\/wp\/v2\/posts\/9543"}],"collection":[{"href":"https:\/\/www.asajacyl.com\/palencia\/wp-json\/wp\/v2\/posts"}],"about":[{"href":"https:\/\/www.asajacyl.com\/palencia\/wp-json\/wp\/v2\/types\/post"}],"author":[{"embeddable":true,"href":"https:\/\/www.asajacyl.com\/palencia\/wp-json\/wp\/v2\/users\/9"}],"replies":[{"embeddable":true,"href":"https:\/\/www.asajacyl.com\/palencia\/wp-json\/wp\/v2\/comments?post=9543"}],"version-history":[{"count":1,"href":"https:\/\/www.asajacyl.com\/palencia\/wp-json\/wp\/v2\/posts\/9543\/revisions"}],"predecessor-version":[{"id":9544,"href":"https:\/\/www.asajacyl.com\/palencia\/wp-json\/wp\/v2\/posts\/9543\/revisions\/9544"}],"wp:featuredmedia":[{"embeddable":true,"href":"https:\/\/www.asajacyl.com\/palencia\/wp-json\/wp\/v2\/media\/8254"}],"wp:attachment":[{"href":"https:\/\/www.asajacyl.com\/palencia\/wp-json\/wp\/v2\/media?parent=9543"}],"wp:term":[{"taxonomy":"category","embeddable":true,"href":"https:\/\/www.asajacyl.com\/palencia\/wp-json\/wp\/v2\/categories?post=9543"},{"taxonomy":"post_tag","embeddable":true,"href":"https:\/\/www.asajacyl.com\/palencia\/wp-json\/wp\/v2\/tags?post=9543"}],"curies":[{"name":"wp","href":"https:\/\/api.w.org\/{rel}","templated":true}]}}