{"id":9549,"date":"2021-12-28T07:03:00","date_gmt":"2021-12-28T06:03:00","guid":{"rendered":"https:\/\/www.asajacyl.com\/palencia\/?p=9549"},"modified":"2021-12-22T07:07:41","modified_gmt":"2021-12-22T06:07:41","slug":"el-ministerio-aprueba-la-nueva-extension-de-norma-de-vacuno-de-carne-por-cuatro-anos","status":"publish","type":"post","link":"https:\/\/www.asajacyl.com\/palencia\/asaja-palencia-informa\/el-ministerio-aprueba-la-nueva-extension-de-norma-de-vacuno-de-carne-por-cuatro-anos","title":{"rendered":"El Ministerio aprueba la nueva extensi\u00f3n de norma de vacuno de carne por cuatro a\u00f1os"},"content":{"rendered":"\n<p>La Organizaci\u00f3n Interprofesional Agroalimentaria de la Carne de Vacuno, PROVACUNO, tiene el visto bueno del MAPA para la nueva extensi\u00f3n de norma del sector, tras el vencimiento de la anterior, que tendr\u00e1 una duraci\u00f3n de cuatro a\u00f1os.<\/p>\n\n\n\n<p>Tendr\u00e1 una aportaci\u00f3n econ\u00f3mica obligatoria anual de 1 \u20ac por animal sacrificado que ser\u00e1 sufragada a partes iguales por productores y comercializadores. Es decir los ganaderos pagaran 0,50 \u20ac por cada animal que va a matadero.<\/p>\n\n\n\n<p>Esta aportaci\u00f3n econ\u00f3mica es igual que la de la anterior extensi\u00f3n de norma y con ella se pretenden realizar actividades de promoci\u00f3n, comunicaci\u00f3n e imagen -campa\u00f1as de fomento del consumo y defensa de los productos c\u00e1rnicos-. El 70% se dedica a estos fines y el resto se emplea en proyectos y estudios para un mejor conocimiento del sector, mejorar la competitividad y el desarrollo sostenible y por \u00faltimo gestiones de la extensi\u00f3n de norma.<\/p>\n\n\n\n<p>El censo vacuno en a\u00f1o 2020 se distribuye mayoritariamente entre Castilla y Le\u00f3n (22,2%), Galicia (14,2%), Extremadura (13,4%) y Catalu\u00f1a (9,8%). Sin embargo, si estudiamos el censo de nodrizas, \u00e9ste se concentra en Castilla y Le\u00f3n (27,5%) y Extremadura (22,7%). En Palencia contamos con 12.771 vacas nodrizas.<\/p>\n\n\n\n<p>Adem\u00e1s, Castilla y le\u00f3n es la principal productora de carne de vacuno de Espa\u00f1a, con un 16,4% del total de la carne bovina producida en Espa\u00f1a en el a\u00f1o 2020.<\/p>\n\n\n\n<p>Asaja-Palencia aplaude el esfuerzo de los ganaderos y espera que esta aportaci\u00f3n sirva para que en todos los hogares se conozca a\u00fan m\u00e1s el valor y propiedades de la carne y los productos c\u00e1rnicos.<\/p>\n","protected":false},"excerpt":{"rendered":"<p>La Organizaci\u00f3n Interprofesional Agroalimentaria de la Carne de Vacuno, PROVACUNO, tiene el visto bueno del MAPA para la nueva extensi\u00f3n de norma del sector, tras el vencimiento de la anterior, que tendr\u00e1 una duraci\u00f3n de cuatro a\u00f1os. Tendr\u00e1 una aportaci\u00f3n econ\u00f3mica obligatoria anual de 1 \u20ac por animal sacrificado que ser\u00e1 sufragada a partes iguales [&hellip;]<\/p>\n","protected":false},"author":9,"featured_media":9370,"comment_status":"open","ping_status":"open","sticky":false,"template":"","format":"standard","meta":{"footnotes":""},"categories":[9,29,28],"tags":[],"yoast_head":"<!-- This site is optimized with the Yoast SEO plugin v24.5 - https:\/\/yoast.com\/wordpress\/plugins\/seo\/ -->\n<title>El Ministerio aprueba la nueva extensi\u00f3n de norma de vacuno de carne por cuatro a\u00f1os - ASAJA Palencia<\/title>\n<meta name=\"description\" content=\"La Organizaci\u00f3n Interprofesional Agroalimentaria de la Carne de Vacuno, PROVACUNO, tiene el visto bueno del MAPA para la nueva extensi\u00f3n de norma del\" \/>\n<meta name=\"robots\" content=\"index, follow, max-snippet:-1, max-image-preview:large, max-video-preview:-1\" \/>\n<link rel=\"canonical\" href=\"https:\/\/www.asajacyl.com\/palencia\/asaja-palencia-informa\/el-ministerio-aprueba-la-nueva-extension-de-norma-de-vacuno-de-carne-por-cuatro-anos\" \/>\n<meta property=\"og:locale\" content=\"es_ES\" \/>\n<meta property=\"og:type\" content=\"article\" \/>\n<meta property=\"og:title\" content=\"El Ministerio aprueba la nueva extensi\u00f3n de norma de vacuno de carne por cuatro a\u00f1os - ASAJA Palencia\" \/>\n<meta property=\"og:description\" content=\"La Organizaci\u00f3n Interprofesional Agroalimentaria de la Carne de Vacuno, PROVACUNO, tiene el visto bueno del MAPA para la nueva extensi\u00f3n de norma del\" \/>\n<meta property=\"og:url\" content=\"https:\/\/www.asajacyl.com\/palencia\/asaja-palencia-informa\/el-ministerio-aprueba-la-nueva-extension-de-norma-de-vacuno-de-carne-por-cuatro-anos\" \/>\n<meta property=\"og:site_name\" content=\"ASAJA Palencia\" \/>\n<meta property=\"article:published_time\" content=\"2021-12-28T06:03:00+00:00\" \/>\n<meta property=\"og:image\" content=\"https:\/\/www.asajacyl.com\/palencia\/wp-content\/uploads\/sites\/3\/2021\/11\/image-6-e1637904735111.jpg\" \/>\n\t<meta property=\"og:image:width\" content=\"1875\" \/>\n\t<meta property=\"og:image:height\" content=\"1368\" \/>\n\t<meta property=\"og:image:type\" content=\"image\/jpeg\" \/>\n<meta name=\"author\" content=\"Administrador\" \/>\n<meta name=\"twitter:card\" content=\"summary_large_image\" \/>\n<meta name=\"twitter:label1\" content=\"Escrito por\" \/>\n\t<meta name=\"twitter:data1\" content=\"Administrador\" \/>\n\t<meta name=\"twitter:label2\" content=\"Tiempo de lectura\" \/>\n\t<meta name=\"twitter:data2\" content=\"2 minutos\" \/>\n<script type=\"application\/ld+json\" class=\"yoast-schema-graph\">{\"@context\":\"https:\/\/schema.org\",\"@graph\":[{\"@type\":\"WebPage\",\"@id\":\"https:\/\/www.asajacyl.com\/palencia\/asaja-palencia-informa\/el-ministerio-aprueba-la-nueva-extension-de-norma-de-vacuno-de-carne-por-cuatro-anos\",\"url\":\"https:\/\/www.asajacyl.com\/palencia\/asaja-palencia-informa\/el-ministerio-aprueba-la-nueva-extension-de-norma-de-vacuno-de-carne-por-cuatro-anos\",\"name\":\"El Ministerio aprueba la nueva extensi\u00f3n de norma de vacuno de carne por cuatro a\u00f1os - ASAJA Palencia\",\"isPartOf\":{\"@id\":\"https:\/\/www.asajacyl.com\/palencia\/#website\"},\"primaryImageOfPage\":{\"@id\":\"https:\/\/www.asajacyl.com\/palencia\/asaja-palencia-informa\/el-ministerio-aprueba-la-nueva-extension-de-norma-de-vacuno-de-carne-por-cuatro-anos#primaryimage\"},\"image\":{\"@id\":\"https:\/\/www.asajacyl.com\/palencia\/asaja-palencia-informa\/el-ministerio-aprueba-la-nueva-extension-de-norma-de-vacuno-de-carne-por-cuatro-anos#primaryimage\"},\"thumbnailUrl\":\"https:\/\/www.asajacyl.com\/palencia\/wp-content\/uploads\/sites\/3\/2021\/11\/image-6-e1637904735111.jpg\",\"datePublished\":\"2021-12-28T06:03:00+00:00\",\"author\":{\"@id\":\"https:\/\/www.asajacyl.com\/palencia\/#\/schema\/person\/3ab17aeb03527485c317557fae64aab1\"},\"description\":\"La Organizaci\u00f3n Interprofesional Agroalimentaria de la Carne de Vacuno, PROVACUNO, tiene el visto bueno del MAPA para la nueva extensi\u00f3n de norma del\",\"breadcrumb\":{\"@id\":\"https:\/\/www.asajacyl.com\/palencia\/asaja-palencia-informa\/el-ministerio-aprueba-la-nueva-extension-de-norma-de-vacuno-de-carne-por-cuatro-anos#breadcrumb\"},\"inLanguage\":\"es\",\"potentialAction\":[{\"@type\":\"ReadAction\",\"target\":[\"https:\/\/www.asajacyl.com\/palencia\/asaja-palencia-informa\/el-ministerio-aprueba-la-nueva-extension-de-norma-de-vacuno-de-carne-por-cuatro-anos\"]}]},{\"@type\":\"ImageObject\",\"inLanguage\":\"es\",\"@id\":\"https:\/\/www.asajacyl.com\/palencia\/asaja-palencia-informa\/el-ministerio-aprueba-la-nueva-extension-de-norma-de-vacuno-de-carne-por-cuatro-anos#primaryimage\",\"url\":\"https:\/\/www.asajacyl.com\/palencia\/wp-content\/uploads\/sites\/3\/2021\/11\/image-6-e1637904735111.jpg\",\"contentUrl\":\"https:\/\/www.asajacyl.com\/palencia\/wp-content\/uploads\/sites\/3\/2021\/11\/image-6-e1637904735111.jpg\",\"width\":1875,\"height\":1368},{\"@type\":\"BreadcrumbList\",\"@id\":\"https:\/\/www.asajacyl.com\/palencia\/asaja-palencia-informa\/el-ministerio-aprueba-la-nueva-extension-de-norma-de-vacuno-de-carne-por-cuatro-anos#breadcrumb\",\"itemListElement\":[{\"@type\":\"ListItem\",\"position\":1,\"name\":\"Portada\",\"item\":\"https:\/\/www.asajacyl.com\/palencia\/\"},{\"@type\":\"ListItem\",\"position\":2,\"name\":\"El Ministerio aprueba la nueva extensi\u00f3n de norma de vacuno de carne por cuatro a\u00f1os\"}]},{\"@type\":\"WebSite\",\"@id\":\"https:\/\/www.asajacyl.com\/palencia\/#website\",\"url\":\"https:\/\/www.asajacyl.com\/palencia\/\",\"name\":\"ASAJA Palencia\",\"description\":\"Otro sitio m\u00e1s de Provincias ASAJA Castilla y Le\u00f3n\",\"potentialAction\":[{\"@type\":\"SearchAction\",\"target\":{\"@type\":\"EntryPoint\",\"urlTemplate\":\"https:\/\/www.asajacyl.com\/palencia\/?s={search_term_string}\"},\"query-input\":{\"@type\":\"PropertyValueSpecification\",\"valueRequired\":true,\"valueName\":\"search_term_string\"}}],\"inLanguage\":\"es\"},{\"@type\":\"Person\",\"@id\":\"https:\/\/www.asajacyl.com\/palencia\/#\/schema\/person\/3ab17aeb03527485c317557fae64aab1\",\"name\":\"Administrador\",\"image\":{\"@type\":\"ImageObject\",\"inLanguage\":\"es\",\"@id\":\"https:\/\/www.asajacyl.com\/palencia\/#\/schema\/person\/image\/\",\"url\":\"https:\/\/secure.gravatar.com\/avatar\/517384810d242ca9e38c180f3c9fb973?s=96&d=mm&r=g\",\"contentUrl\":\"https:\/\/secure.gravatar.com\/avatar\/517384810d242ca9e38c180f3c9fb973?s=96&d=mm&r=g\",\"caption\":\"Administrador\"},\"url\":\"https:\/\/www.asajacyl.com\/palencia\/author\/carlosrm\"}]}<\/script>\n<!-- \/ Yoast SEO plugin. -->","yoast_head_json":{"title":"El Ministerio aprueba la nueva extensi\u00f3n de norma de vacuno de carne por cuatro a\u00f1os - ASAJA Palencia","description":"La Organizaci\u00f3n Interprofesional Agroalimentaria de la Carne de Vacuno, PROVACUNO, tiene el visto bueno del MAPA para la nueva extensi\u00f3n de norma del","robots":{"index":"index","follow":"follow","max-snippet":"max-snippet:-1","max-image-preview":"max-image-preview:large","max-video-preview":"max-video-preview:-1"},"canonical":"https:\/\/www.asajacyl.com\/palencia\/asaja-palencia-informa\/el-ministerio-aprueba-la-nueva-extension-de-norma-de-vacuno-de-carne-por-cuatro-anos","og_locale":"es_ES","og_type":"article","og_title":"El Ministerio aprueba la nueva extensi\u00f3n de norma de vacuno de carne por cuatro a\u00f1os - ASAJA Palencia","og_description":"La Organizaci\u00f3n Interprofesional Agroalimentaria de la Carne de Vacuno, PROVACUNO, tiene el visto bueno del MAPA para la nueva extensi\u00f3n de norma del","og_url":"https:\/\/www.asajacyl.com\/palencia\/asaja-palencia-informa\/el-ministerio-aprueba-la-nueva-extension-de-norma-de-vacuno-de-carne-por-cuatro-anos","og_site_name":"ASAJA Palencia","article_published_time":"2021-12-28T06:03:00+00:00","og_image":[{"width":1875,"height":1368,"url":"https:\/\/www.asajacyl.com\/palencia\/wp-content\/uploads\/sites\/3\/2021\/11\/image-6-e1637904735111.jpg","type":"image\/jpeg"}],"author":"Administrador","twitter_card":"summary_large_image","twitter_misc":{"Escrito por":"Administrador","Tiempo de lectura":"2 minutos"},"schema":{"@context":"https:\/\/schema.org","@graph":[{"@type":"WebPage","@id":"https:\/\/www.asajacyl.com\/palencia\/asaja-palencia-informa\/el-ministerio-aprueba-la-nueva-extension-de-norma-de-vacuno-de-carne-por-cuatro-anos","url":"https:\/\/www.asajacyl.com\/palencia\/asaja-palencia-informa\/el-ministerio-aprueba-la-nueva-extension-de-norma-de-vacuno-de-carne-por-cuatro-anos","name":"El Ministerio aprueba la nueva extensi\u00f3n de norma de vacuno de carne por cuatro a\u00f1os - ASAJA Palencia","isPartOf":{"@id":"https:\/\/www.asajacyl.com\/palencia\/#website"},"primaryImageOfPage":{"@id":"https:\/\/www.asajacyl.com\/palencia\/asaja-palencia-informa\/el-ministerio-aprueba-la-nueva-extension-de-norma-de-vacuno-de-carne-por-cuatro-anos#primaryimage"},"image":{"@id":"https:\/\/www.asajacyl.com\/palencia\/asaja-palencia-informa\/el-ministerio-aprueba-la-nueva-extension-de-norma-de-vacuno-de-carne-por-cuatro-anos#primaryimage"},"thumbnailUrl":"https:\/\/www.asajacyl.com\/palencia\/wp-content\/uploads\/sites\/3\/2021\/11\/image-6-e1637904735111.jpg","datePublished":"2021-12-28T06:03:00+00:00","author":{"@id":"https:\/\/www.asajacyl.com\/palencia\/#\/schema\/person\/3ab17aeb03527485c317557fae64aab1"},"description":"La Organizaci\u00f3n Interprofesional Agroalimentaria de la Carne de Vacuno, PROVACUNO, tiene el visto bueno del MAPA para la nueva extensi\u00f3n de norma del","breadcrumb":{"@id":"https:\/\/www.asajacyl.com\/palencia\/asaja-palencia-informa\/el-ministerio-aprueba-la-nueva-extension-de-norma-de-vacuno-de-carne-por-cuatro-anos#breadcrumb"},"inLanguage":"es","potentialAction":[{"@type":"ReadAction","target":["https:\/\/www.asajacyl.com\/palencia\/asaja-palencia-informa\/el-ministerio-aprueba-la-nueva-extension-de-norma-de-vacuno-de-carne-por-cuatro-anos"]}]},{"@type":"ImageObject","inLanguage":"es","@id":"https:\/\/www.asajacyl.com\/palencia\/asaja-palencia-informa\/el-ministerio-aprueba-la-nueva-extension-de-norma-de-vacuno-de-carne-por-cuatro-anos#primaryimage","url":"https:\/\/www.asajacyl.com\/palencia\/wp-content\/uploads\/sites\/3\/2021\/11\/image-6-e1637904735111.jpg","contentUrl":"https:\/\/www.asajacyl.com\/palencia\/wp-content\/uploads\/sites\/3\/2021\/11\/image-6-e1637904735111.jpg","width":1875,"height":1368},{"@type":"BreadcrumbList","@id":"https:\/\/www.asajacyl.com\/palencia\/asaja-palencia-informa\/el-ministerio-aprueba-la-nueva-extension-de-norma-de-vacuno-de-carne-por-cuatro-anos#breadcrumb","itemListElement":[{"@type":"ListItem","position":1,"name":"Portada","item":"https:\/\/www.asajacyl.com\/palencia\/"},{"@type":"ListItem","position":2,"name":"El Ministerio aprueba la nueva extensi\u00f3n de norma de vacuno de carne por cuatro a\u00f1os"}]},{"@type":"WebSite","@id":"https:\/\/www.asajacyl.com\/palencia\/#website","url":"https:\/\/www.asajacyl.com\/palencia\/","name":"ASAJA Palencia","description":"Otro sitio m\u00e1s de Provincias ASAJA Castilla y Le\u00f3n","potentialAction":[{"@type":"SearchAction","target":{"@type":"EntryPoint","urlTemplate":"https:\/\/www.asajacyl.com\/palencia\/?s={search_term_string}"},"query-input":{"@type":"PropertyValueSpecification","valueRequired":true,"valueName":"search_term_string"}}],"inLanguage":"es"},{"@type":"Person","@id":"https:\/\/www.asajacyl.com\/palencia\/#\/schema\/person\/3ab17aeb03527485c317557fae64aab1","name":"Administrador","image":{"@type":"ImageObject","inLanguage":"es","@id":"https:\/\/www.asajacyl.com\/palencia\/#\/schema\/person\/image\/","url":"https:\/\/secure.gravatar.com\/avatar\/517384810d242ca9e38c180f3c9fb973?s=96&d=mm&r=g","contentUrl":"https:\/\/secure.gravatar.com\/avatar\/517384810d242ca9e38c180f3c9fb973?s=96&d=mm&r=g","caption":"Administrador"},"url":"https:\/\/www.asajacyl.com\/palencia\/author\/carlosrm"}]}},"_links":{"self":[{"href":"https:\/\/www.asajacyl.com\/palencia\/wp-json\/wp\/v2\/posts\/9549"}],"collection":[{"href":"https:\/\/www.asajacyl.com\/palencia\/wp-json\/wp\/v2\/posts"}],"about":[{"href":"https:\/\/www.asajacyl.com\/palencia\/wp-json\/wp\/v2\/types\/post"}],"author":[{"embeddable":true,"href":"https:\/\/www.asajacyl.com\/palencia\/wp-json\/wp\/v2\/users\/9"}],"replies":[{"embeddable":true,"href":"https:\/\/www.asajacyl.com\/palencia\/wp-json\/wp\/v2\/comments?post=9549"}],"version-history":[{"count":1,"href":"https:\/\/www.asajacyl.com\/palencia\/wp-json\/wp\/v2\/posts\/9549\/revisions"}],"predecessor-version":[{"id":9550,"href":"https:\/\/www.asajacyl.com\/palencia\/wp-json\/wp\/v2\/posts\/9549\/revisions\/9550"}],"wp:featuredmedia":[{"embeddable":true,"href":"https:\/\/www.asajacyl.com\/palencia\/wp-json\/wp\/v2\/media\/9370"}],"wp:attachment":[{"href":"https:\/\/www.asajacyl.com\/palencia\/wp-json\/wp\/v2\/media?parent=9549"}],"wp:term":[{"taxonomy":"category","embeddable":true,"href":"https:\/\/www.asajacyl.com\/palencia\/wp-json\/wp\/v2\/categories?post=9549"},{"taxonomy":"post_tag","embeddable":true,"href":"https:\/\/www.asajacyl.com\/palencia\/wp-json\/wp\/v2\/tags?post=9549"}],"curies":[{"name":"wp","href":"https:\/\/api.w.org\/{rel}","templated":true}]}}