{"id":9565,"date":"2022-01-06T16:33:00","date_gmt":"2022-01-06T15:33:00","guid":{"rendered":"https:\/\/www.asajacyl.com\/palencia\/?p=9565"},"modified":"2022-01-03T09:47:59","modified_gmt":"2022-01-03T08:47:59","slug":"poco-peso-de-la-agricultura-y-ganaderia-ecologica-en-la-provincia-de-palencia","status":"publish","type":"post","link":"https:\/\/www.asajacyl.com\/palencia\/asaja-palencia-informa\/poco-peso-de-la-agricultura-y-ganaderia-ecologica-en-la-provincia-de-palencia","title":{"rendered":"Poco peso de la agricultura y ganader\u00eda ecol\u00f3gica en la provincia de Palencia"},"content":{"rendered":"\n<p>La estrategia \u201cDe la granja a la mesa\u201d es una de las puntas de lanza de la Comisi\u00f3n para la agricultura europea de los pr\u00f3ximos a\u00f1os. Presentada en mayo de 2020, pretende contribuir a la neutralidad clim\u00e1tica en 2050 \u2013tener un balance cero de emisiones y captura de carbono- ampar\u00e1ndose en las emisiones de la producci\u00f3n de alimentos y en el sobrepeso de los ciudadanos.<\/p>\n\n\n\n<p>Esta estrategia pretende que en 2030 se utilicen el 50% de los plaguicidas que se usan en la actualidad, algo que redundar\u00e1 en una menor producci\u00f3n seg\u00fan aseveran los estudios que se han hecho al respecto y el sentido com\u00fan. As\u00ed mismo, pretende que el 25% de las tierras agr\u00edcolas pasen a ser ecol\u00f3gicas. Esto l\u00f3gicamente por imposici\u00f3n, no quiere decir que los consumidores est\u00e9n demandando este tipo de productos.<\/p>\n\n\n\n<p>Seg\u00fan los \u00faltimos datos del ministerio, correspondientes al a\u00f1o 2020, la superficie agraria ecol\u00f3gica de Espa\u00f1a representa un 10% de la superficie total, si bien habr\u00eda que explicar que 1,27 millones de hect\u00e1reas ecol\u00f3gicas corresponden a pastos permanentes y 662.423 hect\u00e1reas son cultivos permanentes. En cuanto a tierras arables, se dedican 502.075 hect\u00e1reas a agricultura ecol\u00f3gica.<br>La provincia de Palencia aporta m\u00e1s bien poco a esta estad\u00edstica. \u00danicamente 4.813,51 hect\u00e1reas palentinas son ecol\u00f3gicas (incluyendo las calificadas en primer a\u00f1o de pr\u00e1cticas -525,91 ha-, las calificadas en conversi\u00f3n -995,25 hect\u00e1reas- y las ya calificadas en agricultura ecol\u00f3gica -3.292,35 ha-). Este total de hect\u00e1reas se reparte en 2.759,97 ha de tierras arables, 1.923,48 ha de pastos permanentes y 130,06 ha de cultivos permanentes. Dentro de las tierras arables lo m\u00e1s representativo es el forraje -1.282,75 ha-, los cereales -694,88 ha-, y las leguminosas y proteaginosas -491,46 ha. El estudio no incluye las producciones obtenidas por las producciones agr\u00edcolas.<\/p>\n\n\n\n<p>En cuanto a la ganader\u00eda ecol\u00f3gica, Palencia cuenta con una explotaci\u00f3n de vacuno de carne, tres de ovino de carne, dos de pollos y una de apicultura. El censo ganadero de la provincia asciende a 41 vacunos de carne, 90 ovinos de carne, 915 pollos y 232 colmenas. En el caso de la ganader\u00eda, el estudio s\u00ed que incluye la producci\u00f3n de las ganader\u00edas, que han producido 5.000 kg de carne de vacuno, 1080 kg de carne de ovino, 1.830 kg de carne de pollo y 7.910 kg de miel.<\/p>\n\n\n\n<p>La superficie de tierra arable de la provincia ronda las 470.000 hect\u00e1reas por lo que la agricultura ecol\u00f3gica estar\u00eda representando, con los datos de 2020, un 1,02% del total, a\u00fan muy lejos del 25% que obligar\u00e1n a implantar las instituciones europeas dentro de s\u00f3lo nueve a\u00f1os.<\/p>\n","protected":false},"excerpt":{"rendered":"<p>La estrategia \u201cDe la granja a la mesa\u201d es una de las puntas de lanza de la Comisi\u00f3n para la agricultura europea de los pr\u00f3ximos a\u00f1os. Presentada en mayo de 2020, pretende contribuir a la neutralidad clim\u00e1tica en 2050 \u2013tener un balance cero de emisiones y captura de carbono- ampar\u00e1ndose en las emisiones de la [&hellip;]<\/p>\n","protected":false},"author":9,"featured_media":9566,"comment_status":"open","ping_status":"open","sticky":false,"template":"","format":"standard","meta":{"footnotes":""},"categories":[9,29,28],"tags":[],"yoast_head":"<!-- This site is optimized with the Yoast SEO plugin v24.5 - https:\/\/yoast.com\/wordpress\/plugins\/seo\/ -->\n<title>Poco peso de la agricultura y ganader\u00eda ecol\u00f3gica en la provincia de Palencia - ASAJA Palencia<\/title>\n<meta name=\"description\" content=\"La estrategia \u201cDe la granja a la mesa\u201d es una de las puntas de lanza de la Comisi\u00f3n para la agricultura europea de los pr\u00f3ximos a\u00f1os. Presentada en mayo\" \/>\n<meta name=\"robots\" content=\"index, follow, max-snippet:-1, max-image-preview:large, max-video-preview:-1\" \/>\n<link rel=\"canonical\" href=\"https:\/\/www.asajacyl.com\/palencia\/asaja-palencia-informa\/poco-peso-de-la-agricultura-y-ganaderia-ecologica-en-la-provincia-de-palencia\" \/>\n<meta property=\"og:locale\" content=\"es_ES\" \/>\n<meta property=\"og:type\" content=\"article\" \/>\n<meta property=\"og:title\" content=\"Poco peso de la agricultura y ganader\u00eda ecol\u00f3gica en la provincia de Palencia - ASAJA Palencia\" \/>\n<meta property=\"og:description\" content=\"La estrategia \u201cDe la granja a la mesa\u201d es una de las puntas de lanza de la Comisi\u00f3n para la agricultura europea de los pr\u00f3ximos a\u00f1os. Presentada en mayo\" \/>\n<meta property=\"og:url\" content=\"https:\/\/www.asajacyl.com\/palencia\/asaja-palencia-informa\/poco-peso-de-la-agricultura-y-ganaderia-ecologica-en-la-provincia-de-palencia\" \/>\n<meta property=\"og:site_name\" content=\"ASAJA Palencia\" \/>\n<meta property=\"article:published_time\" content=\"2022-01-06T15:33:00+00:00\" \/>\n<meta property=\"og:image\" content=\"https:\/\/www.asajacyl.com\/palencia\/wp-content\/uploads\/sites\/3\/2021\/12\/LOGO-ECOLOGICO.png\" \/>\n\t<meta property=\"og:image:width\" content=\"600\" \/>\n\t<meta property=\"og:image:height\" content=\"400\" \/>\n\t<meta property=\"og:image:type\" content=\"image\/png\" \/>\n<meta name=\"author\" content=\"Administrador\" \/>\n<meta name=\"twitter:card\" content=\"summary_large_image\" \/>\n<meta name=\"twitter:label1\" content=\"Escrito por\" \/>\n\t<meta name=\"twitter:data1\" content=\"Administrador\" \/>\n\t<meta name=\"twitter:label2\" content=\"Tiempo de lectura\" \/>\n\t<meta name=\"twitter:data2\" content=\"2 minutos\" \/>\n<script type=\"application\/ld+json\" class=\"yoast-schema-graph\">{\"@context\":\"https:\/\/schema.org\",\"@graph\":[{\"@type\":\"WebPage\",\"@id\":\"https:\/\/www.asajacyl.com\/palencia\/asaja-palencia-informa\/poco-peso-de-la-agricultura-y-ganaderia-ecologica-en-la-provincia-de-palencia\",\"url\":\"https:\/\/www.asajacyl.com\/palencia\/asaja-palencia-informa\/poco-peso-de-la-agricultura-y-ganaderia-ecologica-en-la-provincia-de-palencia\",\"name\":\"Poco peso de la agricultura y ganader\u00eda ecol\u00f3gica en la provincia de Palencia - ASAJA Palencia\",\"isPartOf\":{\"@id\":\"https:\/\/www.asajacyl.com\/palencia\/#website\"},\"primaryImageOfPage\":{\"@id\":\"https:\/\/www.asajacyl.com\/palencia\/asaja-palencia-informa\/poco-peso-de-la-agricultura-y-ganaderia-ecologica-en-la-provincia-de-palencia#primaryimage\"},\"image\":{\"@id\":\"https:\/\/www.asajacyl.com\/palencia\/asaja-palencia-informa\/poco-peso-de-la-agricultura-y-ganaderia-ecologica-en-la-provincia-de-palencia#primaryimage\"},\"thumbnailUrl\":\"https:\/\/www.asajacyl.com\/palencia\/wp-content\/uploads\/sites\/3\/2021\/12\/LOGO-ECOLOGICO.png\",\"datePublished\":\"2022-01-06T15:33:00+00:00\",\"author\":{\"@id\":\"https:\/\/www.asajacyl.com\/palencia\/#\/schema\/person\/3ab17aeb03527485c317557fae64aab1\"},\"description\":\"La estrategia \u201cDe la granja a la mesa\u201d es una de las puntas de lanza de la Comisi\u00f3n para la agricultura europea de los pr\u00f3ximos a\u00f1os. Presentada en mayo\",\"breadcrumb\":{\"@id\":\"https:\/\/www.asajacyl.com\/palencia\/asaja-palencia-informa\/poco-peso-de-la-agricultura-y-ganaderia-ecologica-en-la-provincia-de-palencia#breadcrumb\"},\"inLanguage\":\"es\",\"potentialAction\":[{\"@type\":\"ReadAction\",\"target\":[\"https:\/\/www.asajacyl.com\/palencia\/asaja-palencia-informa\/poco-peso-de-la-agricultura-y-ganaderia-ecologica-en-la-provincia-de-palencia\"]}]},{\"@type\":\"ImageObject\",\"inLanguage\":\"es\",\"@id\":\"https:\/\/www.asajacyl.com\/palencia\/asaja-palencia-informa\/poco-peso-de-la-agricultura-y-ganaderia-ecologica-en-la-provincia-de-palencia#primaryimage\",\"url\":\"https:\/\/www.asajacyl.com\/palencia\/wp-content\/uploads\/sites\/3\/2021\/12\/LOGO-ECOLOGICO.png\",\"contentUrl\":\"https:\/\/www.asajacyl.com\/palencia\/wp-content\/uploads\/sites\/3\/2021\/12\/LOGO-ECOLOGICO.png\",\"width\":600,\"height\":400},{\"@type\":\"BreadcrumbList\",\"@id\":\"https:\/\/www.asajacyl.com\/palencia\/asaja-palencia-informa\/poco-peso-de-la-agricultura-y-ganaderia-ecologica-en-la-provincia-de-palencia#breadcrumb\",\"itemListElement\":[{\"@type\":\"ListItem\",\"position\":1,\"name\":\"Portada\",\"item\":\"https:\/\/www.asajacyl.com\/palencia\/\"},{\"@type\":\"ListItem\",\"position\":2,\"name\":\"Poco peso de la agricultura y ganader\u00eda ecol\u00f3gica en la provincia de Palencia\"}]},{\"@type\":\"WebSite\",\"@id\":\"https:\/\/www.asajacyl.com\/palencia\/#website\",\"url\":\"https:\/\/www.asajacyl.com\/palencia\/\",\"name\":\"ASAJA Palencia\",\"description\":\"Otro sitio m\u00e1s de Provincias ASAJA Castilla y Le\u00f3n\",\"potentialAction\":[{\"@type\":\"SearchAction\",\"target\":{\"@type\":\"EntryPoint\",\"urlTemplate\":\"https:\/\/www.asajacyl.com\/palencia\/?s={search_term_string}\"},\"query-input\":{\"@type\":\"PropertyValueSpecification\",\"valueRequired\":true,\"valueName\":\"search_term_string\"}}],\"inLanguage\":\"es\"},{\"@type\":\"Person\",\"@id\":\"https:\/\/www.asajacyl.com\/palencia\/#\/schema\/person\/3ab17aeb03527485c317557fae64aab1\",\"name\":\"Administrador\",\"image\":{\"@type\":\"ImageObject\",\"inLanguage\":\"es\",\"@id\":\"https:\/\/www.asajacyl.com\/palencia\/#\/schema\/person\/image\/\",\"url\":\"https:\/\/secure.gravatar.com\/avatar\/517384810d242ca9e38c180f3c9fb973?s=96&d=mm&r=g\",\"contentUrl\":\"https:\/\/secure.gravatar.com\/avatar\/517384810d242ca9e38c180f3c9fb973?s=96&d=mm&r=g\",\"caption\":\"Administrador\"},\"url\":\"https:\/\/www.asajacyl.com\/palencia\/author\/carlosrm\"}]}<\/script>\n<!-- \/ Yoast SEO plugin. -->","yoast_head_json":{"title":"Poco peso de la agricultura y ganader\u00eda ecol\u00f3gica en la provincia de Palencia - ASAJA Palencia","description":"La estrategia \u201cDe la granja a la mesa\u201d es una de las puntas de lanza de la Comisi\u00f3n para la agricultura europea de los pr\u00f3ximos a\u00f1os. Presentada en mayo","robots":{"index":"index","follow":"follow","max-snippet":"max-snippet:-1","max-image-preview":"max-image-preview:large","max-video-preview":"max-video-preview:-1"},"canonical":"https:\/\/www.asajacyl.com\/palencia\/asaja-palencia-informa\/poco-peso-de-la-agricultura-y-ganaderia-ecologica-en-la-provincia-de-palencia","og_locale":"es_ES","og_type":"article","og_title":"Poco peso de la agricultura y ganader\u00eda ecol\u00f3gica en la provincia de Palencia - ASAJA Palencia","og_description":"La estrategia \u201cDe la granja a la mesa\u201d es una de las puntas de lanza de la Comisi\u00f3n para la agricultura europea de los pr\u00f3ximos a\u00f1os. Presentada en mayo","og_url":"https:\/\/www.asajacyl.com\/palencia\/asaja-palencia-informa\/poco-peso-de-la-agricultura-y-ganaderia-ecologica-en-la-provincia-de-palencia","og_site_name":"ASAJA Palencia","article_published_time":"2022-01-06T15:33:00+00:00","og_image":[{"width":600,"height":400,"url":"https:\/\/www.asajacyl.com\/palencia\/wp-content\/uploads\/sites\/3\/2021\/12\/LOGO-ECOLOGICO.png","type":"image\/png"}],"author":"Administrador","twitter_card":"summary_large_image","twitter_misc":{"Escrito por":"Administrador","Tiempo de lectura":"2 minutos"},"schema":{"@context":"https:\/\/schema.org","@graph":[{"@type":"WebPage","@id":"https:\/\/www.asajacyl.com\/palencia\/asaja-palencia-informa\/poco-peso-de-la-agricultura-y-ganaderia-ecologica-en-la-provincia-de-palencia","url":"https:\/\/www.asajacyl.com\/palencia\/asaja-palencia-informa\/poco-peso-de-la-agricultura-y-ganaderia-ecologica-en-la-provincia-de-palencia","name":"Poco peso de la agricultura y ganader\u00eda ecol\u00f3gica en la provincia de Palencia - ASAJA Palencia","isPartOf":{"@id":"https:\/\/www.asajacyl.com\/palencia\/#website"},"primaryImageOfPage":{"@id":"https:\/\/www.asajacyl.com\/palencia\/asaja-palencia-informa\/poco-peso-de-la-agricultura-y-ganaderia-ecologica-en-la-provincia-de-palencia#primaryimage"},"image":{"@id":"https:\/\/www.asajacyl.com\/palencia\/asaja-palencia-informa\/poco-peso-de-la-agricultura-y-ganaderia-ecologica-en-la-provincia-de-palencia#primaryimage"},"thumbnailUrl":"https:\/\/www.asajacyl.com\/palencia\/wp-content\/uploads\/sites\/3\/2021\/12\/LOGO-ECOLOGICO.png","datePublished":"2022-01-06T15:33:00+00:00","author":{"@id":"https:\/\/www.asajacyl.com\/palencia\/#\/schema\/person\/3ab17aeb03527485c317557fae64aab1"},"description":"La estrategia \u201cDe la granja a la mesa\u201d es una de las puntas de lanza de la Comisi\u00f3n para la agricultura europea de los pr\u00f3ximos a\u00f1os. Presentada en mayo","breadcrumb":{"@id":"https:\/\/www.asajacyl.com\/palencia\/asaja-palencia-informa\/poco-peso-de-la-agricultura-y-ganaderia-ecologica-en-la-provincia-de-palencia#breadcrumb"},"inLanguage":"es","potentialAction":[{"@type":"ReadAction","target":["https:\/\/www.asajacyl.com\/palencia\/asaja-palencia-informa\/poco-peso-de-la-agricultura-y-ganaderia-ecologica-en-la-provincia-de-palencia"]}]},{"@type":"ImageObject","inLanguage":"es","@id":"https:\/\/www.asajacyl.com\/palencia\/asaja-palencia-informa\/poco-peso-de-la-agricultura-y-ganaderia-ecologica-en-la-provincia-de-palencia#primaryimage","url":"https:\/\/www.asajacyl.com\/palencia\/wp-content\/uploads\/sites\/3\/2021\/12\/LOGO-ECOLOGICO.png","contentUrl":"https:\/\/www.asajacyl.com\/palencia\/wp-content\/uploads\/sites\/3\/2021\/12\/LOGO-ECOLOGICO.png","width":600,"height":400},{"@type":"BreadcrumbList","@id":"https:\/\/www.asajacyl.com\/palencia\/asaja-palencia-informa\/poco-peso-de-la-agricultura-y-ganaderia-ecologica-en-la-provincia-de-palencia#breadcrumb","itemListElement":[{"@type":"ListItem","position":1,"name":"Portada","item":"https:\/\/www.asajacyl.com\/palencia\/"},{"@type":"ListItem","position":2,"name":"Poco peso de la agricultura y ganader\u00eda ecol\u00f3gica en la provincia de Palencia"}]},{"@type":"WebSite","@id":"https:\/\/www.asajacyl.com\/palencia\/#website","url":"https:\/\/www.asajacyl.com\/palencia\/","name":"ASAJA Palencia","description":"Otro sitio m\u00e1s de Provincias ASAJA Castilla y Le\u00f3n","potentialAction":[{"@type":"SearchAction","target":{"@type":"EntryPoint","urlTemplate":"https:\/\/www.asajacyl.com\/palencia\/?s={search_term_string}"},"query-input":{"@type":"PropertyValueSpecification","valueRequired":true,"valueName":"search_term_string"}}],"inLanguage":"es"},{"@type":"Person","@id":"https:\/\/www.asajacyl.com\/palencia\/#\/schema\/person\/3ab17aeb03527485c317557fae64aab1","name":"Administrador","image":{"@type":"ImageObject","inLanguage":"es","@id":"https:\/\/www.asajacyl.com\/palencia\/#\/schema\/person\/image\/","url":"https:\/\/secure.gravatar.com\/avatar\/517384810d242ca9e38c180f3c9fb973?s=96&d=mm&r=g","contentUrl":"https:\/\/secure.gravatar.com\/avatar\/517384810d242ca9e38c180f3c9fb973?s=96&d=mm&r=g","caption":"Administrador"},"url":"https:\/\/www.asajacyl.com\/palencia\/author\/carlosrm"}]}},"_links":{"self":[{"href":"https:\/\/www.asajacyl.com\/palencia\/wp-json\/wp\/v2\/posts\/9565"}],"collection":[{"href":"https:\/\/www.asajacyl.com\/palencia\/wp-json\/wp\/v2\/posts"}],"about":[{"href":"https:\/\/www.asajacyl.com\/palencia\/wp-json\/wp\/v2\/types\/post"}],"author":[{"embeddable":true,"href":"https:\/\/www.asajacyl.com\/palencia\/wp-json\/wp\/v2\/users\/9"}],"replies":[{"embeddable":true,"href":"https:\/\/www.asajacyl.com\/palencia\/wp-json\/wp\/v2\/comments?post=9565"}],"version-history":[{"count":2,"href":"https:\/\/www.asajacyl.com\/palencia\/wp-json\/wp\/v2\/posts\/9565\/revisions"}],"predecessor-version":[{"id":9628,"href":"https:\/\/www.asajacyl.com\/palencia\/wp-json\/wp\/v2\/posts\/9565\/revisions\/9628"}],"wp:featuredmedia":[{"embeddable":true,"href":"https:\/\/www.asajacyl.com\/palencia\/wp-json\/wp\/v2\/media\/9566"}],"wp:attachment":[{"href":"https:\/\/www.asajacyl.com\/palencia\/wp-json\/wp\/v2\/media?parent=9565"}],"wp:term":[{"taxonomy":"category","embeddable":true,"href":"https:\/\/www.asajacyl.com\/palencia\/wp-json\/wp\/v2\/categories?post=9565"},{"taxonomy":"post_tag","embeddable":true,"href":"https:\/\/www.asajacyl.com\/palencia\/wp-json\/wp\/v2\/tags?post=9565"}],"curies":[{"name":"wp","href":"https:\/\/api.w.org\/{rel}","templated":true}]}}