{"id":9569,"date":"2021-12-31T10:37:00","date_gmt":"2021-12-31T09:37:00","guid":{"rendered":"https:\/\/www.asajacyl.com\/palencia\/?p=9569"},"modified":"2021-12-28T10:52:50","modified_gmt":"2021-12-28T09:52:50","slug":"sangria-de-poblacion-en-la-provincia-de-palencia-en-los-ultimos-veinte-anos","status":"publish","type":"post","link":"https:\/\/www.asajacyl.com\/palencia\/asaja-palencia-informa\/sangria-de-poblacion-en-la-provincia-de-palencia-en-los-ultimos-veinte-anos","title":{"rendered":"Sangr\u00eda de poblaci\u00f3n en la provincia de Palencia en los \u00faltimos veinte a\u00f1os"},"content":{"rendered":"\n<p>El estudio de los empadronados en la provincia de Palencia desde 2001 muestra que la poblaci\u00f3n se ha reducido un 10,4% en la provincia, que a 1 de enero de 2021 contaba con 158.956 habitantes. Para realizar este estudio se han dividido los 191 municipios de la provincia en estratos, en funci\u00f3n del n\u00famero de empadronados: hasta 100, de 101 a 300, de 301 a 500, de 501 a 1000, de 1001 a 2000, de 2001 a 5000, de 5001 a 7000 y la capital, que cuenta con 77.090 empadronados.<\/p>\n\n\n\n<p>Actualmente el 14,24% de la poblaci\u00f3n est\u00e1 censada en municipios de hasta 1000 habitantes. Otro 13,54% est\u00e1 empadronado en municipios de 1001 a 5000 habitantes \u2013que realmente son 3000 porque no hay municipios de 3000 a 5000-. En municipios de m\u00e1s de 5000 habitantes, salvo la capital, reside el 23,72% de la poblaci\u00f3n. Finalmente, en la capital reside el 48,50% de la poblaci\u00f3n, sin entrar a valorar la poblaci\u00f3n que a\u00f1adir\u00eda el alfoz de la capital.<\/p>\n\n\n\n<p>Lo que se puede ver claramente, y es altamente preocupante, es la p\u00e9rdida de poblaci\u00f3n en los municipios de menos habitantes, no s\u00f3lo baja la poblaci\u00f3n de la provincia sino que lo hace acusadamente m\u00e1s en aquellas zonas menos pobladas. El futuro de estas zonas es poco prometedor. Adem\u00e1s, las zonas cercanas a la capital aumentan de forma general la poblaci\u00f3n mientras que, al contrario, las zonas alejadas disminuyen.<\/p>\n\n\n\n<p>Observando los datos veremos que los 75 municipios de hasta 100 habitantes han reducido su poblaci\u00f3n un 35,4% en veinte a\u00f1os y hasta 2000 habitantes todos los estratos tienen una p\u00e9rdida superior al 10%. Cuanto m\u00e1s peque\u00f1o es el estrato m\u00e1s p\u00e9rdida de poblaci\u00f3n hay aunque los datos est\u00e1n maquillados por el aporte de poblaci\u00f3n que han recibido los municipios cercanos a la capital (Husillos y Fuentes de Valdepero en el de 300 a 500, Magaz de Pisuerga y Villalob\u00f3n en el de 1000 a 2000 y Grijota en el de 2000 a 5000).<\/p>\n\n\n\n<p>S\u00f3lo han ganado poblaci\u00f3n 14 municipios, Hay 140 municipios que han perdido m\u00e1s del 20% de poblaci\u00f3n y hay 35 municipios que han perdido m\u00e1s del 40% de la poblaci\u00f3n. A esto habr\u00eda que a\u00f1adir que \u00e9stos son datos de municipios pero hay varios, como Cervera de Pisuerga y Aguilar de Campoo, que cuentan con m\u00e1s de veinte entidades locales menores. Tampoco hay que olvidar que \u00e9stos son datos sobre el papel, la realidad es que es dif\u00edcil que un d\u00eda de diario de invierno se vaya a cualquier localidad peque\u00f1a o mediana de Palencia y se encuentre a la poblaci\u00f3n que indican las cifras.<\/p>\n\n\n\n<p>Todo esto es un c\u00f3ctel que depara un futuro lleno de despoblaci\u00f3n en una provincia con las localidades muy diseminadas y con poca poblaci\u00f3n, cada vez menos desgraciadamente. Siendo la agricultura y la ganader\u00eda actividades que fijan poblaci\u00f3n, y en muchas localidades pr\u00e1cticamente las \u00fanicas actividades econ\u00f3micas existentes, se debe legislar para protegerlas y proteger as\u00ed los pueblos de Palencia.<\/p>\n\n\n\n<div class=\"wp-block-image\"><figure class=\"aligncenter size-full\"><img loading=\"lazy\" decoding=\"async\" width=\"846\" height=\"318\" src=\"https:\/\/www.asajacyl.com\/palencia\/wp-content\/uploads\/sites\/3\/2021\/12\/image.png\" alt=\"\" class=\"wp-image-9570\" srcset=\"https:\/\/www.asajacyl.com\/palencia\/wp-content\/uploads\/sites\/3\/2021\/12\/image.png 846w, https:\/\/www.asajacyl.com\/palencia\/wp-content\/uploads\/sites\/3\/2021\/12\/image-300x113.png 300w, https:\/\/www.asajacyl.com\/palencia\/wp-content\/uploads\/sites\/3\/2021\/12\/image-768x289.png 768w, https:\/\/www.asajacyl.com\/palencia\/wp-content\/uploads\/sites\/3\/2021\/12\/image-696x262.png 696w\" sizes=\"(max-width: 846px) 100vw, 846px\" \/><figcaption>Fuente: INE &#8211; Elaboraci\u00f3n: ASAJA-Palencia<\/figcaption><\/figure><\/div>\n","protected":false},"excerpt":{"rendered":"<p>El estudio de los empadronados en la provincia de Palencia desde 2001 muestra que la poblaci\u00f3n se ha reducido un 10,4% en la provincia, que a 1 de enero de 2021 contaba con 158.956 habitantes. Para realizar este estudio se han dividido los 191 municipios de la provincia en estratos, en funci\u00f3n del n\u00famero de [&hellip;]<\/p>\n","protected":false},"author":9,"featured_media":8257,"comment_status":"open","ping_status":"open","sticky":false,"template":"","format":"standard","meta":{"footnotes":""},"categories":[9,29,28],"tags":[],"yoast_head":"<!-- This site is optimized with the Yoast SEO plugin v24.5 - https:\/\/yoast.com\/wordpress\/plugins\/seo\/ -->\n<title>Sangr\u00eda de poblaci\u00f3n en la provincia de Palencia en los \u00faltimos veinte a\u00f1os - ASAJA Palencia<\/title>\n<meta name=\"description\" content=\"El estudio de los empadronados en la provincia de Palencia desde 2001 muestra que la poblaci\u00f3n se ha reducido un 10,4% en la provincia, que a 1 de enero\" \/>\n<meta name=\"robots\" content=\"index, follow, max-snippet:-1, max-image-preview:large, max-video-preview:-1\" \/>\n<link rel=\"canonical\" href=\"https:\/\/www.asajacyl.com\/palencia\/asaja-palencia-informa\/sangria-de-poblacion-en-la-provincia-de-palencia-en-los-ultimos-veinte-anos\" \/>\n<meta property=\"og:locale\" content=\"es_ES\" \/>\n<meta property=\"og:type\" content=\"article\" \/>\n<meta property=\"og:title\" content=\"Sangr\u00eda de poblaci\u00f3n en la provincia de Palencia en los \u00faltimos veinte a\u00f1os - ASAJA Palencia\" \/>\n<meta property=\"og:description\" content=\"El estudio de los empadronados en la provincia de Palencia desde 2001 muestra que la poblaci\u00f3n se ha reducido un 10,4% en la provincia, que a 1 de enero\" \/>\n<meta property=\"og:url\" content=\"https:\/\/www.asajacyl.com\/palencia\/asaja-palencia-informa\/sangria-de-poblacion-en-la-provincia-de-palencia-en-los-ultimos-veinte-anos\" \/>\n<meta property=\"og:site_name\" content=\"ASAJA Palencia\" \/>\n<meta property=\"article:published_time\" content=\"2021-12-31T09:37:00+00:00\" \/>\n<meta property=\"og:image\" content=\"https:\/\/www.asajacyl.com\/palencia\/wp-content\/uploads\/sites\/3\/2021\/05\/MAVE.jpg\" \/>\n\t<meta property=\"og:image:width\" content=\"2016\" \/>\n\t<meta property=\"og:image:height\" content=\"1512\" \/>\n\t<meta property=\"og:image:type\" content=\"image\/jpeg\" \/>\n<meta name=\"author\" content=\"Administrador\" \/>\n<meta name=\"twitter:card\" content=\"summary_large_image\" \/>\n<meta name=\"twitter:label1\" content=\"Escrito por\" \/>\n\t<meta name=\"twitter:data1\" content=\"Administrador\" \/>\n\t<meta name=\"twitter:label2\" content=\"Tiempo de lectura\" \/>\n\t<meta name=\"twitter:data2\" content=\"3 minutos\" \/>\n<script type=\"application\/ld+json\" class=\"yoast-schema-graph\">{\"@context\":\"https:\/\/schema.org\",\"@graph\":[{\"@type\":\"WebPage\",\"@id\":\"https:\/\/www.asajacyl.com\/palencia\/asaja-palencia-informa\/sangria-de-poblacion-en-la-provincia-de-palencia-en-los-ultimos-veinte-anos\",\"url\":\"https:\/\/www.asajacyl.com\/palencia\/asaja-palencia-informa\/sangria-de-poblacion-en-la-provincia-de-palencia-en-los-ultimos-veinte-anos\",\"name\":\"Sangr\u00eda de poblaci\u00f3n en la provincia de Palencia en los \u00faltimos veinte a\u00f1os - ASAJA Palencia\",\"isPartOf\":{\"@id\":\"https:\/\/www.asajacyl.com\/palencia\/#website\"},\"primaryImageOfPage\":{\"@id\":\"https:\/\/www.asajacyl.com\/palencia\/asaja-palencia-informa\/sangria-de-poblacion-en-la-provincia-de-palencia-en-los-ultimos-veinte-anos#primaryimage\"},\"image\":{\"@id\":\"https:\/\/www.asajacyl.com\/palencia\/asaja-palencia-informa\/sangria-de-poblacion-en-la-provincia-de-palencia-en-los-ultimos-veinte-anos#primaryimage\"},\"thumbnailUrl\":\"https:\/\/www.asajacyl.com\/palencia\/wp-content\/uploads\/sites\/3\/2021\/05\/MAVE.jpg\",\"datePublished\":\"2021-12-31T09:37:00+00:00\",\"author\":{\"@id\":\"https:\/\/www.asajacyl.com\/palencia\/#\/schema\/person\/3ab17aeb03527485c317557fae64aab1\"},\"description\":\"El estudio de los empadronados en la provincia de Palencia desde 2001 muestra que la poblaci\u00f3n se ha reducido un 10,4% en la provincia, que a 1 de enero\",\"breadcrumb\":{\"@id\":\"https:\/\/www.asajacyl.com\/palencia\/asaja-palencia-informa\/sangria-de-poblacion-en-la-provincia-de-palencia-en-los-ultimos-veinte-anos#breadcrumb\"},\"inLanguage\":\"es\",\"potentialAction\":[{\"@type\":\"ReadAction\",\"target\":[\"https:\/\/www.asajacyl.com\/palencia\/asaja-palencia-informa\/sangria-de-poblacion-en-la-provincia-de-palencia-en-los-ultimos-veinte-anos\"]}]},{\"@type\":\"ImageObject\",\"inLanguage\":\"es\",\"@id\":\"https:\/\/www.asajacyl.com\/palencia\/asaja-palencia-informa\/sangria-de-poblacion-en-la-provincia-de-palencia-en-los-ultimos-veinte-anos#primaryimage\",\"url\":\"https:\/\/www.asajacyl.com\/palencia\/wp-content\/uploads\/sites\/3\/2021\/05\/MAVE.jpg\",\"contentUrl\":\"https:\/\/www.asajacyl.com\/palencia\/wp-content\/uploads\/sites\/3\/2021\/05\/MAVE.jpg\",\"width\":2016,\"height\":1512},{\"@type\":\"BreadcrumbList\",\"@id\":\"https:\/\/www.asajacyl.com\/palencia\/asaja-palencia-informa\/sangria-de-poblacion-en-la-provincia-de-palencia-en-los-ultimos-veinte-anos#breadcrumb\",\"itemListElement\":[{\"@type\":\"ListItem\",\"position\":1,\"name\":\"Portada\",\"item\":\"https:\/\/www.asajacyl.com\/palencia\/\"},{\"@type\":\"ListItem\",\"position\":2,\"name\":\"Sangr\u00eda de poblaci\u00f3n en la provincia de Palencia en los \u00faltimos veinte a\u00f1os\"}]},{\"@type\":\"WebSite\",\"@id\":\"https:\/\/www.asajacyl.com\/palencia\/#website\",\"url\":\"https:\/\/www.asajacyl.com\/palencia\/\",\"name\":\"ASAJA Palencia\",\"description\":\"Otro sitio m\u00e1s de Provincias ASAJA Castilla y Le\u00f3n\",\"potentialAction\":[{\"@type\":\"SearchAction\",\"target\":{\"@type\":\"EntryPoint\",\"urlTemplate\":\"https:\/\/www.asajacyl.com\/palencia\/?s={search_term_string}\"},\"query-input\":{\"@type\":\"PropertyValueSpecification\",\"valueRequired\":true,\"valueName\":\"search_term_string\"}}],\"inLanguage\":\"es\"},{\"@type\":\"Person\",\"@id\":\"https:\/\/www.asajacyl.com\/palencia\/#\/schema\/person\/3ab17aeb03527485c317557fae64aab1\",\"name\":\"Administrador\",\"image\":{\"@type\":\"ImageObject\",\"inLanguage\":\"es\",\"@id\":\"https:\/\/www.asajacyl.com\/palencia\/#\/schema\/person\/image\/\",\"url\":\"https:\/\/secure.gravatar.com\/avatar\/517384810d242ca9e38c180f3c9fb973?s=96&d=mm&r=g\",\"contentUrl\":\"https:\/\/secure.gravatar.com\/avatar\/517384810d242ca9e38c180f3c9fb973?s=96&d=mm&r=g\",\"caption\":\"Administrador\"},\"url\":\"https:\/\/www.asajacyl.com\/palencia\/author\/carlosrm\"}]}<\/script>\n<!-- \/ Yoast SEO plugin. -->","yoast_head_json":{"title":"Sangr\u00eda de poblaci\u00f3n en la provincia de Palencia en los \u00faltimos veinte a\u00f1os - ASAJA Palencia","description":"El estudio de los empadronados en la provincia de Palencia desde 2001 muestra que la poblaci\u00f3n se ha reducido un 10,4% en la provincia, que a 1 de enero","robots":{"index":"index","follow":"follow","max-snippet":"max-snippet:-1","max-image-preview":"max-image-preview:large","max-video-preview":"max-video-preview:-1"},"canonical":"https:\/\/www.asajacyl.com\/palencia\/asaja-palencia-informa\/sangria-de-poblacion-en-la-provincia-de-palencia-en-los-ultimos-veinte-anos","og_locale":"es_ES","og_type":"article","og_title":"Sangr\u00eda de poblaci\u00f3n en la provincia de Palencia en los \u00faltimos veinte a\u00f1os - ASAJA Palencia","og_description":"El estudio de los empadronados en la provincia de Palencia desde 2001 muestra que la poblaci\u00f3n se ha reducido un 10,4% en la provincia, que a 1 de enero","og_url":"https:\/\/www.asajacyl.com\/palencia\/asaja-palencia-informa\/sangria-de-poblacion-en-la-provincia-de-palencia-en-los-ultimos-veinte-anos","og_site_name":"ASAJA Palencia","article_published_time":"2021-12-31T09:37:00+00:00","og_image":[{"width":2016,"height":1512,"url":"https:\/\/www.asajacyl.com\/palencia\/wp-content\/uploads\/sites\/3\/2021\/05\/MAVE.jpg","type":"image\/jpeg"}],"author":"Administrador","twitter_card":"summary_large_image","twitter_misc":{"Escrito por":"Administrador","Tiempo de lectura":"3 minutos"},"schema":{"@context":"https:\/\/schema.org","@graph":[{"@type":"WebPage","@id":"https:\/\/www.asajacyl.com\/palencia\/asaja-palencia-informa\/sangria-de-poblacion-en-la-provincia-de-palencia-en-los-ultimos-veinte-anos","url":"https:\/\/www.asajacyl.com\/palencia\/asaja-palencia-informa\/sangria-de-poblacion-en-la-provincia-de-palencia-en-los-ultimos-veinte-anos","name":"Sangr\u00eda de poblaci\u00f3n en la provincia de Palencia en los \u00faltimos veinte a\u00f1os - ASAJA Palencia","isPartOf":{"@id":"https:\/\/www.asajacyl.com\/palencia\/#website"},"primaryImageOfPage":{"@id":"https:\/\/www.asajacyl.com\/palencia\/asaja-palencia-informa\/sangria-de-poblacion-en-la-provincia-de-palencia-en-los-ultimos-veinte-anos#primaryimage"},"image":{"@id":"https:\/\/www.asajacyl.com\/palencia\/asaja-palencia-informa\/sangria-de-poblacion-en-la-provincia-de-palencia-en-los-ultimos-veinte-anos#primaryimage"},"thumbnailUrl":"https:\/\/www.asajacyl.com\/palencia\/wp-content\/uploads\/sites\/3\/2021\/05\/MAVE.jpg","datePublished":"2021-12-31T09:37:00+00:00","author":{"@id":"https:\/\/www.asajacyl.com\/palencia\/#\/schema\/person\/3ab17aeb03527485c317557fae64aab1"},"description":"El estudio de los empadronados en la provincia de Palencia desde 2001 muestra que la poblaci\u00f3n se ha reducido un 10,4% en la provincia, que a 1 de enero","breadcrumb":{"@id":"https:\/\/www.asajacyl.com\/palencia\/asaja-palencia-informa\/sangria-de-poblacion-en-la-provincia-de-palencia-en-los-ultimos-veinte-anos#breadcrumb"},"inLanguage":"es","potentialAction":[{"@type":"ReadAction","target":["https:\/\/www.asajacyl.com\/palencia\/asaja-palencia-informa\/sangria-de-poblacion-en-la-provincia-de-palencia-en-los-ultimos-veinte-anos"]}]},{"@type":"ImageObject","inLanguage":"es","@id":"https:\/\/www.asajacyl.com\/palencia\/asaja-palencia-informa\/sangria-de-poblacion-en-la-provincia-de-palencia-en-los-ultimos-veinte-anos#primaryimage","url":"https:\/\/www.asajacyl.com\/palencia\/wp-content\/uploads\/sites\/3\/2021\/05\/MAVE.jpg","contentUrl":"https:\/\/www.asajacyl.com\/palencia\/wp-content\/uploads\/sites\/3\/2021\/05\/MAVE.jpg","width":2016,"height":1512},{"@type":"BreadcrumbList","@id":"https:\/\/www.asajacyl.com\/palencia\/asaja-palencia-informa\/sangria-de-poblacion-en-la-provincia-de-palencia-en-los-ultimos-veinte-anos#breadcrumb","itemListElement":[{"@type":"ListItem","position":1,"name":"Portada","item":"https:\/\/www.asajacyl.com\/palencia\/"},{"@type":"ListItem","position":2,"name":"Sangr\u00eda de poblaci\u00f3n en la provincia de Palencia en los \u00faltimos veinte a\u00f1os"}]},{"@type":"WebSite","@id":"https:\/\/www.asajacyl.com\/palencia\/#website","url":"https:\/\/www.asajacyl.com\/palencia\/","name":"ASAJA Palencia","description":"Otro sitio m\u00e1s de Provincias ASAJA Castilla y Le\u00f3n","potentialAction":[{"@type":"SearchAction","target":{"@type":"EntryPoint","urlTemplate":"https:\/\/www.asajacyl.com\/palencia\/?s={search_term_string}"},"query-input":{"@type":"PropertyValueSpecification","valueRequired":true,"valueName":"search_term_string"}}],"inLanguage":"es"},{"@type":"Person","@id":"https:\/\/www.asajacyl.com\/palencia\/#\/schema\/person\/3ab17aeb03527485c317557fae64aab1","name":"Administrador","image":{"@type":"ImageObject","inLanguage":"es","@id":"https:\/\/www.asajacyl.com\/palencia\/#\/schema\/person\/image\/","url":"https:\/\/secure.gravatar.com\/avatar\/517384810d242ca9e38c180f3c9fb973?s=96&d=mm&r=g","contentUrl":"https:\/\/secure.gravatar.com\/avatar\/517384810d242ca9e38c180f3c9fb973?s=96&d=mm&r=g","caption":"Administrador"},"url":"https:\/\/www.asajacyl.com\/palencia\/author\/carlosrm"}]}},"_links":{"self":[{"href":"https:\/\/www.asajacyl.com\/palencia\/wp-json\/wp\/v2\/posts\/9569"}],"collection":[{"href":"https:\/\/www.asajacyl.com\/palencia\/wp-json\/wp\/v2\/posts"}],"about":[{"href":"https:\/\/www.asajacyl.com\/palencia\/wp-json\/wp\/v2\/types\/post"}],"author":[{"embeddable":true,"href":"https:\/\/www.asajacyl.com\/palencia\/wp-json\/wp\/v2\/users\/9"}],"replies":[{"embeddable":true,"href":"https:\/\/www.asajacyl.com\/palencia\/wp-json\/wp\/v2\/comments?post=9569"}],"version-history":[{"count":1,"href":"https:\/\/www.asajacyl.com\/palencia\/wp-json\/wp\/v2\/posts\/9569\/revisions"}],"predecessor-version":[{"id":9571,"href":"https:\/\/www.asajacyl.com\/palencia\/wp-json\/wp\/v2\/posts\/9569\/revisions\/9571"}],"wp:featuredmedia":[{"embeddable":true,"href":"https:\/\/www.asajacyl.com\/palencia\/wp-json\/wp\/v2\/media\/8257"}],"wp:attachment":[{"href":"https:\/\/www.asajacyl.com\/palencia\/wp-json\/wp\/v2\/media?parent=9569"}],"wp:term":[{"taxonomy":"category","embeddable":true,"href":"https:\/\/www.asajacyl.com\/palencia\/wp-json\/wp\/v2\/categories?post=9569"},{"taxonomy":"post_tag","embeddable":true,"href":"https:\/\/www.asajacyl.com\/palencia\/wp-json\/wp\/v2\/tags?post=9569"}],"curies":[{"name":"wp","href":"https:\/\/api.w.org\/{rel}","templated":true}]}}