{"id":9572,"date":"2021-12-29T10:56:46","date_gmt":"2021-12-29T09:56:46","guid":{"rendered":"https:\/\/www.asajacyl.com\/palencia\/?p=9572"},"modified":"2021-12-29T09:05:14","modified_gmt":"2021-12-29T08:05:14","slug":"los-embalses-de-palencia-finalizan-el-ano-con-un-tercio-de-su-capacidad-de-agua","status":"publish","type":"post","link":"https:\/\/www.asajacyl.com\/palencia\/asaja-palencia-informa\/los-embalses-de-palencia-finalizan-el-ano-con-un-tercio-de-su-capacidad-de-agua","title":{"rendered":"Los embalses de Palencia finalizan el a\u00f1o con un tercio de su capacidad de agua"},"content":{"rendered":"\n<p>Preocupa y mucho a los regantes de Palencia la situaci\u00f3n de los embalses de la provincia. El sistema Carri\u00f3n, con una capacidad de 165 hm<sup>3<\/sup>, solamente tiene 51,4  hm<sup>3<\/sup> cuando la media de los \u00faltimos a\u00f1os est\u00e1 en 82,5  hm<sup>3<\/sup>, y el \u00faltimo a\u00f1o alojaba en estas fechas m\u00e1s de 123,1  hm<sup>3<\/sup>.<\/p>\n\n\n\n<p>Un poco mejor se encuentra el sistema Pisuerga, que actualmente dispone de 114,4  hm<sup>3<\/sup>, sobre una capacidad total de 322  hm<sup>3<\/sup>, si bien este dato se aleja mucho de la media de los \u00faltimos 10 a\u00f1os, que alcanza los 139,8  hm<sup>3<\/sup>, y m\u00e1s a\u00fan del registro del a\u00f1o pasado cuando superaba en estas fechas los 202,7  hm<sup>3<\/sup>.<\/p>\n\n\n\n<p>El \u00fanico dato para el optimismo viene del agua embalsado la \u00faltima semana, que entre las dos cuencas asciende a 21,1 hm<sup>3<\/sup>.<\/p>\n","protected":false},"excerpt":{"rendered":"<p>Preocupa y mucho a los regantes de Palencia la situaci\u00f3n de los embalses de la provincia. El sistema Carri\u00f3n, con una capacidad de 165 hm3, solamente tiene 51,4 hm3 cuando la media de los \u00faltimos a\u00f1os est\u00e1 en 82,5 hm3, y el \u00faltimo a\u00f1o alojaba en estas fechas m\u00e1s de 123,1 hm3. Un poco mejor [&hellip;]<\/p>\n","protected":false},"author":9,"featured_media":8262,"comment_status":"open","ping_status":"open","sticky":false,"template":"","format":"standard","meta":{"footnotes":""},"categories":[9,29,28],"tags":[],"yoast_head":"<!-- This site is optimized with the Yoast SEO plugin v24.5 - https:\/\/yoast.com\/wordpress\/plugins\/seo\/ -->\n<title>Los embalses de Palencia finalizan el a\u00f1o con un tercio de su capacidad de agua - ASAJA Palencia<\/title>\n<meta name=\"description\" content=\"Preocupa y mucho a los regantes de Palencia la situaci\u00f3n de los embalses de la provincia. El sistema Carri\u00f3n, con una capacidad de 165 hm3, solamente\" \/>\n<meta name=\"robots\" content=\"index, follow, max-snippet:-1, max-image-preview:large, max-video-preview:-1\" \/>\n<link rel=\"canonical\" href=\"https:\/\/www.asajacyl.com\/palencia\/asaja-palencia-informa\/los-embalses-de-palencia-finalizan-el-ano-con-un-tercio-de-su-capacidad-de-agua\" \/>\n<meta property=\"og:locale\" content=\"es_ES\" \/>\n<meta property=\"og:type\" content=\"article\" \/>\n<meta property=\"og:title\" content=\"Los embalses de Palencia finalizan el a\u00f1o con un tercio de su capacidad de agua - ASAJA Palencia\" \/>\n<meta property=\"og:description\" content=\"Preocupa y mucho a los regantes de Palencia la situaci\u00f3n de los embalses de la provincia. El sistema Carri\u00f3n, con una capacidad de 165 hm3, solamente\" \/>\n<meta property=\"og:url\" content=\"https:\/\/www.asajacyl.com\/palencia\/asaja-palencia-informa\/los-embalses-de-palencia-finalizan-el-ano-con-un-tercio-de-su-capacidad-de-agua\" \/>\n<meta property=\"og:site_name\" content=\"ASAJA Palencia\" \/>\n<meta property=\"article:published_time\" content=\"2021-12-29T09:56:46+00:00\" \/>\n<meta property=\"og:image\" content=\"https:\/\/www.asajacyl.com\/palencia\/wp-content\/uploads\/sites\/3\/2021\/05\/EMBALSE-AGUILAR-1.jpg\" \/>\n\t<meta property=\"og:image:width\" content=\"2016\" \/>\n\t<meta property=\"og:image:height\" content=\"1512\" \/>\n\t<meta property=\"og:image:type\" content=\"image\/jpeg\" \/>\n<meta name=\"author\" content=\"Administrador\" \/>\n<meta name=\"twitter:card\" content=\"summary_large_image\" \/>\n<meta name=\"twitter:label1\" content=\"Escrito por\" \/>\n\t<meta name=\"twitter:data1\" content=\"Administrador\" \/>\n\t<meta name=\"twitter:label2\" content=\"Tiempo de lectura\" \/>\n\t<meta name=\"twitter:data2\" content=\"1 minuto\" \/>\n<script type=\"application\/ld+json\" class=\"yoast-schema-graph\">{\"@context\":\"https:\/\/schema.org\",\"@graph\":[{\"@type\":\"WebPage\",\"@id\":\"https:\/\/www.asajacyl.com\/palencia\/asaja-palencia-informa\/los-embalses-de-palencia-finalizan-el-ano-con-un-tercio-de-su-capacidad-de-agua\",\"url\":\"https:\/\/www.asajacyl.com\/palencia\/asaja-palencia-informa\/los-embalses-de-palencia-finalizan-el-ano-con-un-tercio-de-su-capacidad-de-agua\",\"name\":\"Los embalses de Palencia finalizan el a\u00f1o con un tercio de su capacidad de agua - ASAJA Palencia\",\"isPartOf\":{\"@id\":\"https:\/\/www.asajacyl.com\/palencia\/#website\"},\"primaryImageOfPage\":{\"@id\":\"https:\/\/www.asajacyl.com\/palencia\/asaja-palencia-informa\/los-embalses-de-palencia-finalizan-el-ano-con-un-tercio-de-su-capacidad-de-agua#primaryimage\"},\"image\":{\"@id\":\"https:\/\/www.asajacyl.com\/palencia\/asaja-palencia-informa\/los-embalses-de-palencia-finalizan-el-ano-con-un-tercio-de-su-capacidad-de-agua#primaryimage\"},\"thumbnailUrl\":\"https:\/\/www.asajacyl.com\/palencia\/wp-content\/uploads\/sites\/3\/2021\/05\/EMBALSE-AGUILAR-1.jpg\",\"datePublished\":\"2021-12-29T09:56:46+00:00\",\"author\":{\"@id\":\"https:\/\/www.asajacyl.com\/palencia\/#\/schema\/person\/3ab17aeb03527485c317557fae64aab1\"},\"description\":\"Preocupa y mucho a los regantes de Palencia la situaci\u00f3n de los embalses de la provincia. El sistema Carri\u00f3n, con una capacidad de 165 hm3, solamente\",\"breadcrumb\":{\"@id\":\"https:\/\/www.asajacyl.com\/palencia\/asaja-palencia-informa\/los-embalses-de-palencia-finalizan-el-ano-con-un-tercio-de-su-capacidad-de-agua#breadcrumb\"},\"inLanguage\":\"es\",\"potentialAction\":[{\"@type\":\"ReadAction\",\"target\":[\"https:\/\/www.asajacyl.com\/palencia\/asaja-palencia-informa\/los-embalses-de-palencia-finalizan-el-ano-con-un-tercio-de-su-capacidad-de-agua\"]}]},{\"@type\":\"ImageObject\",\"inLanguage\":\"es\",\"@id\":\"https:\/\/www.asajacyl.com\/palencia\/asaja-palencia-informa\/los-embalses-de-palencia-finalizan-el-ano-con-un-tercio-de-su-capacidad-de-agua#primaryimage\",\"url\":\"https:\/\/www.asajacyl.com\/palencia\/wp-content\/uploads\/sites\/3\/2021\/05\/EMBALSE-AGUILAR-1.jpg\",\"contentUrl\":\"https:\/\/www.asajacyl.com\/palencia\/wp-content\/uploads\/sites\/3\/2021\/05\/EMBALSE-AGUILAR-1.jpg\",\"width\":2016,\"height\":1512},{\"@type\":\"BreadcrumbList\",\"@id\":\"https:\/\/www.asajacyl.com\/palencia\/asaja-palencia-informa\/los-embalses-de-palencia-finalizan-el-ano-con-un-tercio-de-su-capacidad-de-agua#breadcrumb\",\"itemListElement\":[{\"@type\":\"ListItem\",\"position\":1,\"name\":\"Portada\",\"item\":\"https:\/\/www.asajacyl.com\/palencia\/\"},{\"@type\":\"ListItem\",\"position\":2,\"name\":\"Los embalses de Palencia finalizan el a\u00f1o con un tercio de su capacidad de agua\"}]},{\"@type\":\"WebSite\",\"@id\":\"https:\/\/www.asajacyl.com\/palencia\/#website\",\"url\":\"https:\/\/www.asajacyl.com\/palencia\/\",\"name\":\"ASAJA Palencia\",\"description\":\"Otro sitio m\u00e1s de Provincias ASAJA Castilla y Le\u00f3n\",\"potentialAction\":[{\"@type\":\"SearchAction\",\"target\":{\"@type\":\"EntryPoint\",\"urlTemplate\":\"https:\/\/www.asajacyl.com\/palencia\/?s={search_term_string}\"},\"query-input\":{\"@type\":\"PropertyValueSpecification\",\"valueRequired\":true,\"valueName\":\"search_term_string\"}}],\"inLanguage\":\"es\"},{\"@type\":\"Person\",\"@id\":\"https:\/\/www.asajacyl.com\/palencia\/#\/schema\/person\/3ab17aeb03527485c317557fae64aab1\",\"name\":\"Administrador\",\"image\":{\"@type\":\"ImageObject\",\"inLanguage\":\"es\",\"@id\":\"https:\/\/www.asajacyl.com\/palencia\/#\/schema\/person\/image\/\",\"url\":\"https:\/\/secure.gravatar.com\/avatar\/517384810d242ca9e38c180f3c9fb973?s=96&d=mm&r=g\",\"contentUrl\":\"https:\/\/secure.gravatar.com\/avatar\/517384810d242ca9e38c180f3c9fb973?s=96&d=mm&r=g\",\"caption\":\"Administrador\"},\"url\":\"https:\/\/www.asajacyl.com\/palencia\/author\/carlosrm\"}]}<\/script>\n<!-- \/ Yoast SEO plugin. -->","yoast_head_json":{"title":"Los embalses de Palencia finalizan el a\u00f1o con un tercio de su capacidad de agua - ASAJA Palencia","description":"Preocupa y mucho a los regantes de Palencia la situaci\u00f3n de los embalses de la provincia. El sistema Carri\u00f3n, con una capacidad de 165 hm3, solamente","robots":{"index":"index","follow":"follow","max-snippet":"max-snippet:-1","max-image-preview":"max-image-preview:large","max-video-preview":"max-video-preview:-1"},"canonical":"https:\/\/www.asajacyl.com\/palencia\/asaja-palencia-informa\/los-embalses-de-palencia-finalizan-el-ano-con-un-tercio-de-su-capacidad-de-agua","og_locale":"es_ES","og_type":"article","og_title":"Los embalses de Palencia finalizan el a\u00f1o con un tercio de su capacidad de agua - ASAJA Palencia","og_description":"Preocupa y mucho a los regantes de Palencia la situaci\u00f3n de los embalses de la provincia. El sistema Carri\u00f3n, con una capacidad de 165 hm3, solamente","og_url":"https:\/\/www.asajacyl.com\/palencia\/asaja-palencia-informa\/los-embalses-de-palencia-finalizan-el-ano-con-un-tercio-de-su-capacidad-de-agua","og_site_name":"ASAJA Palencia","article_published_time":"2021-12-29T09:56:46+00:00","og_image":[{"width":2016,"height":1512,"url":"https:\/\/www.asajacyl.com\/palencia\/wp-content\/uploads\/sites\/3\/2021\/05\/EMBALSE-AGUILAR-1.jpg","type":"image\/jpeg"}],"author":"Administrador","twitter_card":"summary_large_image","twitter_misc":{"Escrito por":"Administrador","Tiempo de lectura":"1 minuto"},"schema":{"@context":"https:\/\/schema.org","@graph":[{"@type":"WebPage","@id":"https:\/\/www.asajacyl.com\/palencia\/asaja-palencia-informa\/los-embalses-de-palencia-finalizan-el-ano-con-un-tercio-de-su-capacidad-de-agua","url":"https:\/\/www.asajacyl.com\/palencia\/asaja-palencia-informa\/los-embalses-de-palencia-finalizan-el-ano-con-un-tercio-de-su-capacidad-de-agua","name":"Los embalses de Palencia finalizan el a\u00f1o con un tercio de su capacidad de agua - ASAJA Palencia","isPartOf":{"@id":"https:\/\/www.asajacyl.com\/palencia\/#website"},"primaryImageOfPage":{"@id":"https:\/\/www.asajacyl.com\/palencia\/asaja-palencia-informa\/los-embalses-de-palencia-finalizan-el-ano-con-un-tercio-de-su-capacidad-de-agua#primaryimage"},"image":{"@id":"https:\/\/www.asajacyl.com\/palencia\/asaja-palencia-informa\/los-embalses-de-palencia-finalizan-el-ano-con-un-tercio-de-su-capacidad-de-agua#primaryimage"},"thumbnailUrl":"https:\/\/www.asajacyl.com\/palencia\/wp-content\/uploads\/sites\/3\/2021\/05\/EMBALSE-AGUILAR-1.jpg","datePublished":"2021-12-29T09:56:46+00:00","author":{"@id":"https:\/\/www.asajacyl.com\/palencia\/#\/schema\/person\/3ab17aeb03527485c317557fae64aab1"},"description":"Preocupa y mucho a los regantes de Palencia la situaci\u00f3n de los embalses de la provincia. El sistema Carri\u00f3n, con una capacidad de 165 hm3, solamente","breadcrumb":{"@id":"https:\/\/www.asajacyl.com\/palencia\/asaja-palencia-informa\/los-embalses-de-palencia-finalizan-el-ano-con-un-tercio-de-su-capacidad-de-agua#breadcrumb"},"inLanguage":"es","potentialAction":[{"@type":"ReadAction","target":["https:\/\/www.asajacyl.com\/palencia\/asaja-palencia-informa\/los-embalses-de-palencia-finalizan-el-ano-con-un-tercio-de-su-capacidad-de-agua"]}]},{"@type":"ImageObject","inLanguage":"es","@id":"https:\/\/www.asajacyl.com\/palencia\/asaja-palencia-informa\/los-embalses-de-palencia-finalizan-el-ano-con-un-tercio-de-su-capacidad-de-agua#primaryimage","url":"https:\/\/www.asajacyl.com\/palencia\/wp-content\/uploads\/sites\/3\/2021\/05\/EMBALSE-AGUILAR-1.jpg","contentUrl":"https:\/\/www.asajacyl.com\/palencia\/wp-content\/uploads\/sites\/3\/2021\/05\/EMBALSE-AGUILAR-1.jpg","width":2016,"height":1512},{"@type":"BreadcrumbList","@id":"https:\/\/www.asajacyl.com\/palencia\/asaja-palencia-informa\/los-embalses-de-palencia-finalizan-el-ano-con-un-tercio-de-su-capacidad-de-agua#breadcrumb","itemListElement":[{"@type":"ListItem","position":1,"name":"Portada","item":"https:\/\/www.asajacyl.com\/palencia\/"},{"@type":"ListItem","position":2,"name":"Los embalses de Palencia finalizan el a\u00f1o con un tercio de su capacidad de agua"}]},{"@type":"WebSite","@id":"https:\/\/www.asajacyl.com\/palencia\/#website","url":"https:\/\/www.asajacyl.com\/palencia\/","name":"ASAJA Palencia","description":"Otro sitio m\u00e1s de Provincias ASAJA Castilla y Le\u00f3n","potentialAction":[{"@type":"SearchAction","target":{"@type":"EntryPoint","urlTemplate":"https:\/\/www.asajacyl.com\/palencia\/?s={search_term_string}"},"query-input":{"@type":"PropertyValueSpecification","valueRequired":true,"valueName":"search_term_string"}}],"inLanguage":"es"},{"@type":"Person","@id":"https:\/\/www.asajacyl.com\/palencia\/#\/schema\/person\/3ab17aeb03527485c317557fae64aab1","name":"Administrador","image":{"@type":"ImageObject","inLanguage":"es","@id":"https:\/\/www.asajacyl.com\/palencia\/#\/schema\/person\/image\/","url":"https:\/\/secure.gravatar.com\/avatar\/517384810d242ca9e38c180f3c9fb973?s=96&d=mm&r=g","contentUrl":"https:\/\/secure.gravatar.com\/avatar\/517384810d242ca9e38c180f3c9fb973?s=96&d=mm&r=g","caption":"Administrador"},"url":"https:\/\/www.asajacyl.com\/palencia\/author\/carlosrm"}]}},"_links":{"self":[{"href":"https:\/\/www.asajacyl.com\/palencia\/wp-json\/wp\/v2\/posts\/9572"}],"collection":[{"href":"https:\/\/www.asajacyl.com\/palencia\/wp-json\/wp\/v2\/posts"}],"about":[{"href":"https:\/\/www.asajacyl.com\/palencia\/wp-json\/wp\/v2\/types\/post"}],"author":[{"embeddable":true,"href":"https:\/\/www.asajacyl.com\/palencia\/wp-json\/wp\/v2\/users\/9"}],"replies":[{"embeddable":true,"href":"https:\/\/www.asajacyl.com\/palencia\/wp-json\/wp\/v2\/comments?post=9572"}],"version-history":[{"count":2,"href":"https:\/\/www.asajacyl.com\/palencia\/wp-json\/wp\/v2\/posts\/9572\/revisions"}],"predecessor-version":[{"id":9582,"href":"https:\/\/www.asajacyl.com\/palencia\/wp-json\/wp\/v2\/posts\/9572\/revisions\/9582"}],"wp:featuredmedia":[{"embeddable":true,"href":"https:\/\/www.asajacyl.com\/palencia\/wp-json\/wp\/v2\/media\/8262"}],"wp:attachment":[{"href":"https:\/\/www.asajacyl.com\/palencia\/wp-json\/wp\/v2\/media?parent=9572"}],"wp:term":[{"taxonomy":"category","embeddable":true,"href":"https:\/\/www.asajacyl.com\/palencia\/wp-json\/wp\/v2\/categories?post=9572"},{"taxonomy":"post_tag","embeddable":true,"href":"https:\/\/www.asajacyl.com\/palencia\/wp-json\/wp\/v2\/tags?post=9572"}],"curies":[{"name":"wp","href":"https:\/\/api.w.org\/{rel}","templated":true}]}}