{"id":9574,"date":"2021-12-28T11:32:02","date_gmt":"2021-12-28T10:32:02","guid":{"rendered":"https:\/\/www.asajacyl.com\/palencia\/?p=9574"},"modified":"2021-12-28T11:32:03","modified_gmt":"2021-12-28T10:32:03","slug":"asaja-denuncia-la-vulnerabilidad-del-ganadero-frente-a-los-ataques-del-lobo-que-hoy-por-hoy-no-indemniza-ninguna-administracion","status":"publish","type":"post","link":"https:\/\/www.asajacyl.com\/palencia\/asaja-palencia-informa\/asaja-denuncia-la-vulnerabilidad-del-ganadero-frente-a-los-ataques-del-lobo-que-hoy-por-hoy-no-indemniza-ninguna-administracion","title":{"rendered":"ASAJA denuncia la vulnerabilidad del ganadero frente a los ataques del lobo que hoy por hoy no indemniza ninguna Administraci\u00f3n"},"content":{"rendered":"\n<p><em><strong>El ministerio bloquea la financiaci\u00f3n de ayudas mientras las comunidades no se sometan a su plan para impedir cualquier control de la especie<\/strong><\/em><\/p>\n\n\n\n<p>ASAJA Castilla y Le\u00f3n ha denunciado la total vulnerabilidad del ganadero frente a los ataques del lobo, que hoy por hoy est\u00e1n excluidos de cualquier posible indemnizaci\u00f3n al norte del r\u00edo Duero por parte de las administraciones. El motivo es el \u201climbo legal\u201d en el que se encuentra la orden de inclusi\u00f3n en el LESPRE del lobo defendida por el Ministerio de Transici\u00f3n Ecol\u00f3gica, que ha sido recurrida por varias comunidades aut\u00f3nomas, entre ellas Castilla y Le\u00f3n, y por la propia ASAJA, una situaci\u00f3n en la que se escudan las administraciones para no dar ninguna indemnizaci\u00f3n a los ganaderos que sufran bajas en sus caba\u00f1as por culpa del c\u00e1nido.<\/p>\n\n\n\n<p>Excepto en el caso del ganado al sur del Duero, donde rigen otras condiciones porque ya era especie no cineg\u00e9tica, cualquier ataque que se produzca al norte del Duero en estos momentos lleva al ganadero a un callej\u00f3n sin salida, puesto que no existe un cauce para canalizar su reclamaci\u00f3n de indemnizaci\u00f3n. Hasta ahora, cuando hab\u00eda bajas, al ser el lobo considerado especie cineg\u00e9tica eran los cotos de caza o la comunidad aut\u00f3noma en el caso de producirse dentro de reservas, los que afrontaban el pago. \u201cAhora el coto no tiene responsabilidad y ser\u00eda la Junta la que tendr\u00eda que pagar, pero como los fondos est\u00e1n bloqueados y pendientes del avance de la nueva normativa de Transici\u00f3n Ecol\u00f3gica, nadie da la cara\u201d, critica ASAJA.<\/p>\n\n\n\n<p>La OPA califica de \u201cchantaje que el ministerio se lave las manos y supedite cualquier apoyo a que las comunidades aut\u00f3nomas traguen con su estrategia para el lobo, una estrategia que no lo olvidemos ha recibido el rechazo un\u00e1nime del sector agroganadero en su conjunto y de las comunidades aut\u00f3nomas donde el lobo se asienta, y en las que no est\u00e1 en peligro de extinci\u00f3n, al contrario, si alguien est\u00e1 en peligro de desaparecer es el ganadero\u201d.<\/p>\n\n\n\n<p>ASAJA no entiende c\u00f3mo la ministra ha blindado al lobo al norte del Duero, dejando desamparado al ganadero sin que se cubran sus da\u00f1os, y pasando la \u201cpatata caliente\u201d a las comunidades aut\u00f3nomas. \u201cYo invito y t\u00fa pagas; yo blindo al lobo y que lo aguante el ganadero o lo pague el consejero de turno\u2026 eso parece ser lo que quiere la ministra\u201d, critica la OPA.<\/p>\n\n\n\n<p>ASAJA pide que de forma conjunta Ministerio y comunidades arbitren una soluci\u00f3n excepcional y de forma urgente para que los ganaderos que sufran ataques de lobo puedan recibir indemnizaciones, frenando la tremenda injusticia de tener que soportar los da\u00f1os en su caba\u00f1a y encima no poder recibir ning\u00fan apoyo de la administraci\u00f3n. ASAJA recuerda que en todo caso las indemnizaciones que se perciben por los ataques del lobo \u201cson tan escu\u00e1lidas que pr\u00e1cticamente todos los ganaderos que reclaman judicialmente, con el apoyo de nuestra organizaci\u00f3n, una nueva peritaci\u00f3n de los da\u00f1os, est\u00e1n recibiendo una cuant\u00eda muy superior, porque la indemnizaci\u00f3n oficial no cubre ni de lejos las p\u00e9rdidas\u201d.<\/p>\n","protected":false},"excerpt":{"rendered":"<p>El ministerio bloquea la financiaci\u00f3n de ayudas mientras las comunidades no se sometan a su plan para impedir cualquier control de la especie ASAJA Castilla y Le\u00f3n ha denunciado la total vulnerabilidad del ganadero frente a los ataques del lobo, que hoy por hoy est\u00e1n excluidos de cualquier posible indemnizaci\u00f3n al norte del r\u00edo Duero [&hellip;]<\/p>\n","protected":false},"author":9,"featured_media":7776,"comment_status":"open","ping_status":"open","sticky":false,"template":"","format":"standard","meta":{"footnotes":""},"categories":[9,29,28],"tags":[],"yoast_head":"<!-- This site is optimized with the Yoast SEO plugin v24.5 - https:\/\/yoast.com\/wordpress\/plugins\/seo\/ -->\n<title>ASAJA denuncia la vulnerabilidad del ganadero frente a los ataques del lobo que hoy por hoy no indemniza ninguna Administraci\u00f3n - ASAJA Palencia<\/title>\n<meta name=\"description\" content=\"El ministerio bloquea la financiaci\u00f3n de ayudas mientras las comunidades no se sometan a su plan para impedir cualquier control de la especie ASAJA\" \/>\n<meta name=\"robots\" content=\"index, follow, max-snippet:-1, max-image-preview:large, max-video-preview:-1\" \/>\n<link rel=\"canonical\" href=\"https:\/\/www.asajacyl.com\/palencia\/asaja-palencia-informa\/asaja-denuncia-la-vulnerabilidad-del-ganadero-frente-a-los-ataques-del-lobo-que-hoy-por-hoy-no-indemniza-ninguna-administracion\" \/>\n<meta property=\"og:locale\" content=\"es_ES\" \/>\n<meta property=\"og:type\" content=\"article\" \/>\n<meta property=\"og:title\" content=\"ASAJA denuncia la vulnerabilidad del ganadero frente a los ataques del lobo que hoy por hoy no indemniza ninguna Administraci\u00f3n - ASAJA Palencia\" \/>\n<meta property=\"og:description\" content=\"El ministerio bloquea la financiaci\u00f3n de ayudas mientras las comunidades no se sometan a su plan para impedir cualquier control de la especie ASAJA\" \/>\n<meta property=\"og:url\" content=\"https:\/\/www.asajacyl.com\/palencia\/asaja-palencia-informa\/asaja-denuncia-la-vulnerabilidad-del-ganadero-frente-a-los-ataques-del-lobo-que-hoy-por-hoy-no-indemniza-ninguna-administracion\" \/>\n<meta property=\"og:site_name\" content=\"ASAJA Palencia\" \/>\n<meta property=\"article:published_time\" content=\"2021-12-28T10:32:02+00:00\" \/>\n<meta property=\"article:modified_time\" content=\"2021-12-28T10:32:03+00:00\" \/>\n<meta property=\"og:image\" content=\"https:\/\/www.asajacyl.com\/palencia\/wp-content\/uploads\/sites\/3\/2020\/11\/foto-lobo-valberzoso.jpg\" \/>\n\t<meta property=\"og:image:width\" content=\"1599\" \/>\n\t<meta property=\"og:image:height\" content=\"1186\" \/>\n\t<meta property=\"og:image:type\" content=\"image\/jpeg\" \/>\n<meta name=\"author\" content=\"Administrador\" \/>\n<meta name=\"twitter:card\" content=\"summary_large_image\" \/>\n<meta name=\"twitter:label1\" content=\"Escrito por\" \/>\n\t<meta name=\"twitter:data1\" content=\"Administrador\" \/>\n\t<meta name=\"twitter:label2\" content=\"Tiempo de lectura\" \/>\n\t<meta name=\"twitter:data2\" content=\"3 minutos\" \/>\n<script type=\"application\/ld+json\" class=\"yoast-schema-graph\">{\"@context\":\"https:\/\/schema.org\",\"@graph\":[{\"@type\":\"WebPage\",\"@id\":\"https:\/\/www.asajacyl.com\/palencia\/asaja-palencia-informa\/asaja-denuncia-la-vulnerabilidad-del-ganadero-frente-a-los-ataques-del-lobo-que-hoy-por-hoy-no-indemniza-ninguna-administracion\",\"url\":\"https:\/\/www.asajacyl.com\/palencia\/asaja-palencia-informa\/asaja-denuncia-la-vulnerabilidad-del-ganadero-frente-a-los-ataques-del-lobo-que-hoy-por-hoy-no-indemniza-ninguna-administracion\",\"name\":\"ASAJA denuncia la vulnerabilidad del ganadero frente a los ataques del lobo que hoy por hoy no indemniza ninguna Administraci\u00f3n - ASAJA Palencia\",\"isPartOf\":{\"@id\":\"https:\/\/www.asajacyl.com\/palencia\/#website\"},\"primaryImageOfPage\":{\"@id\":\"https:\/\/www.asajacyl.com\/palencia\/asaja-palencia-informa\/asaja-denuncia-la-vulnerabilidad-del-ganadero-frente-a-los-ataques-del-lobo-que-hoy-por-hoy-no-indemniza-ninguna-administracion#primaryimage\"},\"image\":{\"@id\":\"https:\/\/www.asajacyl.com\/palencia\/asaja-palencia-informa\/asaja-denuncia-la-vulnerabilidad-del-ganadero-frente-a-los-ataques-del-lobo-que-hoy-por-hoy-no-indemniza-ninguna-administracion#primaryimage\"},\"thumbnailUrl\":\"https:\/\/www.asajacyl.com\/palencia\/wp-content\/uploads\/sites\/3\/2020\/11\/foto-lobo-valberzoso.jpg\",\"datePublished\":\"2021-12-28T10:32:02+00:00\",\"dateModified\":\"2021-12-28T10:32:03+00:00\",\"author\":{\"@id\":\"https:\/\/www.asajacyl.com\/palencia\/#\/schema\/person\/3ab17aeb03527485c317557fae64aab1\"},\"description\":\"El ministerio bloquea la financiaci\u00f3n de ayudas mientras las comunidades no se sometan a su plan para impedir cualquier control de la especie ASAJA\",\"breadcrumb\":{\"@id\":\"https:\/\/www.asajacyl.com\/palencia\/asaja-palencia-informa\/asaja-denuncia-la-vulnerabilidad-del-ganadero-frente-a-los-ataques-del-lobo-que-hoy-por-hoy-no-indemniza-ninguna-administracion#breadcrumb\"},\"inLanguage\":\"es\",\"potentialAction\":[{\"@type\":\"ReadAction\",\"target\":[\"https:\/\/www.asajacyl.com\/palencia\/asaja-palencia-informa\/asaja-denuncia-la-vulnerabilidad-del-ganadero-frente-a-los-ataques-del-lobo-que-hoy-por-hoy-no-indemniza-ninguna-administracion\"]}]},{\"@type\":\"ImageObject\",\"inLanguage\":\"es\",\"@id\":\"https:\/\/www.asajacyl.com\/palencia\/asaja-palencia-informa\/asaja-denuncia-la-vulnerabilidad-del-ganadero-frente-a-los-ataques-del-lobo-que-hoy-por-hoy-no-indemniza-ninguna-administracion#primaryimage\",\"url\":\"https:\/\/www.asajacyl.com\/palencia\/wp-content\/uploads\/sites\/3\/2020\/11\/foto-lobo-valberzoso.jpg\",\"contentUrl\":\"https:\/\/www.asajacyl.com\/palencia\/wp-content\/uploads\/sites\/3\/2020\/11\/foto-lobo-valberzoso.jpg\",\"width\":1599,\"height\":1186},{\"@type\":\"BreadcrumbList\",\"@id\":\"https:\/\/www.asajacyl.com\/palencia\/asaja-palencia-informa\/asaja-denuncia-la-vulnerabilidad-del-ganadero-frente-a-los-ataques-del-lobo-que-hoy-por-hoy-no-indemniza-ninguna-administracion#breadcrumb\",\"itemListElement\":[{\"@type\":\"ListItem\",\"position\":1,\"name\":\"Portada\",\"item\":\"https:\/\/www.asajacyl.com\/palencia\/\"},{\"@type\":\"ListItem\",\"position\":2,\"name\":\"ASAJA denuncia la vulnerabilidad del ganadero frente a los ataques del lobo que hoy por hoy no indemniza ninguna Administraci\u00f3n\"}]},{\"@type\":\"WebSite\",\"@id\":\"https:\/\/www.asajacyl.com\/palencia\/#website\",\"url\":\"https:\/\/www.asajacyl.com\/palencia\/\",\"name\":\"ASAJA Palencia\",\"description\":\"Otro sitio m\u00e1s de Provincias ASAJA Castilla y Le\u00f3n\",\"potentialAction\":[{\"@type\":\"SearchAction\",\"target\":{\"@type\":\"EntryPoint\",\"urlTemplate\":\"https:\/\/www.asajacyl.com\/palencia\/?s={search_term_string}\"},\"query-input\":{\"@type\":\"PropertyValueSpecification\",\"valueRequired\":true,\"valueName\":\"search_term_string\"}}],\"inLanguage\":\"es\"},{\"@type\":\"Person\",\"@id\":\"https:\/\/www.asajacyl.com\/palencia\/#\/schema\/person\/3ab17aeb03527485c317557fae64aab1\",\"name\":\"Administrador\",\"image\":{\"@type\":\"ImageObject\",\"inLanguage\":\"es\",\"@id\":\"https:\/\/www.asajacyl.com\/palencia\/#\/schema\/person\/image\/\",\"url\":\"https:\/\/secure.gravatar.com\/avatar\/517384810d242ca9e38c180f3c9fb973?s=96&d=mm&r=g\",\"contentUrl\":\"https:\/\/secure.gravatar.com\/avatar\/517384810d242ca9e38c180f3c9fb973?s=96&d=mm&r=g\",\"caption\":\"Administrador\"},\"url\":\"https:\/\/www.asajacyl.com\/palencia\/author\/carlosrm\"}]}<\/script>\n<!-- \/ Yoast SEO plugin. -->","yoast_head_json":{"title":"ASAJA denuncia la vulnerabilidad del ganadero frente a los ataques del lobo que hoy por hoy no indemniza ninguna Administraci\u00f3n - ASAJA Palencia","description":"El ministerio bloquea la financiaci\u00f3n de ayudas mientras las comunidades no se sometan a su plan para impedir cualquier control de la especie ASAJA","robots":{"index":"index","follow":"follow","max-snippet":"max-snippet:-1","max-image-preview":"max-image-preview:large","max-video-preview":"max-video-preview:-1"},"canonical":"https:\/\/www.asajacyl.com\/palencia\/asaja-palencia-informa\/asaja-denuncia-la-vulnerabilidad-del-ganadero-frente-a-los-ataques-del-lobo-que-hoy-por-hoy-no-indemniza-ninguna-administracion","og_locale":"es_ES","og_type":"article","og_title":"ASAJA denuncia la vulnerabilidad del ganadero frente a los ataques del lobo que hoy por hoy no indemniza ninguna Administraci\u00f3n - ASAJA Palencia","og_description":"El ministerio bloquea la financiaci\u00f3n de ayudas mientras las comunidades no se sometan a su plan para impedir cualquier control de la especie ASAJA","og_url":"https:\/\/www.asajacyl.com\/palencia\/asaja-palencia-informa\/asaja-denuncia-la-vulnerabilidad-del-ganadero-frente-a-los-ataques-del-lobo-que-hoy-por-hoy-no-indemniza-ninguna-administracion","og_site_name":"ASAJA Palencia","article_published_time":"2021-12-28T10:32:02+00:00","article_modified_time":"2021-12-28T10:32:03+00:00","og_image":[{"width":1599,"height":1186,"url":"https:\/\/www.asajacyl.com\/palencia\/wp-content\/uploads\/sites\/3\/2020\/11\/foto-lobo-valberzoso.jpg","type":"image\/jpeg"}],"author":"Administrador","twitter_card":"summary_large_image","twitter_misc":{"Escrito por":"Administrador","Tiempo de lectura":"3 minutos"},"schema":{"@context":"https:\/\/schema.org","@graph":[{"@type":"WebPage","@id":"https:\/\/www.asajacyl.com\/palencia\/asaja-palencia-informa\/asaja-denuncia-la-vulnerabilidad-del-ganadero-frente-a-los-ataques-del-lobo-que-hoy-por-hoy-no-indemniza-ninguna-administracion","url":"https:\/\/www.asajacyl.com\/palencia\/asaja-palencia-informa\/asaja-denuncia-la-vulnerabilidad-del-ganadero-frente-a-los-ataques-del-lobo-que-hoy-por-hoy-no-indemniza-ninguna-administracion","name":"ASAJA denuncia la vulnerabilidad del ganadero frente a los ataques del lobo que hoy por hoy no indemniza ninguna Administraci\u00f3n - ASAJA Palencia","isPartOf":{"@id":"https:\/\/www.asajacyl.com\/palencia\/#website"},"primaryImageOfPage":{"@id":"https:\/\/www.asajacyl.com\/palencia\/asaja-palencia-informa\/asaja-denuncia-la-vulnerabilidad-del-ganadero-frente-a-los-ataques-del-lobo-que-hoy-por-hoy-no-indemniza-ninguna-administracion#primaryimage"},"image":{"@id":"https:\/\/www.asajacyl.com\/palencia\/asaja-palencia-informa\/asaja-denuncia-la-vulnerabilidad-del-ganadero-frente-a-los-ataques-del-lobo-que-hoy-por-hoy-no-indemniza-ninguna-administracion#primaryimage"},"thumbnailUrl":"https:\/\/www.asajacyl.com\/palencia\/wp-content\/uploads\/sites\/3\/2020\/11\/foto-lobo-valberzoso.jpg","datePublished":"2021-12-28T10:32:02+00:00","dateModified":"2021-12-28T10:32:03+00:00","author":{"@id":"https:\/\/www.asajacyl.com\/palencia\/#\/schema\/person\/3ab17aeb03527485c317557fae64aab1"},"description":"El ministerio bloquea la financiaci\u00f3n de ayudas mientras las comunidades no se sometan a su plan para impedir cualquier control de la especie ASAJA","breadcrumb":{"@id":"https:\/\/www.asajacyl.com\/palencia\/asaja-palencia-informa\/asaja-denuncia-la-vulnerabilidad-del-ganadero-frente-a-los-ataques-del-lobo-que-hoy-por-hoy-no-indemniza-ninguna-administracion#breadcrumb"},"inLanguage":"es","potentialAction":[{"@type":"ReadAction","target":["https:\/\/www.asajacyl.com\/palencia\/asaja-palencia-informa\/asaja-denuncia-la-vulnerabilidad-del-ganadero-frente-a-los-ataques-del-lobo-que-hoy-por-hoy-no-indemniza-ninguna-administracion"]}]},{"@type":"ImageObject","inLanguage":"es","@id":"https:\/\/www.asajacyl.com\/palencia\/asaja-palencia-informa\/asaja-denuncia-la-vulnerabilidad-del-ganadero-frente-a-los-ataques-del-lobo-que-hoy-por-hoy-no-indemniza-ninguna-administracion#primaryimage","url":"https:\/\/www.asajacyl.com\/palencia\/wp-content\/uploads\/sites\/3\/2020\/11\/foto-lobo-valberzoso.jpg","contentUrl":"https:\/\/www.asajacyl.com\/palencia\/wp-content\/uploads\/sites\/3\/2020\/11\/foto-lobo-valberzoso.jpg","width":1599,"height":1186},{"@type":"BreadcrumbList","@id":"https:\/\/www.asajacyl.com\/palencia\/asaja-palencia-informa\/asaja-denuncia-la-vulnerabilidad-del-ganadero-frente-a-los-ataques-del-lobo-que-hoy-por-hoy-no-indemniza-ninguna-administracion#breadcrumb","itemListElement":[{"@type":"ListItem","position":1,"name":"Portada","item":"https:\/\/www.asajacyl.com\/palencia\/"},{"@type":"ListItem","position":2,"name":"ASAJA denuncia la vulnerabilidad del ganadero frente a los ataques del lobo que hoy por hoy no indemniza ninguna Administraci\u00f3n"}]},{"@type":"WebSite","@id":"https:\/\/www.asajacyl.com\/palencia\/#website","url":"https:\/\/www.asajacyl.com\/palencia\/","name":"ASAJA Palencia","description":"Otro sitio m\u00e1s de Provincias ASAJA Castilla y Le\u00f3n","potentialAction":[{"@type":"SearchAction","target":{"@type":"EntryPoint","urlTemplate":"https:\/\/www.asajacyl.com\/palencia\/?s={search_term_string}"},"query-input":{"@type":"PropertyValueSpecification","valueRequired":true,"valueName":"search_term_string"}}],"inLanguage":"es"},{"@type":"Person","@id":"https:\/\/www.asajacyl.com\/palencia\/#\/schema\/person\/3ab17aeb03527485c317557fae64aab1","name":"Administrador","image":{"@type":"ImageObject","inLanguage":"es","@id":"https:\/\/www.asajacyl.com\/palencia\/#\/schema\/person\/image\/","url":"https:\/\/secure.gravatar.com\/avatar\/517384810d242ca9e38c180f3c9fb973?s=96&d=mm&r=g","contentUrl":"https:\/\/secure.gravatar.com\/avatar\/517384810d242ca9e38c180f3c9fb973?s=96&d=mm&r=g","caption":"Administrador"},"url":"https:\/\/www.asajacyl.com\/palencia\/author\/carlosrm"}]}},"_links":{"self":[{"href":"https:\/\/www.asajacyl.com\/palencia\/wp-json\/wp\/v2\/posts\/9574"}],"collection":[{"href":"https:\/\/www.asajacyl.com\/palencia\/wp-json\/wp\/v2\/posts"}],"about":[{"href":"https:\/\/www.asajacyl.com\/palencia\/wp-json\/wp\/v2\/types\/post"}],"author":[{"embeddable":true,"href":"https:\/\/www.asajacyl.com\/palencia\/wp-json\/wp\/v2\/users\/9"}],"replies":[{"embeddable":true,"href":"https:\/\/www.asajacyl.com\/palencia\/wp-json\/wp\/v2\/comments?post=9574"}],"version-history":[{"count":1,"href":"https:\/\/www.asajacyl.com\/palencia\/wp-json\/wp\/v2\/posts\/9574\/revisions"}],"predecessor-version":[{"id":9575,"href":"https:\/\/www.asajacyl.com\/palencia\/wp-json\/wp\/v2\/posts\/9574\/revisions\/9575"}],"wp:featuredmedia":[{"embeddable":true,"href":"https:\/\/www.asajacyl.com\/palencia\/wp-json\/wp\/v2\/media\/7776"}],"wp:attachment":[{"href":"https:\/\/www.asajacyl.com\/palencia\/wp-json\/wp\/v2\/media?parent=9574"}],"wp:term":[{"taxonomy":"category","embeddable":true,"href":"https:\/\/www.asajacyl.com\/palencia\/wp-json\/wp\/v2\/categories?post=9574"},{"taxonomy":"post_tag","embeddable":true,"href":"https:\/\/www.asajacyl.com\/palencia\/wp-json\/wp\/v2\/tags?post=9574"}],"curies":[{"name":"wp","href":"https:\/\/api.w.org\/{rel}","templated":true}]}}