{"id":9589,"date":"2021-12-29T10:34:43","date_gmt":"2021-12-29T09:34:43","guid":{"rendered":"https:\/\/www.asajacyl.com\/palencia\/?p=9589"},"modified":"2021-12-29T11:13:45","modified_gmt":"2021-12-29T10:13:45","slug":"la-consejeria-sigue-sin-empatizar-con-los-socios-y-trabajadores-de-asaja-palencia","status":"publish","type":"post","link":"https:\/\/www.asajacyl.com\/palencia\/asaja-palencia-informa\/la-consejeria-sigue-sin-empatizar-con-los-socios-y-trabajadores-de-asaja-palencia","title":{"rendered":"La Consejer\u00eda sigue sin empatizar con los socios y trabajadores de ASAJA-Palencia"},"content":{"rendered":"\n<p>Hoy se ha publicado la convocatoria de las ayudas para la mejora de las estructuras de producci\u00f3n y modernizaci\u00f3n de las explotaciones agrarias y las ayudas de incorporaci\u00f3n a la actividad agraria. Esta convocatoria se fundamenta en las bases reguladoras publicadas la semana pasada.<\/p>\n\n\n\n<p>Desde ASAJA-Palencia se ha pedido insistentemente la Consejer\u00eda de Agricultura, Ganader\u00eda y Medio Rural que el plazo de estas ayudas no coincidiera con el de la PAC, dado que el personal que trabaja en la asociaci\u00f3n no puede multiplicarse y la complejidad de ambas tramitaciones es tal que lo conveniente es dedicarse \u00fanicamente a una de las tareas de forma continua.<\/p>\n\n\n\n<p>Son ya varios los a\u00f1os en que se est\u00e1 haciendo coincidir estos plazos y es sorprendente la falta de empat\u00eda de la consejer\u00eda con los trabajadores de ASAJA-Palencia, ya que el plazo que se ha publicado es el 29 de abril. Es decir, no s\u00f3lo el plazo va a coincidir con el de la tramitaci\u00f3n de la PAC sino que va a coincidir exactamente con el de la PAC (30 de abril). Las bases reguladoras daban la opci\u00f3n de marcar un plazo de seis meses desde la convocatoria y, en caso de haber utilizado el m\u00e1ximo permitido por la propia Consejer\u00eda, dicho plazo pod\u00eda haberse prolongado hasta el 29 de junio, dejando varias semanas sin tramitaci\u00f3n de la PAC para que el personal de ASAJA se centrara en estas ayudas.<\/p>\n\n\n\n<p>Es cierto que este tipo de ayudas se pueden solicitar antes de la publicaci\u00f3n de la convocatoria, pero tambi\u00e9n es cierto que cada convocatoria supone cambios sobre la anterior lo que obliga a cambiar bastante las solicitudes, es decir, trabajar dos veces. Adem\u00e1s, se crean unas expectativas en los solicitantes que finalmente pueden verse no satisfechas cuando se publica la convocatoria. Todo esto hace ver que no s\u00f3lo se ven afectadas las personas que tramitan las solicitudes sino aquellos que las solicitan.<\/p>\n\n\n\n<p>Desde ASAJA-Palencia rogamos a los agricultores y ganaderos que pretendan solicitar estas ayudas que, ya que la Consejer\u00eda no piensa en ellos ni en los trabajadores de ASAJA, lleven cuanto antes la documentaci\u00f3n necesaria a las oficinas para que las solicitudes se puedan tramitar por parte del personal de ASAJA antes de que se inicie el per\u00edodo de tramitaci\u00f3n de la PAC y as\u00ed el personal no tenga que estar a la vez con la cabeza en dos asuntos tan importantes y tan distintos.<\/p>\n","protected":false},"excerpt":{"rendered":"<p>Hoy se ha publicado la convocatoria de las ayudas para la mejora de las estructuras de producci\u00f3n y modernizaci\u00f3n de las explotaciones agrarias y las ayudas de incorporaci\u00f3n a la actividad agraria. Esta convocatoria se fundamenta en las bases reguladoras publicadas la semana pasada. Desde ASAJA-Palencia se ha pedido insistentemente la Consejer\u00eda de Agricultura, Ganader\u00eda [&hellip;]<\/p>\n","protected":false},"author":9,"featured_media":9183,"comment_status":"open","ping_status":"open","sticky":false,"template":"","format":"standard","meta":{"footnotes":""},"categories":[9,29,28],"tags":[],"yoast_head":"<!-- This site is optimized with the Yoast SEO plugin v24.5 - https:\/\/yoast.com\/wordpress\/plugins\/seo\/ -->\n<title>La Consejer\u00eda sigue sin empatizar con los socios y trabajadores de ASAJA-Palencia - ASAJA Palencia<\/title>\n<meta name=\"description\" content=\"Hoy se ha publicado la convocatoria de las ayudas para la mejora de las estructuras de producci\u00f3n y modernizaci\u00f3n de las explotaciones agrarias y las\" \/>\n<meta name=\"robots\" content=\"index, follow, max-snippet:-1, max-image-preview:large, max-video-preview:-1\" \/>\n<link rel=\"canonical\" href=\"https:\/\/www.asajacyl.com\/palencia\/asaja-palencia-informa\/la-consejeria-sigue-sin-empatizar-con-los-socios-y-trabajadores-de-asaja-palencia\" \/>\n<meta property=\"og:locale\" content=\"es_ES\" \/>\n<meta property=\"og:type\" content=\"article\" \/>\n<meta property=\"og:title\" content=\"La Consejer\u00eda sigue sin empatizar con los socios y trabajadores de ASAJA-Palencia - ASAJA Palencia\" \/>\n<meta property=\"og:description\" content=\"Hoy se ha publicado la convocatoria de las ayudas para la mejora de las estructuras de producci\u00f3n y modernizaci\u00f3n de las explotaciones agrarias y las\" \/>\n<meta property=\"og:url\" content=\"https:\/\/www.asajacyl.com\/palencia\/asaja-palencia-informa\/la-consejeria-sigue-sin-empatizar-con-los-socios-y-trabajadores-de-asaja-palencia\" \/>\n<meta property=\"og:site_name\" content=\"ASAJA Palencia\" \/>\n<meta property=\"article:published_time\" content=\"2021-12-29T09:34:43+00:00\" \/>\n<meta property=\"article:modified_time\" content=\"2021-12-29T10:13:45+00:00\" \/>\n<meta property=\"og:image\" content=\"https:\/\/www.asajacyl.com\/palencia\/wp-content\/uploads\/sites\/3\/2021\/10\/ABONADO-COLZA.jpg\" \/>\n\t<meta property=\"og:image:width\" content=\"1600\" \/>\n\t<meta property=\"og:image:height\" content=\"900\" \/>\n\t<meta property=\"og:image:type\" content=\"image\/jpeg\" \/>\n<meta name=\"author\" content=\"Administrador\" \/>\n<meta name=\"twitter:card\" content=\"summary_large_image\" \/>\n<meta name=\"twitter:label1\" content=\"Escrito por\" \/>\n\t<meta name=\"twitter:data1\" content=\"Administrador\" \/>\n\t<meta name=\"twitter:label2\" content=\"Tiempo de lectura\" \/>\n\t<meta name=\"twitter:data2\" content=\"2 minutos\" \/>\n<script type=\"application\/ld+json\" class=\"yoast-schema-graph\">{\"@context\":\"https:\/\/schema.org\",\"@graph\":[{\"@type\":\"WebPage\",\"@id\":\"https:\/\/www.asajacyl.com\/palencia\/asaja-palencia-informa\/la-consejeria-sigue-sin-empatizar-con-los-socios-y-trabajadores-de-asaja-palencia\",\"url\":\"https:\/\/www.asajacyl.com\/palencia\/asaja-palencia-informa\/la-consejeria-sigue-sin-empatizar-con-los-socios-y-trabajadores-de-asaja-palencia\",\"name\":\"La Consejer\u00eda sigue sin empatizar con los socios y trabajadores de ASAJA-Palencia - ASAJA Palencia\",\"isPartOf\":{\"@id\":\"https:\/\/www.asajacyl.com\/palencia\/#website\"},\"primaryImageOfPage\":{\"@id\":\"https:\/\/www.asajacyl.com\/palencia\/asaja-palencia-informa\/la-consejeria-sigue-sin-empatizar-con-los-socios-y-trabajadores-de-asaja-palencia#primaryimage\"},\"image\":{\"@id\":\"https:\/\/www.asajacyl.com\/palencia\/asaja-palencia-informa\/la-consejeria-sigue-sin-empatizar-con-los-socios-y-trabajadores-de-asaja-palencia#primaryimage\"},\"thumbnailUrl\":\"https:\/\/www.asajacyl.com\/palencia\/wp-content\/uploads\/sites\/3\/2021\/10\/ABONADO-COLZA.jpg\",\"datePublished\":\"2021-12-29T09:34:43+00:00\",\"dateModified\":\"2021-12-29T10:13:45+00:00\",\"author\":{\"@id\":\"https:\/\/www.asajacyl.com\/palencia\/#\/schema\/person\/3ab17aeb03527485c317557fae64aab1\"},\"description\":\"Hoy se ha publicado la convocatoria de las ayudas para la mejora de las estructuras de producci\u00f3n y modernizaci\u00f3n de las explotaciones agrarias y las\",\"breadcrumb\":{\"@id\":\"https:\/\/www.asajacyl.com\/palencia\/asaja-palencia-informa\/la-consejeria-sigue-sin-empatizar-con-los-socios-y-trabajadores-de-asaja-palencia#breadcrumb\"},\"inLanguage\":\"es\",\"potentialAction\":[{\"@type\":\"ReadAction\",\"target\":[\"https:\/\/www.asajacyl.com\/palencia\/asaja-palencia-informa\/la-consejeria-sigue-sin-empatizar-con-los-socios-y-trabajadores-de-asaja-palencia\"]}]},{\"@type\":\"ImageObject\",\"inLanguage\":\"es\",\"@id\":\"https:\/\/www.asajacyl.com\/palencia\/asaja-palencia-informa\/la-consejeria-sigue-sin-empatizar-con-los-socios-y-trabajadores-de-asaja-palencia#primaryimage\",\"url\":\"https:\/\/www.asajacyl.com\/palencia\/wp-content\/uploads\/sites\/3\/2021\/10\/ABONADO-COLZA.jpg\",\"contentUrl\":\"https:\/\/www.asajacyl.com\/palencia\/wp-content\/uploads\/sites\/3\/2021\/10\/ABONADO-COLZA.jpg\",\"width\":1600,\"height\":900},{\"@type\":\"BreadcrumbList\",\"@id\":\"https:\/\/www.asajacyl.com\/palencia\/asaja-palencia-informa\/la-consejeria-sigue-sin-empatizar-con-los-socios-y-trabajadores-de-asaja-palencia#breadcrumb\",\"itemListElement\":[{\"@type\":\"ListItem\",\"position\":1,\"name\":\"Portada\",\"item\":\"https:\/\/www.asajacyl.com\/palencia\/\"},{\"@type\":\"ListItem\",\"position\":2,\"name\":\"La Consejer\u00eda sigue sin empatizar con los socios y trabajadores de ASAJA-Palencia\"}]},{\"@type\":\"WebSite\",\"@id\":\"https:\/\/www.asajacyl.com\/palencia\/#website\",\"url\":\"https:\/\/www.asajacyl.com\/palencia\/\",\"name\":\"ASAJA Palencia\",\"description\":\"Otro sitio m\u00e1s de Provincias ASAJA Castilla y Le\u00f3n\",\"potentialAction\":[{\"@type\":\"SearchAction\",\"target\":{\"@type\":\"EntryPoint\",\"urlTemplate\":\"https:\/\/www.asajacyl.com\/palencia\/?s={search_term_string}\"},\"query-input\":{\"@type\":\"PropertyValueSpecification\",\"valueRequired\":true,\"valueName\":\"search_term_string\"}}],\"inLanguage\":\"es\"},{\"@type\":\"Person\",\"@id\":\"https:\/\/www.asajacyl.com\/palencia\/#\/schema\/person\/3ab17aeb03527485c317557fae64aab1\",\"name\":\"Administrador\",\"image\":{\"@type\":\"ImageObject\",\"inLanguage\":\"es\",\"@id\":\"https:\/\/www.asajacyl.com\/palencia\/#\/schema\/person\/image\/\",\"url\":\"https:\/\/secure.gravatar.com\/avatar\/517384810d242ca9e38c180f3c9fb973?s=96&d=mm&r=g\",\"contentUrl\":\"https:\/\/secure.gravatar.com\/avatar\/517384810d242ca9e38c180f3c9fb973?s=96&d=mm&r=g\",\"caption\":\"Administrador\"},\"url\":\"https:\/\/www.asajacyl.com\/palencia\/author\/carlosrm\"}]}<\/script>\n<!-- \/ Yoast SEO plugin. -->","yoast_head_json":{"title":"La Consejer\u00eda sigue sin empatizar con los socios y trabajadores de ASAJA-Palencia - ASAJA Palencia","description":"Hoy se ha publicado la convocatoria de las ayudas para la mejora de las estructuras de producci\u00f3n y modernizaci\u00f3n de las explotaciones agrarias y las","robots":{"index":"index","follow":"follow","max-snippet":"max-snippet:-1","max-image-preview":"max-image-preview:large","max-video-preview":"max-video-preview:-1"},"canonical":"https:\/\/www.asajacyl.com\/palencia\/asaja-palencia-informa\/la-consejeria-sigue-sin-empatizar-con-los-socios-y-trabajadores-de-asaja-palencia","og_locale":"es_ES","og_type":"article","og_title":"La Consejer\u00eda sigue sin empatizar con los socios y trabajadores de ASAJA-Palencia - ASAJA Palencia","og_description":"Hoy se ha publicado la convocatoria de las ayudas para la mejora de las estructuras de producci\u00f3n y modernizaci\u00f3n de las explotaciones agrarias y las","og_url":"https:\/\/www.asajacyl.com\/palencia\/asaja-palencia-informa\/la-consejeria-sigue-sin-empatizar-con-los-socios-y-trabajadores-de-asaja-palencia","og_site_name":"ASAJA Palencia","article_published_time":"2021-12-29T09:34:43+00:00","article_modified_time":"2021-12-29T10:13:45+00:00","og_image":[{"width":1600,"height":900,"url":"https:\/\/www.asajacyl.com\/palencia\/wp-content\/uploads\/sites\/3\/2021\/10\/ABONADO-COLZA.jpg","type":"image\/jpeg"}],"author":"Administrador","twitter_card":"summary_large_image","twitter_misc":{"Escrito por":"Administrador","Tiempo de lectura":"2 minutos"},"schema":{"@context":"https:\/\/schema.org","@graph":[{"@type":"WebPage","@id":"https:\/\/www.asajacyl.com\/palencia\/asaja-palencia-informa\/la-consejeria-sigue-sin-empatizar-con-los-socios-y-trabajadores-de-asaja-palencia","url":"https:\/\/www.asajacyl.com\/palencia\/asaja-palencia-informa\/la-consejeria-sigue-sin-empatizar-con-los-socios-y-trabajadores-de-asaja-palencia","name":"La Consejer\u00eda sigue sin empatizar con los socios y trabajadores de ASAJA-Palencia - ASAJA Palencia","isPartOf":{"@id":"https:\/\/www.asajacyl.com\/palencia\/#website"},"primaryImageOfPage":{"@id":"https:\/\/www.asajacyl.com\/palencia\/asaja-palencia-informa\/la-consejeria-sigue-sin-empatizar-con-los-socios-y-trabajadores-de-asaja-palencia#primaryimage"},"image":{"@id":"https:\/\/www.asajacyl.com\/palencia\/asaja-palencia-informa\/la-consejeria-sigue-sin-empatizar-con-los-socios-y-trabajadores-de-asaja-palencia#primaryimage"},"thumbnailUrl":"https:\/\/www.asajacyl.com\/palencia\/wp-content\/uploads\/sites\/3\/2021\/10\/ABONADO-COLZA.jpg","datePublished":"2021-12-29T09:34:43+00:00","dateModified":"2021-12-29T10:13:45+00:00","author":{"@id":"https:\/\/www.asajacyl.com\/palencia\/#\/schema\/person\/3ab17aeb03527485c317557fae64aab1"},"description":"Hoy se ha publicado la convocatoria de las ayudas para la mejora de las estructuras de producci\u00f3n y modernizaci\u00f3n de las explotaciones agrarias y las","breadcrumb":{"@id":"https:\/\/www.asajacyl.com\/palencia\/asaja-palencia-informa\/la-consejeria-sigue-sin-empatizar-con-los-socios-y-trabajadores-de-asaja-palencia#breadcrumb"},"inLanguage":"es","potentialAction":[{"@type":"ReadAction","target":["https:\/\/www.asajacyl.com\/palencia\/asaja-palencia-informa\/la-consejeria-sigue-sin-empatizar-con-los-socios-y-trabajadores-de-asaja-palencia"]}]},{"@type":"ImageObject","inLanguage":"es","@id":"https:\/\/www.asajacyl.com\/palencia\/asaja-palencia-informa\/la-consejeria-sigue-sin-empatizar-con-los-socios-y-trabajadores-de-asaja-palencia#primaryimage","url":"https:\/\/www.asajacyl.com\/palencia\/wp-content\/uploads\/sites\/3\/2021\/10\/ABONADO-COLZA.jpg","contentUrl":"https:\/\/www.asajacyl.com\/palencia\/wp-content\/uploads\/sites\/3\/2021\/10\/ABONADO-COLZA.jpg","width":1600,"height":900},{"@type":"BreadcrumbList","@id":"https:\/\/www.asajacyl.com\/palencia\/asaja-palencia-informa\/la-consejeria-sigue-sin-empatizar-con-los-socios-y-trabajadores-de-asaja-palencia#breadcrumb","itemListElement":[{"@type":"ListItem","position":1,"name":"Portada","item":"https:\/\/www.asajacyl.com\/palencia\/"},{"@type":"ListItem","position":2,"name":"La Consejer\u00eda sigue sin empatizar con los socios y trabajadores de ASAJA-Palencia"}]},{"@type":"WebSite","@id":"https:\/\/www.asajacyl.com\/palencia\/#website","url":"https:\/\/www.asajacyl.com\/palencia\/","name":"ASAJA Palencia","description":"Otro sitio m\u00e1s de Provincias ASAJA Castilla y Le\u00f3n","potentialAction":[{"@type":"SearchAction","target":{"@type":"EntryPoint","urlTemplate":"https:\/\/www.asajacyl.com\/palencia\/?s={search_term_string}"},"query-input":{"@type":"PropertyValueSpecification","valueRequired":true,"valueName":"search_term_string"}}],"inLanguage":"es"},{"@type":"Person","@id":"https:\/\/www.asajacyl.com\/palencia\/#\/schema\/person\/3ab17aeb03527485c317557fae64aab1","name":"Administrador","image":{"@type":"ImageObject","inLanguage":"es","@id":"https:\/\/www.asajacyl.com\/palencia\/#\/schema\/person\/image\/","url":"https:\/\/secure.gravatar.com\/avatar\/517384810d242ca9e38c180f3c9fb973?s=96&d=mm&r=g","contentUrl":"https:\/\/secure.gravatar.com\/avatar\/517384810d242ca9e38c180f3c9fb973?s=96&d=mm&r=g","caption":"Administrador"},"url":"https:\/\/www.asajacyl.com\/palencia\/author\/carlosrm"}]}},"_links":{"self":[{"href":"https:\/\/www.asajacyl.com\/palencia\/wp-json\/wp\/v2\/posts\/9589"}],"collection":[{"href":"https:\/\/www.asajacyl.com\/palencia\/wp-json\/wp\/v2\/posts"}],"about":[{"href":"https:\/\/www.asajacyl.com\/palencia\/wp-json\/wp\/v2\/types\/post"}],"author":[{"embeddable":true,"href":"https:\/\/www.asajacyl.com\/palencia\/wp-json\/wp\/v2\/users\/9"}],"replies":[{"embeddable":true,"href":"https:\/\/www.asajacyl.com\/palencia\/wp-json\/wp\/v2\/comments?post=9589"}],"version-history":[{"count":1,"href":"https:\/\/www.asajacyl.com\/palencia\/wp-json\/wp\/v2\/posts\/9589\/revisions"}],"predecessor-version":[{"id":9590,"href":"https:\/\/www.asajacyl.com\/palencia\/wp-json\/wp\/v2\/posts\/9589\/revisions\/9590"}],"wp:featuredmedia":[{"embeddable":true,"href":"https:\/\/www.asajacyl.com\/palencia\/wp-json\/wp\/v2\/media\/9183"}],"wp:attachment":[{"href":"https:\/\/www.asajacyl.com\/palencia\/wp-json\/wp\/v2\/media?parent=9589"}],"wp:term":[{"taxonomy":"category","embeddable":true,"href":"https:\/\/www.asajacyl.com\/palencia\/wp-json\/wp\/v2\/categories?post=9589"},{"taxonomy":"post_tag","embeddable":true,"href":"https:\/\/www.asajacyl.com\/palencia\/wp-json\/wp\/v2\/tags?post=9589"}],"curies":[{"name":"wp","href":"https:\/\/api.w.org\/{rel}","templated":true}]}}