{"id":9592,"date":"2021-12-29T12:47:56","date_gmt":"2021-12-29T11:47:56","guid":{"rendered":"https:\/\/www.asajacyl.com\/palencia\/?p=9592"},"modified":"2022-01-05T13:46:02","modified_gmt":"2022-01-05T12:46:02","slug":"fallados-los-premios-del-concurso-de-cuentos-de-navidad-de-asaja-palencia","status":"publish","type":"post","link":"https:\/\/www.asajacyl.com\/palencia\/asaja-palencia-informa\/fallados-los-premios-del-concurso-de-cuentos-de-navidad-de-asaja-palencia","title":{"rendered":"Fallados los premios del concurso de cuentos de Navidad de ASAJA-Palencia"},"content":{"rendered":"\n<p>Hoy se han dado a conocer los ganadores del tradicional concurso de cuentos de Navidad en el medio rural que cada a\u00f1o convoca ASAJA Palencia.<\/p>\n\n\n\n<p>Entre los muchos cuentos recibidos, todos merecen un premio ya sea por edad, originalidad, imaginaci\u00f3n y esfuerzo, pero sobre todo por el cari\u00f1o con que han escrito sus cuentos y la bondad que transmiten en ellos.<\/p>\n\n\n\n<p>Tras la selecci\u00f3n del jurado, el resultado ha sido el siguiente:<\/p>\n\n\n\n<ul><li>\u00c1ngela Curieses, con 9 a\u00f1os, de Villada, por su cuento \u201cLa magia de la Navidad\u201d, en el que \u00c1ngela refleja la mala situaci\u00f3n del sector ganadero.<\/li><\/ul>\n\n\n\n<ul><li>Sara Dur\u00e1ntez, con 7 a\u00f1os, de Villap\u00fan, por su cuento \u00abEl \u00e1rbol m\u00e1s m\u00e1gico del mundo\u00bb. En esta obra esta ni\u00f1a relata c\u00f3mo la uni\u00f3n de los vecinos hace la fuerza y estos vecinos consiguen alcanzar la felicidad.<\/li><\/ul>\n\n\n\n<ul><li>Manuela Vilari\u00f1o, con 12 a\u00f1os, de Osorno, por su cuento \u00abEl origen de la Navidad\u00bb, donde la concursante cuenta el encuentro de Pap\u00e1 Noel con un ni\u00f1o que terminar\u00eda convirti\u00e9ndose en su ayudante.<\/li><\/ul>\n\n\n\n<p>La situaci\u00f3n sanitaria que estamos viviendo en las \u00faltimas fechas impide que se pueda realizar la entrega de premios que los ni\u00f1os se merecen por lo que los premios se les entregar\u00e1n en las oficinas de ASAJA cuando pasen a recogerlos. Adem\u00e1s, todos los participantes tendr\u00e1n un peque\u00f1o obsequio en agradecimiento a su participaci\u00f3n que tambi\u00e9n podr\u00e1n recoger en las oficinas de ASAJA.<\/p>\n","protected":false},"excerpt":{"rendered":"<p>Hoy se han dado a conocer los ganadores del tradicional concurso de cuentos de Navidad en el medio rural que cada a\u00f1o convoca ASAJA Palencia. Entre los muchos cuentos recibidos, todos merecen un premio ya sea por edad, originalidad, imaginaci\u00f3n y esfuerzo, pero sobre todo por el cari\u00f1o con que han escrito sus cuentos y [&hellip;]<\/p>\n","protected":false},"author":9,"featured_media":7823,"comment_status":"open","ping_status":"open","sticky":false,"template":"","format":"standard","meta":{"footnotes":""},"categories":[9,29,28],"tags":[],"yoast_head":"<!-- This site is optimized with the Yoast SEO plugin v24.5 - https:\/\/yoast.com\/wordpress\/plugins\/seo\/ -->\n<title>Fallados los premios del concurso de cuentos de Navidad de ASAJA-Palencia - ASAJA Palencia<\/title>\n<meta name=\"description\" content=\"Hoy se han dado a conocer los ganadores del tradicional concurso de cuentos de Navidad en el medio rural que cada a\u00f1o convoca ASAJA Palencia. Entre los\" \/>\n<meta name=\"robots\" content=\"index, follow, max-snippet:-1, max-image-preview:large, max-video-preview:-1\" \/>\n<link rel=\"canonical\" href=\"https:\/\/www.asajacyl.com\/palencia\/asaja-palencia-informa\/fallados-los-premios-del-concurso-de-cuentos-de-navidad-de-asaja-palencia\" \/>\n<meta property=\"og:locale\" content=\"es_ES\" \/>\n<meta property=\"og:type\" content=\"article\" \/>\n<meta property=\"og:title\" content=\"Fallados los premios del concurso de cuentos de Navidad de ASAJA-Palencia - ASAJA Palencia\" \/>\n<meta property=\"og:description\" content=\"Hoy se han dado a conocer los ganadores del tradicional concurso de cuentos de Navidad en el medio rural que cada a\u00f1o convoca ASAJA Palencia. Entre los\" \/>\n<meta property=\"og:url\" content=\"https:\/\/www.asajacyl.com\/palencia\/asaja-palencia-informa\/fallados-los-premios-del-concurso-de-cuentos-de-navidad-de-asaja-palencia\" \/>\n<meta property=\"og:site_name\" content=\"ASAJA Palencia\" \/>\n<meta property=\"article:published_time\" content=\"2021-12-29T11:47:56+00:00\" \/>\n<meta property=\"article:modified_time\" content=\"2022-01-05T12:46:02+00:00\" \/>\n<meta property=\"og:image\" content=\"https:\/\/www.asajacyl.com\/palencia\/wp-content\/uploads\/sites\/3\/2020\/12\/nino-carta-navidad-c_0.jpg\" \/>\n\t<meta property=\"og:image:width\" content=\"760\" \/>\n\t<meta property=\"og:image:height\" content=\"570\" \/>\n\t<meta property=\"og:image:type\" content=\"image\/jpeg\" \/>\n<meta name=\"author\" content=\"Administrador\" \/>\n<meta name=\"twitter:card\" content=\"summary_large_image\" \/>\n<meta name=\"twitter:label1\" content=\"Escrito por\" \/>\n\t<meta name=\"twitter:data1\" content=\"Administrador\" \/>\n\t<meta name=\"twitter:label2\" content=\"Tiempo de lectura\" \/>\n\t<meta name=\"twitter:data2\" content=\"2 minutos\" \/>\n<script type=\"application\/ld+json\" class=\"yoast-schema-graph\">{\"@context\":\"https:\/\/schema.org\",\"@graph\":[{\"@type\":\"WebPage\",\"@id\":\"https:\/\/www.asajacyl.com\/palencia\/asaja-palencia-informa\/fallados-los-premios-del-concurso-de-cuentos-de-navidad-de-asaja-palencia\",\"url\":\"https:\/\/www.asajacyl.com\/palencia\/asaja-palencia-informa\/fallados-los-premios-del-concurso-de-cuentos-de-navidad-de-asaja-palencia\",\"name\":\"Fallados los premios del concurso de cuentos de Navidad de ASAJA-Palencia - ASAJA Palencia\",\"isPartOf\":{\"@id\":\"https:\/\/www.asajacyl.com\/palencia\/#website\"},\"primaryImageOfPage\":{\"@id\":\"https:\/\/www.asajacyl.com\/palencia\/asaja-palencia-informa\/fallados-los-premios-del-concurso-de-cuentos-de-navidad-de-asaja-palencia#primaryimage\"},\"image\":{\"@id\":\"https:\/\/www.asajacyl.com\/palencia\/asaja-palencia-informa\/fallados-los-premios-del-concurso-de-cuentos-de-navidad-de-asaja-palencia#primaryimage\"},\"thumbnailUrl\":\"https:\/\/www.asajacyl.com\/palencia\/wp-content\/uploads\/sites\/3\/2020\/12\/nino-carta-navidad-c_0.jpg\",\"datePublished\":\"2021-12-29T11:47:56+00:00\",\"dateModified\":\"2022-01-05T12:46:02+00:00\",\"author\":{\"@id\":\"https:\/\/www.asajacyl.com\/palencia\/#\/schema\/person\/3ab17aeb03527485c317557fae64aab1\"},\"description\":\"Hoy se han dado a conocer los ganadores del tradicional concurso de cuentos de Navidad en el medio rural que cada a\u00f1o convoca ASAJA Palencia. Entre los\",\"breadcrumb\":{\"@id\":\"https:\/\/www.asajacyl.com\/palencia\/asaja-palencia-informa\/fallados-los-premios-del-concurso-de-cuentos-de-navidad-de-asaja-palencia#breadcrumb\"},\"inLanguage\":\"es\",\"potentialAction\":[{\"@type\":\"ReadAction\",\"target\":[\"https:\/\/www.asajacyl.com\/palencia\/asaja-palencia-informa\/fallados-los-premios-del-concurso-de-cuentos-de-navidad-de-asaja-palencia\"]}]},{\"@type\":\"ImageObject\",\"inLanguage\":\"es\",\"@id\":\"https:\/\/www.asajacyl.com\/palencia\/asaja-palencia-informa\/fallados-los-premios-del-concurso-de-cuentos-de-navidad-de-asaja-palencia#primaryimage\",\"url\":\"https:\/\/www.asajacyl.com\/palencia\/wp-content\/uploads\/sites\/3\/2020\/12\/nino-carta-navidad-c_0.jpg\",\"contentUrl\":\"https:\/\/www.asajacyl.com\/palencia\/wp-content\/uploads\/sites\/3\/2020\/12\/nino-carta-navidad-c_0.jpg\",\"width\":760,\"height\":570},{\"@type\":\"BreadcrumbList\",\"@id\":\"https:\/\/www.asajacyl.com\/palencia\/asaja-palencia-informa\/fallados-los-premios-del-concurso-de-cuentos-de-navidad-de-asaja-palencia#breadcrumb\",\"itemListElement\":[{\"@type\":\"ListItem\",\"position\":1,\"name\":\"Portada\",\"item\":\"https:\/\/www.asajacyl.com\/palencia\/\"},{\"@type\":\"ListItem\",\"position\":2,\"name\":\"Fallados los premios del concurso de cuentos de Navidad de ASAJA-Palencia\"}]},{\"@type\":\"WebSite\",\"@id\":\"https:\/\/www.asajacyl.com\/palencia\/#website\",\"url\":\"https:\/\/www.asajacyl.com\/palencia\/\",\"name\":\"ASAJA Palencia\",\"description\":\"Otro sitio m\u00e1s de Provincias ASAJA Castilla y Le\u00f3n\",\"potentialAction\":[{\"@type\":\"SearchAction\",\"target\":{\"@type\":\"EntryPoint\",\"urlTemplate\":\"https:\/\/www.asajacyl.com\/palencia\/?s={search_term_string}\"},\"query-input\":{\"@type\":\"PropertyValueSpecification\",\"valueRequired\":true,\"valueName\":\"search_term_string\"}}],\"inLanguage\":\"es\"},{\"@type\":\"Person\",\"@id\":\"https:\/\/www.asajacyl.com\/palencia\/#\/schema\/person\/3ab17aeb03527485c317557fae64aab1\",\"name\":\"Administrador\",\"image\":{\"@type\":\"ImageObject\",\"inLanguage\":\"es\",\"@id\":\"https:\/\/www.asajacyl.com\/palencia\/#\/schema\/person\/image\/\",\"url\":\"https:\/\/secure.gravatar.com\/avatar\/517384810d242ca9e38c180f3c9fb973?s=96&d=mm&r=g\",\"contentUrl\":\"https:\/\/secure.gravatar.com\/avatar\/517384810d242ca9e38c180f3c9fb973?s=96&d=mm&r=g\",\"caption\":\"Administrador\"},\"url\":\"https:\/\/www.asajacyl.com\/palencia\/author\/carlosrm\"}]}<\/script>\n<!-- \/ Yoast SEO plugin. -->","yoast_head_json":{"title":"Fallados los premios del concurso de cuentos de Navidad de ASAJA-Palencia - ASAJA Palencia","description":"Hoy se han dado a conocer los ganadores del tradicional concurso de cuentos de Navidad en el medio rural que cada a\u00f1o convoca ASAJA Palencia. Entre los","robots":{"index":"index","follow":"follow","max-snippet":"max-snippet:-1","max-image-preview":"max-image-preview:large","max-video-preview":"max-video-preview:-1"},"canonical":"https:\/\/www.asajacyl.com\/palencia\/asaja-palencia-informa\/fallados-los-premios-del-concurso-de-cuentos-de-navidad-de-asaja-palencia","og_locale":"es_ES","og_type":"article","og_title":"Fallados los premios del concurso de cuentos de Navidad de ASAJA-Palencia - ASAJA Palencia","og_description":"Hoy se han dado a conocer los ganadores del tradicional concurso de cuentos de Navidad en el medio rural que cada a\u00f1o convoca ASAJA Palencia. Entre los","og_url":"https:\/\/www.asajacyl.com\/palencia\/asaja-palencia-informa\/fallados-los-premios-del-concurso-de-cuentos-de-navidad-de-asaja-palencia","og_site_name":"ASAJA Palencia","article_published_time":"2021-12-29T11:47:56+00:00","article_modified_time":"2022-01-05T12:46:02+00:00","og_image":[{"width":760,"height":570,"url":"https:\/\/www.asajacyl.com\/palencia\/wp-content\/uploads\/sites\/3\/2020\/12\/nino-carta-navidad-c_0.jpg","type":"image\/jpeg"}],"author":"Administrador","twitter_card":"summary_large_image","twitter_misc":{"Escrito por":"Administrador","Tiempo de lectura":"2 minutos"},"schema":{"@context":"https:\/\/schema.org","@graph":[{"@type":"WebPage","@id":"https:\/\/www.asajacyl.com\/palencia\/asaja-palencia-informa\/fallados-los-premios-del-concurso-de-cuentos-de-navidad-de-asaja-palencia","url":"https:\/\/www.asajacyl.com\/palencia\/asaja-palencia-informa\/fallados-los-premios-del-concurso-de-cuentos-de-navidad-de-asaja-palencia","name":"Fallados los premios del concurso de cuentos de Navidad de ASAJA-Palencia - ASAJA Palencia","isPartOf":{"@id":"https:\/\/www.asajacyl.com\/palencia\/#website"},"primaryImageOfPage":{"@id":"https:\/\/www.asajacyl.com\/palencia\/asaja-palencia-informa\/fallados-los-premios-del-concurso-de-cuentos-de-navidad-de-asaja-palencia#primaryimage"},"image":{"@id":"https:\/\/www.asajacyl.com\/palencia\/asaja-palencia-informa\/fallados-los-premios-del-concurso-de-cuentos-de-navidad-de-asaja-palencia#primaryimage"},"thumbnailUrl":"https:\/\/www.asajacyl.com\/palencia\/wp-content\/uploads\/sites\/3\/2020\/12\/nino-carta-navidad-c_0.jpg","datePublished":"2021-12-29T11:47:56+00:00","dateModified":"2022-01-05T12:46:02+00:00","author":{"@id":"https:\/\/www.asajacyl.com\/palencia\/#\/schema\/person\/3ab17aeb03527485c317557fae64aab1"},"description":"Hoy se han dado a conocer los ganadores del tradicional concurso de cuentos de Navidad en el medio rural que cada a\u00f1o convoca ASAJA Palencia. Entre los","breadcrumb":{"@id":"https:\/\/www.asajacyl.com\/palencia\/asaja-palencia-informa\/fallados-los-premios-del-concurso-de-cuentos-de-navidad-de-asaja-palencia#breadcrumb"},"inLanguage":"es","potentialAction":[{"@type":"ReadAction","target":["https:\/\/www.asajacyl.com\/palencia\/asaja-palencia-informa\/fallados-los-premios-del-concurso-de-cuentos-de-navidad-de-asaja-palencia"]}]},{"@type":"ImageObject","inLanguage":"es","@id":"https:\/\/www.asajacyl.com\/palencia\/asaja-palencia-informa\/fallados-los-premios-del-concurso-de-cuentos-de-navidad-de-asaja-palencia#primaryimage","url":"https:\/\/www.asajacyl.com\/palencia\/wp-content\/uploads\/sites\/3\/2020\/12\/nino-carta-navidad-c_0.jpg","contentUrl":"https:\/\/www.asajacyl.com\/palencia\/wp-content\/uploads\/sites\/3\/2020\/12\/nino-carta-navidad-c_0.jpg","width":760,"height":570},{"@type":"BreadcrumbList","@id":"https:\/\/www.asajacyl.com\/palencia\/asaja-palencia-informa\/fallados-los-premios-del-concurso-de-cuentos-de-navidad-de-asaja-palencia#breadcrumb","itemListElement":[{"@type":"ListItem","position":1,"name":"Portada","item":"https:\/\/www.asajacyl.com\/palencia\/"},{"@type":"ListItem","position":2,"name":"Fallados los premios del concurso de cuentos de Navidad de ASAJA-Palencia"}]},{"@type":"WebSite","@id":"https:\/\/www.asajacyl.com\/palencia\/#website","url":"https:\/\/www.asajacyl.com\/palencia\/","name":"ASAJA Palencia","description":"Otro sitio m\u00e1s de Provincias ASAJA Castilla y Le\u00f3n","potentialAction":[{"@type":"SearchAction","target":{"@type":"EntryPoint","urlTemplate":"https:\/\/www.asajacyl.com\/palencia\/?s={search_term_string}"},"query-input":{"@type":"PropertyValueSpecification","valueRequired":true,"valueName":"search_term_string"}}],"inLanguage":"es"},{"@type":"Person","@id":"https:\/\/www.asajacyl.com\/palencia\/#\/schema\/person\/3ab17aeb03527485c317557fae64aab1","name":"Administrador","image":{"@type":"ImageObject","inLanguage":"es","@id":"https:\/\/www.asajacyl.com\/palencia\/#\/schema\/person\/image\/","url":"https:\/\/secure.gravatar.com\/avatar\/517384810d242ca9e38c180f3c9fb973?s=96&d=mm&r=g","contentUrl":"https:\/\/secure.gravatar.com\/avatar\/517384810d242ca9e38c180f3c9fb973?s=96&d=mm&r=g","caption":"Administrador"},"url":"https:\/\/www.asajacyl.com\/palencia\/author\/carlosrm"}]}},"_links":{"self":[{"href":"https:\/\/www.asajacyl.com\/palencia\/wp-json\/wp\/v2\/posts\/9592"}],"collection":[{"href":"https:\/\/www.asajacyl.com\/palencia\/wp-json\/wp\/v2\/posts"}],"about":[{"href":"https:\/\/www.asajacyl.com\/palencia\/wp-json\/wp\/v2\/types\/post"}],"author":[{"embeddable":true,"href":"https:\/\/www.asajacyl.com\/palencia\/wp-json\/wp\/v2\/users\/9"}],"replies":[{"embeddable":true,"href":"https:\/\/www.asajacyl.com\/palencia\/wp-json\/wp\/v2\/comments?post=9592"}],"version-history":[{"count":6,"href":"https:\/\/www.asajacyl.com\/palencia\/wp-json\/wp\/v2\/posts\/9592\/revisions"}],"predecessor-version":[{"id":9646,"href":"https:\/\/www.asajacyl.com\/palencia\/wp-json\/wp\/v2\/posts\/9592\/revisions\/9646"}],"wp:featuredmedia":[{"embeddable":true,"href":"https:\/\/www.asajacyl.com\/palencia\/wp-json\/wp\/v2\/media\/7823"}],"wp:attachment":[{"href":"https:\/\/www.asajacyl.com\/palencia\/wp-json\/wp\/v2\/media?parent=9592"}],"wp:term":[{"taxonomy":"category","embeddable":true,"href":"https:\/\/www.asajacyl.com\/palencia\/wp-json\/wp\/v2\/categories?post=9592"},{"taxonomy":"post_tag","embeddable":true,"href":"https:\/\/www.asajacyl.com\/palencia\/wp-json\/wp\/v2\/tags?post=9592"}],"curies":[{"name":"wp","href":"https:\/\/api.w.org\/{rel}","templated":true}]}}