{"id":9596,"date":"2021-12-29T12:47:06","date_gmt":"2021-12-29T11:47:06","guid":{"rendered":"https:\/\/www.asajacyl.com\/palencia\/?p=9596"},"modified":"2021-12-29T14:36:42","modified_gmt":"2021-12-29T13:36:42","slug":"asaja-considera-lesivo-para-la-agricultura-de-castilla-y-leon-el-plan-estrategico-de-la-pac-disenado-por-el-ministerio","status":"publish","type":"post","link":"https:\/\/www.asajacyl.com\/palencia\/asaja-palencia-informa\/asaja-considera-lesivo-para-la-agricultura-de-castilla-y-leon-el-plan-estrategico-de-la-pac-disenado-por-el-ministerio","title":{"rendered":"ASAJA considera lesivo para la agricultura de Castilla y Le\u00f3n el plan estrat\u00e9gico de la PAC dise\u00f1ado por el ministerio"},"content":{"rendered":"\n<p><strong><em>La OPA critica que Planas presuma de que es fruto del consenso, cuando ha ignorado por completo propuestas esenciales como la defensa de los agricultores y ganaderos profesionales<\/em><\/strong><\/p>\n\n\n\n<p>ASAJA de Castilla y Le\u00f3n califica de \u201clesivo para la agricultura de Castilla y Le\u00f3n\u201d el Plan Estrat\u00e9gico de la PAC que hoy enviar\u00e1 nuestro pa\u00eds a Bruselas. Lesivo ya desde su base, porque el documento elaborado por el ministro Luis Planas y su equipo choca frontalmente con el modelo de agricultura y ganader\u00eda profesional de Castilla y Le\u00f3n, ya que las medidas que propone sit\u00faan a los profesionales en desventaja respecto a quienes tienen el campo como actividad complementaria. As\u00ed, desde la propia definici\u00f3n del \u201cagricultor activo\u201d, el plan estrat\u00e9gico defendido por el Gobierno nacional difiere totalmente del que existe en Castilla y Le\u00f3n, y se aleja totalmente del que se defiende, por ejemplo, en Francia, que estos d\u00edas confirmaba que la percepci\u00f3n de ayudas deb\u00eda supeditarse a la cotizaci\u00f3n a la Seguridad Social.<\/p>\n\n\n\n<p>Tambi\u00e9n cuestiona la OPA medidas como el pago redistributivo o la degresividad en determinadas ayudas, sustentadas m\u00e1s en la ideolog\u00eda que en la realidad y necesidades de nuestras explotaciones, as\u00ed como la supeditaci\u00f3n de su percepci\u00f3n al cumplimiento de una \u201ccondicionalidad reforzada\u201d con normas hasta ahora voluntarias. \u201cEl ministerio se maneja solo en la teor\u00eda, pero no tiene en cuenta la realidad. Por ejemplo, que la explotaci\u00f3n de agricultura extensiva que ellos consideran grande es solo del tama\u00f1o que puede garantizar una m\u00ednima viabilidad econ\u00f3mica\u201d, indica Dujo.<\/p>\n\n\n\n<p>Igualmente expresa ASAJA su preocupaci\u00f3n por la multiplicaci\u00f3n de requisitos medioambientales, incluidos los nuevos ecoesquemas que, aunque voluntarios, suponen el 25% del presupuesto, \u201cporque limitan la capacidad productiva, lo que supondr\u00e1 producir menos y a costes m\u00e1s elevados e implicar\u00e1 una ca\u00edda de la rentabilidad en unas explotaciones que ya van muy justas\u201d apunta el presidente de la OPA.<\/p>\n\n\n\n<p>Tampoco ha rectificado el ministerio el impacto negativo en la agricultura intensiva de regad\u00edo, particularmente en algunas zonas donde la mejor apuesta agron\u00f3mica es el ma\u00edz en monocultivo, y deja sin respuesta las reivindicaciones de ASAJA en este sentido.<\/p>\n\n\n\n<p>Hay que destacar asimismo la discriminaci\u00f3n en el plan estrat\u00e9gico de modelos de agricultura y ganader\u00eda asociativa muy arraigados en nuestra comunidad aut\u00f3noma, como son las sociedades limitadas y sobre todo las sociedades civiles, cuya especificidad ha sido ignorada por el ministerio.<\/p>\n\n\n\n<p>Adem\u00e1s, ASAJA lamenta que en este documento que sustentar\u00e1 la PAC 2023-2027 no se hayan introducido medidas que permitan garantizar precios justos que cubran los costes de producci\u00f3n y aseguren el futuro de los productores.<\/p>\n\n\n\n<p>Por \u00faltimo, Donaciano Dujo critica que Luis Planas quiera vender como fruto del consenso este plan estrat\u00e9gico. \u201csi bien es cierto que a lo largo de estos tres a\u00f1os nos ha convocado en varias ocasiones, y desde ASAJA hemos elaborado innumerables propuestas en defensa del sector, el equipo del ministerio se ha limitado a informarnos, no a negociar. Prueba de ello es que no nos ha consultado ni obviamente necesitado para enviar el documento a Bruselas de un d\u00eda para otro\u201d.<\/p>\n","protected":false},"excerpt":{"rendered":"<p>La OPA critica que Planas presuma de que es fruto del consenso, cuando ha ignorado por completo propuestas esenciales como la defensa de los agricultores y ganaderos profesionales ASAJA de Castilla y Le\u00f3n califica de \u201clesivo para la agricultura de Castilla y Le\u00f3n\u201d el Plan Estrat\u00e9gico de la PAC que hoy enviar\u00e1 nuestro pa\u00eds a [&hellip;]<\/p>\n","protected":false},"author":9,"featured_media":9602,"comment_status":"open","ping_status":"open","sticky":false,"template":"","format":"standard","meta":{"footnotes":""},"categories":[9,29,28],"tags":[],"yoast_head":"<!-- This site is optimized with the Yoast SEO plugin v24.5 - https:\/\/yoast.com\/wordpress\/plugins\/seo\/ -->\n<title>ASAJA considera lesivo para la agricultura de Castilla y Le\u00f3n el plan estrat\u00e9gico de la PAC dise\u00f1ado por el ministerio - ASAJA Palencia<\/title>\n<meta name=\"description\" content=\"La OPA critica que Planas presuma de que es fruto del consenso, cuando ha ignorado por completo propuestas esenciales como la defensa de los agricultores\" \/>\n<meta name=\"robots\" content=\"index, follow, max-snippet:-1, max-image-preview:large, max-video-preview:-1\" \/>\n<link rel=\"canonical\" href=\"https:\/\/www.asajacyl.com\/palencia\/asaja-palencia-informa\/asaja-considera-lesivo-para-la-agricultura-de-castilla-y-leon-el-plan-estrategico-de-la-pac-disenado-por-el-ministerio\" \/>\n<meta property=\"og:locale\" content=\"es_ES\" \/>\n<meta property=\"og:type\" content=\"article\" \/>\n<meta property=\"og:title\" content=\"ASAJA considera lesivo para la agricultura de Castilla y Le\u00f3n el plan estrat\u00e9gico de la PAC dise\u00f1ado por el ministerio - ASAJA Palencia\" \/>\n<meta property=\"og:description\" content=\"La OPA critica que Planas presuma de que es fruto del consenso, cuando ha ignorado por completo propuestas esenciales como la defensa de los agricultores\" \/>\n<meta property=\"og:url\" content=\"https:\/\/www.asajacyl.com\/palencia\/asaja-palencia-informa\/asaja-considera-lesivo-para-la-agricultura-de-castilla-y-leon-el-plan-estrategico-de-la-pac-disenado-por-el-ministerio\" \/>\n<meta property=\"og:site_name\" content=\"ASAJA Palencia\" \/>\n<meta property=\"article:published_time\" content=\"2021-12-29T11:47:06+00:00\" \/>\n<meta property=\"article:modified_time\" content=\"2021-12-29T13:36:42+00:00\" \/>\n<meta property=\"og:image\" content=\"https:\/\/www.asajacyl.com\/palencia\/wp-content\/uploads\/sites\/3\/2021\/12\/LUIS-PLANAS.jpg\" \/>\n\t<meta property=\"og:image:width\" content=\"1024\" \/>\n\t<meta property=\"og:image:height\" content=\"682\" \/>\n\t<meta property=\"og:image:type\" content=\"image\/jpeg\" \/>\n<meta name=\"author\" content=\"Administrador\" \/>\n<meta name=\"twitter:card\" content=\"summary_large_image\" \/>\n<meta name=\"twitter:label1\" content=\"Escrito por\" \/>\n\t<meta name=\"twitter:data1\" content=\"Administrador\" \/>\n\t<meta name=\"twitter:label2\" content=\"Tiempo de lectura\" \/>\n\t<meta name=\"twitter:data2\" content=\"3 minutos\" \/>\n<script type=\"application\/ld+json\" class=\"yoast-schema-graph\">{\"@context\":\"https:\/\/schema.org\",\"@graph\":[{\"@type\":\"WebPage\",\"@id\":\"https:\/\/www.asajacyl.com\/palencia\/asaja-palencia-informa\/asaja-considera-lesivo-para-la-agricultura-de-castilla-y-leon-el-plan-estrategico-de-la-pac-disenado-por-el-ministerio\",\"url\":\"https:\/\/www.asajacyl.com\/palencia\/asaja-palencia-informa\/asaja-considera-lesivo-para-la-agricultura-de-castilla-y-leon-el-plan-estrategico-de-la-pac-disenado-por-el-ministerio\",\"name\":\"ASAJA considera lesivo para la agricultura de Castilla y Le\u00f3n el plan estrat\u00e9gico de la PAC dise\u00f1ado por el ministerio - ASAJA Palencia\",\"isPartOf\":{\"@id\":\"https:\/\/www.asajacyl.com\/palencia\/#website\"},\"primaryImageOfPage\":{\"@id\":\"https:\/\/www.asajacyl.com\/palencia\/asaja-palencia-informa\/asaja-considera-lesivo-para-la-agricultura-de-castilla-y-leon-el-plan-estrategico-de-la-pac-disenado-por-el-ministerio#primaryimage\"},\"image\":{\"@id\":\"https:\/\/www.asajacyl.com\/palencia\/asaja-palencia-informa\/asaja-considera-lesivo-para-la-agricultura-de-castilla-y-leon-el-plan-estrategico-de-la-pac-disenado-por-el-ministerio#primaryimage\"},\"thumbnailUrl\":\"https:\/\/www.asajacyl.com\/palencia\/wp-content\/uploads\/sites\/3\/2021\/12\/LUIS-PLANAS.jpg\",\"datePublished\":\"2021-12-29T11:47:06+00:00\",\"dateModified\":\"2021-12-29T13:36:42+00:00\",\"author\":{\"@id\":\"https:\/\/www.asajacyl.com\/palencia\/#\/schema\/person\/3ab17aeb03527485c317557fae64aab1\"},\"description\":\"La OPA critica que Planas presuma de que es fruto del consenso, cuando ha ignorado por completo propuestas esenciales como la defensa de los agricultores\",\"breadcrumb\":{\"@id\":\"https:\/\/www.asajacyl.com\/palencia\/asaja-palencia-informa\/asaja-considera-lesivo-para-la-agricultura-de-castilla-y-leon-el-plan-estrategico-de-la-pac-disenado-por-el-ministerio#breadcrumb\"},\"inLanguage\":\"es\",\"potentialAction\":[{\"@type\":\"ReadAction\",\"target\":[\"https:\/\/www.asajacyl.com\/palencia\/asaja-palencia-informa\/asaja-considera-lesivo-para-la-agricultura-de-castilla-y-leon-el-plan-estrategico-de-la-pac-disenado-por-el-ministerio\"]}]},{\"@type\":\"ImageObject\",\"inLanguage\":\"es\",\"@id\":\"https:\/\/www.asajacyl.com\/palencia\/asaja-palencia-informa\/asaja-considera-lesivo-para-la-agricultura-de-castilla-y-leon-el-plan-estrategico-de-la-pac-disenado-por-el-ministerio#primaryimage\",\"url\":\"https:\/\/www.asajacyl.com\/palencia\/wp-content\/uploads\/sites\/3\/2021\/12\/LUIS-PLANAS.jpg\",\"contentUrl\":\"https:\/\/www.asajacyl.com\/palencia\/wp-content\/uploads\/sites\/3\/2021\/12\/LUIS-PLANAS.jpg\",\"width\":1024,\"height\":682},{\"@type\":\"BreadcrumbList\",\"@id\":\"https:\/\/www.asajacyl.com\/palencia\/asaja-palencia-informa\/asaja-considera-lesivo-para-la-agricultura-de-castilla-y-leon-el-plan-estrategico-de-la-pac-disenado-por-el-ministerio#breadcrumb\",\"itemListElement\":[{\"@type\":\"ListItem\",\"position\":1,\"name\":\"Portada\",\"item\":\"https:\/\/www.asajacyl.com\/palencia\/\"},{\"@type\":\"ListItem\",\"position\":2,\"name\":\"ASAJA considera lesivo para la agricultura de Castilla y Le\u00f3n el plan estrat\u00e9gico de la PAC dise\u00f1ado por el ministerio\"}]},{\"@type\":\"WebSite\",\"@id\":\"https:\/\/www.asajacyl.com\/palencia\/#website\",\"url\":\"https:\/\/www.asajacyl.com\/palencia\/\",\"name\":\"ASAJA Palencia\",\"description\":\"Otro sitio m\u00e1s de Provincias ASAJA Castilla y Le\u00f3n\",\"potentialAction\":[{\"@type\":\"SearchAction\",\"target\":{\"@type\":\"EntryPoint\",\"urlTemplate\":\"https:\/\/www.asajacyl.com\/palencia\/?s={search_term_string}\"},\"query-input\":{\"@type\":\"PropertyValueSpecification\",\"valueRequired\":true,\"valueName\":\"search_term_string\"}}],\"inLanguage\":\"es\"},{\"@type\":\"Person\",\"@id\":\"https:\/\/www.asajacyl.com\/palencia\/#\/schema\/person\/3ab17aeb03527485c317557fae64aab1\",\"name\":\"Administrador\",\"image\":{\"@type\":\"ImageObject\",\"inLanguage\":\"es\",\"@id\":\"https:\/\/www.asajacyl.com\/palencia\/#\/schema\/person\/image\/\",\"url\":\"https:\/\/secure.gravatar.com\/avatar\/517384810d242ca9e38c180f3c9fb973?s=96&d=mm&r=g\",\"contentUrl\":\"https:\/\/secure.gravatar.com\/avatar\/517384810d242ca9e38c180f3c9fb973?s=96&d=mm&r=g\",\"caption\":\"Administrador\"},\"url\":\"https:\/\/www.asajacyl.com\/palencia\/author\/carlosrm\"}]}<\/script>\n<!-- \/ Yoast SEO plugin. -->","yoast_head_json":{"title":"ASAJA considera lesivo para la agricultura de Castilla y Le\u00f3n el plan estrat\u00e9gico de la PAC dise\u00f1ado por el ministerio - ASAJA Palencia","description":"La OPA critica que Planas presuma de que es fruto del consenso, cuando ha ignorado por completo propuestas esenciales como la defensa de los agricultores","robots":{"index":"index","follow":"follow","max-snippet":"max-snippet:-1","max-image-preview":"max-image-preview:large","max-video-preview":"max-video-preview:-1"},"canonical":"https:\/\/www.asajacyl.com\/palencia\/asaja-palencia-informa\/asaja-considera-lesivo-para-la-agricultura-de-castilla-y-leon-el-plan-estrategico-de-la-pac-disenado-por-el-ministerio","og_locale":"es_ES","og_type":"article","og_title":"ASAJA considera lesivo para la agricultura de Castilla y Le\u00f3n el plan estrat\u00e9gico de la PAC dise\u00f1ado por el ministerio - ASAJA Palencia","og_description":"La OPA critica que Planas presuma de que es fruto del consenso, cuando ha ignorado por completo propuestas esenciales como la defensa de los agricultores","og_url":"https:\/\/www.asajacyl.com\/palencia\/asaja-palencia-informa\/asaja-considera-lesivo-para-la-agricultura-de-castilla-y-leon-el-plan-estrategico-de-la-pac-disenado-por-el-ministerio","og_site_name":"ASAJA Palencia","article_published_time":"2021-12-29T11:47:06+00:00","article_modified_time":"2021-12-29T13:36:42+00:00","og_image":[{"width":1024,"height":682,"url":"https:\/\/www.asajacyl.com\/palencia\/wp-content\/uploads\/sites\/3\/2021\/12\/LUIS-PLANAS.jpg","type":"image\/jpeg"}],"author":"Administrador","twitter_card":"summary_large_image","twitter_misc":{"Escrito por":"Administrador","Tiempo de lectura":"3 minutos"},"schema":{"@context":"https:\/\/schema.org","@graph":[{"@type":"WebPage","@id":"https:\/\/www.asajacyl.com\/palencia\/asaja-palencia-informa\/asaja-considera-lesivo-para-la-agricultura-de-castilla-y-leon-el-plan-estrategico-de-la-pac-disenado-por-el-ministerio","url":"https:\/\/www.asajacyl.com\/palencia\/asaja-palencia-informa\/asaja-considera-lesivo-para-la-agricultura-de-castilla-y-leon-el-plan-estrategico-de-la-pac-disenado-por-el-ministerio","name":"ASAJA considera lesivo para la agricultura de Castilla y Le\u00f3n el plan estrat\u00e9gico de la PAC dise\u00f1ado por el ministerio - ASAJA Palencia","isPartOf":{"@id":"https:\/\/www.asajacyl.com\/palencia\/#website"},"primaryImageOfPage":{"@id":"https:\/\/www.asajacyl.com\/palencia\/asaja-palencia-informa\/asaja-considera-lesivo-para-la-agricultura-de-castilla-y-leon-el-plan-estrategico-de-la-pac-disenado-por-el-ministerio#primaryimage"},"image":{"@id":"https:\/\/www.asajacyl.com\/palencia\/asaja-palencia-informa\/asaja-considera-lesivo-para-la-agricultura-de-castilla-y-leon-el-plan-estrategico-de-la-pac-disenado-por-el-ministerio#primaryimage"},"thumbnailUrl":"https:\/\/www.asajacyl.com\/palencia\/wp-content\/uploads\/sites\/3\/2021\/12\/LUIS-PLANAS.jpg","datePublished":"2021-12-29T11:47:06+00:00","dateModified":"2021-12-29T13:36:42+00:00","author":{"@id":"https:\/\/www.asajacyl.com\/palencia\/#\/schema\/person\/3ab17aeb03527485c317557fae64aab1"},"description":"La OPA critica que Planas presuma de que es fruto del consenso, cuando ha ignorado por completo propuestas esenciales como la defensa de los agricultores","breadcrumb":{"@id":"https:\/\/www.asajacyl.com\/palencia\/asaja-palencia-informa\/asaja-considera-lesivo-para-la-agricultura-de-castilla-y-leon-el-plan-estrategico-de-la-pac-disenado-por-el-ministerio#breadcrumb"},"inLanguage":"es","potentialAction":[{"@type":"ReadAction","target":["https:\/\/www.asajacyl.com\/palencia\/asaja-palencia-informa\/asaja-considera-lesivo-para-la-agricultura-de-castilla-y-leon-el-plan-estrategico-de-la-pac-disenado-por-el-ministerio"]}]},{"@type":"ImageObject","inLanguage":"es","@id":"https:\/\/www.asajacyl.com\/palencia\/asaja-palencia-informa\/asaja-considera-lesivo-para-la-agricultura-de-castilla-y-leon-el-plan-estrategico-de-la-pac-disenado-por-el-ministerio#primaryimage","url":"https:\/\/www.asajacyl.com\/palencia\/wp-content\/uploads\/sites\/3\/2021\/12\/LUIS-PLANAS.jpg","contentUrl":"https:\/\/www.asajacyl.com\/palencia\/wp-content\/uploads\/sites\/3\/2021\/12\/LUIS-PLANAS.jpg","width":1024,"height":682},{"@type":"BreadcrumbList","@id":"https:\/\/www.asajacyl.com\/palencia\/asaja-palencia-informa\/asaja-considera-lesivo-para-la-agricultura-de-castilla-y-leon-el-plan-estrategico-de-la-pac-disenado-por-el-ministerio#breadcrumb","itemListElement":[{"@type":"ListItem","position":1,"name":"Portada","item":"https:\/\/www.asajacyl.com\/palencia\/"},{"@type":"ListItem","position":2,"name":"ASAJA considera lesivo para la agricultura de Castilla y Le\u00f3n el plan estrat\u00e9gico de la PAC dise\u00f1ado por el ministerio"}]},{"@type":"WebSite","@id":"https:\/\/www.asajacyl.com\/palencia\/#website","url":"https:\/\/www.asajacyl.com\/palencia\/","name":"ASAJA Palencia","description":"Otro sitio m\u00e1s de Provincias ASAJA Castilla y Le\u00f3n","potentialAction":[{"@type":"SearchAction","target":{"@type":"EntryPoint","urlTemplate":"https:\/\/www.asajacyl.com\/palencia\/?s={search_term_string}"},"query-input":{"@type":"PropertyValueSpecification","valueRequired":true,"valueName":"search_term_string"}}],"inLanguage":"es"},{"@type":"Person","@id":"https:\/\/www.asajacyl.com\/palencia\/#\/schema\/person\/3ab17aeb03527485c317557fae64aab1","name":"Administrador","image":{"@type":"ImageObject","inLanguage":"es","@id":"https:\/\/www.asajacyl.com\/palencia\/#\/schema\/person\/image\/","url":"https:\/\/secure.gravatar.com\/avatar\/517384810d242ca9e38c180f3c9fb973?s=96&d=mm&r=g","contentUrl":"https:\/\/secure.gravatar.com\/avatar\/517384810d242ca9e38c180f3c9fb973?s=96&d=mm&r=g","caption":"Administrador"},"url":"https:\/\/www.asajacyl.com\/palencia\/author\/carlosrm"}]}},"_links":{"self":[{"href":"https:\/\/www.asajacyl.com\/palencia\/wp-json\/wp\/v2\/posts\/9596"}],"collection":[{"href":"https:\/\/www.asajacyl.com\/palencia\/wp-json\/wp\/v2\/posts"}],"about":[{"href":"https:\/\/www.asajacyl.com\/palencia\/wp-json\/wp\/v2\/types\/post"}],"author":[{"embeddable":true,"href":"https:\/\/www.asajacyl.com\/palencia\/wp-json\/wp\/v2\/users\/9"}],"replies":[{"embeddable":true,"href":"https:\/\/www.asajacyl.com\/palencia\/wp-json\/wp\/v2\/comments?post=9596"}],"version-history":[{"count":1,"href":"https:\/\/www.asajacyl.com\/palencia\/wp-json\/wp\/v2\/posts\/9596\/revisions"}],"predecessor-version":[{"id":9597,"href":"https:\/\/www.asajacyl.com\/palencia\/wp-json\/wp\/v2\/posts\/9596\/revisions\/9597"}],"wp:featuredmedia":[{"embeddable":true,"href":"https:\/\/www.asajacyl.com\/palencia\/wp-json\/wp\/v2\/media\/9602"}],"wp:attachment":[{"href":"https:\/\/www.asajacyl.com\/palencia\/wp-json\/wp\/v2\/media?parent=9596"}],"wp:term":[{"taxonomy":"category","embeddable":true,"href":"https:\/\/www.asajacyl.com\/palencia\/wp-json\/wp\/v2\/categories?post=9596"},{"taxonomy":"post_tag","embeddable":true,"href":"https:\/\/www.asajacyl.com\/palencia\/wp-json\/wp\/v2\/tags?post=9596"}],"curies":[{"name":"wp","href":"https:\/\/api.w.org\/{rel}","templated":true}]}}