{"id":9603,"date":"2021-12-30T07:56:38","date_gmt":"2021-12-30T06:56:38","guid":{"rendered":"https:\/\/www.asajacyl.com\/palencia\/?p=9603"},"modified":"2021-12-30T07:56:40","modified_gmt":"2021-12-30T06:56:40","slug":"aprobada-la-normativa-que-regira-en-la-pac-2022-la-ultima-de-transicion","status":"publish","type":"post","link":"https:\/\/www.asajacyl.com\/palencia\/asaja-palencia-informa\/aprobada-la-normativa-que-regira-en-la-pac-2022-la-ultima-de-transicion","title":{"rendered":"Aprobada la normativa que regir\u00e1 en la PAC 2022, la \u00faltima de transici\u00f3n"},"content":{"rendered":"\n<p>El Consejo de Ministros ha aprobado un Real Decreto que modifica otros tres de diciembre de 2014 sobre la aplicaci\u00f3n de la Pol\u00edtica Agraria Com\u00fan (PAC), que incorpora los cambios necesarios para adaptar la normativa nacional a ciertas actualizaciones legislativas de la Uni\u00f3n Europea (UE). Estas modificaciones permitir\u00e1n que los agricultores y ganaderos espa\u00f1oles puedan percibir las ayudas de la PAC en el a\u00f1o 2022, \u00faltimo ejercicio de transici\u00f3n entre el anterior marco (2014-2020) y la entrada en vigor de la nueva PAC, el 1 de enero de 2023.<\/p>\n\n\n\n<p>Las principales modificaciones del Real Decreto 1075\/2014 se refieren a la definici\u00f3n de \u00abcoeficiente de admisibilidad de pastos\u00bb para permitir que las comunidades aut\u00f3nomas puedan establecer en su normativa un valor m\u00ednimo de coeficiente por debajo del cual dicha superficie no se considerar\u00e1 subvencionable. As\u00ed mismo, se modifican las ayudas asociadas ganaderas aclarando, para el caso de quienes comienzan su actividad, el procedimiento de c\u00f3mputo de animales elegibles, de tal manera que la autoridad competente pueda aplicar la opci\u00f3n m\u00e1s beneficiosa para estos solicitantes.<\/p>\n\n\n\n<p>Igualmente, se simplifica la gesti\u00f3n para los consejos reguladores o entidades acreditativas de denominaciones de calidad para las legumbres, que no tendr\u00e1n que remitir anualmente el NIF de los agricultores inscritos o en tr\u00e1mite de inscripci\u00f3n, ni la superficie registrada por cada uno de ellos cuando las autoridades competentes ya dispongan de esta informaci\u00f3n.<\/p>\n\n\n\n<p>En relaci\u00f3n con el real decreto 1078\/2014, por el que se establecen las normas de la condicionalidad, por recomendaci\u00f3n de la Comisi\u00f3n Europea se modifica el anexo que establece las Buenas Condiciones Agrarias y Medioambientales de la tierra, en particular la BCAM 4 (Cobertura m\u00ednima del suelo) y la BCAM 5 (Gesti\u00f3n m\u00ednima de las tierras que refleje las condiciones espec\u00edficas locales para limitar la erosi\u00f3n). Con la modificaci\u00f3n introducida, se elimina la excepci\u00f3n que afectaba a las parcelas de cultivo menores de una hect\u00e1rea, y parcelas irregulares o alargadas cuya dimensi\u00f3n m\u00ednima en el sentido transversal a la pendiente fuera inferior a 100 metros.<\/p>\n\n\n\n<p>Respecto al contenido de la solicitud \u00fanica cuando comience el plazo de presentaci\u00f3n de la misma, el Fondo Espa\u00f1ol de Garant\u00eda Agraria O.A. (FEGA) dar\u00e1 publicidad al cat\u00e1logo de cultivos al objeto de que los agricultores puedan realizar correctamente la declaraci\u00f3n. En el caso del cultivo del c\u00e1\u00f1amo, junto con la solicitud debe proporcionarse prueba de la existencia de contrato formalizado con la industria transformadora o bien autorizaci\u00f3n emitida por la Agencia Espa\u00f1ola de Medicamentos y Productos Sanitarios.<\/p>\n\n\n\n<p>Por otro lado, en cuanto a los plazos de presentaci\u00f3n de las solicitudes, la normativa europea ahora permite que los mismos sean fijados por los estados miembros. Para establecer unos plazos comunes nacionales que garanticen la igualdad de trato entre los agricultores, se fija el 30 de abril como fecha l\u00edmite para la presentaci\u00f3n de solicitud \u00fanica, el 31 de mayo para la modificaci\u00f3n de \u00e9sta, y el 31 de agosto para la adaptaci\u00f3n de la solicitud en aquellos casos en los que se ha comunicado al solicitante alguna incidencia derivada de los controles preliminares o de los controles por monitorizaci\u00f3n, as\u00ed como retirar total o parcialmente parcelas de su solicitud.<\/p>\n\n\n\n<p>No obstante, para que haya cierta flexibilidad en las fechas, que permita tener en cuenta las cambiantes condiciones clim\u00e1ticas y meteorol\u00f3gicas y circunstancias de otro tipo, las comunidades aut\u00f3nomas podr\u00e1n ampliar la fecha l\u00edmite de presentaci\u00f3n de la solicitud \u00fanica en su territorio m\u00e1s all\u00e1 del 30 de abril, previa comunicaci\u00f3n al FEGA. Tambi\u00e9n podr\u00e1n ampliar la fecha l\u00edmite de adaptaci\u00f3n de la solicitud \u00fanica m\u00e1s all\u00e1 del 31 de agosto, si se dan las razones para ello.<\/p>\n\n\n\n<p>Por \u00faltimo, respecto al Real Decreto 1076\/2014, sobre asignaci\u00f3n de derechos de r\u00e9gimen de pago b\u00e1sico, se modifica el mecanismo de convergencia, con el fin de proporcionar una acomodaci\u00f3n m\u00e1s gradual de las explotaciones al futuro marco normativo de aplicaci\u00f3n de la Pol\u00edtica Agr\u00edcola Com\u00fan (PAC) a partir de 2023, asegurando as\u00ed una transici\u00f3n m\u00e1s suave.<\/p>\n","protected":false},"excerpt":{"rendered":"<p>El Consejo de Ministros ha aprobado un Real Decreto que modifica otros tres de diciembre de 2014 sobre la aplicaci\u00f3n de la Pol\u00edtica Agraria Com\u00fan (PAC), que incorpora los cambios necesarios para adaptar la normativa nacional a ciertas actualizaciones legislativas de la Uni\u00f3n Europea (UE). Estas modificaciones permitir\u00e1n que los agricultores y ganaderos espa\u00f1oles puedan [&hellip;]<\/p>\n","protected":false},"author":9,"featured_media":9228,"comment_status":"open","ping_status":"open","sticky":false,"template":"","format":"standard","meta":{"footnotes":""},"categories":[9,29,28],"tags":[],"yoast_head":"<!-- This site is optimized with the Yoast SEO plugin v24.5 - https:\/\/yoast.com\/wordpress\/plugins\/seo\/ -->\n<title>Aprobada la normativa que regir\u00e1 en la PAC 2022, la \u00faltima de transici\u00f3n - ASAJA Palencia<\/title>\n<meta name=\"description\" content=\"El Consejo de Ministros ha aprobado un Real Decreto que modifica otros tres de diciembre de 2014 sobre la aplicaci\u00f3n de la Pol\u00edtica Agraria Com\u00fan (PAC),\" \/>\n<meta name=\"robots\" content=\"index, follow, max-snippet:-1, max-image-preview:large, max-video-preview:-1\" \/>\n<link rel=\"canonical\" href=\"https:\/\/www.asajacyl.com\/palencia\/asaja-palencia-informa\/aprobada-la-normativa-que-regira-en-la-pac-2022-la-ultima-de-transicion\" \/>\n<meta property=\"og:locale\" content=\"es_ES\" \/>\n<meta property=\"og:type\" content=\"article\" \/>\n<meta property=\"og:title\" content=\"Aprobada la normativa que regir\u00e1 en la PAC 2022, la \u00faltima de transici\u00f3n - ASAJA Palencia\" \/>\n<meta property=\"og:description\" content=\"El Consejo de Ministros ha aprobado un Real Decreto que modifica otros tres de diciembre de 2014 sobre la aplicaci\u00f3n de la Pol\u00edtica Agraria Com\u00fan (PAC),\" \/>\n<meta property=\"og:url\" content=\"https:\/\/www.asajacyl.com\/palencia\/asaja-palencia-informa\/aprobada-la-normativa-que-regira-en-la-pac-2022-la-ultima-de-transicion\" \/>\n<meta property=\"og:site_name\" content=\"ASAJA Palencia\" \/>\n<meta property=\"article:published_time\" content=\"2021-12-30T06:56:38+00:00\" \/>\n<meta property=\"article:modified_time\" content=\"2021-12-30T06:56:40+00:00\" \/>\n<meta property=\"og:image\" content=\"https:\/\/www.asajacyl.com\/palencia\/wp-content\/uploads\/sites\/3\/2021\/11\/TRIGO-SIEMBRA-DIRECTA.jpg\" \/>\n\t<meta property=\"og:image:width\" content=\"1024\" \/>\n\t<meta property=\"og:image:height\" content=\"768\" \/>\n\t<meta property=\"og:image:type\" content=\"image\/jpeg\" \/>\n<meta name=\"author\" content=\"Administrador\" \/>\n<meta name=\"twitter:card\" content=\"summary_large_image\" \/>\n<meta name=\"twitter:label1\" content=\"Escrito por\" \/>\n\t<meta name=\"twitter:data1\" content=\"Administrador\" \/>\n\t<meta name=\"twitter:label2\" content=\"Tiempo de lectura\" \/>\n\t<meta name=\"twitter:data2\" content=\"4 minutos\" \/>\n<script type=\"application\/ld+json\" class=\"yoast-schema-graph\">{\"@context\":\"https:\/\/schema.org\",\"@graph\":[{\"@type\":\"WebPage\",\"@id\":\"https:\/\/www.asajacyl.com\/palencia\/asaja-palencia-informa\/aprobada-la-normativa-que-regira-en-la-pac-2022-la-ultima-de-transicion\",\"url\":\"https:\/\/www.asajacyl.com\/palencia\/asaja-palencia-informa\/aprobada-la-normativa-que-regira-en-la-pac-2022-la-ultima-de-transicion\",\"name\":\"Aprobada la normativa que regir\u00e1 en la PAC 2022, la \u00faltima de transici\u00f3n - ASAJA Palencia\",\"isPartOf\":{\"@id\":\"https:\/\/www.asajacyl.com\/palencia\/#website\"},\"primaryImageOfPage\":{\"@id\":\"https:\/\/www.asajacyl.com\/palencia\/asaja-palencia-informa\/aprobada-la-normativa-que-regira-en-la-pac-2022-la-ultima-de-transicion#primaryimage\"},\"image\":{\"@id\":\"https:\/\/www.asajacyl.com\/palencia\/asaja-palencia-informa\/aprobada-la-normativa-que-regira-en-la-pac-2022-la-ultima-de-transicion#primaryimage\"},\"thumbnailUrl\":\"https:\/\/www.asajacyl.com\/palencia\/wp-content\/uploads\/sites\/3\/2021\/11\/TRIGO-SIEMBRA-DIRECTA.jpg\",\"datePublished\":\"2021-12-30T06:56:38+00:00\",\"dateModified\":\"2021-12-30T06:56:40+00:00\",\"author\":{\"@id\":\"https:\/\/www.asajacyl.com\/palencia\/#\/schema\/person\/3ab17aeb03527485c317557fae64aab1\"},\"description\":\"El Consejo de Ministros ha aprobado un Real Decreto que modifica otros tres de diciembre de 2014 sobre la aplicaci\u00f3n de la Pol\u00edtica Agraria Com\u00fan (PAC),\",\"breadcrumb\":{\"@id\":\"https:\/\/www.asajacyl.com\/palencia\/asaja-palencia-informa\/aprobada-la-normativa-que-regira-en-la-pac-2022-la-ultima-de-transicion#breadcrumb\"},\"inLanguage\":\"es\",\"potentialAction\":[{\"@type\":\"ReadAction\",\"target\":[\"https:\/\/www.asajacyl.com\/palencia\/asaja-palencia-informa\/aprobada-la-normativa-que-regira-en-la-pac-2022-la-ultima-de-transicion\"]}]},{\"@type\":\"ImageObject\",\"inLanguage\":\"es\",\"@id\":\"https:\/\/www.asajacyl.com\/palencia\/asaja-palencia-informa\/aprobada-la-normativa-que-regira-en-la-pac-2022-la-ultima-de-transicion#primaryimage\",\"url\":\"https:\/\/www.asajacyl.com\/palencia\/wp-content\/uploads\/sites\/3\/2021\/11\/TRIGO-SIEMBRA-DIRECTA.jpg\",\"contentUrl\":\"https:\/\/www.asajacyl.com\/palencia\/wp-content\/uploads\/sites\/3\/2021\/11\/TRIGO-SIEMBRA-DIRECTA.jpg\",\"width\":1024,\"height\":768},{\"@type\":\"BreadcrumbList\",\"@id\":\"https:\/\/www.asajacyl.com\/palencia\/asaja-palencia-informa\/aprobada-la-normativa-que-regira-en-la-pac-2022-la-ultima-de-transicion#breadcrumb\",\"itemListElement\":[{\"@type\":\"ListItem\",\"position\":1,\"name\":\"Portada\",\"item\":\"https:\/\/www.asajacyl.com\/palencia\/\"},{\"@type\":\"ListItem\",\"position\":2,\"name\":\"Aprobada la normativa que regir\u00e1 en la PAC 2022, la \u00faltima de transici\u00f3n\"}]},{\"@type\":\"WebSite\",\"@id\":\"https:\/\/www.asajacyl.com\/palencia\/#website\",\"url\":\"https:\/\/www.asajacyl.com\/palencia\/\",\"name\":\"ASAJA Palencia\",\"description\":\"Otro sitio m\u00e1s de Provincias ASAJA Castilla y Le\u00f3n\",\"potentialAction\":[{\"@type\":\"SearchAction\",\"target\":{\"@type\":\"EntryPoint\",\"urlTemplate\":\"https:\/\/www.asajacyl.com\/palencia\/?s={search_term_string}\"},\"query-input\":{\"@type\":\"PropertyValueSpecification\",\"valueRequired\":true,\"valueName\":\"search_term_string\"}}],\"inLanguage\":\"es\"},{\"@type\":\"Person\",\"@id\":\"https:\/\/www.asajacyl.com\/palencia\/#\/schema\/person\/3ab17aeb03527485c317557fae64aab1\",\"name\":\"Administrador\",\"image\":{\"@type\":\"ImageObject\",\"inLanguage\":\"es\",\"@id\":\"https:\/\/www.asajacyl.com\/palencia\/#\/schema\/person\/image\/\",\"url\":\"https:\/\/secure.gravatar.com\/avatar\/517384810d242ca9e38c180f3c9fb973?s=96&d=mm&r=g\",\"contentUrl\":\"https:\/\/secure.gravatar.com\/avatar\/517384810d242ca9e38c180f3c9fb973?s=96&d=mm&r=g\",\"caption\":\"Administrador\"},\"url\":\"https:\/\/www.asajacyl.com\/palencia\/author\/carlosrm\"}]}<\/script>\n<!-- \/ Yoast SEO plugin. -->","yoast_head_json":{"title":"Aprobada la normativa que regir\u00e1 en la PAC 2022, la \u00faltima de transici\u00f3n - ASAJA Palencia","description":"El Consejo de Ministros ha aprobado un Real Decreto que modifica otros tres de diciembre de 2014 sobre la aplicaci\u00f3n de la Pol\u00edtica Agraria Com\u00fan (PAC),","robots":{"index":"index","follow":"follow","max-snippet":"max-snippet:-1","max-image-preview":"max-image-preview:large","max-video-preview":"max-video-preview:-1"},"canonical":"https:\/\/www.asajacyl.com\/palencia\/asaja-palencia-informa\/aprobada-la-normativa-que-regira-en-la-pac-2022-la-ultima-de-transicion","og_locale":"es_ES","og_type":"article","og_title":"Aprobada la normativa que regir\u00e1 en la PAC 2022, la \u00faltima de transici\u00f3n - ASAJA Palencia","og_description":"El Consejo de Ministros ha aprobado un Real Decreto que modifica otros tres de diciembre de 2014 sobre la aplicaci\u00f3n de la Pol\u00edtica Agraria Com\u00fan (PAC),","og_url":"https:\/\/www.asajacyl.com\/palencia\/asaja-palencia-informa\/aprobada-la-normativa-que-regira-en-la-pac-2022-la-ultima-de-transicion","og_site_name":"ASAJA Palencia","article_published_time":"2021-12-30T06:56:38+00:00","article_modified_time":"2021-12-30T06:56:40+00:00","og_image":[{"width":1024,"height":768,"url":"https:\/\/www.asajacyl.com\/palencia\/wp-content\/uploads\/sites\/3\/2021\/11\/TRIGO-SIEMBRA-DIRECTA.jpg","type":"image\/jpeg"}],"author":"Administrador","twitter_card":"summary_large_image","twitter_misc":{"Escrito por":"Administrador","Tiempo de lectura":"4 minutos"},"schema":{"@context":"https:\/\/schema.org","@graph":[{"@type":"WebPage","@id":"https:\/\/www.asajacyl.com\/palencia\/asaja-palencia-informa\/aprobada-la-normativa-que-regira-en-la-pac-2022-la-ultima-de-transicion","url":"https:\/\/www.asajacyl.com\/palencia\/asaja-palencia-informa\/aprobada-la-normativa-que-regira-en-la-pac-2022-la-ultima-de-transicion","name":"Aprobada la normativa que regir\u00e1 en la PAC 2022, la \u00faltima de transici\u00f3n - ASAJA Palencia","isPartOf":{"@id":"https:\/\/www.asajacyl.com\/palencia\/#website"},"primaryImageOfPage":{"@id":"https:\/\/www.asajacyl.com\/palencia\/asaja-palencia-informa\/aprobada-la-normativa-que-regira-en-la-pac-2022-la-ultima-de-transicion#primaryimage"},"image":{"@id":"https:\/\/www.asajacyl.com\/palencia\/asaja-palencia-informa\/aprobada-la-normativa-que-regira-en-la-pac-2022-la-ultima-de-transicion#primaryimage"},"thumbnailUrl":"https:\/\/www.asajacyl.com\/palencia\/wp-content\/uploads\/sites\/3\/2021\/11\/TRIGO-SIEMBRA-DIRECTA.jpg","datePublished":"2021-12-30T06:56:38+00:00","dateModified":"2021-12-30T06:56:40+00:00","author":{"@id":"https:\/\/www.asajacyl.com\/palencia\/#\/schema\/person\/3ab17aeb03527485c317557fae64aab1"},"description":"El Consejo de Ministros ha aprobado un Real Decreto que modifica otros tres de diciembre de 2014 sobre la aplicaci\u00f3n de la Pol\u00edtica Agraria Com\u00fan (PAC),","breadcrumb":{"@id":"https:\/\/www.asajacyl.com\/palencia\/asaja-palencia-informa\/aprobada-la-normativa-que-regira-en-la-pac-2022-la-ultima-de-transicion#breadcrumb"},"inLanguage":"es","potentialAction":[{"@type":"ReadAction","target":["https:\/\/www.asajacyl.com\/palencia\/asaja-palencia-informa\/aprobada-la-normativa-que-regira-en-la-pac-2022-la-ultima-de-transicion"]}]},{"@type":"ImageObject","inLanguage":"es","@id":"https:\/\/www.asajacyl.com\/palencia\/asaja-palencia-informa\/aprobada-la-normativa-que-regira-en-la-pac-2022-la-ultima-de-transicion#primaryimage","url":"https:\/\/www.asajacyl.com\/palencia\/wp-content\/uploads\/sites\/3\/2021\/11\/TRIGO-SIEMBRA-DIRECTA.jpg","contentUrl":"https:\/\/www.asajacyl.com\/palencia\/wp-content\/uploads\/sites\/3\/2021\/11\/TRIGO-SIEMBRA-DIRECTA.jpg","width":1024,"height":768},{"@type":"BreadcrumbList","@id":"https:\/\/www.asajacyl.com\/palencia\/asaja-palencia-informa\/aprobada-la-normativa-que-regira-en-la-pac-2022-la-ultima-de-transicion#breadcrumb","itemListElement":[{"@type":"ListItem","position":1,"name":"Portada","item":"https:\/\/www.asajacyl.com\/palencia\/"},{"@type":"ListItem","position":2,"name":"Aprobada la normativa que regir\u00e1 en la PAC 2022, la \u00faltima de transici\u00f3n"}]},{"@type":"WebSite","@id":"https:\/\/www.asajacyl.com\/palencia\/#website","url":"https:\/\/www.asajacyl.com\/palencia\/","name":"ASAJA Palencia","description":"Otro sitio m\u00e1s de Provincias ASAJA Castilla y Le\u00f3n","potentialAction":[{"@type":"SearchAction","target":{"@type":"EntryPoint","urlTemplate":"https:\/\/www.asajacyl.com\/palencia\/?s={search_term_string}"},"query-input":{"@type":"PropertyValueSpecification","valueRequired":true,"valueName":"search_term_string"}}],"inLanguage":"es"},{"@type":"Person","@id":"https:\/\/www.asajacyl.com\/palencia\/#\/schema\/person\/3ab17aeb03527485c317557fae64aab1","name":"Administrador","image":{"@type":"ImageObject","inLanguage":"es","@id":"https:\/\/www.asajacyl.com\/palencia\/#\/schema\/person\/image\/","url":"https:\/\/secure.gravatar.com\/avatar\/517384810d242ca9e38c180f3c9fb973?s=96&d=mm&r=g","contentUrl":"https:\/\/secure.gravatar.com\/avatar\/517384810d242ca9e38c180f3c9fb973?s=96&d=mm&r=g","caption":"Administrador"},"url":"https:\/\/www.asajacyl.com\/palencia\/author\/carlosrm"}]}},"_links":{"self":[{"href":"https:\/\/www.asajacyl.com\/palencia\/wp-json\/wp\/v2\/posts\/9603"}],"collection":[{"href":"https:\/\/www.asajacyl.com\/palencia\/wp-json\/wp\/v2\/posts"}],"about":[{"href":"https:\/\/www.asajacyl.com\/palencia\/wp-json\/wp\/v2\/types\/post"}],"author":[{"embeddable":true,"href":"https:\/\/www.asajacyl.com\/palencia\/wp-json\/wp\/v2\/users\/9"}],"replies":[{"embeddable":true,"href":"https:\/\/www.asajacyl.com\/palencia\/wp-json\/wp\/v2\/comments?post=9603"}],"version-history":[{"count":1,"href":"https:\/\/www.asajacyl.com\/palencia\/wp-json\/wp\/v2\/posts\/9603\/revisions"}],"predecessor-version":[{"id":9604,"href":"https:\/\/www.asajacyl.com\/palencia\/wp-json\/wp\/v2\/posts\/9603\/revisions\/9604"}],"wp:featuredmedia":[{"embeddable":true,"href":"https:\/\/www.asajacyl.com\/palencia\/wp-json\/wp\/v2\/media\/9228"}],"wp:attachment":[{"href":"https:\/\/www.asajacyl.com\/palencia\/wp-json\/wp\/v2\/media?parent=9603"}],"wp:term":[{"taxonomy":"category","embeddable":true,"href":"https:\/\/www.asajacyl.com\/palencia\/wp-json\/wp\/v2\/categories?post=9603"},{"taxonomy":"post_tag","embeddable":true,"href":"https:\/\/www.asajacyl.com\/palencia\/wp-json\/wp\/v2\/tags?post=9603"}],"curies":[{"name":"wp","href":"https:\/\/api.w.org\/{rel}","templated":true}]}}