{"id":9606,"date":"2021-12-31T00:37:00","date_gmt":"2021-12-30T23:37:00","guid":{"rendered":"https:\/\/www.asajacyl.com\/palencia\/?p=9606"},"modified":"2021-12-30T12:06:57","modified_gmt":"2021-12-30T11:06:57","slug":"solo-45-jovenes-han-solicitado-incorporarse-al-campo-en-palencia-en-2021","status":"publish","type":"post","link":"https:\/\/www.asajacyl.com\/palencia\/asaja-palencia-informa\/solo-45-jovenes-han-solicitado-incorporarse-al-campo-en-palencia-en-2021","title":{"rendered":"S\u00f3lo 45 j\u00f3venes han solicitado incorporarse al campo en Palencia en 2021"},"content":{"rendered":"\n<p>Ayer presentaba el consejero de Agricultura, Ganader\u00eda y Desarrollo Rural los resultados de la \u00faltima convocatoria de incorporaci\u00f3n de j\u00f3venes agricultores y modernizaci\u00f3n de explotaciones que acaba de resolverse.<\/p>\n\n\n\n<p>La solicitud de estas ayudas se puede realizar en tres l\u00edneas distintas, ya que adem\u00e1s de la primera instalaci\u00f3n (l\u00ednea A) y el plan de mejora (l\u00ednea B) se puede solicitar una combinaci\u00f3n de ambas (l\u00ednea AB).<\/p>\n\n\n\n<p>Los datos oficiales indican que en Palencia han recibido la resoluci\u00f3n de aprobaci\u00f3n de la primera instalaci\u00f3n \u00fanicamente 45 j\u00f3venes, somos la antepen\u00faltima provincia, por detr\u00e1s de Le\u00f3n (148), Zamora (89), Valladolid (85), \u00c1vila (84), Salamanca (72) y Burgos (64) y \u00fanicamente por delante de Segovia (35) y Soria (35). A estos datos s\u00f3lo se les podr\u00eda poner el pero de que no sabemos cu\u00e1ntas resoluciones aprobadas terminan certific\u00e1ndose, no es lo mismo que alguien solicite las ayudas a que finalmente se instale como agricultor. Evidentemente no lo podemos saber de la convocatoria actual, que acaba de resolverse pero s\u00ed estar\u00eda bien conocer el dato de convocatorias anteriores.<\/p>\n\n\n\n<p>El dato de los planes de mejora no es \u00abreal\u00bb pero en Palencia la estimaci\u00f3n que realiza ASAJA-Palencia, que es el mayor tramitador de estas ayudas, es que hay algo m\u00e1s de 90 resoluciones aprobatorias, a las que habr\u00eda que sumar las correspondientes a las l\u00edneas AB para hacer un total, y \u00e9ste es el dato oficial, de 123 resoluciones.<\/p>\n\n\n\n<p>Estas ayudas suponen una inversi\u00f3n te\u00f3rica, realizada por los cerca de 140 solicitantes, de casi 12,7 millones de euros, lo que hace una media de inversi\u00f3n de 90.000 a 100.000 euros por solicitante. Si todas esas inversiones se llevan a cabo la subvenci\u00f3n que aportar\u00eda la consejer\u00eda rondar\u00eda los 7,8 millones de euros. Hay que tener en cuenta que la inversi\u00f3n real ser\u00eda mucho mayor ya que pr\u00e1cticamente la totalidad de inversiones subvencionables est\u00e1n moduladas con unos importes que, en muchos casos no llegan al 50% del coste real en el mercado.<\/p>\n\n\n\n<p>En las \u00faltimas convocatorias se muestra una trayectoria descendente muy preocupante en cuanto a la instalaci\u00f3n de j\u00f3venes ya que el pasado a\u00f1o se realizaron 48 solicitudes y el anterior 57, en dos a\u00f1os se ha reducido m\u00e1s de un 20%, un dato nada desde\u00f1able.<\/p>\n","protected":false},"excerpt":{"rendered":"<p>Ayer presentaba el consejero de Agricultura, Ganader\u00eda y Desarrollo Rural los resultados de la \u00faltima convocatoria de incorporaci\u00f3n de j\u00f3venes agricultores y modernizaci\u00f3n de explotaciones que acaba de resolverse. La solicitud de estas ayudas se puede realizar en tres l\u00edneas distintas, ya que adem\u00e1s de la primera instalaci\u00f3n (l\u00ednea A) y el plan de mejora [&hellip;]<\/p>\n","protected":false},"author":9,"featured_media":7919,"comment_status":"open","ping_status":"open","sticky":false,"template":"","format":"standard","meta":{"footnotes":""},"categories":[9,29,28],"tags":[],"yoast_head":"<!-- This site is optimized with the Yoast SEO plugin v24.5 - https:\/\/yoast.com\/wordpress\/plugins\/seo\/ -->\n<title>S\u00f3lo 45 j\u00f3venes han solicitado incorporarse al campo en Palencia en 2021 - ASAJA Palencia<\/title>\n<meta name=\"description\" content=\"Ayer presentaba el consejero de Agricultura, Ganader\u00eda y Desarrollo Rural los resultados de la \u00faltima convocatoria de incorporaci\u00f3n de j\u00f3venes\" \/>\n<meta name=\"robots\" content=\"index, follow, max-snippet:-1, max-image-preview:large, max-video-preview:-1\" \/>\n<link rel=\"canonical\" href=\"https:\/\/www.asajacyl.com\/palencia\/asaja-palencia-informa\/solo-45-jovenes-han-solicitado-incorporarse-al-campo-en-palencia-en-2021\" \/>\n<meta property=\"og:locale\" content=\"es_ES\" \/>\n<meta property=\"og:type\" content=\"article\" \/>\n<meta property=\"og:title\" content=\"S\u00f3lo 45 j\u00f3venes han solicitado incorporarse al campo en Palencia en 2021 - ASAJA Palencia\" \/>\n<meta property=\"og:description\" content=\"Ayer presentaba el consejero de Agricultura, Ganader\u00eda y Desarrollo Rural los resultados de la \u00faltima convocatoria de incorporaci\u00f3n de j\u00f3venes\" \/>\n<meta property=\"og:url\" content=\"https:\/\/www.asajacyl.com\/palencia\/asaja-palencia-informa\/solo-45-jovenes-han-solicitado-incorporarse-al-campo-en-palencia-en-2021\" \/>\n<meta property=\"og:site_name\" content=\"ASAJA Palencia\" \/>\n<meta property=\"article:published_time\" content=\"2021-12-30T23:37:00+00:00\" \/>\n<meta property=\"og:image\" content=\"https:\/\/www.asajacyl.com\/palencia\/wp-content\/uploads\/sites\/3\/2021\/01\/foto-pag-13-abajo.jpg\" \/>\n\t<meta property=\"og:image:width\" content=\"2500\" \/>\n\t<meta property=\"og:image:height\" content=\"1875\" \/>\n\t<meta property=\"og:image:type\" content=\"image\/jpeg\" \/>\n<meta name=\"author\" content=\"Administrador\" \/>\n<meta name=\"twitter:card\" content=\"summary_large_image\" \/>\n<meta name=\"twitter:label1\" content=\"Escrito por\" \/>\n\t<meta name=\"twitter:data1\" content=\"Administrador\" \/>\n\t<meta name=\"twitter:label2\" content=\"Tiempo de lectura\" \/>\n\t<meta name=\"twitter:data2\" content=\"2 minutos\" \/>\n<script type=\"application\/ld+json\" class=\"yoast-schema-graph\">{\"@context\":\"https:\/\/schema.org\",\"@graph\":[{\"@type\":\"WebPage\",\"@id\":\"https:\/\/www.asajacyl.com\/palencia\/asaja-palencia-informa\/solo-45-jovenes-han-solicitado-incorporarse-al-campo-en-palencia-en-2021\",\"url\":\"https:\/\/www.asajacyl.com\/palencia\/asaja-palencia-informa\/solo-45-jovenes-han-solicitado-incorporarse-al-campo-en-palencia-en-2021\",\"name\":\"S\u00f3lo 45 j\u00f3venes han solicitado incorporarse al campo en Palencia en 2021 - ASAJA Palencia\",\"isPartOf\":{\"@id\":\"https:\/\/www.asajacyl.com\/palencia\/#website\"},\"primaryImageOfPage\":{\"@id\":\"https:\/\/www.asajacyl.com\/palencia\/asaja-palencia-informa\/solo-45-jovenes-han-solicitado-incorporarse-al-campo-en-palencia-en-2021#primaryimage\"},\"image\":{\"@id\":\"https:\/\/www.asajacyl.com\/palencia\/asaja-palencia-informa\/solo-45-jovenes-han-solicitado-incorporarse-al-campo-en-palencia-en-2021#primaryimage\"},\"thumbnailUrl\":\"https:\/\/www.asajacyl.com\/palencia\/wp-content\/uploads\/sites\/3\/2021\/01\/foto-pag-13-abajo.jpg\",\"datePublished\":\"2021-12-30T23:37:00+00:00\",\"author\":{\"@id\":\"https:\/\/www.asajacyl.com\/palencia\/#\/schema\/person\/3ab17aeb03527485c317557fae64aab1\"},\"description\":\"Ayer presentaba el consejero de Agricultura, Ganader\u00eda y Desarrollo Rural los resultados de la \u00faltima convocatoria de incorporaci\u00f3n de j\u00f3venes\",\"breadcrumb\":{\"@id\":\"https:\/\/www.asajacyl.com\/palencia\/asaja-palencia-informa\/solo-45-jovenes-han-solicitado-incorporarse-al-campo-en-palencia-en-2021#breadcrumb\"},\"inLanguage\":\"es\",\"potentialAction\":[{\"@type\":\"ReadAction\",\"target\":[\"https:\/\/www.asajacyl.com\/palencia\/asaja-palencia-informa\/solo-45-jovenes-han-solicitado-incorporarse-al-campo-en-palencia-en-2021\"]}]},{\"@type\":\"ImageObject\",\"inLanguage\":\"es\",\"@id\":\"https:\/\/www.asajacyl.com\/palencia\/asaja-palencia-informa\/solo-45-jovenes-han-solicitado-incorporarse-al-campo-en-palencia-en-2021#primaryimage\",\"url\":\"https:\/\/www.asajacyl.com\/palencia\/wp-content\/uploads\/sites\/3\/2021\/01\/foto-pag-13-abajo.jpg\",\"contentUrl\":\"https:\/\/www.asajacyl.com\/palencia\/wp-content\/uploads\/sites\/3\/2021\/01\/foto-pag-13-abajo.jpg\",\"width\":2500,\"height\":1875,\"caption\":\"dav\"},{\"@type\":\"BreadcrumbList\",\"@id\":\"https:\/\/www.asajacyl.com\/palencia\/asaja-palencia-informa\/solo-45-jovenes-han-solicitado-incorporarse-al-campo-en-palencia-en-2021#breadcrumb\",\"itemListElement\":[{\"@type\":\"ListItem\",\"position\":1,\"name\":\"Portada\",\"item\":\"https:\/\/www.asajacyl.com\/palencia\/\"},{\"@type\":\"ListItem\",\"position\":2,\"name\":\"S\u00f3lo 45 j\u00f3venes han solicitado incorporarse al campo en Palencia en 2021\"}]},{\"@type\":\"WebSite\",\"@id\":\"https:\/\/www.asajacyl.com\/palencia\/#website\",\"url\":\"https:\/\/www.asajacyl.com\/palencia\/\",\"name\":\"ASAJA Palencia\",\"description\":\"Otro sitio m\u00e1s de Provincias ASAJA Castilla y Le\u00f3n\",\"potentialAction\":[{\"@type\":\"SearchAction\",\"target\":{\"@type\":\"EntryPoint\",\"urlTemplate\":\"https:\/\/www.asajacyl.com\/palencia\/?s={search_term_string}\"},\"query-input\":{\"@type\":\"PropertyValueSpecification\",\"valueRequired\":true,\"valueName\":\"search_term_string\"}}],\"inLanguage\":\"es\"},{\"@type\":\"Person\",\"@id\":\"https:\/\/www.asajacyl.com\/palencia\/#\/schema\/person\/3ab17aeb03527485c317557fae64aab1\",\"name\":\"Administrador\",\"image\":{\"@type\":\"ImageObject\",\"inLanguage\":\"es\",\"@id\":\"https:\/\/www.asajacyl.com\/palencia\/#\/schema\/person\/image\/\",\"url\":\"https:\/\/secure.gravatar.com\/avatar\/517384810d242ca9e38c180f3c9fb973?s=96&d=mm&r=g\",\"contentUrl\":\"https:\/\/secure.gravatar.com\/avatar\/517384810d242ca9e38c180f3c9fb973?s=96&d=mm&r=g\",\"caption\":\"Administrador\"},\"url\":\"https:\/\/www.asajacyl.com\/palencia\/author\/carlosrm\"}]}<\/script>\n<!-- \/ Yoast SEO plugin. -->","yoast_head_json":{"title":"S\u00f3lo 45 j\u00f3venes han solicitado incorporarse al campo en Palencia en 2021 - ASAJA Palencia","description":"Ayer presentaba el consejero de Agricultura, Ganader\u00eda y Desarrollo Rural los resultados de la \u00faltima convocatoria de incorporaci\u00f3n de j\u00f3venes","robots":{"index":"index","follow":"follow","max-snippet":"max-snippet:-1","max-image-preview":"max-image-preview:large","max-video-preview":"max-video-preview:-1"},"canonical":"https:\/\/www.asajacyl.com\/palencia\/asaja-palencia-informa\/solo-45-jovenes-han-solicitado-incorporarse-al-campo-en-palencia-en-2021","og_locale":"es_ES","og_type":"article","og_title":"S\u00f3lo 45 j\u00f3venes han solicitado incorporarse al campo en Palencia en 2021 - ASAJA Palencia","og_description":"Ayer presentaba el consejero de Agricultura, Ganader\u00eda y Desarrollo Rural los resultados de la \u00faltima convocatoria de incorporaci\u00f3n de j\u00f3venes","og_url":"https:\/\/www.asajacyl.com\/palencia\/asaja-palencia-informa\/solo-45-jovenes-han-solicitado-incorporarse-al-campo-en-palencia-en-2021","og_site_name":"ASAJA Palencia","article_published_time":"2021-12-30T23:37:00+00:00","og_image":[{"width":2500,"height":1875,"url":"https:\/\/www.asajacyl.com\/palencia\/wp-content\/uploads\/sites\/3\/2021\/01\/foto-pag-13-abajo.jpg","type":"image\/jpeg"}],"author":"Administrador","twitter_card":"summary_large_image","twitter_misc":{"Escrito por":"Administrador","Tiempo de lectura":"2 minutos"},"schema":{"@context":"https:\/\/schema.org","@graph":[{"@type":"WebPage","@id":"https:\/\/www.asajacyl.com\/palencia\/asaja-palencia-informa\/solo-45-jovenes-han-solicitado-incorporarse-al-campo-en-palencia-en-2021","url":"https:\/\/www.asajacyl.com\/palencia\/asaja-palencia-informa\/solo-45-jovenes-han-solicitado-incorporarse-al-campo-en-palencia-en-2021","name":"S\u00f3lo 45 j\u00f3venes han solicitado incorporarse al campo en Palencia en 2021 - ASAJA Palencia","isPartOf":{"@id":"https:\/\/www.asajacyl.com\/palencia\/#website"},"primaryImageOfPage":{"@id":"https:\/\/www.asajacyl.com\/palencia\/asaja-palencia-informa\/solo-45-jovenes-han-solicitado-incorporarse-al-campo-en-palencia-en-2021#primaryimage"},"image":{"@id":"https:\/\/www.asajacyl.com\/palencia\/asaja-palencia-informa\/solo-45-jovenes-han-solicitado-incorporarse-al-campo-en-palencia-en-2021#primaryimage"},"thumbnailUrl":"https:\/\/www.asajacyl.com\/palencia\/wp-content\/uploads\/sites\/3\/2021\/01\/foto-pag-13-abajo.jpg","datePublished":"2021-12-30T23:37:00+00:00","author":{"@id":"https:\/\/www.asajacyl.com\/palencia\/#\/schema\/person\/3ab17aeb03527485c317557fae64aab1"},"description":"Ayer presentaba el consejero de Agricultura, Ganader\u00eda y Desarrollo Rural los resultados de la \u00faltima convocatoria de incorporaci\u00f3n de j\u00f3venes","breadcrumb":{"@id":"https:\/\/www.asajacyl.com\/palencia\/asaja-palencia-informa\/solo-45-jovenes-han-solicitado-incorporarse-al-campo-en-palencia-en-2021#breadcrumb"},"inLanguage":"es","potentialAction":[{"@type":"ReadAction","target":["https:\/\/www.asajacyl.com\/palencia\/asaja-palencia-informa\/solo-45-jovenes-han-solicitado-incorporarse-al-campo-en-palencia-en-2021"]}]},{"@type":"ImageObject","inLanguage":"es","@id":"https:\/\/www.asajacyl.com\/palencia\/asaja-palencia-informa\/solo-45-jovenes-han-solicitado-incorporarse-al-campo-en-palencia-en-2021#primaryimage","url":"https:\/\/www.asajacyl.com\/palencia\/wp-content\/uploads\/sites\/3\/2021\/01\/foto-pag-13-abajo.jpg","contentUrl":"https:\/\/www.asajacyl.com\/palencia\/wp-content\/uploads\/sites\/3\/2021\/01\/foto-pag-13-abajo.jpg","width":2500,"height":1875,"caption":"dav"},{"@type":"BreadcrumbList","@id":"https:\/\/www.asajacyl.com\/palencia\/asaja-palencia-informa\/solo-45-jovenes-han-solicitado-incorporarse-al-campo-en-palencia-en-2021#breadcrumb","itemListElement":[{"@type":"ListItem","position":1,"name":"Portada","item":"https:\/\/www.asajacyl.com\/palencia\/"},{"@type":"ListItem","position":2,"name":"S\u00f3lo 45 j\u00f3venes han solicitado incorporarse al campo en Palencia en 2021"}]},{"@type":"WebSite","@id":"https:\/\/www.asajacyl.com\/palencia\/#website","url":"https:\/\/www.asajacyl.com\/palencia\/","name":"ASAJA Palencia","description":"Otro sitio m\u00e1s de Provincias ASAJA Castilla y Le\u00f3n","potentialAction":[{"@type":"SearchAction","target":{"@type":"EntryPoint","urlTemplate":"https:\/\/www.asajacyl.com\/palencia\/?s={search_term_string}"},"query-input":{"@type":"PropertyValueSpecification","valueRequired":true,"valueName":"search_term_string"}}],"inLanguage":"es"},{"@type":"Person","@id":"https:\/\/www.asajacyl.com\/palencia\/#\/schema\/person\/3ab17aeb03527485c317557fae64aab1","name":"Administrador","image":{"@type":"ImageObject","inLanguage":"es","@id":"https:\/\/www.asajacyl.com\/palencia\/#\/schema\/person\/image\/","url":"https:\/\/secure.gravatar.com\/avatar\/517384810d242ca9e38c180f3c9fb973?s=96&d=mm&r=g","contentUrl":"https:\/\/secure.gravatar.com\/avatar\/517384810d242ca9e38c180f3c9fb973?s=96&d=mm&r=g","caption":"Administrador"},"url":"https:\/\/www.asajacyl.com\/palencia\/author\/carlosrm"}]}},"_links":{"self":[{"href":"https:\/\/www.asajacyl.com\/palencia\/wp-json\/wp\/v2\/posts\/9606"}],"collection":[{"href":"https:\/\/www.asajacyl.com\/palencia\/wp-json\/wp\/v2\/posts"}],"about":[{"href":"https:\/\/www.asajacyl.com\/palencia\/wp-json\/wp\/v2\/types\/post"}],"author":[{"embeddable":true,"href":"https:\/\/www.asajacyl.com\/palencia\/wp-json\/wp\/v2\/users\/9"}],"replies":[{"embeddable":true,"href":"https:\/\/www.asajacyl.com\/palencia\/wp-json\/wp\/v2\/comments?post=9606"}],"version-history":[{"count":3,"href":"https:\/\/www.asajacyl.com\/palencia\/wp-json\/wp\/v2\/posts\/9606\/revisions"}],"predecessor-version":[{"id":9611,"href":"https:\/\/www.asajacyl.com\/palencia\/wp-json\/wp\/v2\/posts\/9606\/revisions\/9611"}],"wp:featuredmedia":[{"embeddable":true,"href":"https:\/\/www.asajacyl.com\/palencia\/wp-json\/wp\/v2\/media\/7919"}],"wp:attachment":[{"href":"https:\/\/www.asajacyl.com\/palencia\/wp-json\/wp\/v2\/media?parent=9606"}],"wp:term":[{"taxonomy":"category","embeddable":true,"href":"https:\/\/www.asajacyl.com\/palencia\/wp-json\/wp\/v2\/categories?post=9606"},{"taxonomy":"post_tag","embeddable":true,"href":"https:\/\/www.asajacyl.com\/palencia\/wp-json\/wp\/v2\/tags?post=9606"}],"curies":[{"name":"wp","href":"https:\/\/api.w.org\/{rel}","templated":true}]}}