{"id":9622,"date":"2022-01-10T08:10:00","date_gmt":"2022-01-10T07:10:00","guid":{"rendered":"https:\/\/www.asajacyl.com\/palencia\/?p=9622"},"modified":"2022-01-07T12:00:54","modified_gmt":"2022-01-07T11:00:54","slug":"calendario-de-ferias-para-2022","status":"publish","type":"post","link":"https:\/\/www.asajacyl.com\/palencia\/asaja-palencia-informa\/calendario-de-ferias-para-2022","title":{"rendered":"Calendario de ferias para 2022"},"content":{"rendered":"\n<p>La Direcci\u00f3n General de Comercio y Consumo, dependiente de la Consejer\u00eda de Comercio e Industria, ha publicado el calendario de ferias comerciales de Castilla y Le\u00f3n para el a\u00f1o 2022.<\/p>\n\n\n\n<p>En cuanto a la provincia de Palencia, las ferias relacionadas con la agricultura, la ganader\u00eda y la alimentaci\u00f3n que se realizar\u00e1n, si la situaci\u00f3n sanitaria lo permite, son las siguientes:<\/p>\n\n\n\n<ul><li>Agroalimentarias:<ul><li>Feria de la Matanza, San Ant\u00f3n (Fuentes de Nava): 15 y 16 de enero<\/li><li>Feria de Apicultura de Castilla y Le\u00f3n (Palencia): 29 y 30 de enero<\/li><li>Feria de Las Candelas (Salda\u00f1a): 2 de febrero<\/li><li>Feria de la Matanza (Villada) 19 y 20 de marzo<\/li><li>Feria del Queso y Productos Alimentarios (Fr\u00f3mista): 24 de julio<\/li><li>Feria del Chef (Fuentes de Nava): 13 al 15 de agosto<\/li><li>Feria de Artesan\u00eda y Productos de la Tierra (Villarramiel): 15 de agosto<\/li><li>Feria del Pimiento de Torquemada (Torquemada): 18 de septiembre<\/li><li>Feria de la Alubia (Salda\u00f1a): 22 y 23 de octubre<\/li><\/ul><\/li><li>Artesana:<ul><li>Mercado Castellano (Fuentes de Nava): 30 de julio<\/li><li>Feria de Artesan\u00eda y de Productos Agroalimentarios de la Monta\u00f1a Palentina (Cervera de Pisuerga): 30 y 31 de julio<\/li><\/ul><\/li><li>Ganadera:<ul><li>Feria de Ganado Ovino Churro (Palencia): 4 y 5 de junio<\/li><\/ul><\/li><li>Ocio y Tiempo Libre:<ul><li>Feria de San Jos\u00e9: Caza, Pesca y Medio Ambiente (Salda\u00f1a): 26 y 27 de marzo<\/li><\/ul><\/li><\/ul>\n\n\n\n<p>Adem\u00e1s de estas ferias que tendr\u00e1n lugar en Palencia hay otras muy importantes para el sector fuera de la provincia, como por ejemplo pueden ser:<\/p>\n\n\n\n<ul><li>Feria Nacional de Maquinaria Agr\u00edcola de Lerma (Burgos): 30 de abril al 2 de mayo<\/li><li>FIMA &#8211; Feria Internacional de Maquinaria Agr\u00edcola (Zaragoza): 26 al 30 de abril<\/li><li>SALAMAQ22. Feria del Sector Agropecuario (Salamanca): 2 al 6 de septiembre<\/li><\/ul>\n","protected":false},"excerpt":{"rendered":"<p>La Direcci\u00f3n General de Comercio y Consumo, dependiente de la Consejer\u00eda de Comercio e Industria, ha publicado el calendario de ferias comerciales de Castilla y Le\u00f3n para el a\u00f1o 2022. En cuanto a la provincia de Palencia, las ferias relacionadas con la agricultura, la ganader\u00eda y la alimentaci\u00f3n que se realizar\u00e1n, si la situaci\u00f3n sanitaria [&hellip;]<\/p>\n","protected":false},"author":9,"featured_media":5889,"comment_status":"open","ping_status":"open","sticky":false,"template":"","format":"standard","meta":{"footnotes":""},"categories":[9,29,28],"tags":[],"yoast_head":"<!-- This site is optimized with the Yoast SEO plugin v24.5 - https:\/\/yoast.com\/wordpress\/plugins\/seo\/ -->\n<title>Calendario de ferias para 2022 - ASAJA Palencia<\/title>\n<meta name=\"description\" content=\"La Direcci\u00f3n General de Comercio y Consumo, dependiente de la Consejer\u00eda de Comercio e Industria, ha publicado el calendario de ferias comerciales de\" \/>\n<meta name=\"robots\" content=\"index, follow, max-snippet:-1, max-image-preview:large, max-video-preview:-1\" \/>\n<link rel=\"canonical\" href=\"https:\/\/www.asajacyl.com\/palencia\/asaja-palencia-informa\/calendario-de-ferias-para-2022\" \/>\n<meta property=\"og:locale\" content=\"es_ES\" \/>\n<meta property=\"og:type\" content=\"article\" \/>\n<meta property=\"og:title\" content=\"Calendario de ferias para 2022 - ASAJA Palencia\" \/>\n<meta property=\"og:description\" content=\"La Direcci\u00f3n General de Comercio y Consumo, dependiente de la Consejer\u00eda de Comercio e Industria, ha publicado el calendario de ferias comerciales de\" \/>\n<meta property=\"og:url\" content=\"https:\/\/www.asajacyl.com\/palencia\/asaja-palencia-informa\/calendario-de-ferias-para-2022\" \/>\n<meta property=\"og:site_name\" content=\"ASAJA Palencia\" \/>\n<meta property=\"article:published_time\" content=\"2022-01-10T07:10:00+00:00\" \/>\n<meta property=\"og:image\" content=\"https:\/\/www.asajacyl.com\/palencia\/wp-content\/uploads\/sites\/3\/2019\/01\/feria-salda\u00f1a-2018.jpg\" \/>\n\t<meta property=\"og:image:width\" content=\"1600\" \/>\n\t<meta property=\"og:image:height\" content=\"903\" \/>\n\t<meta property=\"og:image:type\" content=\"image\/jpeg\" \/>\n<meta name=\"author\" content=\"Administrador\" \/>\n<meta name=\"twitter:card\" content=\"summary_large_image\" \/>\n<meta name=\"twitter:label1\" content=\"Escrito por\" \/>\n\t<meta name=\"twitter:data1\" content=\"Administrador\" \/>\n\t<meta name=\"twitter:label2\" content=\"Tiempo de lectura\" \/>\n\t<meta name=\"twitter:data2\" content=\"2 minutos\" \/>\n<script type=\"application\/ld+json\" class=\"yoast-schema-graph\">{\"@context\":\"https:\/\/schema.org\",\"@graph\":[{\"@type\":\"WebPage\",\"@id\":\"https:\/\/www.asajacyl.com\/palencia\/asaja-palencia-informa\/calendario-de-ferias-para-2022\",\"url\":\"https:\/\/www.asajacyl.com\/palencia\/asaja-palencia-informa\/calendario-de-ferias-para-2022\",\"name\":\"Calendario de ferias para 2022 - ASAJA Palencia\",\"isPartOf\":{\"@id\":\"https:\/\/www.asajacyl.com\/palencia\/#website\"},\"primaryImageOfPage\":{\"@id\":\"https:\/\/www.asajacyl.com\/palencia\/asaja-palencia-informa\/calendario-de-ferias-para-2022#primaryimage\"},\"image\":{\"@id\":\"https:\/\/www.asajacyl.com\/palencia\/asaja-palencia-informa\/calendario-de-ferias-para-2022#primaryimage\"},\"thumbnailUrl\":\"https:\/\/www.asajacyl.com\/palencia\/wp-content\/uploads\/sites\/3\/2019\/01\/feria-salda\u00f1a-2018.jpg\",\"datePublished\":\"2022-01-10T07:10:00+00:00\",\"author\":{\"@id\":\"https:\/\/www.asajacyl.com\/palencia\/#\/schema\/person\/3ab17aeb03527485c317557fae64aab1\"},\"description\":\"La Direcci\u00f3n General de Comercio y Consumo, dependiente de la Consejer\u00eda de Comercio e Industria, ha publicado el calendario de ferias comerciales de\",\"breadcrumb\":{\"@id\":\"https:\/\/www.asajacyl.com\/palencia\/asaja-palencia-informa\/calendario-de-ferias-para-2022#breadcrumb\"},\"inLanguage\":\"es\",\"potentialAction\":[{\"@type\":\"ReadAction\",\"target\":[\"https:\/\/www.asajacyl.com\/palencia\/asaja-palencia-informa\/calendario-de-ferias-para-2022\"]}]},{\"@type\":\"ImageObject\",\"inLanguage\":\"es\",\"@id\":\"https:\/\/www.asajacyl.com\/palencia\/asaja-palencia-informa\/calendario-de-ferias-para-2022#primaryimage\",\"url\":\"https:\/\/www.asajacyl.com\/palencia\/wp-content\/uploads\/sites\/3\/2019\/01\/feria-salda\u00f1a-2018.jpg\",\"contentUrl\":\"https:\/\/www.asajacyl.com\/palencia\/wp-content\/uploads\/sites\/3\/2019\/01\/feria-salda\u00f1a-2018.jpg\",\"width\":1600,\"height\":903},{\"@type\":\"BreadcrumbList\",\"@id\":\"https:\/\/www.asajacyl.com\/palencia\/asaja-palencia-informa\/calendario-de-ferias-para-2022#breadcrumb\",\"itemListElement\":[{\"@type\":\"ListItem\",\"position\":1,\"name\":\"Portada\",\"item\":\"https:\/\/www.asajacyl.com\/palencia\/\"},{\"@type\":\"ListItem\",\"position\":2,\"name\":\"Calendario de ferias para 2022\"}]},{\"@type\":\"WebSite\",\"@id\":\"https:\/\/www.asajacyl.com\/palencia\/#website\",\"url\":\"https:\/\/www.asajacyl.com\/palencia\/\",\"name\":\"ASAJA Palencia\",\"description\":\"Otro sitio m\u00e1s de Provincias ASAJA Castilla y Le\u00f3n\",\"potentialAction\":[{\"@type\":\"SearchAction\",\"target\":{\"@type\":\"EntryPoint\",\"urlTemplate\":\"https:\/\/www.asajacyl.com\/palencia\/?s={search_term_string}\"},\"query-input\":{\"@type\":\"PropertyValueSpecification\",\"valueRequired\":true,\"valueName\":\"search_term_string\"}}],\"inLanguage\":\"es\"},{\"@type\":\"Person\",\"@id\":\"https:\/\/www.asajacyl.com\/palencia\/#\/schema\/person\/3ab17aeb03527485c317557fae64aab1\",\"name\":\"Administrador\",\"image\":{\"@type\":\"ImageObject\",\"inLanguage\":\"es\",\"@id\":\"https:\/\/www.asajacyl.com\/palencia\/#\/schema\/person\/image\/\",\"url\":\"https:\/\/secure.gravatar.com\/avatar\/517384810d242ca9e38c180f3c9fb973?s=96&d=mm&r=g\",\"contentUrl\":\"https:\/\/secure.gravatar.com\/avatar\/517384810d242ca9e38c180f3c9fb973?s=96&d=mm&r=g\",\"caption\":\"Administrador\"},\"url\":\"https:\/\/www.asajacyl.com\/palencia\/author\/carlosrm\"}]}<\/script>\n<!-- \/ Yoast SEO plugin. -->","yoast_head_json":{"title":"Calendario de ferias para 2022 - ASAJA Palencia","description":"La Direcci\u00f3n General de Comercio y Consumo, dependiente de la Consejer\u00eda de Comercio e Industria, ha publicado el calendario de ferias comerciales de","robots":{"index":"index","follow":"follow","max-snippet":"max-snippet:-1","max-image-preview":"max-image-preview:large","max-video-preview":"max-video-preview:-1"},"canonical":"https:\/\/www.asajacyl.com\/palencia\/asaja-palencia-informa\/calendario-de-ferias-para-2022","og_locale":"es_ES","og_type":"article","og_title":"Calendario de ferias para 2022 - ASAJA Palencia","og_description":"La Direcci\u00f3n General de Comercio y Consumo, dependiente de la Consejer\u00eda de Comercio e Industria, ha publicado el calendario de ferias comerciales de","og_url":"https:\/\/www.asajacyl.com\/palencia\/asaja-palencia-informa\/calendario-de-ferias-para-2022","og_site_name":"ASAJA Palencia","article_published_time":"2022-01-10T07:10:00+00:00","og_image":[{"width":1600,"height":903,"url":"https:\/\/www.asajacyl.com\/palencia\/wp-content\/uploads\/sites\/3\/2019\/01\/feria-salda\u00f1a-2018.jpg","type":"image\/jpeg"}],"author":"Administrador","twitter_card":"summary_large_image","twitter_misc":{"Escrito por":"Administrador","Tiempo de lectura":"2 minutos"},"schema":{"@context":"https:\/\/schema.org","@graph":[{"@type":"WebPage","@id":"https:\/\/www.asajacyl.com\/palencia\/asaja-palencia-informa\/calendario-de-ferias-para-2022","url":"https:\/\/www.asajacyl.com\/palencia\/asaja-palencia-informa\/calendario-de-ferias-para-2022","name":"Calendario de ferias para 2022 - ASAJA Palencia","isPartOf":{"@id":"https:\/\/www.asajacyl.com\/palencia\/#website"},"primaryImageOfPage":{"@id":"https:\/\/www.asajacyl.com\/palencia\/asaja-palencia-informa\/calendario-de-ferias-para-2022#primaryimage"},"image":{"@id":"https:\/\/www.asajacyl.com\/palencia\/asaja-palencia-informa\/calendario-de-ferias-para-2022#primaryimage"},"thumbnailUrl":"https:\/\/www.asajacyl.com\/palencia\/wp-content\/uploads\/sites\/3\/2019\/01\/feria-salda\u00f1a-2018.jpg","datePublished":"2022-01-10T07:10:00+00:00","author":{"@id":"https:\/\/www.asajacyl.com\/palencia\/#\/schema\/person\/3ab17aeb03527485c317557fae64aab1"},"description":"La Direcci\u00f3n General de Comercio y Consumo, dependiente de la Consejer\u00eda de Comercio e Industria, ha publicado el calendario de ferias comerciales de","breadcrumb":{"@id":"https:\/\/www.asajacyl.com\/palencia\/asaja-palencia-informa\/calendario-de-ferias-para-2022#breadcrumb"},"inLanguage":"es","potentialAction":[{"@type":"ReadAction","target":["https:\/\/www.asajacyl.com\/palencia\/asaja-palencia-informa\/calendario-de-ferias-para-2022"]}]},{"@type":"ImageObject","inLanguage":"es","@id":"https:\/\/www.asajacyl.com\/palencia\/asaja-palencia-informa\/calendario-de-ferias-para-2022#primaryimage","url":"https:\/\/www.asajacyl.com\/palencia\/wp-content\/uploads\/sites\/3\/2019\/01\/feria-salda\u00f1a-2018.jpg","contentUrl":"https:\/\/www.asajacyl.com\/palencia\/wp-content\/uploads\/sites\/3\/2019\/01\/feria-salda\u00f1a-2018.jpg","width":1600,"height":903},{"@type":"BreadcrumbList","@id":"https:\/\/www.asajacyl.com\/palencia\/asaja-palencia-informa\/calendario-de-ferias-para-2022#breadcrumb","itemListElement":[{"@type":"ListItem","position":1,"name":"Portada","item":"https:\/\/www.asajacyl.com\/palencia\/"},{"@type":"ListItem","position":2,"name":"Calendario de ferias para 2022"}]},{"@type":"WebSite","@id":"https:\/\/www.asajacyl.com\/palencia\/#website","url":"https:\/\/www.asajacyl.com\/palencia\/","name":"ASAJA Palencia","description":"Otro sitio m\u00e1s de Provincias ASAJA Castilla y Le\u00f3n","potentialAction":[{"@type":"SearchAction","target":{"@type":"EntryPoint","urlTemplate":"https:\/\/www.asajacyl.com\/palencia\/?s={search_term_string}"},"query-input":{"@type":"PropertyValueSpecification","valueRequired":true,"valueName":"search_term_string"}}],"inLanguage":"es"},{"@type":"Person","@id":"https:\/\/www.asajacyl.com\/palencia\/#\/schema\/person\/3ab17aeb03527485c317557fae64aab1","name":"Administrador","image":{"@type":"ImageObject","inLanguage":"es","@id":"https:\/\/www.asajacyl.com\/palencia\/#\/schema\/person\/image\/","url":"https:\/\/secure.gravatar.com\/avatar\/517384810d242ca9e38c180f3c9fb973?s=96&d=mm&r=g","contentUrl":"https:\/\/secure.gravatar.com\/avatar\/517384810d242ca9e38c180f3c9fb973?s=96&d=mm&r=g","caption":"Administrador"},"url":"https:\/\/www.asajacyl.com\/palencia\/author\/carlosrm"}]}},"_links":{"self":[{"href":"https:\/\/www.asajacyl.com\/palencia\/wp-json\/wp\/v2\/posts\/9622"}],"collection":[{"href":"https:\/\/www.asajacyl.com\/palencia\/wp-json\/wp\/v2\/posts"}],"about":[{"href":"https:\/\/www.asajacyl.com\/palencia\/wp-json\/wp\/v2\/types\/post"}],"author":[{"embeddable":true,"href":"https:\/\/www.asajacyl.com\/palencia\/wp-json\/wp\/v2\/users\/9"}],"replies":[{"embeddable":true,"href":"https:\/\/www.asajacyl.com\/palencia\/wp-json\/wp\/v2\/comments?post=9622"}],"version-history":[{"count":1,"href":"https:\/\/www.asajacyl.com\/palencia\/wp-json\/wp\/v2\/posts\/9622\/revisions"}],"predecessor-version":[{"id":9623,"href":"https:\/\/www.asajacyl.com\/palencia\/wp-json\/wp\/v2\/posts\/9622\/revisions\/9623"}],"wp:featuredmedia":[{"embeddable":true,"href":"https:\/\/www.asajacyl.com\/palencia\/wp-json\/wp\/v2\/media\/5889"}],"wp:attachment":[{"href":"https:\/\/www.asajacyl.com\/palencia\/wp-json\/wp\/v2\/media?parent=9622"}],"wp:term":[{"taxonomy":"category","embeddable":true,"href":"https:\/\/www.asajacyl.com\/palencia\/wp-json\/wp\/v2\/categories?post=9622"},{"taxonomy":"post_tag","embeddable":true,"href":"https:\/\/www.asajacyl.com\/palencia\/wp-json\/wp\/v2\/tags?post=9622"}],"curies":[{"name":"wp","href":"https:\/\/api.w.org\/{rel}","templated":true}]}}