{"id":9624,"date":"2022-01-03T09:46:47","date_gmt":"2022-01-03T08:46:47","guid":{"rendered":"https:\/\/www.asajacyl.com\/palencia\/?p=9624"},"modified":"2022-01-03T09:46:48","modified_gmt":"2022-01-03T08:46:48","slug":"sus-majestades-los-reyes-magos-de-oriente-no-podran-acudir-a-asaja-palencia-por-culpa-de-la-pandemia","status":"publish","type":"post","link":"https:\/\/www.asajacyl.com\/palencia\/asaja-palencia-informa\/sus-majestades-los-reyes-magos-de-oriente-no-podran-acudir-a-asaja-palencia-por-culpa-de-la-pandemia","title":{"rendered":"Sus majestades los Reyes Magos de Oriente no podr\u00e1n acudir a ASAJA-Palencia por culpa de la pandemia"},"content":{"rendered":"\n<p>Desde hace m\u00e1s de una d\u00e9cada, sus majestades los Reyes Magos de Oriente, acuden a las oficinas de ASAJA-Palencia para recibir a todos los ni\u00f1os, escuchar sus peticiones y recoger las cartas en las que cuentan c\u00f3mo se han portado durante el a\u00f1o y qu\u00e9 peticiones tienen para ellos.<\/p>\n\n\n\n<p>Sus majestades, al t\u00e9rmino de la recepci\u00f3n en ASAJA, se suben en sus carrozas y transitan por las calles de Palencia en una gran cabalgata que hace las delicias de grandes y peque\u00f1os.<\/p>\n\n\n\n<p>El pasado a\u00f1o 2021, debido a la pandemia en que nos encontramos, no se les pudo recibir en ASAJA y este a\u00f1o 2022, aunque se iba a intentar realizar la recepci\u00f3n de los Reyes Magos, finalmente no va a poder tener lugar ya que los datos que cada d\u00eda ofrecen las autoridades sobre los contagios son cada vez m\u00e1s alarmantes.<\/p>\n\n\n\n<p>Por tanto, tendremos que esperar un a\u00f1o m\u00e1s para volver a ver a los Reyes Magos en las oficinas de ASAJA aunque esperamos que s\u00ed puedan realizar la gran cabalgata por las calles de la capital palentina. Lo que es seguro es que visitar\u00e1n las casas de todos los ni\u00f1os porque el Ministerio de Sanidad ya ha elaborado un salvoconducto para que puedan circular por toda Espa\u00f1a la noche del d\u00eda cinco de enero, la m\u00e1s m\u00e1gica del a\u00f1o.<\/p>\n","protected":false},"excerpt":{"rendered":"<p>Desde hace m\u00e1s de una d\u00e9cada, sus majestades los Reyes Magos de Oriente, acuden a las oficinas de ASAJA-Palencia para recibir a todos los ni\u00f1os, escuchar sus peticiones y recoger las cartas en las que cuentan c\u00f3mo se han portado durante el a\u00f1o y qu\u00e9 peticiones tienen para ellos. Sus majestades, al t\u00e9rmino de la [&hellip;]<\/p>\n","protected":false},"author":9,"featured_media":1701,"comment_status":"open","ping_status":"open","sticky":false,"template":"","format":"standard","meta":{"footnotes":""},"categories":[9,29,28],"tags":[],"yoast_head":"<!-- This site is optimized with the Yoast SEO plugin v24.5 - https:\/\/yoast.com\/wordpress\/plugins\/seo\/ -->\n<title>Sus majestades los Reyes Magos de Oriente no podr\u00e1n acudir a ASAJA-Palencia por culpa de la pandemia - ASAJA Palencia<\/title>\n<meta name=\"description\" content=\"Desde hace m\u00e1s de una d\u00e9cada, sus majestades los Reyes Magos de Oriente, acuden a las oficinas de ASAJA-Palencia para recibir a todos los ni\u00f1os, escuchar\" \/>\n<meta name=\"robots\" content=\"index, follow, max-snippet:-1, max-image-preview:large, max-video-preview:-1\" \/>\n<link rel=\"canonical\" href=\"https:\/\/www.asajacyl.com\/palencia\/asaja-palencia-informa\/sus-majestades-los-reyes-magos-de-oriente-no-podran-acudir-a-asaja-palencia-por-culpa-de-la-pandemia\" \/>\n<meta property=\"og:locale\" content=\"es_ES\" \/>\n<meta property=\"og:type\" content=\"article\" \/>\n<meta property=\"og:title\" content=\"Sus majestades los Reyes Magos de Oriente no podr\u00e1n acudir a ASAJA-Palencia por culpa de la pandemia - ASAJA Palencia\" \/>\n<meta property=\"og:description\" content=\"Desde hace m\u00e1s de una d\u00e9cada, sus majestades los Reyes Magos de Oriente, acuden a las oficinas de ASAJA-Palencia para recibir a todos los ni\u00f1os, escuchar\" \/>\n<meta property=\"og:url\" content=\"https:\/\/www.asajacyl.com\/palencia\/asaja-palencia-informa\/sus-majestades-los-reyes-magos-de-oriente-no-podran-acudir-a-asaja-palencia-por-culpa-de-la-pandemia\" \/>\n<meta property=\"og:site_name\" content=\"ASAJA Palencia\" \/>\n<meta property=\"article:published_time\" content=\"2022-01-03T08:46:47+00:00\" \/>\n<meta property=\"article:modified_time\" content=\"2022-01-03T08:46:48+00:00\" \/>\n<meta property=\"og:image\" content=\"https:\/\/www.asajacyl.com\/palencia\/wp-content\/uploads\/sites\/3\/2017\/11\/reyes2014-1024x687.jpg\" \/>\n\t<meta property=\"og:image:width\" content=\"1024\" \/>\n\t<meta property=\"og:image:height\" content=\"687\" \/>\n\t<meta property=\"og:image:type\" content=\"image\/jpeg\" \/>\n<meta name=\"author\" content=\"Administrador\" \/>\n<meta name=\"twitter:card\" content=\"summary_large_image\" \/>\n<meta name=\"twitter:label1\" content=\"Escrito por\" \/>\n\t<meta name=\"twitter:data1\" content=\"Administrador\" \/>\n\t<meta name=\"twitter:label2\" content=\"Tiempo de lectura\" \/>\n\t<meta name=\"twitter:data2\" content=\"2 minutos\" \/>\n<script type=\"application\/ld+json\" class=\"yoast-schema-graph\">{\"@context\":\"https:\/\/schema.org\",\"@graph\":[{\"@type\":\"WebPage\",\"@id\":\"https:\/\/www.asajacyl.com\/palencia\/asaja-palencia-informa\/sus-majestades-los-reyes-magos-de-oriente-no-podran-acudir-a-asaja-palencia-por-culpa-de-la-pandemia\",\"url\":\"https:\/\/www.asajacyl.com\/palencia\/asaja-palencia-informa\/sus-majestades-los-reyes-magos-de-oriente-no-podran-acudir-a-asaja-palencia-por-culpa-de-la-pandemia\",\"name\":\"Sus majestades los Reyes Magos de Oriente no podr\u00e1n acudir a ASAJA-Palencia por culpa de la pandemia - ASAJA Palencia\",\"isPartOf\":{\"@id\":\"https:\/\/www.asajacyl.com\/palencia\/#website\"},\"primaryImageOfPage\":{\"@id\":\"https:\/\/www.asajacyl.com\/palencia\/asaja-palencia-informa\/sus-majestades-los-reyes-magos-de-oriente-no-podran-acudir-a-asaja-palencia-por-culpa-de-la-pandemia#primaryimage\"},\"image\":{\"@id\":\"https:\/\/www.asajacyl.com\/palencia\/asaja-palencia-informa\/sus-majestades-los-reyes-magos-de-oriente-no-podran-acudir-a-asaja-palencia-por-culpa-de-la-pandemia#primaryimage\"},\"thumbnailUrl\":\"https:\/\/www.asajacyl.com\/palencia\/wp-content\/uploads\/sites\/3\/2017\/11\/reyes2014.jpg\",\"datePublished\":\"2022-01-03T08:46:47+00:00\",\"dateModified\":\"2022-01-03T08:46:48+00:00\",\"author\":{\"@id\":\"https:\/\/www.asajacyl.com\/palencia\/#\/schema\/person\/3ab17aeb03527485c317557fae64aab1\"},\"description\":\"Desde hace m\u00e1s de una d\u00e9cada, sus majestades los Reyes Magos de Oriente, acuden a las oficinas de ASAJA-Palencia para recibir a todos los ni\u00f1os, escuchar\",\"breadcrumb\":{\"@id\":\"https:\/\/www.asajacyl.com\/palencia\/asaja-palencia-informa\/sus-majestades-los-reyes-magos-de-oriente-no-podran-acudir-a-asaja-palencia-por-culpa-de-la-pandemia#breadcrumb\"},\"inLanguage\":\"es\",\"potentialAction\":[{\"@type\":\"ReadAction\",\"target\":[\"https:\/\/www.asajacyl.com\/palencia\/asaja-palencia-informa\/sus-majestades-los-reyes-magos-de-oriente-no-podran-acudir-a-asaja-palencia-por-culpa-de-la-pandemia\"]}]},{\"@type\":\"ImageObject\",\"inLanguage\":\"es\",\"@id\":\"https:\/\/www.asajacyl.com\/palencia\/asaja-palencia-informa\/sus-majestades-los-reyes-magos-de-oriente-no-podran-acudir-a-asaja-palencia-por-culpa-de-la-pandemia#primaryimage\",\"url\":\"https:\/\/www.asajacyl.com\/palencia\/wp-content\/uploads\/sites\/3\/2017\/11\/reyes2014.jpg\",\"contentUrl\":\"https:\/\/www.asajacyl.com\/palencia\/wp-content\/uploads\/sites\/3\/2017\/11\/reyes2014.jpg\",\"width\":2896,\"height\":1944},{\"@type\":\"BreadcrumbList\",\"@id\":\"https:\/\/www.asajacyl.com\/palencia\/asaja-palencia-informa\/sus-majestades-los-reyes-magos-de-oriente-no-podran-acudir-a-asaja-palencia-por-culpa-de-la-pandemia#breadcrumb\",\"itemListElement\":[{\"@type\":\"ListItem\",\"position\":1,\"name\":\"Portada\",\"item\":\"https:\/\/www.asajacyl.com\/palencia\/\"},{\"@type\":\"ListItem\",\"position\":2,\"name\":\"Sus majestades los Reyes Magos de Oriente no podr\u00e1n acudir a ASAJA-Palencia por culpa de la pandemia\"}]},{\"@type\":\"WebSite\",\"@id\":\"https:\/\/www.asajacyl.com\/palencia\/#website\",\"url\":\"https:\/\/www.asajacyl.com\/palencia\/\",\"name\":\"ASAJA Palencia\",\"description\":\"Otro sitio m\u00e1s de Provincias ASAJA Castilla y Le\u00f3n\",\"potentialAction\":[{\"@type\":\"SearchAction\",\"target\":{\"@type\":\"EntryPoint\",\"urlTemplate\":\"https:\/\/www.asajacyl.com\/palencia\/?s={search_term_string}\"},\"query-input\":{\"@type\":\"PropertyValueSpecification\",\"valueRequired\":true,\"valueName\":\"search_term_string\"}}],\"inLanguage\":\"es\"},{\"@type\":\"Person\",\"@id\":\"https:\/\/www.asajacyl.com\/palencia\/#\/schema\/person\/3ab17aeb03527485c317557fae64aab1\",\"name\":\"Administrador\",\"image\":{\"@type\":\"ImageObject\",\"inLanguage\":\"es\",\"@id\":\"https:\/\/www.asajacyl.com\/palencia\/#\/schema\/person\/image\/\",\"url\":\"https:\/\/secure.gravatar.com\/avatar\/517384810d242ca9e38c180f3c9fb973?s=96&d=mm&r=g\",\"contentUrl\":\"https:\/\/secure.gravatar.com\/avatar\/517384810d242ca9e38c180f3c9fb973?s=96&d=mm&r=g\",\"caption\":\"Administrador\"},\"url\":\"https:\/\/www.asajacyl.com\/palencia\/author\/carlosrm\"}]}<\/script>\n<!-- \/ Yoast SEO plugin. -->","yoast_head_json":{"title":"Sus majestades los Reyes Magos de Oriente no podr\u00e1n acudir a ASAJA-Palencia por culpa de la pandemia - ASAJA Palencia","description":"Desde hace m\u00e1s de una d\u00e9cada, sus majestades los Reyes Magos de Oriente, acuden a las oficinas de ASAJA-Palencia para recibir a todos los ni\u00f1os, escuchar","robots":{"index":"index","follow":"follow","max-snippet":"max-snippet:-1","max-image-preview":"max-image-preview:large","max-video-preview":"max-video-preview:-1"},"canonical":"https:\/\/www.asajacyl.com\/palencia\/asaja-palencia-informa\/sus-majestades-los-reyes-magos-de-oriente-no-podran-acudir-a-asaja-palencia-por-culpa-de-la-pandemia","og_locale":"es_ES","og_type":"article","og_title":"Sus majestades los Reyes Magos de Oriente no podr\u00e1n acudir a ASAJA-Palencia por culpa de la pandemia - ASAJA Palencia","og_description":"Desde hace m\u00e1s de una d\u00e9cada, sus majestades los Reyes Magos de Oriente, acuden a las oficinas de ASAJA-Palencia para recibir a todos los ni\u00f1os, escuchar","og_url":"https:\/\/www.asajacyl.com\/palencia\/asaja-palencia-informa\/sus-majestades-los-reyes-magos-de-oriente-no-podran-acudir-a-asaja-palencia-por-culpa-de-la-pandemia","og_site_name":"ASAJA Palencia","article_published_time":"2022-01-03T08:46:47+00:00","article_modified_time":"2022-01-03T08:46:48+00:00","og_image":[{"width":1024,"height":687,"url":"https:\/\/www.asajacyl.com\/palencia\/wp-content\/uploads\/sites\/3\/2017\/11\/reyes2014-1024x687.jpg","type":"image\/jpeg"}],"author":"Administrador","twitter_card":"summary_large_image","twitter_misc":{"Escrito por":"Administrador","Tiempo de lectura":"2 minutos"},"schema":{"@context":"https:\/\/schema.org","@graph":[{"@type":"WebPage","@id":"https:\/\/www.asajacyl.com\/palencia\/asaja-palencia-informa\/sus-majestades-los-reyes-magos-de-oriente-no-podran-acudir-a-asaja-palencia-por-culpa-de-la-pandemia","url":"https:\/\/www.asajacyl.com\/palencia\/asaja-palencia-informa\/sus-majestades-los-reyes-magos-de-oriente-no-podran-acudir-a-asaja-palencia-por-culpa-de-la-pandemia","name":"Sus majestades los Reyes Magos de Oriente no podr\u00e1n acudir a ASAJA-Palencia por culpa de la pandemia - ASAJA Palencia","isPartOf":{"@id":"https:\/\/www.asajacyl.com\/palencia\/#website"},"primaryImageOfPage":{"@id":"https:\/\/www.asajacyl.com\/palencia\/asaja-palencia-informa\/sus-majestades-los-reyes-magos-de-oriente-no-podran-acudir-a-asaja-palencia-por-culpa-de-la-pandemia#primaryimage"},"image":{"@id":"https:\/\/www.asajacyl.com\/palencia\/asaja-palencia-informa\/sus-majestades-los-reyes-magos-de-oriente-no-podran-acudir-a-asaja-palencia-por-culpa-de-la-pandemia#primaryimage"},"thumbnailUrl":"https:\/\/www.asajacyl.com\/palencia\/wp-content\/uploads\/sites\/3\/2017\/11\/reyes2014.jpg","datePublished":"2022-01-03T08:46:47+00:00","dateModified":"2022-01-03T08:46:48+00:00","author":{"@id":"https:\/\/www.asajacyl.com\/palencia\/#\/schema\/person\/3ab17aeb03527485c317557fae64aab1"},"description":"Desde hace m\u00e1s de una d\u00e9cada, sus majestades los Reyes Magos de Oriente, acuden a las oficinas de ASAJA-Palencia para recibir a todos los ni\u00f1os, escuchar","breadcrumb":{"@id":"https:\/\/www.asajacyl.com\/palencia\/asaja-palencia-informa\/sus-majestades-los-reyes-magos-de-oriente-no-podran-acudir-a-asaja-palencia-por-culpa-de-la-pandemia#breadcrumb"},"inLanguage":"es","potentialAction":[{"@type":"ReadAction","target":["https:\/\/www.asajacyl.com\/palencia\/asaja-palencia-informa\/sus-majestades-los-reyes-magos-de-oriente-no-podran-acudir-a-asaja-palencia-por-culpa-de-la-pandemia"]}]},{"@type":"ImageObject","inLanguage":"es","@id":"https:\/\/www.asajacyl.com\/palencia\/asaja-palencia-informa\/sus-majestades-los-reyes-magos-de-oriente-no-podran-acudir-a-asaja-palencia-por-culpa-de-la-pandemia#primaryimage","url":"https:\/\/www.asajacyl.com\/palencia\/wp-content\/uploads\/sites\/3\/2017\/11\/reyes2014.jpg","contentUrl":"https:\/\/www.asajacyl.com\/palencia\/wp-content\/uploads\/sites\/3\/2017\/11\/reyes2014.jpg","width":2896,"height":1944},{"@type":"BreadcrumbList","@id":"https:\/\/www.asajacyl.com\/palencia\/asaja-palencia-informa\/sus-majestades-los-reyes-magos-de-oriente-no-podran-acudir-a-asaja-palencia-por-culpa-de-la-pandemia#breadcrumb","itemListElement":[{"@type":"ListItem","position":1,"name":"Portada","item":"https:\/\/www.asajacyl.com\/palencia\/"},{"@type":"ListItem","position":2,"name":"Sus majestades los Reyes Magos de Oriente no podr\u00e1n acudir a ASAJA-Palencia por culpa de la pandemia"}]},{"@type":"WebSite","@id":"https:\/\/www.asajacyl.com\/palencia\/#website","url":"https:\/\/www.asajacyl.com\/palencia\/","name":"ASAJA Palencia","description":"Otro sitio m\u00e1s de Provincias ASAJA Castilla y Le\u00f3n","potentialAction":[{"@type":"SearchAction","target":{"@type":"EntryPoint","urlTemplate":"https:\/\/www.asajacyl.com\/palencia\/?s={search_term_string}"},"query-input":{"@type":"PropertyValueSpecification","valueRequired":true,"valueName":"search_term_string"}}],"inLanguage":"es"},{"@type":"Person","@id":"https:\/\/www.asajacyl.com\/palencia\/#\/schema\/person\/3ab17aeb03527485c317557fae64aab1","name":"Administrador","image":{"@type":"ImageObject","inLanguage":"es","@id":"https:\/\/www.asajacyl.com\/palencia\/#\/schema\/person\/image\/","url":"https:\/\/secure.gravatar.com\/avatar\/517384810d242ca9e38c180f3c9fb973?s=96&d=mm&r=g","contentUrl":"https:\/\/secure.gravatar.com\/avatar\/517384810d242ca9e38c180f3c9fb973?s=96&d=mm&r=g","caption":"Administrador"},"url":"https:\/\/www.asajacyl.com\/palencia\/author\/carlosrm"}]}},"_links":{"self":[{"href":"https:\/\/www.asajacyl.com\/palencia\/wp-json\/wp\/v2\/posts\/9624"}],"collection":[{"href":"https:\/\/www.asajacyl.com\/palencia\/wp-json\/wp\/v2\/posts"}],"about":[{"href":"https:\/\/www.asajacyl.com\/palencia\/wp-json\/wp\/v2\/types\/post"}],"author":[{"embeddable":true,"href":"https:\/\/www.asajacyl.com\/palencia\/wp-json\/wp\/v2\/users\/9"}],"replies":[{"embeddable":true,"href":"https:\/\/www.asajacyl.com\/palencia\/wp-json\/wp\/v2\/comments?post=9624"}],"version-history":[{"count":1,"href":"https:\/\/www.asajacyl.com\/palencia\/wp-json\/wp\/v2\/posts\/9624\/revisions"}],"predecessor-version":[{"id":9625,"href":"https:\/\/www.asajacyl.com\/palencia\/wp-json\/wp\/v2\/posts\/9624\/revisions\/9625"}],"wp:featuredmedia":[{"embeddable":true,"href":"https:\/\/www.asajacyl.com\/palencia\/wp-json\/wp\/v2\/media\/1701"}],"wp:attachment":[{"href":"https:\/\/www.asajacyl.com\/palencia\/wp-json\/wp\/v2\/media?parent=9624"}],"wp:term":[{"taxonomy":"category","embeddable":true,"href":"https:\/\/www.asajacyl.com\/palencia\/wp-json\/wp\/v2\/categories?post=9624"},{"taxonomy":"post_tag","embeddable":true,"href":"https:\/\/www.asajacyl.com\/palencia\/wp-json\/wp\/v2\/tags?post=9624"}],"curies":[{"name":"wp","href":"https:\/\/api.w.org\/{rel}","templated":true}]}}