{"id":9648,"date":"2022-01-07T12:01:53","date_gmt":"2022-01-07T11:01:53","guid":{"rendered":"https:\/\/www.asajacyl.com\/palencia\/?p=9648"},"modified":"2022-01-07T12:25:37","modified_gmt":"2022-01-07T11:25:37","slug":"asaja-coag-y-upa-pediran-a-pedro-sanchez-en-palencia-la-dimision-de-alberto-garzon","status":"publish","type":"post","link":"https:\/\/www.asajacyl.com\/palencia\/asaja-palencia-informa\/asaja-coag-y-upa-pediran-a-pedro-sanchez-en-palencia-la-dimision-de-alberto-garzon","title":{"rendered":"ASAJA, COAG Y UPA pedir\u00e1n a Pedro S\u00e1nchez en Palencia la dimisi\u00f3n de Alberto Garz\u00f3n"},"content":{"rendered":"\n<p>Seg\u00fan han informado diversos medios de comunicaci\u00f3n, este domingo d\u00eda 9 de enero Pedro S\u00e1nchez visitar\u00e1 Palencia para presentar a los candidatos a procuradores para las elecciones auton\u00f3micas que tendr\u00e1n lugar en Castilla y Le\u00f3n el d\u00eda 13 de febrero. El acto tendr\u00e1 lugar en el front\u00f3n de Eras de Santa Marina, que comparte edificio con la piscina climatizada, junto al Pabell\u00f3n Municipal de Deportes de la capital, y comenzar\u00e1 a las 11:30 de la ma\u00f1ana.<\/p>\n\n\n\n<p>ASAJA, COAG y UPA est\u00e1n en desacuerdo con diversas actuaciones y declaraciones realizadas por el ministro de Consumo, Alberto Garz\u00f3n, habiendo sido la gota que ha colmado el vaso las declaraciones vertidas por el ministro en el peri\u00f3dico brit\u00e1nico The Guardian en las que aseguraba que parte de la carne espa\u00f1ola era de mala calidad y ten\u00eda origen en animales maltratados.<\/p>\n\n\n\n<p>El da\u00f1o que este ministro est\u00e1 realizando al sector agrario espa\u00f1ol es p\u00fablico y notorio y las organizaciones agrarias \u201cno entienden que un ministro de Espa\u00f1a pueda hablar mal reiteradamente de las producciones de su propio pa\u00eds y, en este caso, para m\u00e1s inri en medios de comunicaci\u00f3n extranjeros\u201d.<\/p>\n\n\n\n<p>Por este motivo, las organizaciones agrarias palentinas pedir\u00e1n a Pedro S\u00e1nchez que \u201ccese inmediatamente a este ministro ya que Alberto Garz\u00f3n no se ha retractado de sus palabras y no parece dispuesto a abandonar un cargo que le viene grande y desde el que est\u00e1 maltratando a miles de familias del campo.<\/p>\n\n\n\n<p>Las organizaciones agrarias convocantes animan a la sociedad palentina, especialmente a todas las personas que pertenecen al sector agr\u00edcola y ganadero o dependen de \u00e9l, a unirse a esta protesta al tiempo que recuerdan \u201cque \u00e9ste es un acto de defensa del sector agrario por lo que solicitan que no se politice el acto y se abstengan de acudir los cargos pol\u00edticos\u201d.<\/p>\n\n\n\n<p>No hay que olvidar asuntos previos como su campa\u00f1a en pos de la reducci\u00f3n del consumo de carne en Espa\u00f1a \u201cpara mejorar la salud de las personas y del planeta\u201d, criminalizando a la ganader\u00eda y obviando que la dieta mediterr\u00e1nea est\u00e1 haciendo que Espa\u00f1a tenga una de las esperanzas de vida m\u00e1s elevadas, y la campa\u00f1a en contra del az\u00facar cuyo t\u00edtulo fue \u201cel az\u00facar mata\u201d.<\/p>\n\n\n\n<p><strong>Las organizaciones agrarias, ASAJA, COAG y UPA, convocamos una concentraci\u00f3n el domingo d\u00eda 9 de enero, a las 11:00 de la mana\u00f1a, a las puertas del Complejo Deportivo Eras de Santa Marina (junto al Pabell\u00f3n Municipal de Deportes de Palencia).<\/strong><\/p>\n\n\n\n<div class=\"wp-block-image\"><figure class=\"aligncenter size-full\"><img loading=\"lazy\" decoding=\"async\" width=\"600\" height=\"780\" src=\"https:\/\/www.asajacyl.com\/palencia\/wp-content\/uploads\/sites\/3\/2022\/01\/image.png\" alt=\"\" class=\"wp-image-9650\" srcset=\"https:\/\/www.asajacyl.com\/palencia\/wp-content\/uploads\/sites\/3\/2022\/01\/image.png 600w, https:\/\/www.asajacyl.com\/palencia\/wp-content\/uploads\/sites\/3\/2022\/01\/image-231x300.png 231w, https:\/\/www.asajacyl.com\/palencia\/wp-content\/uploads\/sites\/3\/2022\/01\/image-323x420.png 323w\" sizes=\"(max-width: 600px) 100vw, 600px\" \/><\/figure><\/div>\n","protected":false},"excerpt":{"rendered":"<p>Seg\u00fan han informado diversos medios de comunicaci\u00f3n, este domingo d\u00eda 9 de enero Pedro S\u00e1nchez visitar\u00e1 Palencia para presentar a los candidatos a procuradores para las elecciones auton\u00f3micas que tendr\u00e1n lugar en Castilla y Le\u00f3n el d\u00eda 13 de febrero. El acto tendr\u00e1 lugar en el front\u00f3n de Eras de Santa Marina, que comparte edificio [&hellip;]<\/p>\n","protected":false},"author":9,"featured_media":9650,"comment_status":"open","ping_status":"open","sticky":false,"template":"","format":"standard","meta":{"footnotes":""},"categories":[9,29,28],"tags":[],"yoast_head":"<!-- This site is optimized with the Yoast SEO plugin v24.5 - https:\/\/yoast.com\/wordpress\/plugins\/seo\/ -->\n<title>ASAJA, COAG Y UPA pedir\u00e1n a Pedro S\u00e1nchez en Palencia la dimisi\u00f3n de Alberto Garz\u00f3n - ASAJA Palencia<\/title>\n<meta name=\"description\" content=\"Seg\u00fan han informado diversos medios de comunicaci\u00f3n, este domingo d\u00eda 9 de enero Pedro S\u00e1nchez visitar\u00e1 Palencia para presentar a los candidatos a\" \/>\n<meta name=\"robots\" content=\"index, follow, max-snippet:-1, max-image-preview:large, max-video-preview:-1\" \/>\n<link rel=\"canonical\" href=\"https:\/\/www.asajacyl.com\/palencia\/asaja-palencia-informa\/asaja-coag-y-upa-pediran-a-pedro-sanchez-en-palencia-la-dimision-de-alberto-garzon\" \/>\n<meta property=\"og:locale\" content=\"es_ES\" \/>\n<meta property=\"og:type\" content=\"article\" \/>\n<meta property=\"og:title\" content=\"ASAJA, COAG Y UPA pedir\u00e1n a Pedro S\u00e1nchez en Palencia la dimisi\u00f3n de Alberto Garz\u00f3n - ASAJA Palencia\" \/>\n<meta property=\"og:description\" content=\"Seg\u00fan han informado diversos medios de comunicaci\u00f3n, este domingo d\u00eda 9 de enero Pedro S\u00e1nchez visitar\u00e1 Palencia para presentar a los candidatos a\" \/>\n<meta property=\"og:url\" content=\"https:\/\/www.asajacyl.com\/palencia\/asaja-palencia-informa\/asaja-coag-y-upa-pediran-a-pedro-sanchez-en-palencia-la-dimision-de-alberto-garzon\" \/>\n<meta property=\"og:site_name\" content=\"ASAJA Palencia\" \/>\n<meta property=\"article:published_time\" content=\"2022-01-07T11:01:53+00:00\" \/>\n<meta property=\"article:modified_time\" content=\"2022-01-07T11:25:37+00:00\" \/>\n<meta property=\"og:image\" content=\"https:\/\/www.asajacyl.com\/palencia\/wp-content\/uploads\/sites\/3\/2022\/01\/image.png\" \/>\n\t<meta property=\"og:image:width\" content=\"600\" \/>\n\t<meta property=\"og:image:height\" content=\"780\" \/>\n\t<meta property=\"og:image:type\" content=\"image\/png\" \/>\n<meta name=\"author\" content=\"Administrador\" \/>\n<meta name=\"twitter:card\" content=\"summary_large_image\" \/>\n<meta name=\"twitter:label1\" content=\"Escrito por\" \/>\n\t<meta name=\"twitter:data1\" content=\"Administrador\" \/>\n\t<meta name=\"twitter:label2\" content=\"Tiempo de lectura\" \/>\n\t<meta name=\"twitter:data2\" content=\"3 minutos\" \/>\n<script type=\"application\/ld+json\" class=\"yoast-schema-graph\">{\"@context\":\"https:\/\/schema.org\",\"@graph\":[{\"@type\":\"WebPage\",\"@id\":\"https:\/\/www.asajacyl.com\/palencia\/asaja-palencia-informa\/asaja-coag-y-upa-pediran-a-pedro-sanchez-en-palencia-la-dimision-de-alberto-garzon\",\"url\":\"https:\/\/www.asajacyl.com\/palencia\/asaja-palencia-informa\/asaja-coag-y-upa-pediran-a-pedro-sanchez-en-palencia-la-dimision-de-alberto-garzon\",\"name\":\"ASAJA, COAG Y UPA pedir\u00e1n a Pedro S\u00e1nchez en Palencia la dimisi\u00f3n de Alberto Garz\u00f3n - ASAJA Palencia\",\"isPartOf\":{\"@id\":\"https:\/\/www.asajacyl.com\/palencia\/#website\"},\"primaryImageOfPage\":{\"@id\":\"https:\/\/www.asajacyl.com\/palencia\/asaja-palencia-informa\/asaja-coag-y-upa-pediran-a-pedro-sanchez-en-palencia-la-dimision-de-alberto-garzon#primaryimage\"},\"image\":{\"@id\":\"https:\/\/www.asajacyl.com\/palencia\/asaja-palencia-informa\/asaja-coag-y-upa-pediran-a-pedro-sanchez-en-palencia-la-dimision-de-alberto-garzon#primaryimage\"},\"thumbnailUrl\":\"https:\/\/www.asajacyl.com\/palencia\/wp-content\/uploads\/sites\/3\/2022\/01\/image.png\",\"datePublished\":\"2022-01-07T11:01:53+00:00\",\"dateModified\":\"2022-01-07T11:25:37+00:00\",\"author\":{\"@id\":\"https:\/\/www.asajacyl.com\/palencia\/#\/schema\/person\/3ab17aeb03527485c317557fae64aab1\"},\"description\":\"Seg\u00fan han informado diversos medios de comunicaci\u00f3n, este domingo d\u00eda 9 de enero Pedro S\u00e1nchez visitar\u00e1 Palencia para presentar a los candidatos a\",\"breadcrumb\":{\"@id\":\"https:\/\/www.asajacyl.com\/palencia\/asaja-palencia-informa\/asaja-coag-y-upa-pediran-a-pedro-sanchez-en-palencia-la-dimision-de-alberto-garzon#breadcrumb\"},\"inLanguage\":\"es\",\"potentialAction\":[{\"@type\":\"ReadAction\",\"target\":[\"https:\/\/www.asajacyl.com\/palencia\/asaja-palencia-informa\/asaja-coag-y-upa-pediran-a-pedro-sanchez-en-palencia-la-dimision-de-alberto-garzon\"]}]},{\"@type\":\"ImageObject\",\"inLanguage\":\"es\",\"@id\":\"https:\/\/www.asajacyl.com\/palencia\/asaja-palencia-informa\/asaja-coag-y-upa-pediran-a-pedro-sanchez-en-palencia-la-dimision-de-alberto-garzon#primaryimage\",\"url\":\"https:\/\/www.asajacyl.com\/palencia\/wp-content\/uploads\/sites\/3\/2022\/01\/image.png\",\"contentUrl\":\"https:\/\/www.asajacyl.com\/palencia\/wp-content\/uploads\/sites\/3\/2022\/01\/image.png\",\"width\":600,\"height\":780},{\"@type\":\"BreadcrumbList\",\"@id\":\"https:\/\/www.asajacyl.com\/palencia\/asaja-palencia-informa\/asaja-coag-y-upa-pediran-a-pedro-sanchez-en-palencia-la-dimision-de-alberto-garzon#breadcrumb\",\"itemListElement\":[{\"@type\":\"ListItem\",\"position\":1,\"name\":\"Portada\",\"item\":\"https:\/\/www.asajacyl.com\/palencia\/\"},{\"@type\":\"ListItem\",\"position\":2,\"name\":\"ASAJA, COAG Y UPA pedir\u00e1n a Pedro S\u00e1nchez en Palencia la dimisi\u00f3n de Alberto Garz\u00f3n\"}]},{\"@type\":\"WebSite\",\"@id\":\"https:\/\/www.asajacyl.com\/palencia\/#website\",\"url\":\"https:\/\/www.asajacyl.com\/palencia\/\",\"name\":\"ASAJA Palencia\",\"description\":\"Otro sitio m\u00e1s de Provincias ASAJA Castilla y Le\u00f3n\",\"potentialAction\":[{\"@type\":\"SearchAction\",\"target\":{\"@type\":\"EntryPoint\",\"urlTemplate\":\"https:\/\/www.asajacyl.com\/palencia\/?s={search_term_string}\"},\"query-input\":{\"@type\":\"PropertyValueSpecification\",\"valueRequired\":true,\"valueName\":\"search_term_string\"}}],\"inLanguage\":\"es\"},{\"@type\":\"Person\",\"@id\":\"https:\/\/www.asajacyl.com\/palencia\/#\/schema\/person\/3ab17aeb03527485c317557fae64aab1\",\"name\":\"Administrador\",\"image\":{\"@type\":\"ImageObject\",\"inLanguage\":\"es\",\"@id\":\"https:\/\/www.asajacyl.com\/palencia\/#\/schema\/person\/image\/\",\"url\":\"https:\/\/secure.gravatar.com\/avatar\/517384810d242ca9e38c180f3c9fb973?s=96&d=mm&r=g\",\"contentUrl\":\"https:\/\/secure.gravatar.com\/avatar\/517384810d242ca9e38c180f3c9fb973?s=96&d=mm&r=g\",\"caption\":\"Administrador\"},\"url\":\"https:\/\/www.asajacyl.com\/palencia\/author\/carlosrm\"}]}<\/script>\n<!-- \/ Yoast SEO plugin. -->","yoast_head_json":{"title":"ASAJA, COAG Y UPA pedir\u00e1n a Pedro S\u00e1nchez en Palencia la dimisi\u00f3n de Alberto Garz\u00f3n - ASAJA Palencia","description":"Seg\u00fan han informado diversos medios de comunicaci\u00f3n, este domingo d\u00eda 9 de enero Pedro S\u00e1nchez visitar\u00e1 Palencia para presentar a los candidatos a","robots":{"index":"index","follow":"follow","max-snippet":"max-snippet:-1","max-image-preview":"max-image-preview:large","max-video-preview":"max-video-preview:-1"},"canonical":"https:\/\/www.asajacyl.com\/palencia\/asaja-palencia-informa\/asaja-coag-y-upa-pediran-a-pedro-sanchez-en-palencia-la-dimision-de-alberto-garzon","og_locale":"es_ES","og_type":"article","og_title":"ASAJA, COAG Y UPA pedir\u00e1n a Pedro S\u00e1nchez en Palencia la dimisi\u00f3n de Alberto Garz\u00f3n - ASAJA Palencia","og_description":"Seg\u00fan han informado diversos medios de comunicaci\u00f3n, este domingo d\u00eda 9 de enero Pedro S\u00e1nchez visitar\u00e1 Palencia para presentar a los candidatos a","og_url":"https:\/\/www.asajacyl.com\/palencia\/asaja-palencia-informa\/asaja-coag-y-upa-pediran-a-pedro-sanchez-en-palencia-la-dimision-de-alberto-garzon","og_site_name":"ASAJA Palencia","article_published_time":"2022-01-07T11:01:53+00:00","article_modified_time":"2022-01-07T11:25:37+00:00","og_image":[{"width":600,"height":780,"url":"https:\/\/www.asajacyl.com\/palencia\/wp-content\/uploads\/sites\/3\/2022\/01\/image.png","type":"image\/png"}],"author":"Administrador","twitter_card":"summary_large_image","twitter_misc":{"Escrito por":"Administrador","Tiempo de lectura":"3 minutos"},"schema":{"@context":"https:\/\/schema.org","@graph":[{"@type":"WebPage","@id":"https:\/\/www.asajacyl.com\/palencia\/asaja-palencia-informa\/asaja-coag-y-upa-pediran-a-pedro-sanchez-en-palencia-la-dimision-de-alberto-garzon","url":"https:\/\/www.asajacyl.com\/palencia\/asaja-palencia-informa\/asaja-coag-y-upa-pediran-a-pedro-sanchez-en-palencia-la-dimision-de-alberto-garzon","name":"ASAJA, COAG Y UPA pedir\u00e1n a Pedro S\u00e1nchez en Palencia la dimisi\u00f3n de Alberto Garz\u00f3n - ASAJA Palencia","isPartOf":{"@id":"https:\/\/www.asajacyl.com\/palencia\/#website"},"primaryImageOfPage":{"@id":"https:\/\/www.asajacyl.com\/palencia\/asaja-palencia-informa\/asaja-coag-y-upa-pediran-a-pedro-sanchez-en-palencia-la-dimision-de-alberto-garzon#primaryimage"},"image":{"@id":"https:\/\/www.asajacyl.com\/palencia\/asaja-palencia-informa\/asaja-coag-y-upa-pediran-a-pedro-sanchez-en-palencia-la-dimision-de-alberto-garzon#primaryimage"},"thumbnailUrl":"https:\/\/www.asajacyl.com\/palencia\/wp-content\/uploads\/sites\/3\/2022\/01\/image.png","datePublished":"2022-01-07T11:01:53+00:00","dateModified":"2022-01-07T11:25:37+00:00","author":{"@id":"https:\/\/www.asajacyl.com\/palencia\/#\/schema\/person\/3ab17aeb03527485c317557fae64aab1"},"description":"Seg\u00fan han informado diversos medios de comunicaci\u00f3n, este domingo d\u00eda 9 de enero Pedro S\u00e1nchez visitar\u00e1 Palencia para presentar a los candidatos a","breadcrumb":{"@id":"https:\/\/www.asajacyl.com\/palencia\/asaja-palencia-informa\/asaja-coag-y-upa-pediran-a-pedro-sanchez-en-palencia-la-dimision-de-alberto-garzon#breadcrumb"},"inLanguage":"es","potentialAction":[{"@type":"ReadAction","target":["https:\/\/www.asajacyl.com\/palencia\/asaja-palencia-informa\/asaja-coag-y-upa-pediran-a-pedro-sanchez-en-palencia-la-dimision-de-alberto-garzon"]}]},{"@type":"ImageObject","inLanguage":"es","@id":"https:\/\/www.asajacyl.com\/palencia\/asaja-palencia-informa\/asaja-coag-y-upa-pediran-a-pedro-sanchez-en-palencia-la-dimision-de-alberto-garzon#primaryimage","url":"https:\/\/www.asajacyl.com\/palencia\/wp-content\/uploads\/sites\/3\/2022\/01\/image.png","contentUrl":"https:\/\/www.asajacyl.com\/palencia\/wp-content\/uploads\/sites\/3\/2022\/01\/image.png","width":600,"height":780},{"@type":"BreadcrumbList","@id":"https:\/\/www.asajacyl.com\/palencia\/asaja-palencia-informa\/asaja-coag-y-upa-pediran-a-pedro-sanchez-en-palencia-la-dimision-de-alberto-garzon#breadcrumb","itemListElement":[{"@type":"ListItem","position":1,"name":"Portada","item":"https:\/\/www.asajacyl.com\/palencia\/"},{"@type":"ListItem","position":2,"name":"ASAJA, COAG Y UPA pedir\u00e1n a Pedro S\u00e1nchez en Palencia la dimisi\u00f3n de Alberto Garz\u00f3n"}]},{"@type":"WebSite","@id":"https:\/\/www.asajacyl.com\/palencia\/#website","url":"https:\/\/www.asajacyl.com\/palencia\/","name":"ASAJA Palencia","description":"Otro sitio m\u00e1s de Provincias ASAJA Castilla y Le\u00f3n","potentialAction":[{"@type":"SearchAction","target":{"@type":"EntryPoint","urlTemplate":"https:\/\/www.asajacyl.com\/palencia\/?s={search_term_string}"},"query-input":{"@type":"PropertyValueSpecification","valueRequired":true,"valueName":"search_term_string"}}],"inLanguage":"es"},{"@type":"Person","@id":"https:\/\/www.asajacyl.com\/palencia\/#\/schema\/person\/3ab17aeb03527485c317557fae64aab1","name":"Administrador","image":{"@type":"ImageObject","inLanguage":"es","@id":"https:\/\/www.asajacyl.com\/palencia\/#\/schema\/person\/image\/","url":"https:\/\/secure.gravatar.com\/avatar\/517384810d242ca9e38c180f3c9fb973?s=96&d=mm&r=g","contentUrl":"https:\/\/secure.gravatar.com\/avatar\/517384810d242ca9e38c180f3c9fb973?s=96&d=mm&r=g","caption":"Administrador"},"url":"https:\/\/www.asajacyl.com\/palencia\/author\/carlosrm"}]}},"_links":{"self":[{"href":"https:\/\/www.asajacyl.com\/palencia\/wp-json\/wp\/v2\/posts\/9648"}],"collection":[{"href":"https:\/\/www.asajacyl.com\/palencia\/wp-json\/wp\/v2\/posts"}],"about":[{"href":"https:\/\/www.asajacyl.com\/palencia\/wp-json\/wp\/v2\/types\/post"}],"author":[{"embeddable":true,"href":"https:\/\/www.asajacyl.com\/palencia\/wp-json\/wp\/v2\/users\/9"}],"replies":[{"embeddable":true,"href":"https:\/\/www.asajacyl.com\/palencia\/wp-json\/wp\/v2\/comments?post=9648"}],"version-history":[{"count":3,"href":"https:\/\/www.asajacyl.com\/palencia\/wp-json\/wp\/v2\/posts\/9648\/revisions"}],"predecessor-version":[{"id":9652,"href":"https:\/\/www.asajacyl.com\/palencia\/wp-json\/wp\/v2\/posts\/9648\/revisions\/9652"}],"wp:featuredmedia":[{"embeddable":true,"href":"https:\/\/www.asajacyl.com\/palencia\/wp-json\/wp\/v2\/media\/9650"}],"wp:attachment":[{"href":"https:\/\/www.asajacyl.com\/palencia\/wp-json\/wp\/v2\/media?parent=9648"}],"wp:term":[{"taxonomy":"category","embeddable":true,"href":"https:\/\/www.asajacyl.com\/palencia\/wp-json\/wp\/v2\/categories?post=9648"},{"taxonomy":"post_tag","embeddable":true,"href":"https:\/\/www.asajacyl.com\/palencia\/wp-json\/wp\/v2\/tags?post=9648"}],"curies":[{"name":"wp","href":"https:\/\/api.w.org\/{rel}","templated":true}]}}