{"id":9653,"date":"2022-01-09T14:58:17","date_gmt":"2022-01-09T13:58:17","guid":{"rendered":"https:\/\/www.asajacyl.com\/palencia\/?p=9653"},"modified":"2022-01-09T15:01:58","modified_gmt":"2022-01-09T14:01:58","slug":"gran-exito-de-participacion-en-palencia-para-pedir-el-cese-del-ministro-garzon","status":"publish","type":"post","link":"https:\/\/www.asajacyl.com\/palencia\/asaja-palencia-informa\/gran-exito-de-participacion-en-palencia-para-pedir-el-cese-del-ministro-garzon","title":{"rendered":"Gran \u00e9xito de participaci\u00f3n en Palencia para pedir el cese del ministro Garz\u00f3n"},"content":{"rendered":"\n<p>Alrededor de mil personas acudieron hoy a la convocatoria realizada por las organizaciones agrarias ASAJA, COAG y UPA para solicitar el cese o la dimisi\u00f3n del ministro de Consumo, Alberto Garz\u00f3n, tras haber ensuciado \u00e9ste el buen hacer de los ganaderos espa\u00f1oles, un buen hacer reconocido internacionalmente como as\u00ed reflejan las exportaciones de productos c\u00e1rnicos que realiza nuestro pa\u00eds a m\u00e1s de cien pa\u00edses.<\/p>\n\n\n\n<p>En un d\u00eda con una climatolog\u00eda inmejorable, agricultores y ganaderos de todas las comarcas de la provincia de Palencia, movidos por esa traici\u00f3n de un ministro que deber\u00eda defender a los productores de alimentos espa\u00f1oles pero que no para de criminalizarlos por intereses pol\u00edticos y eg\u00f3latras, han llenado los alrededores del Pabell\u00f3n Municipal de los Deportes de Palencia y han manifestado su deseo de que Alberto Garz\u00f3n no siga teniendo un puesto en Consejo de Ministros.<\/p>\n\n\n\n<p>La pancarta, exigiendo el cese o la dimisi\u00f3n del ministro de Consumo se coloc\u00f3 en el recorrido que deb\u00eda realizar la comitiva donde se integraba el presidente del Gobierno, Pedro S\u00e1nchez, el cual, pese a haber llegado con tiempo, no se ha dignado a parar para hablar con los convocantes y ha sido introducido en el Complejo Deportivo Eras de Santa Marina por la puerta de atr\u00e1s.<\/p>\n\n\n\n<p>Tras la entrada de Pedro S\u00e1nchez en el front\u00f3n, al que acud\u00eda para un acto pol\u00edtico de su partido, los dirigentes agrarios se han dirigido a los asistentes. Honorato Meneses, presidente de ASAJA-Palencia, ha recordado que \u00abla carne que se produce en Espa\u00f1a es de primera calidad, se produce de forma totalmente sostenible y llega al consumidor a precios asequibles\u00bb, tambi\u00e9n record\u00f3 que \u00ablas declaraciones realizadas por el ministro de Consumo han hecho un flaco favor a la ganader\u00eda y a la industria c\u00e1rnica espa\u00f1ola\u00bb porque el ministro ha traicionado a los espa\u00f1oles llevando sus declaraciones a medios de prensa extranjeros\u00bb, concretamente el peri\u00f3dico brit\u00e1nico \u00abThe Guardian\u00bb, por \u00faltimo ha incidido en que \u00abel culpable de las declaraciones del ministro es \u00e9l mismo pero la culpa de que sea ministro es del presidente Pedro S\u00e1nchez, que ha dejado en la estacada al sector ganadero espa\u00f1ol.<\/p>\n\n\n\n<p>En los \u00faltimos d\u00edas, ha existido una corriente de peticiones de dimisi\u00f3n del ministro Garz\u00f3n, destacando las declaraciones de Pedro Barato, presidente nacional de ASAJA, que ha acusado a Garz\u00f3n de un comportamiento irresponsable, recordando que \u00abla industria ganadera espa\u00f1ola depende de las exportaciones para sobrevivir\u201d y que \u00abno se puede enviar este tipo de mensaje en la prensa internacional\u00bb. Por su parte, Donaciano Dujo, presidente de ASAJA Castilla y Le\u00f3n, tild\u00f3 las declaraciones del ministro como \u00abfalsas\u00bb ya que \u00absi hay un pa\u00eds en el mundo donde podemos tener la cabeza bien alta en cuanto a las producciones ganaderas es en Espa\u00f1a\u00bb y record\u00f3 \u00abque ya se hab\u00eda pedido la dimisi\u00f3n de este ministro en anteriores ocasiones\u00bb.<\/p>\n\n\n\n<figure class=\"wp-block-video\"><video controls src=\"https:\/\/www.asajacyl.com\/palencia\/wp-content\/uploads\/sites\/3\/2022\/01\/3a1af84d-1936-498c-aa36-b41244dd37b9.mp4\"><\/video><\/figure>\n\n\n\n<p><\/p>\n\n\n\n<p><\/p>\n","protected":false},"excerpt":{"rendered":"<p>Alrededor de mil personas acudieron hoy a la convocatoria realizada por las organizaciones agrarias ASAJA, COAG y UPA para solicitar el cese o la dimisi\u00f3n del ministro de Consumo, Alberto Garz\u00f3n, tras haber ensuciado \u00e9ste el buen hacer de los ganaderos espa\u00f1oles, un buen hacer reconocido internacionalmente como as\u00ed reflejan las exportaciones de productos c\u00e1rnicos [&hellip;]<\/p>\n","protected":false},"author":9,"featured_media":9657,"comment_status":"open","ping_status":"open","sticky":false,"template":"","format":"standard","meta":{"footnotes":""},"categories":[9,29,28],"tags":[],"yoast_head":"<!-- This site is optimized with the Yoast SEO plugin v24.5 - https:\/\/yoast.com\/wordpress\/plugins\/seo\/ -->\n<title>Gran \u00e9xito de participaci\u00f3n en Palencia para pedir el cese del ministro Garz\u00f3n - ASAJA Palencia<\/title>\n<meta name=\"description\" content=\"Alrededor de mil personas acudieron hoy a la convocatoria realizada por las organizaciones agrarias ASAJA, COAG y UPA para solicitar el cese o la dimisi\u00f3n\" \/>\n<meta name=\"robots\" content=\"index, follow, max-snippet:-1, max-image-preview:large, max-video-preview:-1\" \/>\n<link rel=\"canonical\" href=\"https:\/\/www.asajacyl.com\/palencia\/asaja-palencia-informa\/gran-exito-de-participacion-en-palencia-para-pedir-el-cese-del-ministro-garzon\" \/>\n<meta property=\"og:locale\" content=\"es_ES\" \/>\n<meta property=\"og:type\" content=\"article\" \/>\n<meta property=\"og:title\" content=\"Gran \u00e9xito de participaci\u00f3n en Palencia para pedir el cese del ministro Garz\u00f3n - ASAJA Palencia\" \/>\n<meta property=\"og:description\" content=\"Alrededor de mil personas acudieron hoy a la convocatoria realizada por las organizaciones agrarias ASAJA, COAG y UPA para solicitar el cese o la dimisi\u00f3n\" \/>\n<meta property=\"og:url\" content=\"https:\/\/www.asajacyl.com\/palencia\/asaja-palencia-informa\/gran-exito-de-participacion-en-palencia-para-pedir-el-cese-del-ministro-garzon\" \/>\n<meta property=\"og:site_name\" content=\"ASAJA Palencia\" \/>\n<meta property=\"article:published_time\" content=\"2022-01-09T13:58:17+00:00\" \/>\n<meta property=\"article:modified_time\" content=\"2022-01-09T14:01:58+00:00\" \/>\n<meta property=\"og:image\" content=\"https:\/\/www.asajacyl.com\/palencia\/wp-content\/uploads\/sites\/3\/2022\/01\/IMG_6615-e1641736682270.jpg\" \/>\n\t<meta property=\"og:image:width\" content=\"1743\" \/>\n\t<meta property=\"og:image:height\" content=\"1018\" \/>\n\t<meta property=\"og:image:type\" content=\"image\/jpeg\" \/>\n<meta name=\"author\" content=\"Administrador\" \/>\n<meta name=\"twitter:card\" content=\"summary_large_image\" \/>\n<meta name=\"twitter:label1\" content=\"Escrito por\" \/>\n\t<meta name=\"twitter:data1\" content=\"Administrador\" \/>\n\t<meta name=\"twitter:label2\" content=\"Tiempo de lectura\" \/>\n\t<meta name=\"twitter:data2\" content=\"3 minutos\" \/>\n<script type=\"application\/ld+json\" class=\"yoast-schema-graph\">{\"@context\":\"https:\/\/schema.org\",\"@graph\":[{\"@type\":\"WebPage\",\"@id\":\"https:\/\/www.asajacyl.com\/palencia\/asaja-palencia-informa\/gran-exito-de-participacion-en-palencia-para-pedir-el-cese-del-ministro-garzon\",\"url\":\"https:\/\/www.asajacyl.com\/palencia\/asaja-palencia-informa\/gran-exito-de-participacion-en-palencia-para-pedir-el-cese-del-ministro-garzon\",\"name\":\"Gran \u00e9xito de participaci\u00f3n en Palencia para pedir el cese del ministro Garz\u00f3n - ASAJA Palencia\",\"isPartOf\":{\"@id\":\"https:\/\/www.asajacyl.com\/palencia\/#website\"},\"primaryImageOfPage\":{\"@id\":\"https:\/\/www.asajacyl.com\/palencia\/asaja-palencia-informa\/gran-exito-de-participacion-en-palencia-para-pedir-el-cese-del-ministro-garzon#primaryimage\"},\"image\":{\"@id\":\"https:\/\/www.asajacyl.com\/palencia\/asaja-palencia-informa\/gran-exito-de-participacion-en-palencia-para-pedir-el-cese-del-ministro-garzon#primaryimage\"},\"thumbnailUrl\":\"https:\/\/www.asajacyl.com\/palencia\/wp-content\/uploads\/sites\/3\/2022\/01\/IMG_6615-e1641736682270.jpg\",\"datePublished\":\"2022-01-09T13:58:17+00:00\",\"dateModified\":\"2022-01-09T14:01:58+00:00\",\"author\":{\"@id\":\"https:\/\/www.asajacyl.com\/palencia\/#\/schema\/person\/3ab17aeb03527485c317557fae64aab1\"},\"description\":\"Alrededor de mil personas acudieron hoy a la convocatoria realizada por las organizaciones agrarias ASAJA, COAG y UPA para solicitar el cese o la dimisi\u00f3n\",\"breadcrumb\":{\"@id\":\"https:\/\/www.asajacyl.com\/palencia\/asaja-palencia-informa\/gran-exito-de-participacion-en-palencia-para-pedir-el-cese-del-ministro-garzon#breadcrumb\"},\"inLanguage\":\"es\",\"potentialAction\":[{\"@type\":\"ReadAction\",\"target\":[\"https:\/\/www.asajacyl.com\/palencia\/asaja-palencia-informa\/gran-exito-de-participacion-en-palencia-para-pedir-el-cese-del-ministro-garzon\"]}]},{\"@type\":\"ImageObject\",\"inLanguage\":\"es\",\"@id\":\"https:\/\/www.asajacyl.com\/palencia\/asaja-palencia-informa\/gran-exito-de-participacion-en-palencia-para-pedir-el-cese-del-ministro-garzon#primaryimage\",\"url\":\"https:\/\/www.asajacyl.com\/palencia\/wp-content\/uploads\/sites\/3\/2022\/01\/IMG_6615-e1641736682270.jpg\",\"contentUrl\":\"https:\/\/www.asajacyl.com\/palencia\/wp-content\/uploads\/sites\/3\/2022\/01\/IMG_6615-e1641736682270.jpg\",\"width\":1743,\"height\":1018},{\"@type\":\"BreadcrumbList\",\"@id\":\"https:\/\/www.asajacyl.com\/palencia\/asaja-palencia-informa\/gran-exito-de-participacion-en-palencia-para-pedir-el-cese-del-ministro-garzon#breadcrumb\",\"itemListElement\":[{\"@type\":\"ListItem\",\"position\":1,\"name\":\"Portada\",\"item\":\"https:\/\/www.asajacyl.com\/palencia\/\"},{\"@type\":\"ListItem\",\"position\":2,\"name\":\"Gran \u00e9xito de participaci\u00f3n en Palencia para pedir el cese del ministro Garz\u00f3n\"}]},{\"@type\":\"WebSite\",\"@id\":\"https:\/\/www.asajacyl.com\/palencia\/#website\",\"url\":\"https:\/\/www.asajacyl.com\/palencia\/\",\"name\":\"ASAJA Palencia\",\"description\":\"Otro sitio m\u00e1s de Provincias ASAJA Castilla y Le\u00f3n\",\"potentialAction\":[{\"@type\":\"SearchAction\",\"target\":{\"@type\":\"EntryPoint\",\"urlTemplate\":\"https:\/\/www.asajacyl.com\/palencia\/?s={search_term_string}\"},\"query-input\":{\"@type\":\"PropertyValueSpecification\",\"valueRequired\":true,\"valueName\":\"search_term_string\"}}],\"inLanguage\":\"es\"},{\"@type\":\"Person\",\"@id\":\"https:\/\/www.asajacyl.com\/palencia\/#\/schema\/person\/3ab17aeb03527485c317557fae64aab1\",\"name\":\"Administrador\",\"image\":{\"@type\":\"ImageObject\",\"inLanguage\":\"es\",\"@id\":\"https:\/\/www.asajacyl.com\/palencia\/#\/schema\/person\/image\/\",\"url\":\"https:\/\/secure.gravatar.com\/avatar\/517384810d242ca9e38c180f3c9fb973?s=96&d=mm&r=g\",\"contentUrl\":\"https:\/\/secure.gravatar.com\/avatar\/517384810d242ca9e38c180f3c9fb973?s=96&d=mm&r=g\",\"caption\":\"Administrador\"},\"url\":\"https:\/\/www.asajacyl.com\/palencia\/author\/carlosrm\"}]}<\/script>\n<!-- \/ Yoast SEO plugin. -->","yoast_head_json":{"title":"Gran \u00e9xito de participaci\u00f3n en Palencia para pedir el cese del ministro Garz\u00f3n - ASAJA Palencia","description":"Alrededor de mil personas acudieron hoy a la convocatoria realizada por las organizaciones agrarias ASAJA, COAG y UPA para solicitar el cese o la dimisi\u00f3n","robots":{"index":"index","follow":"follow","max-snippet":"max-snippet:-1","max-image-preview":"max-image-preview:large","max-video-preview":"max-video-preview:-1"},"canonical":"https:\/\/www.asajacyl.com\/palencia\/asaja-palencia-informa\/gran-exito-de-participacion-en-palencia-para-pedir-el-cese-del-ministro-garzon","og_locale":"es_ES","og_type":"article","og_title":"Gran \u00e9xito de participaci\u00f3n en Palencia para pedir el cese del ministro Garz\u00f3n - ASAJA Palencia","og_description":"Alrededor de mil personas acudieron hoy a la convocatoria realizada por las organizaciones agrarias ASAJA, COAG y UPA para solicitar el cese o la dimisi\u00f3n","og_url":"https:\/\/www.asajacyl.com\/palencia\/asaja-palencia-informa\/gran-exito-de-participacion-en-palencia-para-pedir-el-cese-del-ministro-garzon","og_site_name":"ASAJA Palencia","article_published_time":"2022-01-09T13:58:17+00:00","article_modified_time":"2022-01-09T14:01:58+00:00","og_image":[{"width":1743,"height":1018,"url":"https:\/\/www.asajacyl.com\/palencia\/wp-content\/uploads\/sites\/3\/2022\/01\/IMG_6615-e1641736682270.jpg","type":"image\/jpeg"}],"author":"Administrador","twitter_card":"summary_large_image","twitter_misc":{"Escrito por":"Administrador","Tiempo de lectura":"3 minutos"},"schema":{"@context":"https:\/\/schema.org","@graph":[{"@type":"WebPage","@id":"https:\/\/www.asajacyl.com\/palencia\/asaja-palencia-informa\/gran-exito-de-participacion-en-palencia-para-pedir-el-cese-del-ministro-garzon","url":"https:\/\/www.asajacyl.com\/palencia\/asaja-palencia-informa\/gran-exito-de-participacion-en-palencia-para-pedir-el-cese-del-ministro-garzon","name":"Gran \u00e9xito de participaci\u00f3n en Palencia para pedir el cese del ministro Garz\u00f3n - ASAJA Palencia","isPartOf":{"@id":"https:\/\/www.asajacyl.com\/palencia\/#website"},"primaryImageOfPage":{"@id":"https:\/\/www.asajacyl.com\/palencia\/asaja-palencia-informa\/gran-exito-de-participacion-en-palencia-para-pedir-el-cese-del-ministro-garzon#primaryimage"},"image":{"@id":"https:\/\/www.asajacyl.com\/palencia\/asaja-palencia-informa\/gran-exito-de-participacion-en-palencia-para-pedir-el-cese-del-ministro-garzon#primaryimage"},"thumbnailUrl":"https:\/\/www.asajacyl.com\/palencia\/wp-content\/uploads\/sites\/3\/2022\/01\/IMG_6615-e1641736682270.jpg","datePublished":"2022-01-09T13:58:17+00:00","dateModified":"2022-01-09T14:01:58+00:00","author":{"@id":"https:\/\/www.asajacyl.com\/palencia\/#\/schema\/person\/3ab17aeb03527485c317557fae64aab1"},"description":"Alrededor de mil personas acudieron hoy a la convocatoria realizada por las organizaciones agrarias ASAJA, COAG y UPA para solicitar el cese o la dimisi\u00f3n","breadcrumb":{"@id":"https:\/\/www.asajacyl.com\/palencia\/asaja-palencia-informa\/gran-exito-de-participacion-en-palencia-para-pedir-el-cese-del-ministro-garzon#breadcrumb"},"inLanguage":"es","potentialAction":[{"@type":"ReadAction","target":["https:\/\/www.asajacyl.com\/palencia\/asaja-palencia-informa\/gran-exito-de-participacion-en-palencia-para-pedir-el-cese-del-ministro-garzon"]}]},{"@type":"ImageObject","inLanguage":"es","@id":"https:\/\/www.asajacyl.com\/palencia\/asaja-palencia-informa\/gran-exito-de-participacion-en-palencia-para-pedir-el-cese-del-ministro-garzon#primaryimage","url":"https:\/\/www.asajacyl.com\/palencia\/wp-content\/uploads\/sites\/3\/2022\/01\/IMG_6615-e1641736682270.jpg","contentUrl":"https:\/\/www.asajacyl.com\/palencia\/wp-content\/uploads\/sites\/3\/2022\/01\/IMG_6615-e1641736682270.jpg","width":1743,"height":1018},{"@type":"BreadcrumbList","@id":"https:\/\/www.asajacyl.com\/palencia\/asaja-palencia-informa\/gran-exito-de-participacion-en-palencia-para-pedir-el-cese-del-ministro-garzon#breadcrumb","itemListElement":[{"@type":"ListItem","position":1,"name":"Portada","item":"https:\/\/www.asajacyl.com\/palencia\/"},{"@type":"ListItem","position":2,"name":"Gran \u00e9xito de participaci\u00f3n en Palencia para pedir el cese del ministro Garz\u00f3n"}]},{"@type":"WebSite","@id":"https:\/\/www.asajacyl.com\/palencia\/#website","url":"https:\/\/www.asajacyl.com\/palencia\/","name":"ASAJA Palencia","description":"Otro sitio m\u00e1s de Provincias ASAJA Castilla y Le\u00f3n","potentialAction":[{"@type":"SearchAction","target":{"@type":"EntryPoint","urlTemplate":"https:\/\/www.asajacyl.com\/palencia\/?s={search_term_string}"},"query-input":{"@type":"PropertyValueSpecification","valueRequired":true,"valueName":"search_term_string"}}],"inLanguage":"es"},{"@type":"Person","@id":"https:\/\/www.asajacyl.com\/palencia\/#\/schema\/person\/3ab17aeb03527485c317557fae64aab1","name":"Administrador","image":{"@type":"ImageObject","inLanguage":"es","@id":"https:\/\/www.asajacyl.com\/palencia\/#\/schema\/person\/image\/","url":"https:\/\/secure.gravatar.com\/avatar\/517384810d242ca9e38c180f3c9fb973?s=96&d=mm&r=g","contentUrl":"https:\/\/secure.gravatar.com\/avatar\/517384810d242ca9e38c180f3c9fb973?s=96&d=mm&r=g","caption":"Administrador"},"url":"https:\/\/www.asajacyl.com\/palencia\/author\/carlosrm"}]}},"_links":{"self":[{"href":"https:\/\/www.asajacyl.com\/palencia\/wp-json\/wp\/v2\/posts\/9653"}],"collection":[{"href":"https:\/\/www.asajacyl.com\/palencia\/wp-json\/wp\/v2\/posts"}],"about":[{"href":"https:\/\/www.asajacyl.com\/palencia\/wp-json\/wp\/v2\/types\/post"}],"author":[{"embeddable":true,"href":"https:\/\/www.asajacyl.com\/palencia\/wp-json\/wp\/v2\/users\/9"}],"replies":[{"embeddable":true,"href":"https:\/\/www.asajacyl.com\/palencia\/wp-json\/wp\/v2\/comments?post=9653"}],"version-history":[{"count":6,"href":"https:\/\/www.asajacyl.com\/palencia\/wp-json\/wp\/v2\/posts\/9653\/revisions"}],"predecessor-version":[{"id":9666,"href":"https:\/\/www.asajacyl.com\/palencia\/wp-json\/wp\/v2\/posts\/9653\/revisions\/9666"}],"wp:featuredmedia":[{"embeddable":true,"href":"https:\/\/www.asajacyl.com\/palencia\/wp-json\/wp\/v2\/media\/9657"}],"wp:attachment":[{"href":"https:\/\/www.asajacyl.com\/palencia\/wp-json\/wp\/v2\/media?parent=9653"}],"wp:term":[{"taxonomy":"category","embeddable":true,"href":"https:\/\/www.asajacyl.com\/palencia\/wp-json\/wp\/v2\/categories?post=9653"},{"taxonomy":"post_tag","embeddable":true,"href":"https:\/\/www.asajacyl.com\/palencia\/wp-json\/wp\/v2\/tags?post=9653"}],"curies":[{"name":"wp","href":"https:\/\/api.w.org\/{rel}","templated":true}]}}