{"id":9669,"date":"2022-01-19T16:26:00","date_gmt":"2022-01-19T15:26:00","guid":{"rendered":"https:\/\/www.asajacyl.com\/palencia\/?p=9669"},"modified":"2022-01-18T07:09:42","modified_gmt":"2022-01-18T06:09:42","slug":"los-grandes-carnivoros-una-amenaza-para-el-bienestar-de-los-humanos-y-los-animales-domesticos-en-las-zonas-rurales","status":"publish","type":"post","link":"https:\/\/www.asajacyl.com\/palencia\/asaja-palencia-informa\/los-grandes-carnivoros-una-amenaza-para-el-bienestar-de-los-humanos-y-los-animales-domesticos-en-las-zonas-rurales","title":{"rendered":"Los grandes carn\u00edvoros: una amenaza para el bienestar de los humanos y los animales dom\u00e9sticos en las zonas rurales"},"content":{"rendered":"\n<p><strong>Antecedentes<\/strong><\/p>\n\n\n\n<p>El tema de los grandes carn\u00edvoros y de los da\u00f1os que provocan a los medios de subsistencia de los agricultores ha dado pie a debates pol\u00edticos desde la primera vez que un depredador apareciera ante un ganadero. Sin embargo, pese a los esfuerzos de los ganaderos y las medidas adoptadas por &nbsp;la &nbsp;administraci\u00f3n&nbsp; p\u00fablica &nbsp;en &nbsp;los &nbsp;pa\u00edses &nbsp;de &nbsp;la &nbsp;Uni\u00f3n &nbsp;Europea &nbsp;afectados, &nbsp;el &nbsp;estatus &nbsp;de protecci\u00f3n estricta del que gozan los carn\u00edvoros vuelve ineficaces e insuficientes las medidas que se han tomado con el fin de garantizar una coexistencia en armon\u00eda entre los humanos y los depredadores salvajes.<\/p>\n\n\n\n<p>La semana que viene la Comisi\u00f3n de Agricultura del Parlamento Europeo incluir\u00e1 este tema, una vez m\u00e1s, en su orden del d\u00eda para profundizar en la cuesti\u00f3n. Con ello, yo espero que ocurra un cambio de &nbsp;verdad y &nbsp;que &nbsp;se &nbsp;pongan de &nbsp;manifiesto los &nbsp;devastadores da\u00f1os&nbsp; causados por &nbsp;los grandes carn\u00edvoros en perjuicio del bienestar de las personas y los animales dom\u00e9sticos, as\u00ed como la amenaza constante que esos grandes carn\u00edvoros representan para nuestra poblaci\u00f3n rural.<\/p>\n\n\n\n<p>Tal y como se observa, el crecimiento desenfrenado de las poblaciones de especies de grandes carn\u00edvoros en Europa trae consigo la recolonizaci\u00f3n de las zonas rurales, e incluso urbanas, por parte de tales especies. Prueba de ello es la presencia de lobos, osos e incluso linces en lugares donde no se les ve\u00eda desde hace d\u00e9cadas, o nunca antes siquiera. Los perros, las ovejas, los terneros, los ponis y los humanos son v\u00edctimas de ataques incontrolados que provocan desde rasgu\u00f1os hasta la muerte en muchos casos. En Francia tan solo en el a\u00f1o 2020 la poblaci\u00f3n de lobos en el territorio nacional acab\u00f3 con la vida de 9.872 animales, principalmente ovejas. En Ruman\u00eda, entre 2018 y 2021, los osos han matado a casi una treintena de personas.<\/p>\n\n\n\n<p>Las estad\u00edsticas que aqu\u00ed se presentan no incluyen a todos los pa\u00edses europeos afectados ni a todas a las especies de grandes carn\u00edvoros que provocan da\u00f1os, pero nos ayudan a visualizar la magnitud de este problema en Europa. Estos datos son algunas de las cifras relevantes transmitidas por las administraciones nacionales y que nos pueden ayudar a comprender el alcance y la evoluci\u00f3n de esta cuesti\u00f3n.<\/p>\n\n\n\n<figure class=\"wp-block-image size-large\"><img loading=\"lazy\" decoding=\"async\" width=\"1024\" height=\"686\" src=\"https:\/\/www.asajacyl.com\/palencia\/wp-content\/uploads\/sites\/3\/2022\/01\/image-2-1024x686.jpg\" alt=\"\" class=\"wp-image-9671\" srcset=\"https:\/\/www.asajacyl.com\/palencia\/wp-content\/uploads\/sites\/3\/2022\/01\/image-2-1024x686.jpg 1024w, https:\/\/www.asajacyl.com\/palencia\/wp-content\/uploads\/sites\/3\/2022\/01\/image-2-300x201.jpg 300w, https:\/\/www.asajacyl.com\/palencia\/wp-content\/uploads\/sites\/3\/2022\/01\/image-2-768x515.jpg 768w, https:\/\/www.asajacyl.com\/palencia\/wp-content\/uploads\/sites\/3\/2022\/01\/image-2-696x466.jpg 696w, https:\/\/www.asajacyl.com\/palencia\/wp-content\/uploads\/sites\/3\/2022\/01\/image-2-1068x716.jpg 1068w, https:\/\/www.asajacyl.com\/palencia\/wp-content\/uploads\/sites\/3\/2022\/01\/image-2-627x420.jpg 627w, https:\/\/www.asajacyl.com\/palencia\/wp-content\/uploads\/sites\/3\/2022\/01\/image-2.jpg 1325w\" sizes=\"(max-width: 1024px) 100vw, 1024px\" \/><\/figure>\n\n\n\n<p>Los costes<\/p>\n\n\n\n<p>El coste para &nbsp;los contribuyentes europeos &nbsp;asciende &nbsp;a 28 millones y medio &nbsp;de euros al a\u00f1o en concepto de compensaciones por los da\u00f1os provocados a los animales, a los bienes materiales y a la infraestructura local. El coste medio &nbsp;anual &nbsp;por&nbsp; depredador entre &nbsp;2005 y 2013 fue de 2.400 euros en el caso del lobo y de 1.8oo en el caso del oso. Si sumamos a ello el coste de las medidas de mitigaci\u00f3n impuestas a los agricultores, silvicultores &nbsp;y habitantes de la zonas rurales &nbsp;en el contexto de su vida diaria, el programa &nbsp;LIFE cost\u00f3 88 &nbsp;millones de euros desde su creaci\u00f3n, m\u00e1s los 36 millones adicionales que se han prometido destinar &nbsp;a otras medidas.<\/p>\n\n\n\n<p>No obstante, el verdadero coste de este problema no es de \u00edndole econ\u00f3mica, sino psicol\u00f3gica, por los efectos que puede causar a las personas y los animales dom\u00e9sticos.<\/p>\n\n\n\n<p>Desde los casos de heridas &nbsp;hasta &nbsp;los abortos, &nbsp;pasando &nbsp;por&nbsp; la disminuci\u00f3n de la fertilidad &nbsp;y la p\u00e9rdida &nbsp;\u00edntegra &nbsp;de los reba\u00f1os, los ganaderos padecen &nbsp;diversos &nbsp;da\u00f1os &nbsp;psicol\u00f3gicos. Los perros pastores &nbsp;para &nbsp;proteger &nbsp;al reba\u00f1o, financiados &nbsp;parcialmente con fondos de la Uni\u00f3n Europea, &nbsp;a menudo acaban heridos o muertos a causa de la intensidad f\u00edsica del ataque de un depredador.<\/p>\n\n\n\n<p>Ante un episodio semejante, &nbsp;un ganadero &nbsp;tiene que soportar la p\u00e9rdida &nbsp;de su reba\u00f1o, la p\u00e9rdida de sus ingresos, el incremento de los costes de la mano de obra y del material, adem\u00e1s de tener que financiar &nbsp;con fondos propios &nbsp;el 20% de las medidas de protecci\u00f3n &nbsp;adoptadas. A esto se le a\u00f1ade la presi\u00f3n psicol\u00f3gica de estar constantemente en vilo por el pr\u00f3ximo ataque que ocurrir\u00e1, sin saber si el reba\u00f1o sobrevivir\u00e1 al cabo de la noche. Algunos ganaderos se han acostumbrado a pasar la noche en un saco de dormir junto a sus reba\u00f1os, alejados de sus familias y sus casas, con la intenci\u00f3n de proteger &nbsp;as\u00ed su medio de subsistencia. Por su parte, los habitantes de las zonas rurales &nbsp;viven con el sentimiento de que el pueblo que conocen desde siempre &nbsp;o en el que han decidido residir ya no es un lugar seguro. Y los senderistas o turistas &nbsp;se sienten &nbsp;todav\u00eda m\u00e1s en peligro al pasear por un paraje natural en el que hace cinco a\u00f1os quiz\u00e1s no hab\u00eda ni depredadores y donde ahora son numerosos y peligrosos.<\/p>\n\n\n\n<p><strong>La ineficacia de las medidas de protecci\u00f3n<\/strong><\/p>\n\n\n\n<p>Perm\u00edtanme enumerar algunas de las medidas que la Comisi\u00f3n Europea presenta como la soluci\u00f3n que har\u00e1 posible la \u00abcoexistencia en armon\u00eda\u00bb entre los depredadores y sus presas: vallas de protecci\u00f3n, perros de protecci\u00f3n de reba\u00f1os, dispositivos para ahuyentar con ruidos, establos para el ganado y vigilancia. Sin embargo, estas medidas no resultan eficaces para frenar los crecientes ataques ni su ferocidad. Las zonas m\u00e1s protegidas son aqu\u00e9llas en las que los depredadores ejercen una mayor presi\u00f3n. En efecto, los depredadores logran pasar por encima o por debajo de los cercados, se acostumbran a los ruidos fuertes que forman parte de sus rituales de ataque, y los edificios de las granjas se convierten en un espacio confinado del que las presas no pueden escapar. Adem\u00e1s, en las zonas que los grandes carn\u00edvoros van recolonizando, los depredadores pocas veces sienten miedo de los humanos, debido a su falta de contacto con ellos o al temor por los asentamientos urbanos, por lo que los dispositivos para espantarlos no les afectan realmente.<\/p>\n\n\n\n<p>La inacci\u00f3n de la UE en este \u00e1mbito supone una grave violaci\u00f3n del bienestar de los animales. Pareciera que &nbsp;se &nbsp;considerara superfluo el &nbsp;ganado y &nbsp;fuera&nbsp; normal que &nbsp;sufriera para &nbsp;que &nbsp;las especies &nbsp;salvajes &nbsp;puedan &nbsp;sobrevivir. &nbsp;Si bien &nbsp;al &nbsp;principio &nbsp;la &nbsp;disminuci\u00f3n &nbsp;de &nbsp;las &nbsp;especies depredadoras era un factor de preocupaci\u00f3n, hoy en d\u00eda, al no limitarse los ataques, el hecho de que haya comida a su libre disposici\u00f3n hace que estas poblaciones crezcan exponencialmente y de forma incontrolada.<\/p>\n\n\n\n<p>Por mi propia experiencia como agricultora y ganadera en Francia, s\u00e9 que el \u00abplan franc\u00e9s para la gesti\u00f3n&nbsp; del &nbsp;lobo\u00bb &nbsp;y &nbsp;estas &nbsp;medidas, ya &nbsp;sean &nbsp;preventivas o &nbsp;financieras, carecen de &nbsp;eficacia &nbsp;y resultan, en general, peligrosas para los humanos y los animales dom\u00e9sticos de nuestros territorios rurales. No obstante, no se trata \u00fanicamente de un problema franc\u00e9s, sino europeo, que conlleva medidas y restricciones a escala europea y que, por consiguiente, necesita una soluci\u00f3n europea. Los fondos para proteger a las zonas rurales de los grandes carn\u00edvoros no deber\u00edan provenir de la PAC ni del bolsillo de los ganaderos. Si la sociedad civil y la Comisi\u00f3n desean que los lobos, los osos y los linces campen a sus anchas, que utilicen otros fondos pero no los de agricultura, ya que los agricultores no pueden ser los \u00fanicos en sufrir las consecuencias financieras. Cada a\u00f1o se retiran fondos del presupuesto de la PAC para poner en marcha esas medidas &nbsp;que &nbsp;no &nbsp;logran &nbsp;su &nbsp;objetivo &nbsp;y &nbsp;lo &nbsp;\u00fanico &nbsp;que &nbsp;hacen &nbsp;es &nbsp;privar &nbsp;a &nbsp;los &nbsp;agricultores&nbsp; de financiaci\u00f3n que podr\u00edan aprovechar para fines econ\u00f3micos m\u00e1s importantes.<\/p>\n\n\n\n<p><strong>Soluciones concretas para el futuro<\/strong><\/p>\n\n\n\n<p>La Directiva sobre los h\u00e1bitats prev\u00e9 la posibilidad de conceder excepciones en casos particulares de necesidad por razones geogr\u00e1ficas, lo cual permite gestionar las poblaciones y garantizar una convivencia en armon\u00eda en lugares como Letonia, como es el caso con su poblaci\u00f3n de linces. Sin embargo, estas excepciones son muy escasas y su concesi\u00f3n puede ser muy compleja, en funci\u00f3n del pa\u00eds. A la luz de este aut\u00e9ntico peligro en nuestros territorios rurales, es el momento de conceder excepciones que devuelvan el control y la seguridad a los habitantes de estas zonas.<\/p>\n\n\n\n<p>Asimismo, para garantizar una soluci\u00f3n a largo plazo y realista al problema de la explosi\u00f3n demogr\u00e1fica y territorial de las poblaciones de grandes carn\u00edvoros en el campo, es indispensable modificar los anexos de la Directiva sobre los h\u00e1bitats, con el fin de garantizar una mejor gesti\u00f3n de determinadas especies cuya poblaci\u00f3n es estable y est\u00e1 en buen estado, en favor del bienestar de las personas y la naturaleza.<\/p>\n\n\n\n<p>En la actualidad, grandes carn\u00edvoros como el lobo, el oso y el lince pertenecen a la categor\u00eda de especies \u00abestrictamente protegidas\u00bb, de forma que, para lograr resultados duraderos e inmediatos, es necesario ajustar su categor\u00eda a especies \u00abprotegidas\u00bb. La gesti\u00f3n de estas poblaciones es la \u00fanica manera de restablecer la armon\u00eda y volver a desarrollar la naturaleza en<\/p>\n\n\n\n<p>los paisajes europeos, incluida la biodiversidad que se mantiene gracias al pastoreo, que adem\u00e1s forma parte del patrimonio mundial de la UNESCO.<\/p>\n\n\n\n<p>En su origen, esta cuesti\u00f3n ten\u00eda una soluci\u00f3n inmemorial: la protecci\u00f3n adecuada y proporcionada ante los ataques. Sin embargo, se vio trastocada radicalmente por la Directiva sobre los h\u00e1bitats, que data de hace treinta a\u00f1os y que deja a las personas y a los animales dom\u00e9sticos a la merced de los ataques, mientras la Comisi\u00f3n Europea sigue de brazos cruzados. Gracias a esta Directiva, los grandes carn\u00edvoros est\u00e1n estrictamente protegidos desde 1992 en detrimento de la seguridad de las personas y de otros animales. La Directiva en cuesti\u00f3n proh\u00edbe gestionar debidamente las poblaciones de dichos depredadores desde hace tanto tiempo que la Comisi\u00f3n cree casi imposible poder cambiar los l\u00edmites y volver a dar preferencia a los humanos por encima de la expansi\u00f3n de la fauna silvestre en nuestros territorios.<\/p>\n\n\n\n<p><strong>Mientras tanto, surgen las siguientes preguntas:<\/strong><\/p>\n\n\n\n<p><strong>\u00bfCu\u00e1ndo tomar\u00e1 medidas la Comisi\u00f3n para proteger a sus ganaderos, ciudadanos y animales dom\u00e9sticos?<\/strong><\/p>\n\n\n\n<p><strong>\u00bfEsperar\u00e1 a que ocurra el primer ataque a un habitante de una zona urbana en su proprio jard\u00edn?<\/strong><\/p>\n\n\n\n<p><strong>\u00bfSer\u00e1 entonces demasiado tarde para actuar?<\/strong><\/p>\n\n\n\n<p>Mich\u00e8le Boudoin<\/p>\n\n\n\n<p>Presidenta del Grupo de Trabajo \u00abOvinos\u00bb del Copa-Cogeca<\/p>\n","protected":false},"excerpt":{"rendered":"<p>Antecedentes El tema de los grandes carn\u00edvoros y de los da\u00f1os que provocan a los medios de subsistencia de los agricultores ha dado pie a debates pol\u00edticos desde la primera vez que un depredador apareciera ante un ganadero. Sin embargo, pese a los esfuerzos de los ganaderos y las medidas adoptadas por &nbsp;la &nbsp;administraci\u00f3n&nbsp; p\u00fablica [&hellip;]<\/p>\n","protected":false},"author":9,"featured_media":9671,"comment_status":"open","ping_status":"open","sticky":false,"template":"","format":"standard","meta":{"footnotes":""},"categories":[9,29,28],"tags":[],"yoast_head":"<!-- This site is optimized with the Yoast SEO plugin v24.5 - https:\/\/yoast.com\/wordpress\/plugins\/seo\/ -->\n<title>Los grandes carn\u00edvoros: una amenaza para el bienestar de los humanos y los animales dom\u00e9sticos en las zonas rurales - ASAJA Palencia<\/title>\n<meta name=\"description\" content=\"Antecedentes El tema de los grandes carn\u00edvoros y de los da\u00f1os que provocan a los medios de subsistencia de los agricultores ha dado pie a debates\" \/>\n<meta name=\"robots\" content=\"index, follow, max-snippet:-1, max-image-preview:large, max-video-preview:-1\" \/>\n<link rel=\"canonical\" href=\"https:\/\/www.asajacyl.com\/palencia\/asaja-palencia-informa\/los-grandes-carnivoros-una-amenaza-para-el-bienestar-de-los-humanos-y-los-animales-domesticos-en-las-zonas-rurales\" \/>\n<meta property=\"og:locale\" content=\"es_ES\" \/>\n<meta property=\"og:type\" content=\"article\" \/>\n<meta property=\"og:title\" content=\"Los grandes carn\u00edvoros: una amenaza para el bienestar de los humanos y los animales dom\u00e9sticos en las zonas rurales - ASAJA Palencia\" \/>\n<meta property=\"og:description\" content=\"Antecedentes El tema de los grandes carn\u00edvoros y de los da\u00f1os que provocan a los medios de subsistencia de los agricultores ha dado pie a debates\" \/>\n<meta property=\"og:url\" content=\"https:\/\/www.asajacyl.com\/palencia\/asaja-palencia-informa\/los-grandes-carnivoros-una-amenaza-para-el-bienestar-de-los-humanos-y-los-animales-domesticos-en-las-zonas-rurales\" \/>\n<meta property=\"og:site_name\" content=\"ASAJA Palencia\" \/>\n<meta property=\"article:published_time\" content=\"2022-01-19T15:26:00+00:00\" \/>\n<meta property=\"og:image\" content=\"https:\/\/www.asajacyl.com\/palencia\/wp-content\/uploads\/sites\/3\/2022\/01\/image-2.jpg\" \/>\n\t<meta property=\"og:image:width\" content=\"1325\" \/>\n\t<meta property=\"og:image:height\" content=\"888\" \/>\n\t<meta property=\"og:image:type\" content=\"image\/jpeg\" \/>\n<meta name=\"author\" content=\"Administrador\" \/>\n<meta name=\"twitter:card\" content=\"summary_large_image\" \/>\n<meta name=\"twitter:label1\" content=\"Escrito por\" \/>\n\t<meta name=\"twitter:data1\" content=\"Administrador\" \/>\n\t<meta name=\"twitter:label2\" content=\"Tiempo de lectura\" \/>\n\t<meta name=\"twitter:data2\" content=\"8 minutos\" \/>\n<script type=\"application\/ld+json\" class=\"yoast-schema-graph\">{\"@context\":\"https:\/\/schema.org\",\"@graph\":[{\"@type\":\"WebPage\",\"@id\":\"https:\/\/www.asajacyl.com\/palencia\/asaja-palencia-informa\/los-grandes-carnivoros-una-amenaza-para-el-bienestar-de-los-humanos-y-los-animales-domesticos-en-las-zonas-rurales\",\"url\":\"https:\/\/www.asajacyl.com\/palencia\/asaja-palencia-informa\/los-grandes-carnivoros-una-amenaza-para-el-bienestar-de-los-humanos-y-los-animales-domesticos-en-las-zonas-rurales\",\"name\":\"Los grandes carn\u00edvoros: una amenaza para el bienestar de los humanos y los animales dom\u00e9sticos en las zonas rurales - ASAJA Palencia\",\"isPartOf\":{\"@id\":\"https:\/\/www.asajacyl.com\/palencia\/#website\"},\"primaryImageOfPage\":{\"@id\":\"https:\/\/www.asajacyl.com\/palencia\/asaja-palencia-informa\/los-grandes-carnivoros-una-amenaza-para-el-bienestar-de-los-humanos-y-los-animales-domesticos-en-las-zonas-rurales#primaryimage\"},\"image\":{\"@id\":\"https:\/\/www.asajacyl.com\/palencia\/asaja-palencia-informa\/los-grandes-carnivoros-una-amenaza-para-el-bienestar-de-los-humanos-y-los-animales-domesticos-en-las-zonas-rurales#primaryimage\"},\"thumbnailUrl\":\"https:\/\/www.asajacyl.com\/palencia\/wp-content\/uploads\/sites\/3\/2022\/01\/image-2.jpg\",\"datePublished\":\"2022-01-19T15:26:00+00:00\",\"author\":{\"@id\":\"https:\/\/www.asajacyl.com\/palencia\/#\/schema\/person\/3ab17aeb03527485c317557fae64aab1\"},\"description\":\"Antecedentes El tema de los grandes carn\u00edvoros y de los da\u00f1os que provocan a los medios de subsistencia de los agricultores ha dado pie a debates\",\"breadcrumb\":{\"@id\":\"https:\/\/www.asajacyl.com\/palencia\/asaja-palencia-informa\/los-grandes-carnivoros-una-amenaza-para-el-bienestar-de-los-humanos-y-los-animales-domesticos-en-las-zonas-rurales#breadcrumb\"},\"inLanguage\":\"es\",\"potentialAction\":[{\"@type\":\"ReadAction\",\"target\":[\"https:\/\/www.asajacyl.com\/palencia\/asaja-palencia-informa\/los-grandes-carnivoros-una-amenaza-para-el-bienestar-de-los-humanos-y-los-animales-domesticos-en-las-zonas-rurales\"]}]},{\"@type\":\"ImageObject\",\"inLanguage\":\"es\",\"@id\":\"https:\/\/www.asajacyl.com\/palencia\/asaja-palencia-informa\/los-grandes-carnivoros-una-amenaza-para-el-bienestar-de-los-humanos-y-los-animales-domesticos-en-las-zonas-rurales#primaryimage\",\"url\":\"https:\/\/www.asajacyl.com\/palencia\/wp-content\/uploads\/sites\/3\/2022\/01\/image-2.jpg\",\"contentUrl\":\"https:\/\/www.asajacyl.com\/palencia\/wp-content\/uploads\/sites\/3\/2022\/01\/image-2.jpg\",\"width\":1325,\"height\":888},{\"@type\":\"BreadcrumbList\",\"@id\":\"https:\/\/www.asajacyl.com\/palencia\/asaja-palencia-informa\/los-grandes-carnivoros-una-amenaza-para-el-bienestar-de-los-humanos-y-los-animales-domesticos-en-las-zonas-rurales#breadcrumb\",\"itemListElement\":[{\"@type\":\"ListItem\",\"position\":1,\"name\":\"Portada\",\"item\":\"https:\/\/www.asajacyl.com\/palencia\/\"},{\"@type\":\"ListItem\",\"position\":2,\"name\":\"Los grandes carn\u00edvoros: una amenaza para el bienestar de los humanos y los animales dom\u00e9sticos en las zonas rurales\"}]},{\"@type\":\"WebSite\",\"@id\":\"https:\/\/www.asajacyl.com\/palencia\/#website\",\"url\":\"https:\/\/www.asajacyl.com\/palencia\/\",\"name\":\"ASAJA Palencia\",\"description\":\"Otro sitio m\u00e1s de Provincias ASAJA Castilla y Le\u00f3n\",\"potentialAction\":[{\"@type\":\"SearchAction\",\"target\":{\"@type\":\"EntryPoint\",\"urlTemplate\":\"https:\/\/www.asajacyl.com\/palencia\/?s={search_term_string}\"},\"query-input\":{\"@type\":\"PropertyValueSpecification\",\"valueRequired\":true,\"valueName\":\"search_term_string\"}}],\"inLanguage\":\"es\"},{\"@type\":\"Person\",\"@id\":\"https:\/\/www.asajacyl.com\/palencia\/#\/schema\/person\/3ab17aeb03527485c317557fae64aab1\",\"name\":\"Administrador\",\"image\":{\"@type\":\"ImageObject\",\"inLanguage\":\"es\",\"@id\":\"https:\/\/www.asajacyl.com\/palencia\/#\/schema\/person\/image\/\",\"url\":\"https:\/\/secure.gravatar.com\/avatar\/517384810d242ca9e38c180f3c9fb973?s=96&d=mm&r=g\",\"contentUrl\":\"https:\/\/secure.gravatar.com\/avatar\/517384810d242ca9e38c180f3c9fb973?s=96&d=mm&r=g\",\"caption\":\"Administrador\"},\"url\":\"https:\/\/www.asajacyl.com\/palencia\/author\/carlosrm\"}]}<\/script>\n<!-- \/ Yoast SEO plugin. -->","yoast_head_json":{"title":"Los grandes carn\u00edvoros: una amenaza para el bienestar de los humanos y los animales dom\u00e9sticos en las zonas rurales - ASAJA Palencia","description":"Antecedentes El tema de los grandes carn\u00edvoros y de los da\u00f1os que provocan a los medios de subsistencia de los agricultores ha dado pie a debates","robots":{"index":"index","follow":"follow","max-snippet":"max-snippet:-1","max-image-preview":"max-image-preview:large","max-video-preview":"max-video-preview:-1"},"canonical":"https:\/\/www.asajacyl.com\/palencia\/asaja-palencia-informa\/los-grandes-carnivoros-una-amenaza-para-el-bienestar-de-los-humanos-y-los-animales-domesticos-en-las-zonas-rurales","og_locale":"es_ES","og_type":"article","og_title":"Los grandes carn\u00edvoros: una amenaza para el bienestar de los humanos y los animales dom\u00e9sticos en las zonas rurales - ASAJA Palencia","og_description":"Antecedentes El tema de los grandes carn\u00edvoros y de los da\u00f1os que provocan a los medios de subsistencia de los agricultores ha dado pie a debates","og_url":"https:\/\/www.asajacyl.com\/palencia\/asaja-palencia-informa\/los-grandes-carnivoros-una-amenaza-para-el-bienestar-de-los-humanos-y-los-animales-domesticos-en-las-zonas-rurales","og_site_name":"ASAJA Palencia","article_published_time":"2022-01-19T15:26:00+00:00","og_image":[{"width":1325,"height":888,"url":"https:\/\/www.asajacyl.com\/palencia\/wp-content\/uploads\/sites\/3\/2022\/01\/image-2.jpg","type":"image\/jpeg"}],"author":"Administrador","twitter_card":"summary_large_image","twitter_misc":{"Escrito por":"Administrador","Tiempo de lectura":"8 minutos"},"schema":{"@context":"https:\/\/schema.org","@graph":[{"@type":"WebPage","@id":"https:\/\/www.asajacyl.com\/palencia\/asaja-palencia-informa\/los-grandes-carnivoros-una-amenaza-para-el-bienestar-de-los-humanos-y-los-animales-domesticos-en-las-zonas-rurales","url":"https:\/\/www.asajacyl.com\/palencia\/asaja-palencia-informa\/los-grandes-carnivoros-una-amenaza-para-el-bienestar-de-los-humanos-y-los-animales-domesticos-en-las-zonas-rurales","name":"Los grandes carn\u00edvoros: una amenaza para el bienestar de los humanos y los animales dom\u00e9sticos en las zonas rurales - ASAJA Palencia","isPartOf":{"@id":"https:\/\/www.asajacyl.com\/palencia\/#website"},"primaryImageOfPage":{"@id":"https:\/\/www.asajacyl.com\/palencia\/asaja-palencia-informa\/los-grandes-carnivoros-una-amenaza-para-el-bienestar-de-los-humanos-y-los-animales-domesticos-en-las-zonas-rurales#primaryimage"},"image":{"@id":"https:\/\/www.asajacyl.com\/palencia\/asaja-palencia-informa\/los-grandes-carnivoros-una-amenaza-para-el-bienestar-de-los-humanos-y-los-animales-domesticos-en-las-zonas-rurales#primaryimage"},"thumbnailUrl":"https:\/\/www.asajacyl.com\/palencia\/wp-content\/uploads\/sites\/3\/2022\/01\/image-2.jpg","datePublished":"2022-01-19T15:26:00+00:00","author":{"@id":"https:\/\/www.asajacyl.com\/palencia\/#\/schema\/person\/3ab17aeb03527485c317557fae64aab1"},"description":"Antecedentes El tema de los grandes carn\u00edvoros y de los da\u00f1os que provocan a los medios de subsistencia de los agricultores ha dado pie a debates","breadcrumb":{"@id":"https:\/\/www.asajacyl.com\/palencia\/asaja-palencia-informa\/los-grandes-carnivoros-una-amenaza-para-el-bienestar-de-los-humanos-y-los-animales-domesticos-en-las-zonas-rurales#breadcrumb"},"inLanguage":"es","potentialAction":[{"@type":"ReadAction","target":["https:\/\/www.asajacyl.com\/palencia\/asaja-palencia-informa\/los-grandes-carnivoros-una-amenaza-para-el-bienestar-de-los-humanos-y-los-animales-domesticos-en-las-zonas-rurales"]}]},{"@type":"ImageObject","inLanguage":"es","@id":"https:\/\/www.asajacyl.com\/palencia\/asaja-palencia-informa\/los-grandes-carnivoros-una-amenaza-para-el-bienestar-de-los-humanos-y-los-animales-domesticos-en-las-zonas-rurales#primaryimage","url":"https:\/\/www.asajacyl.com\/palencia\/wp-content\/uploads\/sites\/3\/2022\/01\/image-2.jpg","contentUrl":"https:\/\/www.asajacyl.com\/palencia\/wp-content\/uploads\/sites\/3\/2022\/01\/image-2.jpg","width":1325,"height":888},{"@type":"BreadcrumbList","@id":"https:\/\/www.asajacyl.com\/palencia\/asaja-palencia-informa\/los-grandes-carnivoros-una-amenaza-para-el-bienestar-de-los-humanos-y-los-animales-domesticos-en-las-zonas-rurales#breadcrumb","itemListElement":[{"@type":"ListItem","position":1,"name":"Portada","item":"https:\/\/www.asajacyl.com\/palencia\/"},{"@type":"ListItem","position":2,"name":"Los grandes carn\u00edvoros: una amenaza para el bienestar de los humanos y los animales dom\u00e9sticos en las zonas rurales"}]},{"@type":"WebSite","@id":"https:\/\/www.asajacyl.com\/palencia\/#website","url":"https:\/\/www.asajacyl.com\/palencia\/","name":"ASAJA Palencia","description":"Otro sitio m\u00e1s de Provincias ASAJA Castilla y Le\u00f3n","potentialAction":[{"@type":"SearchAction","target":{"@type":"EntryPoint","urlTemplate":"https:\/\/www.asajacyl.com\/palencia\/?s={search_term_string}"},"query-input":{"@type":"PropertyValueSpecification","valueRequired":true,"valueName":"search_term_string"}}],"inLanguage":"es"},{"@type":"Person","@id":"https:\/\/www.asajacyl.com\/palencia\/#\/schema\/person\/3ab17aeb03527485c317557fae64aab1","name":"Administrador","image":{"@type":"ImageObject","inLanguage":"es","@id":"https:\/\/www.asajacyl.com\/palencia\/#\/schema\/person\/image\/","url":"https:\/\/secure.gravatar.com\/avatar\/517384810d242ca9e38c180f3c9fb973?s=96&d=mm&r=g","contentUrl":"https:\/\/secure.gravatar.com\/avatar\/517384810d242ca9e38c180f3c9fb973?s=96&d=mm&r=g","caption":"Administrador"},"url":"https:\/\/www.asajacyl.com\/palencia\/author\/carlosrm"}]}},"_links":{"self":[{"href":"https:\/\/www.asajacyl.com\/palencia\/wp-json\/wp\/v2\/posts\/9669"}],"collection":[{"href":"https:\/\/www.asajacyl.com\/palencia\/wp-json\/wp\/v2\/posts"}],"about":[{"href":"https:\/\/www.asajacyl.com\/palencia\/wp-json\/wp\/v2\/types\/post"}],"author":[{"embeddable":true,"href":"https:\/\/www.asajacyl.com\/palencia\/wp-json\/wp\/v2\/users\/9"}],"replies":[{"embeddable":true,"href":"https:\/\/www.asajacyl.com\/palencia\/wp-json\/wp\/v2\/comments?post=9669"}],"version-history":[{"count":1,"href":"https:\/\/www.asajacyl.com\/palencia\/wp-json\/wp\/v2\/posts\/9669\/revisions"}],"predecessor-version":[{"id":9675,"href":"https:\/\/www.asajacyl.com\/palencia\/wp-json\/wp\/v2\/posts\/9669\/revisions\/9675"}],"wp:featuredmedia":[{"embeddable":true,"href":"https:\/\/www.asajacyl.com\/palencia\/wp-json\/wp\/v2\/media\/9671"}],"wp:attachment":[{"href":"https:\/\/www.asajacyl.com\/palencia\/wp-json\/wp\/v2\/media?parent=9669"}],"wp:term":[{"taxonomy":"category","embeddable":true,"href":"https:\/\/www.asajacyl.com\/palencia\/wp-json\/wp\/v2\/categories?post=9669"},{"taxonomy":"post_tag","embeddable":true,"href":"https:\/\/www.asajacyl.com\/palencia\/wp-json\/wp\/v2\/tags?post=9669"}],"curies":[{"name":"wp","href":"https:\/\/api.w.org\/{rel}","templated":true}]}}