{"id":9682,"date":"2022-01-13T08:58:43","date_gmt":"2022-01-13T07:58:43","guid":{"rendered":"https:\/\/www.asajacyl.com\/palencia\/?p=9682"},"modified":"2022-01-13T08:58:44","modified_gmt":"2022-01-13T07:58:44","slug":"agricultores-ganaderos-y-cazadores-convocan-una-gran-manifestacion-en-madrid-el-20-de-marzo-en-defensa-del-mundo-rural","status":"publish","type":"post","link":"https:\/\/www.asajacyl.com\/palencia\/asaja-palencia-informa\/agricultores-ganaderos-y-cazadores-convocan-una-gran-manifestacion-en-madrid-el-20-de-marzo-en-defensa-del-mundo-rural","title":{"rendered":"Agricultores, ganaderos y cazadores convocan una gran manifestaci\u00f3n en Madrid el 20 de marzo en defensa del mundo rural"},"content":{"rendered":"\n<p>El campo espa\u00f1ol, representado a trav\u00e9s de las tres organizaciones profesionales agrarias &#8211; Asociaci\u00f3n Agraria de J\u00f3venes Agricultores (ASAJA), Coordinadora de Asociaciones de Agricultores y Ganaderos (COAG), Uni\u00f3n de Peque\u00f1os Agricultores y Ganaderos (UPA)-, la Real Federaci\u00f3n Espa\u00f1ola de Caza (RFEC)- y Alianza Rural, han anunciado una gran manifestaci\u00f3n del mundo rural en Madrid, el domingo, 20 de marzo.<\/p>\n\n\n\n<p>La rueda de prensa celebrada en hoy en Madrid ha servido para presentar un MANIFIESTO que recoge en 18 puntos de las reivindicaciones consensuadas de todo el mundo del campo espa\u00f1ol. El mundo dice basta ya saldr\u00e1 en marzo a llenar las calles de Madrid para que la sociedad en general escuche sus necesidades, muestre su apoyo y el Gobierno presente la atenci\u00f3n y cuidado necesario a quienes ocupan el 84% del territorio.<\/p>\n\n\n\n<p>En defensa de la agricultura y la ganader\u00eda, de la caza, de nuestro campo y su cultura y tradiciones, Pedro Barato -presidente de ASAJA-, Miguel Padilla &#8211; secretario general de COAG, Lorenzo Ramos-secretario ganader\u00eda UPA-, Manuel Gallardo- presidente de RFEC y Ferm\u00edn Boh\u00f3rquez -presidente de Alianza Rural, han coincidido en que el 20M ser\u00e1 una gran cita para apoyar un mundo rural vivo, para que el campo sea un espacio para vivir dignamente, que sea comprendido y valorado desde el mundo urbano.<\/p>\n\n\n\n<p>En el acto se adelant\u00f3 que inicialmente se ha constituido un comit\u00e9 de organizaci\u00f3n y planificaci\u00f3n de este movimiento formado por representantes de: ASAJA, COAG, UPA, Real Federaci\u00f3n Espa\u00f1ola de Asociaciones de Ganado Selecto (RFEAGAS), Oficina Nacional de la Caza (ONC), RFEC, Uni\u00f3n de Criadores de Toros de Lidia (UCTL), Alianza Rural y todas las entidades que las conforman<br>El presidente de Asaja, Pedro Barato, ha declarado que su organizaci\u00f3n est\u00e1 comprometida con esta manifestaci\u00f3n del 20M porque el mundo rural necesita salir a la calle para denunciar los atropellos de los que es objeto y reivindicar otros temas que son de justicia. En concreto, se ha referido a la reforma laboral que prepara el Gobierno y que no es la que necesita el sector o a la regulaci\u00f3n de las tarifas el\u00e9ctricas, donde el sector agrario es el \u00fanico sector que sin utilizar la luz tiene que pagarla. \u201cQue dejen de utilizar a la Espa\u00f1a Vaciada y den un tratamiento acorde a la situaci\u00f3n que vive el mundo rural\u201c, ha concluido.<\/p>\n\n\n\n<p>Por su parte, Miguel Padilla, secretario general de COAG ha afirmado que el Plan Estrat\u00e9gico de la nueva PAC enviado a Bruselas no responde a las necesidades de los agricultores y ganaderos profesionales. \u201cSe deben priorizar los apoyos a aquellos activos agrarios que viven de su trabajo en el campo y generan verdadera econom\u00eda real en el medio rural. Sin sostenibilidad econ\u00f3mica de las explotaciones agrarias profesionales dif\u00edcilmente habr\u00e1 sostenibilidad social y medioambiental\u201d. Asimismo ha advertido sobre la hipocres\u00eda que supone que las importaciones de terceros pa\u00edses o se les exija el cumplimiento de los altos est\u00e1ndares de producci\u00f3n que s\u00ed cumplen los productores europeos. \u201cEs una competencia desleal e inaceptable. Hay que acabar con ello\u201d.<\/p>\n\n\n\n<p>Desde UPA han animado a todo el medio rural a manifestarse el pr\u00f3ximo 20 de marzo en Madrid. \u201cNo podemos permitir que ning\u00fan joven que quiera vivir y trabajar en su pueblo se vea obligado a abandonarlo. Tenemos que hacer lo que haga falta para favorecer el relevo generacional\u201d. Ha declarado el secretario general de UPA, Lorenzo Ramos, que ha se\u00f1alado la \u201cgrav\u00edsima\u201d coyuntura que atraviesan la agricultura y la ganader\u00eda debido a la falta de precios justos y el incremento de costes de producci\u00f3n.<\/p>\n\n\n\n<p>Manuel Gallardo, presidente de la Real Federaci\u00f3n Espa\u00f1ola de Caza (RFEC), ha expresado la preocupaci\u00f3n del sector cineg\u00e9tico ante la deriva anti-caza del Gobierno de Espa\u00f1a \u201cque desprecia a la caza como actividad generadora de econom\u00eda, fijadora de empleo y sustento de muchas poblaciones rurales. Que aporta enormes beneficios sociales, culturales, econ\u00f3micos y medioambientales, y que est\u00e1 fuertemente arraigada a la cultura espa\u00f1ola. Igualmente el Gobierno obvia el impacto negativo que tendr\u00eda el abandono de la caza en Espa\u00f1a, desde la perspectiva socio-econ\u00f3mica, pero sobre todo de conservaci\u00f3n de nuestros ecosistemas\u201d.<\/p>\n\n\n\n<p>Ferm\u00edn Boh\u00f3rquez, presidente de Alianza Rural, realiz\u00f3 un alegato en defensa de un mundo rural vivo y expres\u00f3 que \u201cno puede admitir se legisle a nuestras espaldas, desde una visi\u00f3n urbanita desconocedora de la realidad del campo, de la realidad del mundo rural. Perjudicando nuestros intereses, empujando nuestros pueblos al abandono o a convertirlos en museos para visitar los fines de semana\u201d.<\/p>\n\n\n\n<figure class=\"wp-block-embed is-type-video is-provider-youtube wp-block-embed-youtube wp-embed-aspect-16-9 wp-has-aspect-ratio\"><div class=\"wp-block-embed__wrapper\">\n<div class=\"youtube-embed\" data-video_id=\"2eojfDBDMpk\"><iframe loading=\"lazy\" title=\"20M Rural. Juntos por el campo y sus actividades productivas y tradiciones\" width=\"696\" height=\"392\" src=\"https:\/\/www.youtube.com\/embed\/2eojfDBDMpk?feature=oembed&#038;enablejsapi=1\" frameborder=\"0\" allow=\"accelerometer; autoplay; clipboard-write; encrypted-media; gyroscope; picture-in-picture\" allowfullscreen><\/iframe><\/div>\n<\/div><\/figure>\n","protected":false},"excerpt":{"rendered":"<p>El campo espa\u00f1ol, representado a trav\u00e9s de las tres organizaciones profesionales agrarias &#8211; Asociaci\u00f3n Agraria de J\u00f3venes Agricultores (ASAJA), Coordinadora de Asociaciones de Agricultores y Ganaderos (COAG), Uni\u00f3n de Peque\u00f1os Agricultores y Ganaderos (UPA)-, la Real Federaci\u00f3n Espa\u00f1ola de Caza (RFEC)- y Alianza Rural, han anunciado una gran manifestaci\u00f3n del mundo rural en Madrid, el [&hellip;]<\/p>\n","protected":false},"author":9,"featured_media":9683,"comment_status":"open","ping_status":"open","sticky":false,"template":"","format":"standard","meta":{"footnotes":""},"categories":[9,29,28],"tags":[],"yoast_head":"<!-- This site is optimized with the Yoast SEO plugin v24.5 - https:\/\/yoast.com\/wordpress\/plugins\/seo\/ -->\n<title>Agricultores, ganaderos y cazadores convocan una gran manifestaci\u00f3n en Madrid el 20 de marzo en defensa del mundo rural - ASAJA Palencia<\/title>\n<meta name=\"description\" content=\"El campo espa\u00f1ol, representado a trav\u00e9s de las tres organizaciones profesionales agrarias - Asociaci\u00f3n Agraria de J\u00f3venes Agricultores (ASAJA),\" \/>\n<meta name=\"robots\" content=\"index, follow, max-snippet:-1, max-image-preview:large, max-video-preview:-1\" \/>\n<link rel=\"canonical\" href=\"https:\/\/www.asajacyl.com\/palencia\/asaja-palencia-informa\/agricultores-ganaderos-y-cazadores-convocan-una-gran-manifestacion-en-madrid-el-20-de-marzo-en-defensa-del-mundo-rural\" \/>\n<meta property=\"og:locale\" content=\"es_ES\" \/>\n<meta property=\"og:type\" content=\"article\" \/>\n<meta property=\"og:title\" content=\"Agricultores, ganaderos y cazadores convocan una gran manifestaci\u00f3n en Madrid el 20 de marzo en defensa del mundo rural - ASAJA Palencia\" \/>\n<meta property=\"og:description\" content=\"El campo espa\u00f1ol, representado a trav\u00e9s de las tres organizaciones profesionales agrarias - Asociaci\u00f3n Agraria de J\u00f3venes Agricultores (ASAJA),\" \/>\n<meta property=\"og:url\" content=\"https:\/\/www.asajacyl.com\/palencia\/asaja-palencia-informa\/agricultores-ganaderos-y-cazadores-convocan-una-gran-manifestacion-en-madrid-el-20-de-marzo-en-defensa-del-mundo-rural\" \/>\n<meta property=\"og:site_name\" content=\"ASAJA Palencia\" \/>\n<meta property=\"article:published_time\" content=\"2022-01-13T07:58:43+00:00\" \/>\n<meta property=\"article:modified_time\" content=\"2022-01-13T07:58:44+00:00\" \/>\n<meta property=\"og:image\" content=\"https:\/\/www.asajacyl.com\/palencia\/wp-content\/uploads\/sites\/3\/2022\/01\/RUEDA-DE-PRENSA-MANIFESTACION.jpeg\" \/>\n\t<meta property=\"og:image:width\" content=\"2500\" \/>\n\t<meta property=\"og:image:height\" content=\"1667\" \/>\n\t<meta property=\"og:image:type\" content=\"image\/jpeg\" \/>\n<meta name=\"author\" content=\"Administrador\" \/>\n<meta name=\"twitter:card\" content=\"summary_large_image\" \/>\n<meta name=\"twitter:label1\" content=\"Escrito por\" \/>\n\t<meta name=\"twitter:data1\" content=\"Administrador\" \/>\n\t<meta name=\"twitter:label2\" content=\"Tiempo de lectura\" \/>\n\t<meta name=\"twitter:data2\" content=\"4 minutos\" \/>\n<script type=\"application\/ld+json\" class=\"yoast-schema-graph\">{\"@context\":\"https:\/\/schema.org\",\"@graph\":[{\"@type\":\"WebPage\",\"@id\":\"https:\/\/www.asajacyl.com\/palencia\/asaja-palencia-informa\/agricultores-ganaderos-y-cazadores-convocan-una-gran-manifestacion-en-madrid-el-20-de-marzo-en-defensa-del-mundo-rural\",\"url\":\"https:\/\/www.asajacyl.com\/palencia\/asaja-palencia-informa\/agricultores-ganaderos-y-cazadores-convocan-una-gran-manifestacion-en-madrid-el-20-de-marzo-en-defensa-del-mundo-rural\",\"name\":\"Agricultores, ganaderos y cazadores convocan una gran manifestaci\u00f3n en Madrid el 20 de marzo en defensa del mundo rural - ASAJA Palencia\",\"isPartOf\":{\"@id\":\"https:\/\/www.asajacyl.com\/palencia\/#website\"},\"primaryImageOfPage\":{\"@id\":\"https:\/\/www.asajacyl.com\/palencia\/asaja-palencia-informa\/agricultores-ganaderos-y-cazadores-convocan-una-gran-manifestacion-en-madrid-el-20-de-marzo-en-defensa-del-mundo-rural#primaryimage\"},\"image\":{\"@id\":\"https:\/\/www.asajacyl.com\/palencia\/asaja-palencia-informa\/agricultores-ganaderos-y-cazadores-convocan-una-gran-manifestacion-en-madrid-el-20-de-marzo-en-defensa-del-mundo-rural#primaryimage\"},\"thumbnailUrl\":\"https:\/\/www.asajacyl.com\/palencia\/wp-content\/uploads\/sites\/3\/2022\/01\/RUEDA-DE-PRENSA-MANIFESTACION.jpeg\",\"datePublished\":\"2022-01-13T07:58:43+00:00\",\"dateModified\":\"2022-01-13T07:58:44+00:00\",\"author\":{\"@id\":\"https:\/\/www.asajacyl.com\/palencia\/#\/schema\/person\/3ab17aeb03527485c317557fae64aab1\"},\"description\":\"El campo espa\u00f1ol, representado a trav\u00e9s de las tres organizaciones profesionales agrarias - Asociaci\u00f3n Agraria de J\u00f3venes Agricultores (ASAJA),\",\"breadcrumb\":{\"@id\":\"https:\/\/www.asajacyl.com\/palencia\/asaja-palencia-informa\/agricultores-ganaderos-y-cazadores-convocan-una-gran-manifestacion-en-madrid-el-20-de-marzo-en-defensa-del-mundo-rural#breadcrumb\"},\"inLanguage\":\"es\",\"potentialAction\":[{\"@type\":\"ReadAction\",\"target\":[\"https:\/\/www.asajacyl.com\/palencia\/asaja-palencia-informa\/agricultores-ganaderos-y-cazadores-convocan-una-gran-manifestacion-en-madrid-el-20-de-marzo-en-defensa-del-mundo-rural\"]}]},{\"@type\":\"ImageObject\",\"inLanguage\":\"es\",\"@id\":\"https:\/\/www.asajacyl.com\/palencia\/asaja-palencia-informa\/agricultores-ganaderos-y-cazadores-convocan-una-gran-manifestacion-en-madrid-el-20-de-marzo-en-defensa-del-mundo-rural#primaryimage\",\"url\":\"https:\/\/www.asajacyl.com\/palencia\/wp-content\/uploads\/sites\/3\/2022\/01\/RUEDA-DE-PRENSA-MANIFESTACION.jpeg\",\"contentUrl\":\"https:\/\/www.asajacyl.com\/palencia\/wp-content\/uploads\/sites\/3\/2022\/01\/RUEDA-DE-PRENSA-MANIFESTACION.jpeg\",\"width\":2500,\"height\":1667},{\"@type\":\"BreadcrumbList\",\"@id\":\"https:\/\/www.asajacyl.com\/palencia\/asaja-palencia-informa\/agricultores-ganaderos-y-cazadores-convocan-una-gran-manifestacion-en-madrid-el-20-de-marzo-en-defensa-del-mundo-rural#breadcrumb\",\"itemListElement\":[{\"@type\":\"ListItem\",\"position\":1,\"name\":\"Portada\",\"item\":\"https:\/\/www.asajacyl.com\/palencia\/\"},{\"@type\":\"ListItem\",\"position\":2,\"name\":\"Agricultores, ganaderos y cazadores convocan una gran manifestaci\u00f3n en Madrid el 20 de marzo en defensa del mundo rural\"}]},{\"@type\":\"WebSite\",\"@id\":\"https:\/\/www.asajacyl.com\/palencia\/#website\",\"url\":\"https:\/\/www.asajacyl.com\/palencia\/\",\"name\":\"ASAJA Palencia\",\"description\":\"Otro sitio m\u00e1s de Provincias ASAJA Castilla y Le\u00f3n\",\"potentialAction\":[{\"@type\":\"SearchAction\",\"target\":{\"@type\":\"EntryPoint\",\"urlTemplate\":\"https:\/\/www.asajacyl.com\/palencia\/?s={search_term_string}\"},\"query-input\":{\"@type\":\"PropertyValueSpecification\",\"valueRequired\":true,\"valueName\":\"search_term_string\"}}],\"inLanguage\":\"es\"},{\"@type\":\"Person\",\"@id\":\"https:\/\/www.asajacyl.com\/palencia\/#\/schema\/person\/3ab17aeb03527485c317557fae64aab1\",\"name\":\"Administrador\",\"image\":{\"@type\":\"ImageObject\",\"inLanguage\":\"es\",\"@id\":\"https:\/\/www.asajacyl.com\/palencia\/#\/schema\/person\/image\/\",\"url\":\"https:\/\/secure.gravatar.com\/avatar\/517384810d242ca9e38c180f3c9fb973?s=96&d=mm&r=g\",\"contentUrl\":\"https:\/\/secure.gravatar.com\/avatar\/517384810d242ca9e38c180f3c9fb973?s=96&d=mm&r=g\",\"caption\":\"Administrador\"},\"url\":\"https:\/\/www.asajacyl.com\/palencia\/author\/carlosrm\"}]}<\/script>\n<!-- \/ Yoast SEO plugin. -->","yoast_head_json":{"title":"Agricultores, ganaderos y cazadores convocan una gran manifestaci\u00f3n en Madrid el 20 de marzo en defensa del mundo rural - ASAJA Palencia","description":"El campo espa\u00f1ol, representado a trav\u00e9s de las tres organizaciones profesionales agrarias - Asociaci\u00f3n Agraria de J\u00f3venes Agricultores (ASAJA),","robots":{"index":"index","follow":"follow","max-snippet":"max-snippet:-1","max-image-preview":"max-image-preview:large","max-video-preview":"max-video-preview:-1"},"canonical":"https:\/\/www.asajacyl.com\/palencia\/asaja-palencia-informa\/agricultores-ganaderos-y-cazadores-convocan-una-gran-manifestacion-en-madrid-el-20-de-marzo-en-defensa-del-mundo-rural","og_locale":"es_ES","og_type":"article","og_title":"Agricultores, ganaderos y cazadores convocan una gran manifestaci\u00f3n en Madrid el 20 de marzo en defensa del mundo rural - ASAJA Palencia","og_description":"El campo espa\u00f1ol, representado a trav\u00e9s de las tres organizaciones profesionales agrarias - Asociaci\u00f3n Agraria de J\u00f3venes Agricultores (ASAJA),","og_url":"https:\/\/www.asajacyl.com\/palencia\/asaja-palencia-informa\/agricultores-ganaderos-y-cazadores-convocan-una-gran-manifestacion-en-madrid-el-20-de-marzo-en-defensa-del-mundo-rural","og_site_name":"ASAJA Palencia","article_published_time":"2022-01-13T07:58:43+00:00","article_modified_time":"2022-01-13T07:58:44+00:00","og_image":[{"width":2500,"height":1667,"url":"https:\/\/www.asajacyl.com\/palencia\/wp-content\/uploads\/sites\/3\/2022\/01\/RUEDA-DE-PRENSA-MANIFESTACION.jpeg","type":"image\/jpeg"}],"author":"Administrador","twitter_card":"summary_large_image","twitter_misc":{"Escrito por":"Administrador","Tiempo de lectura":"4 minutos"},"schema":{"@context":"https:\/\/schema.org","@graph":[{"@type":"WebPage","@id":"https:\/\/www.asajacyl.com\/palencia\/asaja-palencia-informa\/agricultores-ganaderos-y-cazadores-convocan-una-gran-manifestacion-en-madrid-el-20-de-marzo-en-defensa-del-mundo-rural","url":"https:\/\/www.asajacyl.com\/palencia\/asaja-palencia-informa\/agricultores-ganaderos-y-cazadores-convocan-una-gran-manifestacion-en-madrid-el-20-de-marzo-en-defensa-del-mundo-rural","name":"Agricultores, ganaderos y cazadores convocan una gran manifestaci\u00f3n en Madrid el 20 de marzo en defensa del mundo rural - ASAJA Palencia","isPartOf":{"@id":"https:\/\/www.asajacyl.com\/palencia\/#website"},"primaryImageOfPage":{"@id":"https:\/\/www.asajacyl.com\/palencia\/asaja-palencia-informa\/agricultores-ganaderos-y-cazadores-convocan-una-gran-manifestacion-en-madrid-el-20-de-marzo-en-defensa-del-mundo-rural#primaryimage"},"image":{"@id":"https:\/\/www.asajacyl.com\/palencia\/asaja-palencia-informa\/agricultores-ganaderos-y-cazadores-convocan-una-gran-manifestacion-en-madrid-el-20-de-marzo-en-defensa-del-mundo-rural#primaryimage"},"thumbnailUrl":"https:\/\/www.asajacyl.com\/palencia\/wp-content\/uploads\/sites\/3\/2022\/01\/RUEDA-DE-PRENSA-MANIFESTACION.jpeg","datePublished":"2022-01-13T07:58:43+00:00","dateModified":"2022-01-13T07:58:44+00:00","author":{"@id":"https:\/\/www.asajacyl.com\/palencia\/#\/schema\/person\/3ab17aeb03527485c317557fae64aab1"},"description":"El campo espa\u00f1ol, representado a trav\u00e9s de las tres organizaciones profesionales agrarias - Asociaci\u00f3n Agraria de J\u00f3venes Agricultores (ASAJA),","breadcrumb":{"@id":"https:\/\/www.asajacyl.com\/palencia\/asaja-palencia-informa\/agricultores-ganaderos-y-cazadores-convocan-una-gran-manifestacion-en-madrid-el-20-de-marzo-en-defensa-del-mundo-rural#breadcrumb"},"inLanguage":"es","potentialAction":[{"@type":"ReadAction","target":["https:\/\/www.asajacyl.com\/palencia\/asaja-palencia-informa\/agricultores-ganaderos-y-cazadores-convocan-una-gran-manifestacion-en-madrid-el-20-de-marzo-en-defensa-del-mundo-rural"]}]},{"@type":"ImageObject","inLanguage":"es","@id":"https:\/\/www.asajacyl.com\/palencia\/asaja-palencia-informa\/agricultores-ganaderos-y-cazadores-convocan-una-gran-manifestacion-en-madrid-el-20-de-marzo-en-defensa-del-mundo-rural#primaryimage","url":"https:\/\/www.asajacyl.com\/palencia\/wp-content\/uploads\/sites\/3\/2022\/01\/RUEDA-DE-PRENSA-MANIFESTACION.jpeg","contentUrl":"https:\/\/www.asajacyl.com\/palencia\/wp-content\/uploads\/sites\/3\/2022\/01\/RUEDA-DE-PRENSA-MANIFESTACION.jpeg","width":2500,"height":1667},{"@type":"BreadcrumbList","@id":"https:\/\/www.asajacyl.com\/palencia\/asaja-palencia-informa\/agricultores-ganaderos-y-cazadores-convocan-una-gran-manifestacion-en-madrid-el-20-de-marzo-en-defensa-del-mundo-rural#breadcrumb","itemListElement":[{"@type":"ListItem","position":1,"name":"Portada","item":"https:\/\/www.asajacyl.com\/palencia\/"},{"@type":"ListItem","position":2,"name":"Agricultores, ganaderos y cazadores convocan una gran manifestaci\u00f3n en Madrid el 20 de marzo en defensa del mundo rural"}]},{"@type":"WebSite","@id":"https:\/\/www.asajacyl.com\/palencia\/#website","url":"https:\/\/www.asajacyl.com\/palencia\/","name":"ASAJA Palencia","description":"Otro sitio m\u00e1s de Provincias ASAJA Castilla y Le\u00f3n","potentialAction":[{"@type":"SearchAction","target":{"@type":"EntryPoint","urlTemplate":"https:\/\/www.asajacyl.com\/palencia\/?s={search_term_string}"},"query-input":{"@type":"PropertyValueSpecification","valueRequired":true,"valueName":"search_term_string"}}],"inLanguage":"es"},{"@type":"Person","@id":"https:\/\/www.asajacyl.com\/palencia\/#\/schema\/person\/3ab17aeb03527485c317557fae64aab1","name":"Administrador","image":{"@type":"ImageObject","inLanguage":"es","@id":"https:\/\/www.asajacyl.com\/palencia\/#\/schema\/person\/image\/","url":"https:\/\/secure.gravatar.com\/avatar\/517384810d242ca9e38c180f3c9fb973?s=96&d=mm&r=g","contentUrl":"https:\/\/secure.gravatar.com\/avatar\/517384810d242ca9e38c180f3c9fb973?s=96&d=mm&r=g","caption":"Administrador"},"url":"https:\/\/www.asajacyl.com\/palencia\/author\/carlosrm"}]}},"_links":{"self":[{"href":"https:\/\/www.asajacyl.com\/palencia\/wp-json\/wp\/v2\/posts\/9682"}],"collection":[{"href":"https:\/\/www.asajacyl.com\/palencia\/wp-json\/wp\/v2\/posts"}],"about":[{"href":"https:\/\/www.asajacyl.com\/palencia\/wp-json\/wp\/v2\/types\/post"}],"author":[{"embeddable":true,"href":"https:\/\/www.asajacyl.com\/palencia\/wp-json\/wp\/v2\/users\/9"}],"replies":[{"embeddable":true,"href":"https:\/\/www.asajacyl.com\/palencia\/wp-json\/wp\/v2\/comments?post=9682"}],"version-history":[{"count":1,"href":"https:\/\/www.asajacyl.com\/palencia\/wp-json\/wp\/v2\/posts\/9682\/revisions"}],"predecessor-version":[{"id":9684,"href":"https:\/\/www.asajacyl.com\/palencia\/wp-json\/wp\/v2\/posts\/9682\/revisions\/9684"}],"wp:featuredmedia":[{"embeddable":true,"href":"https:\/\/www.asajacyl.com\/palencia\/wp-json\/wp\/v2\/media\/9683"}],"wp:attachment":[{"href":"https:\/\/www.asajacyl.com\/palencia\/wp-json\/wp\/v2\/media?parent=9682"}],"wp:term":[{"taxonomy":"category","embeddable":true,"href":"https:\/\/www.asajacyl.com\/palencia\/wp-json\/wp\/v2\/categories?post=9682"},{"taxonomy":"post_tag","embeddable":true,"href":"https:\/\/www.asajacyl.com\/palencia\/wp-json\/wp\/v2\/tags?post=9682"}],"curies":[{"name":"wp","href":"https:\/\/api.w.org\/{rel}","templated":true}]}}