{"id":9693,"date":"2022-01-17T07:36:31","date_gmt":"2022-01-17T06:36:31","guid":{"rendered":"https:\/\/www.asajacyl.com\/palencia\/?p=9693"},"modified":"2022-01-17T07:36:32","modified_gmt":"2022-01-17T06:36:32","slug":"las-comunidades-donde-habita-el-lobo-solicitan-amparo-a-la-union-europea","status":"publish","type":"post","link":"https:\/\/www.asajacyl.com\/palencia\/asaja-palencia-informa\/las-comunidades-donde-habita-el-lobo-solicitan-amparo-a-la-union-europea","title":{"rendered":"Las comunidades donde habita el lobo solicitan amparo a la Uni\u00f3n Europea"},"content":{"rendered":"\n<p>Los gobiernos de Cantabria, Asturias, Galicia y Castilla y Le\u00f3n han pedido \u00abamparo\u00bb a la Uni\u00f3n Europea, ante el \u00abdesamparo\u00bb a que consideran se han visto abocadas estas Comunidades Aut\u00f3nomas con la decisi\u00f3n del Gobierno de Espa\u00f1a de incluir al lobo ib\u00e9rico en el Listado de Especies Protegidas (LESPRE).<\/p>\n\n\n\n<p>Los consejeros de estas comunidades, han mantenido una reuni\u00f3n con el comisario de europeo de Medio Ambiente, el Lituano Sinkevicius, al que han trasladado su preocupaci\u00f3n por las consecuencias que tendr\u00e1 en estas regiones, que albergan a la mayor\u00eda de ejemplares de este especie en Espa\u00f1a, la inclusi\u00f3n del lobo ib\u00e9rico en el LESPRE.<\/p>\n\n\n\n<p>Durante la reuni\u00f3n, los representantes auton\u00f3micos han explicado que los exhaustivos informes que han elaborado demuestran que \u00abel lobo al norte del Duero disfruta de un estado de conservaci\u00f3n favorable\u00bb, ya que tanto la evaluaci\u00f3n de la din\u00e1mica de las poblaciones como el \u00e1rea de distribuci\u00f3n y la calidad del h\u00e1bitat para la especie \u00abresultan a todas luces favorables\u00bb en las comunidades que albergan cerca del 98% de la especie, \u00ablo que hace incomprensible la decisi\u00f3n del Ministerio de incluir el lobo en el LESPRE\u00bb.<\/p>\n\n\n\n<p>Los consejeros han aprovechado la reuni\u00f3n para solicitar al comisario el establecimiento de criterios homog\u00e9neos a nivel supranacional para modular adecuadamente estas evaluaciones, que \u00abcondicionan de forma crucial La catalogaci\u00f3n de una especie\u00bb.<\/p>\n","protected":false},"excerpt":{"rendered":"<p>Los gobiernos de Cantabria, Asturias, Galicia y Castilla y Le\u00f3n han pedido \u00abamparo\u00bb a la Uni\u00f3n Europea, ante el \u00abdesamparo\u00bb a que consideran se han visto abocadas estas Comunidades Aut\u00f3nomas con la decisi\u00f3n del Gobierno de Espa\u00f1a de incluir al lobo ib\u00e9rico en el Listado de Especies Protegidas (LESPRE). Los consejeros de estas comunidades, han [&hellip;]<\/p>\n","protected":false},"author":9,"featured_media":6449,"comment_status":"open","ping_status":"open","sticky":false,"template":"","format":"standard","meta":{"footnotes":""},"categories":[9,29,28],"tags":[],"yoast_head":"<!-- This site is optimized with the Yoast SEO plugin v24.5 - https:\/\/yoast.com\/wordpress\/plugins\/seo\/ -->\n<title>Las comunidades donde habita el lobo solicitan amparo a la Uni\u00f3n Europea - ASAJA Palencia<\/title>\n<meta name=\"description\" content=\"Los gobiernos de Cantabria, Asturias, Galicia y Castilla y Le\u00f3n han pedido &quot;amparo&quot; a la Uni\u00f3n Europea, ante el &quot;desamparo&quot; a que consideran se han visto\" \/>\n<meta name=\"robots\" content=\"index, follow, max-snippet:-1, max-image-preview:large, max-video-preview:-1\" \/>\n<link rel=\"canonical\" href=\"https:\/\/www.asajacyl.com\/palencia\/asaja-palencia-informa\/las-comunidades-donde-habita-el-lobo-solicitan-amparo-a-la-union-europea\" \/>\n<meta property=\"og:locale\" content=\"es_ES\" \/>\n<meta property=\"og:type\" content=\"article\" \/>\n<meta property=\"og:title\" content=\"Las comunidades donde habita el lobo solicitan amparo a la Uni\u00f3n Europea - ASAJA Palencia\" \/>\n<meta property=\"og:description\" content=\"Los gobiernos de Cantabria, Asturias, Galicia y Castilla y Le\u00f3n han pedido &quot;amparo&quot; a la Uni\u00f3n Europea, ante el &quot;desamparo&quot; a que consideran se han visto\" \/>\n<meta property=\"og:url\" content=\"https:\/\/www.asajacyl.com\/palencia\/asaja-palencia-informa\/las-comunidades-donde-habita-el-lobo-solicitan-amparo-a-la-union-europea\" \/>\n<meta property=\"og:site_name\" content=\"ASAJA Palencia\" \/>\n<meta property=\"article:published_time\" content=\"2022-01-17T06:36:31+00:00\" \/>\n<meta property=\"article:modified_time\" content=\"2022-01-17T06:36:32+00:00\" \/>\n<meta property=\"og:image\" content=\"https:\/\/www.asajacyl.com\/palencia\/wp-content\/uploads\/sites\/3\/2019\/08\/foto-lobo.jpg\" \/>\n\t<meta property=\"og:image:width\" content=\"1600\" \/>\n\t<meta property=\"og:image:height\" content=\"800\" \/>\n\t<meta property=\"og:image:type\" content=\"image\/jpeg\" \/>\n<meta name=\"author\" content=\"Administrador\" \/>\n<meta name=\"twitter:card\" content=\"summary_large_image\" \/>\n<meta name=\"twitter:label1\" content=\"Escrito por\" \/>\n\t<meta name=\"twitter:data1\" content=\"Administrador\" \/>\n\t<meta name=\"twitter:label2\" content=\"Tiempo de lectura\" \/>\n\t<meta name=\"twitter:data2\" content=\"2 minutos\" \/>\n<script type=\"application\/ld+json\" class=\"yoast-schema-graph\">{\"@context\":\"https:\/\/schema.org\",\"@graph\":[{\"@type\":\"WebPage\",\"@id\":\"https:\/\/www.asajacyl.com\/palencia\/asaja-palencia-informa\/las-comunidades-donde-habita-el-lobo-solicitan-amparo-a-la-union-europea\",\"url\":\"https:\/\/www.asajacyl.com\/palencia\/asaja-palencia-informa\/las-comunidades-donde-habita-el-lobo-solicitan-amparo-a-la-union-europea\",\"name\":\"Las comunidades donde habita el lobo solicitan amparo a la Uni\u00f3n Europea - ASAJA Palencia\",\"isPartOf\":{\"@id\":\"https:\/\/www.asajacyl.com\/palencia\/#website\"},\"primaryImageOfPage\":{\"@id\":\"https:\/\/www.asajacyl.com\/palencia\/asaja-palencia-informa\/las-comunidades-donde-habita-el-lobo-solicitan-amparo-a-la-union-europea#primaryimage\"},\"image\":{\"@id\":\"https:\/\/www.asajacyl.com\/palencia\/asaja-palencia-informa\/las-comunidades-donde-habita-el-lobo-solicitan-amparo-a-la-union-europea#primaryimage\"},\"thumbnailUrl\":\"https:\/\/www.asajacyl.com\/palencia\/wp-content\/uploads\/sites\/3\/2019\/08\/foto-lobo.jpg\",\"datePublished\":\"2022-01-17T06:36:31+00:00\",\"dateModified\":\"2022-01-17T06:36:32+00:00\",\"author\":{\"@id\":\"https:\/\/www.asajacyl.com\/palencia\/#\/schema\/person\/3ab17aeb03527485c317557fae64aab1\"},\"description\":\"Los gobiernos de Cantabria, Asturias, Galicia y Castilla y Le\u00f3n han pedido \\\"amparo\\\" a la Uni\u00f3n Europea, ante el \\\"desamparo\\\" a que consideran se han visto\",\"breadcrumb\":{\"@id\":\"https:\/\/www.asajacyl.com\/palencia\/asaja-palencia-informa\/las-comunidades-donde-habita-el-lobo-solicitan-amparo-a-la-union-europea#breadcrumb\"},\"inLanguage\":\"es\",\"potentialAction\":[{\"@type\":\"ReadAction\",\"target\":[\"https:\/\/www.asajacyl.com\/palencia\/asaja-palencia-informa\/las-comunidades-donde-habita-el-lobo-solicitan-amparo-a-la-union-europea\"]}]},{\"@type\":\"ImageObject\",\"inLanguage\":\"es\",\"@id\":\"https:\/\/www.asajacyl.com\/palencia\/asaja-palencia-informa\/las-comunidades-donde-habita-el-lobo-solicitan-amparo-a-la-union-europea#primaryimage\",\"url\":\"https:\/\/www.asajacyl.com\/palencia\/wp-content\/uploads\/sites\/3\/2019\/08\/foto-lobo.jpg\",\"contentUrl\":\"https:\/\/www.asajacyl.com\/palencia\/wp-content\/uploads\/sites\/3\/2019\/08\/foto-lobo.jpg\",\"width\":1600,\"height\":800},{\"@type\":\"BreadcrumbList\",\"@id\":\"https:\/\/www.asajacyl.com\/palencia\/asaja-palencia-informa\/las-comunidades-donde-habita-el-lobo-solicitan-amparo-a-la-union-europea#breadcrumb\",\"itemListElement\":[{\"@type\":\"ListItem\",\"position\":1,\"name\":\"Portada\",\"item\":\"https:\/\/www.asajacyl.com\/palencia\/\"},{\"@type\":\"ListItem\",\"position\":2,\"name\":\"Las comunidades donde habita el lobo solicitan amparo a la Uni\u00f3n Europea\"}]},{\"@type\":\"WebSite\",\"@id\":\"https:\/\/www.asajacyl.com\/palencia\/#website\",\"url\":\"https:\/\/www.asajacyl.com\/palencia\/\",\"name\":\"ASAJA Palencia\",\"description\":\"Otro sitio m\u00e1s de Provincias ASAJA Castilla y Le\u00f3n\",\"potentialAction\":[{\"@type\":\"SearchAction\",\"target\":{\"@type\":\"EntryPoint\",\"urlTemplate\":\"https:\/\/www.asajacyl.com\/palencia\/?s={search_term_string}\"},\"query-input\":{\"@type\":\"PropertyValueSpecification\",\"valueRequired\":true,\"valueName\":\"search_term_string\"}}],\"inLanguage\":\"es\"},{\"@type\":\"Person\",\"@id\":\"https:\/\/www.asajacyl.com\/palencia\/#\/schema\/person\/3ab17aeb03527485c317557fae64aab1\",\"name\":\"Administrador\",\"image\":{\"@type\":\"ImageObject\",\"inLanguage\":\"es\",\"@id\":\"https:\/\/www.asajacyl.com\/palencia\/#\/schema\/person\/image\/\",\"url\":\"https:\/\/secure.gravatar.com\/avatar\/517384810d242ca9e38c180f3c9fb973?s=96&d=mm&r=g\",\"contentUrl\":\"https:\/\/secure.gravatar.com\/avatar\/517384810d242ca9e38c180f3c9fb973?s=96&d=mm&r=g\",\"caption\":\"Administrador\"},\"url\":\"https:\/\/www.asajacyl.com\/palencia\/author\/carlosrm\"}]}<\/script>\n<!-- \/ Yoast SEO plugin. -->","yoast_head_json":{"title":"Las comunidades donde habita el lobo solicitan amparo a la Uni\u00f3n Europea - ASAJA Palencia","description":"Los gobiernos de Cantabria, Asturias, Galicia y Castilla y Le\u00f3n han pedido \"amparo\" a la Uni\u00f3n Europea, ante el \"desamparo\" a que consideran se han visto","robots":{"index":"index","follow":"follow","max-snippet":"max-snippet:-1","max-image-preview":"max-image-preview:large","max-video-preview":"max-video-preview:-1"},"canonical":"https:\/\/www.asajacyl.com\/palencia\/asaja-palencia-informa\/las-comunidades-donde-habita-el-lobo-solicitan-amparo-a-la-union-europea","og_locale":"es_ES","og_type":"article","og_title":"Las comunidades donde habita el lobo solicitan amparo a la Uni\u00f3n Europea - ASAJA Palencia","og_description":"Los gobiernos de Cantabria, Asturias, Galicia y Castilla y Le\u00f3n han pedido \"amparo\" a la Uni\u00f3n Europea, ante el \"desamparo\" a que consideran se han visto","og_url":"https:\/\/www.asajacyl.com\/palencia\/asaja-palencia-informa\/las-comunidades-donde-habita-el-lobo-solicitan-amparo-a-la-union-europea","og_site_name":"ASAJA Palencia","article_published_time":"2022-01-17T06:36:31+00:00","article_modified_time":"2022-01-17T06:36:32+00:00","og_image":[{"width":1600,"height":800,"url":"https:\/\/www.asajacyl.com\/palencia\/wp-content\/uploads\/sites\/3\/2019\/08\/foto-lobo.jpg","type":"image\/jpeg"}],"author":"Administrador","twitter_card":"summary_large_image","twitter_misc":{"Escrito por":"Administrador","Tiempo de lectura":"2 minutos"},"schema":{"@context":"https:\/\/schema.org","@graph":[{"@type":"WebPage","@id":"https:\/\/www.asajacyl.com\/palencia\/asaja-palencia-informa\/las-comunidades-donde-habita-el-lobo-solicitan-amparo-a-la-union-europea","url":"https:\/\/www.asajacyl.com\/palencia\/asaja-palencia-informa\/las-comunidades-donde-habita-el-lobo-solicitan-amparo-a-la-union-europea","name":"Las comunidades donde habita el lobo solicitan amparo a la Uni\u00f3n Europea - ASAJA Palencia","isPartOf":{"@id":"https:\/\/www.asajacyl.com\/palencia\/#website"},"primaryImageOfPage":{"@id":"https:\/\/www.asajacyl.com\/palencia\/asaja-palencia-informa\/las-comunidades-donde-habita-el-lobo-solicitan-amparo-a-la-union-europea#primaryimage"},"image":{"@id":"https:\/\/www.asajacyl.com\/palencia\/asaja-palencia-informa\/las-comunidades-donde-habita-el-lobo-solicitan-amparo-a-la-union-europea#primaryimage"},"thumbnailUrl":"https:\/\/www.asajacyl.com\/palencia\/wp-content\/uploads\/sites\/3\/2019\/08\/foto-lobo.jpg","datePublished":"2022-01-17T06:36:31+00:00","dateModified":"2022-01-17T06:36:32+00:00","author":{"@id":"https:\/\/www.asajacyl.com\/palencia\/#\/schema\/person\/3ab17aeb03527485c317557fae64aab1"},"description":"Los gobiernos de Cantabria, Asturias, Galicia y Castilla y Le\u00f3n han pedido \"amparo\" a la Uni\u00f3n Europea, ante el \"desamparo\" a que consideran se han visto","breadcrumb":{"@id":"https:\/\/www.asajacyl.com\/palencia\/asaja-palencia-informa\/las-comunidades-donde-habita-el-lobo-solicitan-amparo-a-la-union-europea#breadcrumb"},"inLanguage":"es","potentialAction":[{"@type":"ReadAction","target":["https:\/\/www.asajacyl.com\/palencia\/asaja-palencia-informa\/las-comunidades-donde-habita-el-lobo-solicitan-amparo-a-la-union-europea"]}]},{"@type":"ImageObject","inLanguage":"es","@id":"https:\/\/www.asajacyl.com\/palencia\/asaja-palencia-informa\/las-comunidades-donde-habita-el-lobo-solicitan-amparo-a-la-union-europea#primaryimage","url":"https:\/\/www.asajacyl.com\/palencia\/wp-content\/uploads\/sites\/3\/2019\/08\/foto-lobo.jpg","contentUrl":"https:\/\/www.asajacyl.com\/palencia\/wp-content\/uploads\/sites\/3\/2019\/08\/foto-lobo.jpg","width":1600,"height":800},{"@type":"BreadcrumbList","@id":"https:\/\/www.asajacyl.com\/palencia\/asaja-palencia-informa\/las-comunidades-donde-habita-el-lobo-solicitan-amparo-a-la-union-europea#breadcrumb","itemListElement":[{"@type":"ListItem","position":1,"name":"Portada","item":"https:\/\/www.asajacyl.com\/palencia\/"},{"@type":"ListItem","position":2,"name":"Las comunidades donde habita el lobo solicitan amparo a la Uni\u00f3n Europea"}]},{"@type":"WebSite","@id":"https:\/\/www.asajacyl.com\/palencia\/#website","url":"https:\/\/www.asajacyl.com\/palencia\/","name":"ASAJA Palencia","description":"Otro sitio m\u00e1s de Provincias ASAJA Castilla y Le\u00f3n","potentialAction":[{"@type":"SearchAction","target":{"@type":"EntryPoint","urlTemplate":"https:\/\/www.asajacyl.com\/palencia\/?s={search_term_string}"},"query-input":{"@type":"PropertyValueSpecification","valueRequired":true,"valueName":"search_term_string"}}],"inLanguage":"es"},{"@type":"Person","@id":"https:\/\/www.asajacyl.com\/palencia\/#\/schema\/person\/3ab17aeb03527485c317557fae64aab1","name":"Administrador","image":{"@type":"ImageObject","inLanguage":"es","@id":"https:\/\/www.asajacyl.com\/palencia\/#\/schema\/person\/image\/","url":"https:\/\/secure.gravatar.com\/avatar\/517384810d242ca9e38c180f3c9fb973?s=96&d=mm&r=g","contentUrl":"https:\/\/secure.gravatar.com\/avatar\/517384810d242ca9e38c180f3c9fb973?s=96&d=mm&r=g","caption":"Administrador"},"url":"https:\/\/www.asajacyl.com\/palencia\/author\/carlosrm"}]}},"_links":{"self":[{"href":"https:\/\/www.asajacyl.com\/palencia\/wp-json\/wp\/v2\/posts\/9693"}],"collection":[{"href":"https:\/\/www.asajacyl.com\/palencia\/wp-json\/wp\/v2\/posts"}],"about":[{"href":"https:\/\/www.asajacyl.com\/palencia\/wp-json\/wp\/v2\/types\/post"}],"author":[{"embeddable":true,"href":"https:\/\/www.asajacyl.com\/palencia\/wp-json\/wp\/v2\/users\/9"}],"replies":[{"embeddable":true,"href":"https:\/\/www.asajacyl.com\/palencia\/wp-json\/wp\/v2\/comments?post=9693"}],"version-history":[{"count":1,"href":"https:\/\/www.asajacyl.com\/palencia\/wp-json\/wp\/v2\/posts\/9693\/revisions"}],"predecessor-version":[{"id":9694,"href":"https:\/\/www.asajacyl.com\/palencia\/wp-json\/wp\/v2\/posts\/9693\/revisions\/9694"}],"wp:featuredmedia":[{"embeddable":true,"href":"https:\/\/www.asajacyl.com\/palencia\/wp-json\/wp\/v2\/media\/6449"}],"wp:attachment":[{"href":"https:\/\/www.asajacyl.com\/palencia\/wp-json\/wp\/v2\/media?parent=9693"}],"wp:term":[{"taxonomy":"category","embeddable":true,"href":"https:\/\/www.asajacyl.com\/palencia\/wp-json\/wp\/v2\/categories?post=9693"},{"taxonomy":"post_tag","embeddable":true,"href":"https:\/\/www.asajacyl.com\/palencia\/wp-json\/wp\/v2\/tags?post=9693"}],"curies":[{"name":"wp","href":"https:\/\/api.w.org\/{rel}","templated":true}]}}